{"id":2261,"date":"2025-04-27T17:33:00","date_gmt":"2025-04-27T17:33:00","guid":{"rendered":"https:\/\/diariodegarca.com\/2025\/04\/27\/homem-e-preso-em-flagrante-por-trafico-de-drogas-durante-operacao-policial-em-tupa\/"},"modified":"2025-04-27T17:33:00","modified_gmt":"2025-04-27T17:33:00","slug":"homem-e-preso-em-flagrante-por-trafico-de-drogas-durante-operacao-policial-em-tupa","status":"publish","type":"post","link":"https:\/\/diariodegarca.com\/?p=2261","title":{"rendered":"Homem \u00e9 preso em flagrante por tr\u00e1fico de drogas durante opera\u00e7\u00e3o policial em Tup\u00e3"},"content":{"rendered":"<div class=\"separator\" style=\"clear: both;text-align: center\">\n  <a href=\"https:\/\/blogger.googleusercontent.com\/img\/a\/AVvXsEjuyyXdO8bof1VPZ11dwTHViG7hlZp8v0w8J1x-yFDNjszdKvep0wwQ5busBp4ssZKhriGRI-bGFWKewAVtBtTy-ojG4oTY6gLW5riVuBfxvzxKf9omh7Dd_oLUaq_QFb3IB3m26jthXqFrvAJ3iYeAojoEC1e0zfWtYegABoUFlPhXcANfB9zxlHjuAZY\" style=\"margin-left: 1em;margin-right: 1em\"><br \/>\n    <img decoding=\"async\" border=\"0\" src=\"https:\/\/blogger.googleusercontent.com\/img\/a\/AVvXsEjuyyXdO8bof1VPZ11dwTHViG7hlZp8v0w8J1x-yFDNjszdKvep0wwQ5busBp4ssZKhriGRI-bGFWKewAVtBtTy-ojG4oTY6gLW5riVuBfxvzxKf9omh7Dd_oLUaq_QFb3IB3m26jthXqFrvAJ3iYeAojoEC1e0zfWtYegABoUFlPhXcANfB9zxlHjuAZY\" width=\"400\"><br \/>\n  <\/a>\n<\/div>\n<div><\/div>\n<div>Na madrugada de sexta-feira, dia 25 de abril, um homem foi detido em flagrante por tr\u00e1fico de drogas durante a\u00e7\u00f5es do 9\u00ba Batalh\u00e3o de Pol\u00edcia Militar do Interior em Tup\u00e3.\u00a0<\/div>\n<div><span style=\"letter-spacing: 0.2px\"><br \/><\/span><\/div>\n<div><span style=\"letter-spacing: 0.2px\">A pris\u00e3o ocorreu por volta das 0h, quando equipes da For\u00e7a T\u00e1tica atuavam no combate a perturba\u00e7\u00f5es do sossego p\u00fablico e infra\u00e7\u00f5es de tr\u00e2nsito na regi\u00e3o.\u00a0\u00a0<\/span><\/div>\n<div><\/div>\n<div>Os policiais avistaram um indiv\u00edduo em atitude suspeita no cruzamento da avenida Edu Teixeira de Mendon\u00e7a com a rua Col\u00f4mbia. Ao serem abordados, os agentes realizaram busca pessoal e encontraram 25 por\u00e7\u00f5es de coca\u00edna em posse do suspeito. Durante a a\u00e7\u00e3o, verificou-se que o homem j\u00e1 era alvo de diversas den\u00fancias por envolvimento com o tr\u00e1fico de drogas no local e possui hist\u00f3rico criminal, com passagens anteriores por crimes como tr\u00e1fico e roubo.\u00a0\u00a0<\/div>\n<div><\/div>\n<div>Ap\u00f3s a pris\u00e3o, o caso foi encaminhado \u00e0 Central de Pol\u00edcia Judici\u00e1ria de Tup\u00e3, onde a pris\u00e3o em flagrante delito foi formalizada.<\/div>\n","protected":false},"excerpt":{"rendered":"<p>Na madrugada de sexta-feira, dia 25 de abril, um homem foi detido em flagrante por tr\u00e1fico de drogas durante a\u00e7\u00f5es do 9\u00ba Batalh\u00e3o de Pol\u00edcia Militar do Interior em Tup\u00e3.\u00a0 A pris\u00e3o ocorreu por volta das 0h, quando equipes da For\u00e7a T\u00e1tica atuavam no combate a perturba\u00e7\u00f5es do sossego p\u00fablico e infra\u00e7\u00f5es de tr\u00e2nsito na [&hellip;]<\/p>\n","protected":false},"author":260896546,"featured_media":0,"comment_status":"open","ping_status":"open","sticky":false,"template":"","format":"standard","meta":{"_crdt_document":"","_monsterinsights_skip_tracking":false,"_monsterinsights_sitenote_active":false,"_monsterinsights_sitenote_note":"","_monsterinsights_sitenote_category":0,"advanced_seo_description":"","jetpack_seo_html_title":"","jetpack_seo_noindex":false,"_jetpack_newsletter_access":"","_jetpack_dont_email_post_to_subs":false,"_jetpack_newsletter_tier_id":0,"_jetpack_memberships_contains_paywalled_content":false,"_jetpack_memberships_contains_paid_content":false,"footnotes":"","jetpack_publicize_message":"","jetpack_publicize_feature_enabled":true,"jetpack_social_post_already_shared":false,"jetpack_social_options":{"image_generator_settings":{"template":"fullscreen","default_image_id":0,"font":"","enabled":false},"version":2},"_wpas_customize_per_network":false,"jetpack_post_was_ever_published":false},"categories":[38185],"tags":[1036487,2099801],"class_list":["post-2261","post","type-post","status-publish","format-standard","hentry","category-brasil","tag-seguranca-publica","tag-tupa"],"jetpack_publicize_connections":[],"jetpack_featured_media_url":"","jetpack_likes_enabled":true,"jetpack_sharing_enabled":true,"jetpack_shortlink":"https:\/\/wp.me\/pgitne-At","jetpack-related-posts":[{"id":2624,"url":"https:\/\/diariodegarca.com\/?p=2624","url_meta":{"origin":2261,"position":0},"title":"Tr\u00eas homens s\u00e3o presos em flagrante por tr\u00e1fico de drogas em Tup\u00e3","author":"Di\u00e1rio de Gar\u00e7a","date":"13 de mar\u00e7o de 2025","format":false,"excerpt":"Nesta quarta-feira, dia 12 de mar\u00e7o, o 9\u00ba Batalh\u00e3o de Pol\u00edcia Militar do Interior prendeu tr\u00eas homens em flagrante por tr\u00e1fico e associa\u00e7\u00e3o para o tr\u00e1fico de drogas na cidade de Tup\u00e3. A a\u00e7\u00e3o ocorreu por volta das 19h, durante patrulhamento realizado pela For\u00e7a T\u00e1tica na zona sul do munic\u00edpio.Os\u2026","rel":"","context":"Em &quot;Brasil&quot;","block_context":{"text":"Brasil","link":"https:\/\/diariodegarca.com\/?cat=38185"},"img":{"alt_text":"","src":"","width":0,"height":0},"classes":[]},{"id":2411,"url":"https:\/\/diariodegarca.com\/?p=2411","url_meta":{"origin":2261,"position":1},"title":"Den\u00fancia an\u00f4nima leva \u00e0 pris\u00e3o de homem por tr\u00e1fico de drogas em Tup\u00e3","author":"Di\u00e1rio de Gar\u00e7a","date":"10 de abril de 2025","format":false,"excerpt":"\u00a0Na quarta-feira, dia 9 de abril, um homem foi preso em flagrante por tr\u00e1fico de drogas no bairro Aeroporto, em Tup\u00e3, gra\u00e7as a uma\u00a0den\u00fancia pr\u00e9via\u00a0que guiou a a\u00e7\u00e3o policial. O trabalho conjunto da For\u00e7a T\u00e1tica e do Radiopatrulhamento do\u00a09\u00ba Batalh\u00e3o de Pol\u00edcia Militar do Interior\u00a0resultou na apreens\u00e3o de drogas e\u2026","rel":"","context":"Em &quot;Brasil&quot;","block_context":{"text":"Brasil","link":"https:\/\/diariodegarca.com\/?cat=38185"},"img":{"alt_text":"","src":"https:\/\/i0.wp.com\/blogger.googleusercontent.com\/img\/b\/R29vZ2xl\/AVvXsEiQEz1gdJEC5WWbb4hWVbtP5eVlQWJbC2kcvUbGP6A-SUwx2l1AKmWXORrJIbbV6Kg3eNqEAZ2gDBzR9QXDku7ghNX940M8n9qFzFiEnyUvq8UjMFHnvzdJ4EL4B_SCk2IXoQIe_vRmuPZEIugSX98JVUdgNiUtkQIhGbBm0hIHP6lpGM1nDzdcLTC92bo\/s320\/WhatsApp%20Image%202025-04-10%20at%2016.28.42.jpeg?resize=350%2C200&ssl=1","width":350,"height":200},"classes":[]},{"id":3655,"url":"https:\/\/diariodegarca.com\/?p=3655","url_meta":{"origin":2261,"position":2},"title":"Pris\u00f5es por estupro e tr\u00e1fico marcam fim de semana na regi\u00e3o","author":"Di\u00e1rio de Gar\u00e7a","date":"4 de junho de 2025","format":false,"excerpt":"A\u00e7\u00f5es do 9\u00ba Batalh\u00e3o da aconteceu nas cidades de Mar\u00edlia, Tup\u00e3 e Gar\u00e7a, com pris\u00f5es em flagrantes O 9\u00ba Batalh\u00e3o de Pol\u00edcia Militar do Interior registrou, no \u00faltimo fim de semana, ocorr\u00eancias graves em diferentes cidades da regi\u00e3o, resultando na pris\u00e3o de indiv\u00edduos por crimes como estupro, viol\u00eancia dom\u00e9stica e\u2026","rel":"","context":"Em &quot;Gar\u00e7a&quot;","block_context":{"text":"Gar\u00e7a","link":"https:\/\/diariodegarca.com\/?cat=781171664"},"img":{"alt_text":"","src":"","width":0,"height":0},"classes":[]},{"id":4159,"url":"https:\/\/diariodegarca.com\/?p=4159","url_meta":{"origin":2261,"position":3},"title":"A\u00e7\u00f5es policiais prendem suspeitos por roubo, furto e tr\u00e1fico em cidades da regi\u00e3o","author":"Di\u00e1rio de Gar\u00e7a","date":"23 de junho de 2025","format":false,"excerpt":"Em opera\u00e7\u00f5es realizadas no fim de semana, policiais militares do 9\u00ba Batalh\u00e3o do Interior prenderam criminosos em flagrante em Mar\u00edlia, Pomp\u00e9ia e Tup\u00e3; drogas, ve\u00edculo furtado e objetos roubados foram apreendidos. No \u00faltimo fim de semana, o\u00a09\u00ba Batalh\u00e3o de Pol\u00edcia Militar do Interior\u00a0registrou ocorr\u00eancias em diferentes cidades da regi\u00e3o, resultando\u2026","rel":"","context":"Em &quot;Mar\u00edlia&quot;","block_context":{"text":"Mar\u00edlia","link":"https:\/\/diariodegarca.com\/?cat=683453294"},"img":{"alt_text":"","src":"https:\/\/i0.wp.com\/diariodegarca.com\/wp-content\/uploads\/2025\/06\/503566608_18306010942246526_8008225824564545424_n-e1764161649475.webp?fit=1080%2C733&ssl=1&resize=350%2C200","width":350,"height":200,"srcset":"https:\/\/i0.wp.com\/diariodegarca.com\/wp-content\/uploads\/2025\/06\/503566608_18306010942246526_8008225824564545424_n-e1764161649475.webp?fit=1080%2C733&ssl=1&resize=350%2C200 1x, https:\/\/i0.wp.com\/diariodegarca.com\/wp-content\/uploads\/2025\/06\/503566608_18306010942246526_8008225824564545424_n-e1764161649475.webp?fit=1080%2C733&ssl=1&resize=525%2C300 1.5x, https:\/\/i0.wp.com\/diariodegarca.com\/wp-content\/uploads\/2025\/06\/503566608_18306010942246526_8008225824564545424_n-e1764161649475.webp?fit=1080%2C733&ssl=1&resize=700%2C400 2x, https:\/\/i0.wp.com\/diariodegarca.com\/wp-content\/uploads\/2025\/06\/503566608_18306010942246526_8008225824564545424_n-e1764161649475.webp?fit=1080%2C733&ssl=1&resize=1050%2C600 3x"},"classes":[]},{"id":2882,"url":"https:\/\/diariodegarca.com\/?p=2882","url_meta":{"origin":2261,"position":4},"title":"Homem \u00e9 preso por tr\u00e1fico de drogas durante patrulhamento em Tup\u00e3","author":"Di\u00e1rio de Gar\u00e7a","date":"6 de fevereiro de 2025","format":false,"excerpt":"Na madrugada desta quinta-feira, 6 de fevereiro, policiais militares do Radiopatrulhamento prenderam um homem por tr\u00e1fico de drogas no bairro Bela Vista, em Tup\u00e3.\u00a0O flagrante ocorreu por volta das 1h, quando os agentes avistaram o indiv\u00edduo em atitude suspeita e decidiram abord\u00e1-lo.\u00a0\u00a0Ao perceber a presen\u00e7a dos policiais, o homem tentou\u2026","rel":"","context":"Em &quot;Brasil&quot;","block_context":{"text":"Brasil","link":"https:\/\/diariodegarca.com\/?cat=38185"},"img":{"alt_text":"","src":"https:\/\/i0.wp.com\/blogger.googleusercontent.com\/img\/b\/R29vZ2xl\/AVvXsEgvDFCR4bi2E_jq5-0QB9Wtvr5FUQuTLfvzhyphenhyphenTzhsy67ZMC4Buwn8ReY5QxM-z05uRfLj1XrKiY3UKKoHsHirjiw3rMAsLncNMahcM1JM-s20fyAxo1Sq0HQalA2gxl41_Tow5oVnbWMndiW3Njl3wehlNuzNHxrV0fqauyDTqGIru6Np7HdfHKbVgHUWk\/s320\/baixados.png?resize=350%2C200&ssl=1","width":350,"height":200},"classes":[]},{"id":4537,"url":"https:\/\/diariodegarca.com\/?p=4537","url_meta":{"origin":2261,"position":5},"title":"Tr\u00e1fico de drogas: Mar\u00edlia, Gar\u00e7a e Tup\u00e3 t\u00eam suspeitos presos em a\u00e7\u00f5es","author":"Di\u00e1rio de Gar\u00e7a","date":"8 de julho de 2025","format":false,"excerpt":"Opera\u00e7\u00f5es da Pol\u00edcia Militar apreendem coca\u00edna, crack e maconha; tr\u00eas homens foram detidos. O 9\u00ba Batalh\u00e3o de Pol\u00edcia Militar do Interior (9\u00ba BPM\/I) registrou tr\u00eas ocorr\u00eancias em diferentes cidades da regi\u00e3o, mostrando a atua\u00e7\u00e3o firme das equipes em Mar\u00edlia, Gar\u00e7a e Tup\u00e3. Mar\u00edlia: Homem preso com 158 doses de coca\u00edna\u2026","rel":"","context":"Em &quot;Gar\u00e7a&quot;","block_context":{"text":"Gar\u00e7a","link":"https:\/\/diariodegarca.com\/?cat=781171664"},"img":{"alt_text":"","src":"https:\/\/i0.wp.com\/diariodegarca.com\/wp-content\/uploads\/2025\/05\/502985877_18303467734246526_5566770497985067473_n.webp?fit=960%2C1200&ssl=1&resize=350%2C200","width":350,"height":200,"srcset":"https:\/\/i0.wp.com\/diariodegarca.com\/wp-content\/uploads\/2025\/05\/502985877_18303467734246526_5566770497985067473_n.webp?fit=960%2C1200&ssl=1&resize=350%2C200 1x, https:\/\/i0.wp.com\/diariodegarca.com\/wp-content\/uploads\/2025\/05\/502985877_18303467734246526_5566770497985067473_n.webp?fit=960%2C1200&ssl=1&resize=525%2C300 1.5x, https:\/\/i0.wp.com\/diariodegarca.com\/wp-content\/uploads\/2025\/05\/502985877_18303467734246526_5566770497985067473_n.webp?fit=960%2C1200&ssl=1&resize=700%2C400 2x"},"classes":[]}],"_links":{"self":[{"href":"https:\/\/diariodegarca.com\/index.php?rest_route=\/wp\/v2\/posts\/2261","targetHints":{"allow":["GET"]}}],"collection":[{"href":"https:\/\/diariodegarca.com\/index.php?rest_route=\/wp\/v2\/posts"}],"about":[{"href":"https:\/\/diariodegarca.com\/index.php?rest_route=\/wp\/v2\/types\/post"}],"author":[{"embeddable":true,"href":"https:\/\/diariodegarca.com\/index.php?rest_route=\/wp\/v2\/users\/260896546"}],"replies":[{"embeddable":true,"href":"https:\/\/diariodegarca.com\/index.php?rest_route=%2Fwp%2Fv2%2Fcomments&post=2261"}],"version-history":[{"count":0,"href":"https:\/\/diariodegarca.com\/index.php?rest_route=\/wp\/v2\/posts\/2261\/revisions"}],"wp:attachment":[{"href":"https:\/\/diariodegarca.com\/index.php?rest_route=%2Fwp%2Fv2%2Fmedia&parent=2261"}],"wp:term":[{"taxonomy":"category","embeddable":true,"href":"https:\/\/diariodegarca.com\/index.php?rest_route=%2Fwp%2Fv2%2Fcategories&post=2261"},{"taxonomy":"post_tag","embeddable":true,"href":"https:\/\/diariodegarca.com\/index.php?rest_route=%2Fwp%2Fv2%2Ftags&post=2261"}],"curies":[{"name":"wp","href":"https:\/\/api.w.org\/{rel}","templated":true}]}}