{"id":2277,"date":"2025-04-25T18:36:00","date_gmt":"2025-04-25T18:36:00","guid":{"rendered":"https:\/\/diariodegarca.com\/2025\/04\/25\/pec-que-extingue-reeleicao-para-prefeitos-governadores-e-presidente-avanca-no-senado\/"},"modified":"2025-04-25T18:36:00","modified_gmt":"2025-04-25T18:36:00","slug":"pec-que-extingue-reeleicao-para-prefeitos-governadores-e-presidente-avanca-no-senado","status":"publish","type":"post","link":"https:\/\/diariodegarca.com\/?p=2277","title":{"rendered":"PEC que extingue reelei\u00e7\u00e3o para prefeitos, governadores e presidente avan\u00e7a no Senado"},"content":{"rendered":"<div class=\"separator\" style=\"clear: both;text-align: center\"><a href=\"https:\/\/i0.wp.com\/blogger.googleusercontent.com\/img\/b\/R29vZ2xl\/AVvXsEi3p7DzCG_ksdVPjG2ymD5jBJU9ngPVGFBrGnUG0J40WqNVOgIMnVdzSNWAJ06TrmC4LD1ceGb8-D1vNaK6VRXpB1D2xsEIrR5hUaKwaksajQTey8n0096mIqHa7INVyfUUNSPvTEoOVIpgoPm4Ky3X-J87zCpUbWDkkaHQL_k8HYBXCj5uX1Yh5ZkwOCU\/s1170\/54470931076_69090b0270_z.webp?ssl=1\" style=\"margin-left: 1em;margin-right: 1em\"><img data-recalc-dims=\"1\" loading=\"lazy\" decoding=\"async\" border=\"0\" height=\"191\" src=\"https:\/\/i0.wp.com\/blogger.googleusercontent.com\/img\/b\/R29vZ2xl\/AVvXsEi3p7DzCG_ksdVPjG2ymD5jBJU9ngPVGFBrGnUG0J40WqNVOgIMnVdzSNWAJ06TrmC4LD1ceGb8-D1vNaK6VRXpB1D2xsEIrR5hUaKwaksajQTey8n0096mIqHa7INVyfUUNSPvTEoOVIpgoPm4Ky3X-J87zCpUbWDkkaHQL_k8HYBXCj5uX1Yh5ZkwOCU\/s320\/54470931076_69090b0270_z.webp?resize=320%2C191&#038;ssl=1\" width=\"320\" \/><\/a><\/div>\n<p class=\"ds-markdown-paragraph\">A proposta de emenda \u00e0 Constitui\u00e7\u00e3o (PEC) que acaba com a reelei\u00e7\u00e3o para presidente da Rep\u00fablica, governadores e prefeitos avan\u00e7ou nesta quarta-feira (23) na Comiss\u00e3o de Constitui\u00e7\u00e3o e Justi\u00e7a (CCJ) do Senado, sem oposi\u00e7\u00e3o declarada dos parlamentares.\u00a0<\/p>\n<p class=\"ds-markdown-paragraph\">O texto, no entanto, teve a vota\u00e7\u00e3o adiada para 7 de maio devido a um pedido de vista, enquanto senadores discutem ajustes na regra de transi\u00e7\u00e3o, que atualmente prev\u00ea o fim da reelei\u00e7\u00e3o apenas para os eleitos em 2034.<\/p>\n<p class=\"ds-markdown-paragraph\">A PEC 12\/2022, relatada pelo senador Marcelo Castro (MDB do Piau\u00ed), estabelece mudan\u00e7as no sistema eleitoral brasileiro, como:<\/p>\n<ul>\n<li>\n<p class=\"ds-markdown-paragraph\" style=\"font-size: 16.002px;line-height: 28.575px;margin-bottom: 0px !important;margin-left: 0px;margin-right: 0px;margin-top: 0px\"><strong>Fim da reelei\u00e7\u00e3o<\/strong>\u00a0para cargos do Executivo (presidente, governadores e prefeitos), com mandatos\u00a0<strong>estendidos de 4 para 5 anos<\/strong>;<\/p>\n<\/li>\n<li style=\"margin-top: 4px\">\n<p class=\"ds-markdown-paragraph\" style=\"font-size: 16.002px;line-height: 28.575px;margin-bottom: 0px !important;margin-left: 0px;margin-right: 0px;margin-top: 0px\"><strong>Unifica\u00e7\u00e3o das elei\u00e7\u00f5es<\/strong>\u00a0a cada cinco anos, eliminando o ciclo atual de pleitos bienais;<\/p>\n<\/li>\n<li style=\"margin-top: 4px\">\n<p class=\"ds-markdown-paragraph\" style=\"font-size: 16.002px;line-height: 28.575px;margin-bottom: 0px !important;margin-left: 0px;margin-right: 0px;margin-top: 0px\"><strong>Mandato de 6 anos<\/strong>\u00a0para prefeitos e vereadores eleitos em 2028 (sem direito a reelei\u00e7\u00e3o);<\/p>\n<\/li>\n<li style=\"margin-top: 4px\">\n<p class=\"ds-markdown-paragraph\" style=\"font-size: 16.002px;line-height: 28.575px;margin-bottom: 0px !important;margin-left: 0px;margin-right: 0px;margin-top: 0px\"><strong>Amplia\u00e7\u00e3o do mandato de senadores<\/strong>\u00a0de 8 para 10 anos.<\/p>\n<\/li>\n<\/ul>\n<p class=\"ds-markdown-paragraph\">Apesar do consenso sobre o fim da reelei\u00e7\u00e3o \u2013 criticada por estimular &#8220;agendas imediatistas&#8221;, segundo o relator \u2013, a transi\u00e7\u00e3o gradual foi questionada. O senador Omar Aziz (PSD do Amazonas) defendeu a extin\u00e7\u00e3o imediata do mecanismo:\u00a0<em>&#8220;Se esperarmos at\u00e9 2034, novos legisladores podem mudar a regra&#8221;<\/em>, argumentou. Castro sinalizou possibilidade de antecipar o prazo para 2028, mas manteve a cautela para n\u00e3o &#8220;ferir direitos adquiridos&#8221;.<\/p>\n<p class=\"ds-markdown-paragraph\"><strong>Rejei\u00e7\u00e3o a outras mudan\u00e7as<\/strong><br \/>Emendas para reduzir o n\u00famero de senadores por estado (de 3 para 2) e encurtar seus mandatos (de 10 para 5 anos) foram rejeitadas por falta de debate pelos senadores, que optaram por n\u00e3o mexer em suas pr\u00f3prias cadeiras e na possibilidade de se reelegerem.\u00a0<\/p>\n<p class=\"ds-markdown-paragraph\">A PEC segue agora para an\u00e1lise de m\u00e9rito, com expectativa de avan\u00e7o r\u00e1pido dado o apoio majorit\u00e1rio. Se aprovada, a\u00a0<span style=\"font-size: 16.002px\">mudan\u00e7a enterraria a regra criada em 1997, durante o governo Fernando Henrique Cardoso, que permitiu sua pr\u00f3pria reelei\u00e7\u00e3o no ano seguinte.<\/span><\/p>\n","protected":false},"excerpt":{"rendered":"<p>A proposta de emenda \u00e0 Constitui\u00e7\u00e3o (PEC) que acaba com a reelei\u00e7\u00e3o para presidente da Rep\u00fablica, governadores e prefeitos avan\u00e7ou nesta quarta-feira (23) na Comiss\u00e3o de Constitui\u00e7\u00e3o e Justi\u00e7a (CCJ) do Senado, sem oposi\u00e7\u00e3o declarada dos parlamentares.\u00a0 O texto, no entanto, teve a vota\u00e7\u00e3o adiada para 7 de maio devido a um pedido de vista, [&hellip;]<\/p>\n","protected":false},"author":260896546,"featured_media":0,"comment_status":"open","ping_status":"open","sticky":false,"template":"","format":"standard","meta":{"_crdt_document":"","_monsterinsights_skip_tracking":false,"_monsterinsights_sitenote_active":false,"_monsterinsights_sitenote_note":"","_monsterinsights_sitenote_category":0,"advanced_seo_description":"","jetpack_seo_html_title":"","jetpack_seo_noindex":false,"_jetpack_newsletter_access":"","_jetpack_dont_email_post_to_subs":false,"_jetpack_newsletter_tier_id":0,"_jetpack_memberships_contains_paywalled_content":false,"_jetpack_memberships_contains_paid_content":false,"footnotes":"","jetpack_publicize_message":"","jetpack_publicize_feature_enabled":true,"jetpack_social_post_already_shared":false,"jetpack_social_options":{"image_generator_settings":{"template":"fullscreen","default_image_id":0,"font":"","enabled":false},"version":2},"_wpas_customize_per_network":false,"jetpack_post_was_ever_published":false},"categories":[38185],"tags":[798],"class_list":["post-2277","post","type-post","status-publish","format-standard","hentry","category-brasil","tag-politica"],"jetpack_publicize_connections":[],"jetpack_featured_media_url":"","jetpack_likes_enabled":true,"jetpack_sharing_enabled":true,"jetpack_shortlink":"https:\/\/wp.me\/pgitne-AJ","jetpack-related-posts":[{"id":4178,"url":"https:\/\/diariodegarca.com\/?p=4178","url_meta":{"origin":2277,"position":0},"title":"Projeto que valoriza trabalho das artes\u00e3s brasileiras avan\u00e7a na C\u00e2mara dos Deputados","author":"Di\u00e1rio de Gar\u00e7a","date":"23 de junho de 2025","format":false,"excerpt":"Texto prev\u00ea assist\u00eancia t\u00e9cnica, cr\u00e9dito especial e inclus\u00e3o de g\u00eanero em legisla\u00e7\u00e3o do artesanato A\u00a0Comiss\u00e3o de Finan\u00e7as e Tributa\u00e7\u00e3o da C\u00e2mara dos Deputados\u00a0aprovou um projeto de lei que busca\u00a0valorizar o trabalho das artes\u00e3s brasileiras, modificando legisla\u00e7\u00f5es que atualmente mencionam apenas \"artes\u00e3os\". A proposta, que segue para an\u00e1lise da\u00a0Comiss\u00e3o de Constitui\u00e7\u00e3o\u2026","rel":"","context":"Em &quot;Brasil&quot;","block_context":{"text":"Brasil","link":"https:\/\/diariodegarca.com\/?cat=38185"},"img":{"alt_text":"","src":"","width":0,"height":0},"classes":[]},{"id":2908,"url":"https:\/\/diariodegarca.com\/?p=2908","url_meta":{"origin":2277,"position":1},"title":"Quanto ganham os representantes do povo em Gar\u00e7a?","author":"Di\u00e1rio de Gar\u00e7a","date":"3 de fevereiro de 2025","format":false,"excerpt":"Os sal\u00e1rios dos agentes pol\u00edticos variam de acordo com fatores como arrecada\u00e7\u00e3o, popula\u00e7\u00e3o e desafios locais. Para entender melhor como esses valores s\u00e3o definidos, esta s\u00e9rie de reportagens se baseia em dados extra\u00eddos dos portais da transpar\u00eancia e legisla\u00e7\u00f5es municipais. O munic\u00edpio em destaque nesta quinta publica\u00e7\u00e3o \u00e9 Gar\u00e7a. Gar\u00e7a\u2026","rel":"","context":"Em &quot;Brasil&quot;","block_context":{"text":"Brasil","link":"https:\/\/diariodegarca.com\/?cat=38185"},"img":{"alt_text":"","src":"https:\/\/i0.wp.com\/blogger.googleusercontent.com\/img\/b\/R29vZ2xl\/AVvXsEiWxEtVRy8dB5nzuc2Ix99MhyZQdoqsv1NIgv1wOTdkGLjMVMOXegiluacH8Ct_5JBhoszCyRxSQWKvMS6DJOxKA2HUt4CxKoU5DAPgMC6QjZS3ESfnl95XGw8dB5YiDMJIoNGEn9I-Zm3OAs-4gzO-ZCHKKTyczA1s21lB8y0xIDCL5Yd9aUv_hXmSBoc\/w400-h300\/1000192226.jpg?resize=350%2C200&ssl=1","width":350,"height":200},"classes":[]},{"id":8239,"url":"https:\/\/diariodegarca.com\/?p=8239","url_meta":{"origin":2277,"position":2},"title":"Sess\u00e3o na C\u00e2mara de Gar\u00e7a tem debate acirrado sobre \u00e9tica e transporte p\u00fablico","author":"Di\u00e1rio de Gar\u00e7a","date":"30 de outubro de 2025","format":false,"excerpt":"Em meio a aprova\u00e7\u00f5es de projetos e indica\u00e7\u00f5es de melhorias urbanas, a 35\u00aa Sess\u00e3o Ordin\u00e1ria de 2025 foi marcada por um embate entre vereadores sobre alega\u00e7\u00f5es de cortesia m\u00e9dica e por discuss\u00f5es aprofundadas sobre o futuro do transporte p\u00fablico municipal. A 35\u00aa Sess\u00e3o Ordin\u00e1ria da C\u00e2mara Municipal de Gar\u00e7a, ocorrida\u2026","rel":"","context":"Em &quot;Gar\u00e7a&quot;","block_context":{"text":"Gar\u00e7a","link":"https:\/\/diariodegarca.com\/?cat=781171664"},"img":{"alt_text":"","src":"https:\/\/i0.wp.com\/diariodegarca.com\/wp-content\/uploads\/2025\/10\/camara.jpg?fit=1080%2C694&ssl=1&resize=350%2C200","width":350,"height":200,"srcset":"https:\/\/i0.wp.com\/diariodegarca.com\/wp-content\/uploads\/2025\/10\/camara.jpg?fit=1080%2C694&ssl=1&resize=350%2C200 1x, https:\/\/i0.wp.com\/diariodegarca.com\/wp-content\/uploads\/2025\/10\/camara.jpg?fit=1080%2C694&ssl=1&resize=525%2C300 1.5x, https:\/\/i0.wp.com\/diariodegarca.com\/wp-content\/uploads\/2025\/10\/camara.jpg?fit=1080%2C694&ssl=1&resize=700%2C400 2x, https:\/\/i0.wp.com\/diariodegarca.com\/wp-content\/uploads\/2025\/10\/camara.jpg?fit=1080%2C694&ssl=1&resize=1050%2C600 3x"},"classes":[]},{"id":2884,"url":"https:\/\/diariodegarca.com\/?p=2884","url_meta":{"origin":2277,"position":3},"title":"Quanto ganham os representantes do povo em G\u00e1lia?","author":"Di\u00e1rio de Gar\u00e7a","date":"6 de fevereiro de 2025","format":false,"excerpt":"As remunera\u00e7\u00f5es dos agentes pol\u00edticos variam amplamente entre os munic\u00edpios brasileiros, refletindo fatores como arrecada\u00e7\u00e3o, popula\u00e7\u00e3o e desafios locais. Para entender melhor como esses valores s\u00e3o definidos e aplicados, esta s\u00e9rie de reportagens se baseia em dados dos portais da transpar\u00eancia e legisla\u00e7\u00f5es municipais.O munic\u00edpio em destaque nesta sexta publica\u00e7\u00e3o\u2026","rel":"","context":"Em &quot;Brasil&quot;","block_context":{"text":"Brasil","link":"https:\/\/diariodegarca.com\/?cat=38185"},"img":{"alt_text":"","src":"","width":0,"height":0},"classes":[]},{"id":6483,"url":"https:\/\/diariodegarca.com\/?p=6483","url_meta":{"origin":2277,"position":4},"title":"TCE notifica Fern\u00e3o por descumprimento fiscal e investimento insuficiente em educa\u00e7\u00e3o","author":"Di\u00e1rio de Gar\u00e7a","date":"8 de setembro de 2025","format":false,"excerpt":"Alertas do Tribunal de Contas mostram viola\u00e7\u00e3o persistente do limite de gastos, descumprimento de metas da LRF, gest\u00e3o inadequada de restos a pagar e aplica\u00e7\u00e3o abaixo do m\u00ednimo em educa\u00e7\u00e3o durante o primeiro semestre de 2025. O munic\u00edpio de Fern\u00e3o recebeu m\u00faltiplas notifica\u00e7\u00f5es do Tribunal de Contas do Estado de\u2026","rel":"","context":"Em &quot;Fern\u00e3o&quot;","block_context":{"text":"Fern\u00e3o","link":"https:\/\/diariodegarca.com\/?cat=7386895"},"img":{"alt_text":"","src":"https:\/\/i0.wp.com\/diariodegarca.com\/wp-content\/uploads\/2025\/09\/3acf91d6b3bb04a01d64345d938a3618.jpeg?fit=651%2C434&ssl=1&resize=350%2C200","width":350,"height":200,"srcset":"https:\/\/i0.wp.com\/diariodegarca.com\/wp-content\/uploads\/2025\/09\/3acf91d6b3bb04a01d64345d938a3618.jpeg?fit=651%2C434&ssl=1&resize=350%2C200 1x, https:\/\/i0.wp.com\/diariodegarca.com\/wp-content\/uploads\/2025\/09\/3acf91d6b3bb04a01d64345d938a3618.jpeg?fit=651%2C434&ssl=1&resize=525%2C300 1.5x"},"classes":[]},{"id":6658,"url":"https:\/\/diariodegarca.com\/?p=6658","url_meta":{"origin":2277,"position":5},"title":"TCE alerta Lup\u00e9rcio por viola\u00e7\u00e3o do teto de gastos e descumprimentos na educa\u00e7\u00e3o","author":"Di\u00e1rio de Gar\u00e7a","date":"11 de setembro de 2025","format":false,"excerpt":"Notifica\u00e7\u00f5es do Tribunal de Contas apontam estouro do limite constitucional de despesas por quatro meses, gest\u00e3o deficiente de restos a pagar e aplica\u00e7\u00e3o insuficiente de verbas do FUNDEB durante todo o semestre de 2025. O munic\u00edpio de Lup\u00e9rcio recebeu uma s\u00e9rie de notifica\u00e7\u00f5es do Tribunal de Contas do Estado de\u2026","rel":"","context":"Em &quot;Fiscaliza\u00e7\u00e3o&quot;","block_context":{"text":"Fiscaliza\u00e7\u00e3o","link":"https:\/\/diariodegarca.com\/?cat=1192752"},"img":{"alt_text":"","src":"https:\/\/i0.wp.com\/diariodegarca.com\/wp-content\/uploads\/2025\/09\/lupercio.jpg?fit=1200%2C803&ssl=1&resize=350%2C200","width":350,"height":200,"srcset":"https:\/\/i0.wp.com\/diariodegarca.com\/wp-content\/uploads\/2025\/09\/lupercio.jpg?fit=1200%2C803&ssl=1&resize=350%2C200 1x, https:\/\/i0.wp.com\/diariodegarca.com\/wp-content\/uploads\/2025\/09\/lupercio.jpg?fit=1200%2C803&ssl=1&resize=525%2C300 1.5x, https:\/\/i0.wp.com\/diariodegarca.com\/wp-content\/uploads\/2025\/09\/lupercio.jpg?fit=1200%2C803&ssl=1&resize=700%2C400 2x, https:\/\/i0.wp.com\/diariodegarca.com\/wp-content\/uploads\/2025\/09\/lupercio.jpg?fit=1200%2C803&ssl=1&resize=1050%2C600 3x"},"classes":[]}],"_links":{"self":[{"href":"https:\/\/diariodegarca.com\/index.php?rest_route=\/wp\/v2\/posts\/2277","targetHints":{"allow":["GET"]}}],"collection":[{"href":"https:\/\/diariodegarca.com\/index.php?rest_route=\/wp\/v2\/posts"}],"about":[{"href":"https:\/\/diariodegarca.com\/index.php?rest_route=\/wp\/v2\/types\/post"}],"author":[{"embeddable":true,"href":"https:\/\/diariodegarca.com\/index.php?rest_route=\/wp\/v2\/users\/260896546"}],"replies":[{"embeddable":true,"href":"https:\/\/diariodegarca.com\/index.php?rest_route=%2Fwp%2Fv2%2Fcomments&post=2277"}],"version-history":[{"count":0,"href":"https:\/\/diariodegarca.com\/index.php?rest_route=\/wp\/v2\/posts\/2277\/revisions"}],"wp:attachment":[{"href":"https:\/\/diariodegarca.com\/index.php?rest_route=%2Fwp%2Fv2%2Fmedia&parent=2277"}],"wp:term":[{"taxonomy":"category","embeddable":true,"href":"https:\/\/diariodegarca.com\/index.php?rest_route=%2Fwp%2Fv2%2Fcategories&post=2277"},{"taxonomy":"post_tag","embeddable":true,"href":"https:\/\/diariodegarca.com\/index.php?rest_route=%2Fwp%2Fv2%2Ftags&post=2277"}],"curies":[{"name":"wp","href":"https:\/\/api.w.org\/{rel}","templated":true}]}}