{"id":2286,"date":"2025-04-24T17:30:00","date_gmt":"2025-04-24T17:30:00","guid":{"rendered":"https:\/\/diariodegarca.com\/2025\/04\/24\/palestra-do-procon-sp-discute-relacoes-de-consumo-na-era-digital-de-forma-on-line\/"},"modified":"2025-04-24T17:30:00","modified_gmt":"2025-04-24T17:30:00","slug":"palestra-do-procon-sp-discute-relacoes-de-consumo-na-era-digital-de-forma-on-line","status":"publish","type":"post","link":"https:\/\/diariodegarca.com\/?p=2286","title":{"rendered":"Palestra do Procon-SP discute Rela\u00e7\u00f5es de Consumo na Era Digital de forma on-line"},"content":{"rendered":"<div class=\"separator\" style=\"clear: both;text-align: center\"><a href=\"https:\/\/i0.wp.com\/blogger.googleusercontent.com\/img\/b\/R29vZ2xl\/AVvXsEhCAv_pdL9u5jq8o2y7ABuZtPomN1-QfUcceFFERZFvudTk9ta-Ei0N7XFPoX-i9-ndLmnlA44EQbuFeVJjiM7Q6AilY8nswdutoNPVTpEaiEpesxdSHFCjvqUVJxtAlfp3gIdH5_Npo9_20kYuq4dBKM9z6C8hhgw2_iZRvpVUvLQMwtV78RYQMTv4oiU\/s5400\/high-angle-shopping-couple-holding-tablet.jpg?ssl=1\" style=\"margin-left: 1em;margin-right: 1em\"><img data-recalc-dims=\"1\" loading=\"lazy\" decoding=\"async\" border=\"0\" height=\"213\" src=\"https:\/\/i0.wp.com\/blogger.googleusercontent.com\/img\/b\/R29vZ2xl\/AVvXsEhCAv_pdL9u5jq8o2y7ABuZtPomN1-QfUcceFFERZFvudTk9ta-Ei0N7XFPoX-i9-ndLmnlA44EQbuFeVJjiM7Q6AilY8nswdutoNPVTpEaiEpesxdSHFCjvqUVJxtAlfp3gIdH5_Npo9_20kYuq4dBKM9z6C8hhgw2_iZRvpVUvLQMwtV78RYQMTv4oiU\/s320\/high-angle-shopping-couple-holding-tablet.jpg?resize=320%2C213&#038;ssl=1\" width=\"320\" \/><\/a><\/div>\n<p class=\"ds-markdown-paragraph\">A evolu\u00e7\u00e3o tecnol\u00f3gica transformou profundamente a forma como as pessoas consomem, trazendo conveni\u00eancia, mas tamb\u00e9m novos desafios. Para debater esse cen\u00e1rio, o Procon-SP promove a palestra on-line\u00a0<strong>&#8220;Rela\u00e7\u00f5es de Consumo na Era Digital&#8221;<\/strong>, que aborda os impactos das novas tecnologias nas decis\u00f5es de compra e os principais problemas enfrentados pelos consumidores no ambiente virtual.<\/p>\n<p class=\"ds-markdown-paragraph\">Com dura\u00e7\u00e3o de duas horas, o evento explora como as empresas utilizam dados comportamentais para direcionar publicidades, induzir ao consumo e personalizar ofertas. Al\u00e9m disso, ser\u00e3o discutidas as amea\u00e7as cibern\u00e9ticas mais comuns e como se proteger, bem como os direitos garantidos pela legisla\u00e7\u00e3o brasileira, com \u00eanfase nas transa\u00e7\u00f5es digitais.<\/p>\n<p class=\"ds-markdown-paragraph\">As inscri\u00e7\u00f5es s\u00e3o\u00a0<strong>gratuitas<\/strong>\u00a0e individuais, devendo ser realizadas por meio do\u00a0<a href=\"https:\/\/www.procon.sp.gov.br\/palestras\" rel=\"noreferrer\" style=\"border-color: rgba(255, 255, 255, 0);border-radius: 6.858px;border-style: solid;border-width: 2px 3px;color: #3b82f6;margin-left: -3px;margin-right: -3px;position: relative\" target=\"_blank\">formul\u00e1rio dispon\u00edvel no site do Procon-SP<\/a>. Os participantes receber\u00e3o por e-mail o link de acesso, que ser\u00e1 disponibilizado na plataforma Microsoft Teams \u2013 sem necessidade de baixar o aplicativo, podendo ser assistido por computador, tablet ou celular.<\/p>\n<p class=\"ds-markdown-paragraph\">Quem desejar receber um\u00a0<strong>certificado de participa\u00e7\u00e3o<\/strong>\u00a0dever\u00e1 manifestar interesse durante a transmiss\u00e3o, com emiss\u00e3o em at\u00e9 cinco dias \u00fateis. O Procon-SP tamb\u00e9m indicar\u00e1 materiais complementares para download em seu site.<\/p>\n<p class=\"ds-markdown-paragraph\">Al\u00e9m disso, a palestra, que acontece dia\u00a0<strong>30 de abril de 2025<\/strong>, das 14h \u00e0s 16h, \u00e9 transmitida ao vivo\u00a0<span style=\"font-size: 16.002px\">perfis oficiais do Procon-SP no<\/span><span style=\"font-size: 16.002px\">\u00a0<\/span><strong style=\"background-color: transparent;font-size: 16.002px\">Facebook e Instagram<\/strong><span style=\"font-size: 16.002px\">, mas por esses meios n\u00e3o ser\u00e1 poss\u00edvel solicitar o certificado de participa\u00e7\u00e3o.<\/span><\/p>\n","protected":false},"excerpt":{"rendered":"<p>A evolu\u00e7\u00e3o tecnol\u00f3gica transformou profundamente a forma como as pessoas consomem, trazendo conveni\u00eancia, mas tamb\u00e9m novos desafios. Para debater esse cen\u00e1rio, o Procon-SP promove a palestra on-line\u00a0&#8220;Rela\u00e7\u00f5es de Consumo na Era Digital&#8221;, que aborda os impactos das novas tecnologias nas decis\u00f5es de compra e os principais problemas enfrentados pelos consumidores no ambiente virtual. Com dura\u00e7\u00e3o [&hellip;]<\/p>\n","protected":false},"author":260896546,"featured_media":0,"comment_status":"open","ping_status":"open","sticky":false,"template":"","format":"standard","meta":{"_crdt_document":"","_monsterinsights_skip_tracking":false,"_monsterinsights_sitenote_active":false,"_monsterinsights_sitenote_note":"","_monsterinsights_sitenote_category":0,"advanced_seo_description":"","jetpack_seo_html_title":"","jetpack_seo_noindex":false,"_jetpack_newsletter_access":"","_jetpack_dont_email_post_to_subs":false,"_jetpack_newsletter_tier_id":0,"_jetpack_memberships_contains_paywalled_content":false,"_jetpack_memberships_contains_paid_content":false,"footnotes":"","jetpack_publicize_message":"","jetpack_publicize_feature_enabled":true,"jetpack_social_post_already_shared":false,"jetpack_social_options":{"image_generator_settings":{"template":"fullscreen","default_image_id":0,"font":"","enabled":false},"version":2},"_wpas_customize_per_network":false,"jetpack_post_was_ever_published":false},"categories":[38185],"tags":[137718,948934],"class_list":["post-2286","post","type-post","status-publish","format-standard","hentry","category-brasil","tag-consumidor","tag-procon"],"jetpack_publicize_connections":[],"jetpack_featured_media_url":"","jetpack_likes_enabled":true,"jetpack_sharing_enabled":true,"jetpack_shortlink":"https:\/\/wp.me\/pgitne-AS","jetpack-related-posts":[{"id":9020,"url":"https:\/\/diariodegarca.com\/?p=9020","url_meta":{"origin":2286,"position":0},"title":"Procon-SP oferece palestra online e gratuita sobre Direitos do Consumidor na Era Digital","author":"Andreza Sega","date":"25 de novembro de 2025","format":false,"excerpt":"Evento abordar\u00e1 como a internet e a coleta de dados influenciam as escolhas de consumo e quais s\u00e3o os direitos nas transa\u00e7\u00f5es online. O Procon-SP promover\u00e1, na pr\u00f3xima quinta-feira, 27 de novembro, uma palestra online e gratuita com o tema \"Rela\u00e7\u00f5es e Consumo na Era Digital\". O evento, que ocorrer\u00e1\u2026","rel":"","context":"Em &quot;Curso&quot;","block_context":{"text":"Curso","link":"https:\/\/diariodegarca.com\/?cat=36947"},"img":{"alt_text":"","src":"https:\/\/i0.wp.com\/diariodegarca.com\/wp-content\/uploads\/2025\/11\/menina-loira-sentada-no-carrinho-sorrindo.jpg?fit=1200%2C801&ssl=1&resize=350%2C200","width":350,"height":200,"srcset":"https:\/\/i0.wp.com\/diariodegarca.com\/wp-content\/uploads\/2025\/11\/menina-loira-sentada-no-carrinho-sorrindo.jpg?fit=1200%2C801&ssl=1&resize=350%2C200 1x, https:\/\/i0.wp.com\/diariodegarca.com\/wp-content\/uploads\/2025\/11\/menina-loira-sentada-no-carrinho-sorrindo.jpg?fit=1200%2C801&ssl=1&resize=525%2C300 1.5x, https:\/\/i0.wp.com\/diariodegarca.com\/wp-content\/uploads\/2025\/11\/menina-loira-sentada-no-carrinho-sorrindo.jpg?fit=1200%2C801&ssl=1&resize=700%2C400 2x, https:\/\/i0.wp.com\/diariodegarca.com\/wp-content\/uploads\/2025\/11\/menina-loira-sentada-no-carrinho-sorrindo.jpg?fit=1200%2C801&ssl=1&resize=1050%2C600 3x"},"classes":[]},{"id":4248,"url":"https:\/\/diariodegarca.com\/?p=4248","url_meta":{"origin":2286,"position":1},"title":"Procon-SP promove palestra online sobre rela\u00e7\u00f5es de consumo na era digital","author":"Di\u00e1rio de Gar\u00e7a","date":"25 de junho de 2025","format":false,"excerpt":"Evento gratuito abordar\u00e1 influ\u00eancia da internet nas decis\u00f5es de compra, publicidade personalizada e direitos do consumidor em transa\u00e7\u00f5es online. Nesta quinta-feira, 26 de junho de 2025, o Procon-SP realizar\u00e1 a palestra online\u00a0\"Rela\u00e7\u00f5es de Consumo na Era Digital\", das 14h \u00e0s 16h, via Microsoft Teams. O evento, que tamb\u00e9m ser\u00e1 transmitido\u2026","rel":"","context":"Em &quot;Curso&quot;","block_context":{"text":"Curso","link":"https:\/\/diariodegarca.com\/?cat=36947"},"img":{"alt_text":"","src":"","width":0,"height":0},"classes":[]},{"id":9252,"url":"https:\/\/diariodegarca.com\/?p=9252","url_meta":{"origin":2286,"position":2},"title":"Palestra online gratuita desvenda como a era digital transforma as rela\u00e7\u00f5es de consumo","author":"Andreza Sega","date":"10 de dezembro de 2025","format":false,"excerpt":"Evento gratuito no dia 12 de dezembro, promovido pelo Procon-SP, analisa a influ\u00eancia da tecnologia nas decis\u00f5es de compra, os riscos cibern\u00e9ticos e os direitos do consumidor nas transa\u00e7\u00f5es online. A revolu\u00e7\u00e3o digital, iniciada nas d\u00e9cadas finais do s\u00e9culo XX, redefiniu radicalmente a sociedade - e, com ela, a forma\u2026","rel":"","context":"Em &quot;Curso&quot;","block_context":{"text":"Curso","link":"https:\/\/diariodegarca.com\/?cat=36947"},"img":{"alt_text":"","src":"https:\/\/i0.wp.com\/diariodegarca.com\/wp-content\/uploads\/2025\/11\/pares-que-olham-o-preco-de-roupas.jpg?fit=1200%2C800&ssl=1&resize=350%2C200","width":350,"height":200,"srcset":"https:\/\/i0.wp.com\/diariodegarca.com\/wp-content\/uploads\/2025\/11\/pares-que-olham-o-preco-de-roupas.jpg?fit=1200%2C800&ssl=1&resize=350%2C200 1x, https:\/\/i0.wp.com\/diariodegarca.com\/wp-content\/uploads\/2025\/11\/pares-que-olham-o-preco-de-roupas.jpg?fit=1200%2C800&ssl=1&resize=525%2C300 1.5x, https:\/\/i0.wp.com\/diariodegarca.com\/wp-content\/uploads\/2025\/11\/pares-que-olham-o-preco-de-roupas.jpg?fit=1200%2C800&ssl=1&resize=700%2C400 2x, https:\/\/i0.wp.com\/diariodegarca.com\/wp-content\/uploads\/2025\/11\/pares-que-olham-o-preco-de-roupas.jpg?fit=1200%2C800&ssl=1&resize=1050%2C600 3x"},"classes":[]},{"id":4922,"url":"https:\/\/diariodegarca.com\/?p=4922","url_meta":{"origin":2286,"position":3},"title":"Procon-SP discute desafios do consumo na era digital em palestra online gratuita","author":"Di\u00e1rio de Gar\u00e7a","date":"23 de julho de 2025","format":false,"excerpt":"Evento aborda como empresas usam dados e tecnologia para influenciar compras online e ensina como se proteger; inscri\u00e7\u00f5es abertas at\u00e9 31 de julho. A Funda\u00e7\u00e3o Procon-SP promove no pr\u00f3ximo\u00a031 de julho de 2025\u00a0a palestra\u00a0\"Rela\u00e7\u00f5es e Consumo na Era Digital\", que visa esclarecer como a tecnologia tem transformado os h\u00e1bitos de\u2026","rel":"","context":"Em &quot;Curso&quot;","block_context":{"text":"Curso","link":"https:\/\/diariodegarca.com\/?cat=36947"},"img":{"alt_text":"","src":"https:\/\/i0.wp.com\/diariodegarca.com\/wp-content\/uploads\/2025\/07\/mulher-feliz-que-esta-com-sacos-de-compras-smartphone-e-cartao-de-credito-fora.jpg?fit=1200%2C801&ssl=1&resize=350%2C200","width":350,"height":200,"srcset":"https:\/\/i0.wp.com\/diariodegarca.com\/wp-content\/uploads\/2025\/07\/mulher-feliz-que-esta-com-sacos-de-compras-smartphone-e-cartao-de-credito-fora.jpg?fit=1200%2C801&ssl=1&resize=350%2C200 1x, https:\/\/i0.wp.com\/diariodegarca.com\/wp-content\/uploads\/2025\/07\/mulher-feliz-que-esta-com-sacos-de-compras-smartphone-e-cartao-de-credito-fora.jpg?fit=1200%2C801&ssl=1&resize=525%2C300 1.5x, https:\/\/i0.wp.com\/diariodegarca.com\/wp-content\/uploads\/2025\/07\/mulher-feliz-que-esta-com-sacos-de-compras-smartphone-e-cartao-de-credito-fora.jpg?fit=1200%2C801&ssl=1&resize=700%2C400 2x, https:\/\/i0.wp.com\/diariodegarca.com\/wp-content\/uploads\/2025\/07\/mulher-feliz-que-esta-com-sacos-de-compras-smartphone-e-cartao-de-credito-fora.jpg?fit=1200%2C801&ssl=1&resize=1050%2C600 3x"},"classes":[]},{"id":3542,"url":"https:\/\/diariodegarca.com\/?p=3542","url_meta":{"origin":2286,"position":4},"title":"Procon-SP oferece palestra gratuita sobre direitos na era virtual","author":"Di\u00e1rio de Gar\u00e7a","date":"29 de maio de 2025","format":false,"excerpt":"Evento online discute os desafios e prote\u00e7\u00f5es do consumidor em transa\u00e7\u00f5es digitais, com inscri\u00e7\u00f5es abertas at\u00e9 30 de junho. A Funda\u00e7\u00e3o Procon-SP, por meio da Escola de Prote\u00e7\u00e3o e Defesa do Consumidor, promove no dia\u00a030 de junho, \u00e0s\u00a014h, a palestra online e gratuita\u00a0\"Rela\u00e7\u00f5es de Consumo na Era Digital\". O evento,\u2026","rel":"","context":"Em &quot;Curso&quot;","block_context":{"text":"Curso","link":"https:\/\/diariodegarca.com\/?cat=36947"},"img":{"alt_text":"","src":"","width":0,"height":0},"classes":[]},{"id":4916,"url":"https:\/\/diariodegarca.com\/?p=4916","url_meta":{"origin":2286,"position":5},"title":"Procon-SP realiza palestra on-line &#8220;Armadilhas do Consumo&#8221;","author":"Di\u00e1rio de Gar\u00e7a","date":"22 de julho de 2025","format":false,"excerpt":"Evento aborda estrat\u00e9gias de marketing que influenciam decis\u00f5es de compra e ensina como evitar gastos desnecess\u00e1rios; inscri\u00e7\u00f5es est\u00e3o abertas. O Procon-SP promove, no pr\u00f3ximo\u00a024 de julho de 2025, a palestra online\u00a0\"Armadilhas do Consumo\", que tem como objetivo conscientizar os consumidores sobre as t\u00e1ticas de marketing que os levam a comprar\u2026","rel":"","context":"Em &quot;Brasil&quot;","block_context":{"text":"Brasil","link":"https:\/\/diariodegarca.com\/?cat=38185"},"img":{"alt_text":"","src":"https:\/\/i0.wp.com\/diariodegarca.com\/wp-content\/uploads\/2025\/07\/close-no-reporter-dando-uma-entrevista.jpg?fit=1200%2C800&ssl=1&resize=350%2C200","width":350,"height":200,"srcset":"https:\/\/i0.wp.com\/diariodegarca.com\/wp-content\/uploads\/2025\/07\/close-no-reporter-dando-uma-entrevista.jpg?fit=1200%2C800&ssl=1&resize=350%2C200 1x, https:\/\/i0.wp.com\/diariodegarca.com\/wp-content\/uploads\/2025\/07\/close-no-reporter-dando-uma-entrevista.jpg?fit=1200%2C800&ssl=1&resize=525%2C300 1.5x, https:\/\/i0.wp.com\/diariodegarca.com\/wp-content\/uploads\/2025\/07\/close-no-reporter-dando-uma-entrevista.jpg?fit=1200%2C800&ssl=1&resize=700%2C400 2x, https:\/\/i0.wp.com\/diariodegarca.com\/wp-content\/uploads\/2025\/07\/close-no-reporter-dando-uma-entrevista.jpg?fit=1200%2C800&ssl=1&resize=1050%2C600 3x"},"classes":[]}],"_links":{"self":[{"href":"https:\/\/diariodegarca.com\/index.php?rest_route=\/wp\/v2\/posts\/2286","targetHints":{"allow":["GET"]}}],"collection":[{"href":"https:\/\/diariodegarca.com\/index.php?rest_route=\/wp\/v2\/posts"}],"about":[{"href":"https:\/\/diariodegarca.com\/index.php?rest_route=\/wp\/v2\/types\/post"}],"author":[{"embeddable":true,"href":"https:\/\/diariodegarca.com\/index.php?rest_route=\/wp\/v2\/users\/260896546"}],"replies":[{"embeddable":true,"href":"https:\/\/diariodegarca.com\/index.php?rest_route=%2Fwp%2Fv2%2Fcomments&post=2286"}],"version-history":[{"count":0,"href":"https:\/\/diariodegarca.com\/index.php?rest_route=\/wp\/v2\/posts\/2286\/revisions"}],"wp:attachment":[{"href":"https:\/\/diariodegarca.com\/index.php?rest_route=%2Fwp%2Fv2%2Fmedia&parent=2286"}],"wp:term":[{"taxonomy":"category","embeddable":true,"href":"https:\/\/diariodegarca.com\/index.php?rest_route=%2Fwp%2Fv2%2Fcategories&post=2286"},{"taxonomy":"post_tag","embeddable":true,"href":"https:\/\/diariodegarca.com\/index.php?rest_route=%2Fwp%2Fv2%2Ftags&post=2286"}],"curies":[{"name":"wp","href":"https:\/\/api.w.org\/{rel}","templated":true}]}}