{"id":2288,"date":"2025-04-23T23:24:00","date_gmt":"2025-04-23T23:24:00","guid":{"rendered":"https:\/\/diariodegarca.com\/2025\/04\/23\/pat-de-garca-oferece-vagas-em-diversas-areas-confira-oportunidades-disponiveis\/"},"modified":"2025-04-23T23:24:00","modified_gmt":"2025-04-23T23:24:00","slug":"pat-de-garca-oferece-vagas-em-diversas-areas-confira-oportunidades-disponiveis","status":"publish","type":"post","link":"https:\/\/diariodegarca.com\/?p=2288","title":{"rendered":"PAT de Gar\u00e7a oferece vagas em diversas \u00e1reas; confira oportunidades dispon\u00edveis"},"content":{"rendered":"<p>\u00a0<\/p>\n<div class=\"separator\" style=\"clear: both;text-align: center\"><a href=\"https:\/\/i0.wp.com\/blogger.googleusercontent.com\/img\/b\/R29vZ2xl\/AVvXsEhu1V0MysiP5UuXTYdkgCaDKpWASb3dw5fNuezYh5z-5pIryS96q6SSTkBk5mISXhdwdXlVqmVVqGxi5fSIXLxS_6GlqZz2Up1sVkQUEZbVDcY-jFWMVtbE6Ze881jbaJgdRY3Kmw3-It69KNkyWi60W8sUbKbtM1WmqaEog7B2QglH-mfUXsRqCPJQaJ0\/s6048\/doctor-examining-ear-senior-woman.jpg?ssl=1\" style=\"margin-left: 1em;margin-right: 1em\"><img data-recalc-dims=\"1\" loading=\"lazy\" decoding=\"async\" border=\"0\" height=\"213\" src=\"https:\/\/i0.wp.com\/blogger.googleusercontent.com\/img\/b\/R29vZ2xl\/AVvXsEhu1V0MysiP5UuXTYdkgCaDKpWASb3dw5fNuezYh5z-5pIryS96q6SSTkBk5mISXhdwdXlVqmVVqGxi5fSIXLxS_6GlqZz2Up1sVkQUEZbVDcY-jFWMVtbE6Ze881jbaJgdRY3Kmw3-It69KNkyWi60W8sUbKbtM1WmqaEog7B2QglH-mfUXsRqCPJQaJ0\/s320\/doctor-examining-ear-senior-woman.jpg?resize=320%2C213&#038;ssl=1\" width=\"320\" \/><\/a><\/div>\n<p><\/p>\n<p class=\"ds-markdown-paragraph\">O Posto de Atendimento ao Trabalhador (PAT) de Gar\u00e7a est\u00e1 com oportunidades abertas para profissionais em diferentes setores, incluindo sa\u00fade, administrativo, turismo e transporte. As vagas t\u00eam prazos curtos para inscri\u00e7\u00e3o, e os interessados devem se cadastrar pelo site oficial do PAT at\u00e9 as datas especificadas.<\/p>\n<h3><strong>Confira as vagas dispon\u00edveis:<\/strong><\/h3>\n<h4><strong>1. Fonoaudi\u00f3logo<\/strong><\/h4>\n<ul>\n<li>\n<p class=\"ds-markdown-paragraph\" style=\"font-size: 16.002px;line-height: 28.575px;margin-bottom: 0px !important;margin-left: 0px;margin-right: 0px;margin-top: 0px\"><strong>Empresa:<\/strong>\u00a0SBCD<\/p>\n<\/li>\n<li style=\"margin-top: 4px\">\n<p class=\"ds-markdown-paragraph\" style=\"font-size: 16.002px;line-height: 28.575px;margin-bottom: 0px !important;margin-left: 0px;margin-right: 0px;margin-top: 0px\"><strong>Requisitos:<\/strong>\u00a0Gradua\u00e7\u00e3o em Fonoaudiologia, registro ativo no conselho e conhecimento das diretrizes do SUS.<\/p>\n<\/li>\n<li style=\"margin-top: 4px\">\n<p class=\"ds-markdown-paragraph\" style=\"font-size: 16.002px;line-height: 28.575px;margin-bottom: 0px !important;margin-left: 0px;margin-right: 0px;margin-top: 0px\"><strong>Carga hor\u00e1ria:<\/strong>\u00a030 horas semanais (Segunda a Sexta, das 11h \u00e0s 17h).<\/p>\n<\/li>\n<li style=\"margin-top: 4px\">\n<p class=\"ds-markdown-paragraph\" style=\"font-size: 16.002px;line-height: 28.575px;margin-bottom: 0px !important;margin-left: 0px;margin-right: 0px;margin-top: 0px\"><strong>Benef\u00edcios:<\/strong>\u00a0Vale-alimenta\u00e7\u00e3o e seguro de vida.<\/p>\n<\/li>\n<li style=\"margin-top: 4px\">\n<p class=\"ds-markdown-paragraph\" style=\"font-size: 16.002px;line-height: 28.575px;margin-bottom: 0px !important;margin-left: 0px;margin-right: 0px;margin-top: 0px\"><strong>Per\u00edodo de inscri\u00e7\u00e3o:<\/strong>\u00a0At\u00e9 25\/04\/2025.<\/p>\n<\/li>\n<\/ul>\n<h4><strong>2. Auxiliar Administrativo &#8211; Vendas<\/strong><\/h4>\n<ul>\n<li>\n<p class=\"ds-markdown-paragraph\" style=\"font-size: 16.002px;line-height: 28.575px;margin-bottom: 0px !important;margin-left: 0px;margin-right: 0px;margin-top: 0px\"><strong>Requisitos:<\/strong>\u00a0Ensino m\u00e9dio completo e experi\u00eancia na \u00e1rea.<\/p>\n<\/li>\n<li style=\"margin-top: 4px\">\n<p class=\"ds-markdown-paragraph\" style=\"font-size: 16.002px;line-height: 28.575px;margin-bottom: 0px !important;margin-left: 0px;margin-right: 0px;margin-top: 0px\"><strong>Atribui\u00e7\u00f5es:<\/strong>\u00a0Prospec\u00e7\u00e3o de clientes, negocia\u00e7\u00e3o, fechamento de vendas e suporte p\u00f3s-venda.<\/p>\n<\/li>\n<li style=\"margin-top: 4px\">\n<p class=\"ds-markdown-paragraph\" style=\"font-size: 16.002px;line-height: 28.575px;margin-bottom: 0px !important;margin-left: 0px;margin-right: 0px;margin-top: 0px\"><strong>Carga hor\u00e1ria:<\/strong>\u00a0Segunda a Sexta, das 7h10 \u00e0s 17h28 (com 1h30 de almo\u00e7o).<\/p>\n<\/li>\n<li style=\"margin-top: 4px\">\n<p class=\"ds-markdown-paragraph\" style=\"font-size: 16.002px;line-height: 28.575px;margin-bottom: 0px !important;margin-left: 0px;margin-right: 0px;margin-top: 0px\"><strong>Per\u00edodo de inscri\u00e7\u00e3o:<\/strong>\u00a0At\u00e9 25\/04\/2025.<\/p>\n<\/li>\n<\/ul>\n<h4><strong>3. Consultor(a) de Viagens Corporativas Internacionais<\/strong><\/h4>\n<ul>\n<li>\n<p class=\"ds-markdown-paragraph\" style=\"font-size: 16.002px;line-height: 28.575px;margin-bottom: 0px !important;margin-left: 0px;margin-right: 0px;margin-top: 0px\"><strong>Empresa:<\/strong>\u00a0BRW Mar\u00edlia Operadora de Cursos e Turismo<\/p>\n<\/li>\n<li style=\"margin-top: 4px\">\n<p class=\"ds-markdown-paragraph\" style=\"font-size: 16.002px;line-height: 28.575px;margin-bottom: 0px !important;margin-left: 0px;margin-right: 0px;margin-top: 0px\"><strong>Sal\u00e1rio:<\/strong>\u00a0R$ 3.500,00<\/p>\n<\/li>\n<li style=\"margin-top: 4px\">\n<p class=\"ds-markdown-paragraph\" style=\"font-size: 16.002px;line-height: 28.575px;margin-bottom: 0px !important;margin-left: 0px;margin-right: 0px;margin-top: 0px\"><strong>Requisitos:<\/strong>\u00a0Experi\u00eancia com sistemas de reserva (Amadeus\/Sabre), atendimento corporativo internacional e conhecimentos avan\u00e7ados em ingl\u00eas ou espanhol (desej\u00e1vel).<\/p>\n<\/li>\n<li style=\"margin-top: 4px\">\n<p class=\"ds-markdown-paragraph\" style=\"font-size: 16.002px;line-height: 28.575px;margin-bottom: 0px !important;margin-left: 0px;margin-right: 0px;margin-top: 0px\"><strong>Benef\u00edcios:<\/strong>\u00a0Assist\u00eancia m\u00e9dica, vale-transporte, PLR, b\u00f4nus e incentivos.<\/p>\n<\/li>\n<li style=\"margin-top: 4px\">\n<p class=\"ds-markdown-paragraph\" style=\"font-size: 16.002px;line-height: 28.575px;margin-bottom: 0px !important;margin-left: 0px;margin-right: 0px;margin-top: 0px\"><strong>Per\u00edodo de inscri\u00e7\u00e3o:<\/strong>\u00a0At\u00e9 28\/04\/2025.<\/p>\n<\/li>\n<\/ul>\n<h4><strong>4. Motorista (3 vagas)<\/strong><\/h4>\n<ul>\n<li>\n<p class=\"ds-markdown-paragraph\" style=\"font-size: 16.002px;line-height: 28.575px;margin-bottom: 0px !important;margin-left: 0px;margin-right: 0px;margin-top: 0px\"><strong>Sal\u00e1rio:<\/strong>\u00a0R$ 2.405,83<\/p>\n<\/li>\n<li style=\"margin-top: 4px\">\n<p class=\"ds-markdown-paragraph\" style=\"font-size: 16.002px;line-height: 28.575px;margin-bottom: 0px !important;margin-left: 0px;margin-right: 0px;margin-top: 0px\"><strong>Requisitos:<\/strong>\u00a0Carteira D\/E e experi\u00eancia na fun\u00e7\u00e3o.<\/p>\n<\/li>\n<li style=\"margin-top: 4px\">\n<p class=\"ds-markdown-paragraph\" style=\"font-size: 16.002px;line-height: 28.575px;margin-bottom: 0px !important;margin-left: 0px;margin-right: 0px;margin-top: 0px\"><strong>Benef\u00edcios:<\/strong>\u00a0Vale-alimenta\u00e7\u00e3o de R$ 250,00.<\/p>\n<\/li>\n<li style=\"margin-top: 4px\">\n<p class=\"ds-markdown-paragraph\" style=\"font-size: 16.002px;line-height: 28.575px;margin-bottom: 0px !important;margin-left: 0px;margin-right: 0px;margin-top: 0px\"><strong>Per\u00edodo de inscri\u00e7\u00e3o:<\/strong>\u00a0At\u00e9 28\/04\/2025.<\/p>\n<\/li>\n<\/ul>\n<h3><strong>Como se candidatar:<\/strong><\/h3>\n<p class=\"ds-markdown-paragraph\">As inscri\u00e7\u00f5es devem ser feitas exclusivamente pelo site\u00a0<a href=\"https:\/\/www.emprega.garca.sp.gov.br\/pat\" rel=\"noreferrer\" style=\"border-color: rgba(255, 255, 255, 0);border-radius: 6.858px;border-style: solid;border-width: 2px 3px;color: #3b82f6;margin-left: -3px;margin-right: -3px;position: relative\" target=\"_blank\"><strong>Emprega Gar\u00e7a<\/strong><\/a>. O candidato precisa realizar login, buscar a vaga desejada, clicar em &#8220;detalhes&#8221; e enviar sua candidatura. \u00c9 fundamental preencher todas as informa\u00e7\u00f5es do curr\u00edculo para aumentar as chances de sele\u00e7\u00e3o.<\/p>\n<p class=\"ds-markdown-paragraph\">Essas oportunidades s\u00e3o ideais para quem busca recoloca\u00e7\u00e3o profissional ou deseja ingressar em um novo mercado. Fique atento aos prazos e n\u00e3o perca a chance de se inscrever!<\/p>\n","protected":false},"excerpt":{"rendered":"<p>\u00a0 O Posto de Atendimento ao Trabalhador (PAT) de Gar\u00e7a est\u00e1 com oportunidades abertas para profissionais em diferentes setores, incluindo sa\u00fade, administrativo, turismo e transporte. As vagas t\u00eam prazos curtos para inscri\u00e7\u00e3o, e os interessados devem se cadastrar pelo site oficial do PAT at\u00e9 as datas especificadas. Confira as vagas dispon\u00edveis: 1. Fonoaudi\u00f3logo Empresa:\u00a0SBCD Requisitos:\u00a0Gradua\u00e7\u00e3o [&hellip;]<\/p>\n","protected":false},"author":260896546,"featured_media":0,"comment_status":"open","ping_status":"open","sticky":false,"template":"","format":"standard","meta":{"_crdt_document":"","_monsterinsights_skip_tracking":false,"_monsterinsights_sitenote_active":false,"_monsterinsights_sitenote_note":"","_monsterinsights_sitenote_category":0,"advanced_seo_description":"","jetpack_seo_html_title":"","jetpack_seo_noindex":false,"_jetpack_newsletter_access":"","_jetpack_dont_email_post_to_subs":false,"_jetpack_newsletter_tier_id":0,"_jetpack_memberships_contains_paywalled_content":false,"_jetpack_memberships_contains_paid_content":false,"footnotes":"","jetpack_publicize_message":"","jetpack_publicize_feature_enabled":true,"jetpack_social_post_already_shared":false,"jetpack_social_options":{"image_generator_settings":{"template":"fullscreen","default_image_id":0,"font":"","enabled":false},"version":2},"_wpas_customize_per_network":false,"jetpack_post_was_ever_published":false},"categories":[38185],"tags":[781171801,781171807],"class_list":["post-2288","post","type-post","status-publish","format-standard","hentry","category-brasil","tag-brasil","tag-vagas"],"jetpack_publicize_connections":[],"jetpack_featured_media_url":"","jetpack_likes_enabled":true,"jetpack_sharing_enabled":true,"jetpack_shortlink":"https:\/\/wp.me\/pgitne-AU","jetpack-related-posts":[{"id":2571,"url":"https:\/\/diariodegarca.com\/?p=2571","url_meta":{"origin":2288,"position":0},"title":"PAT de Gar\u00e7a abre vagas para consultores de viagens e secret\u00e1ria do lar","author":"Di\u00e1rio de Gar\u00e7a","date":"21 de mar\u00e7o de 2025","format":false,"excerpt":"O Posto de Atendimento ao Trabalhador (PAT) de Gar\u00e7a est\u00e1 com novas oportunidades de emprego para profissionais interessados nas \u00e1reas de consultoria de viagens e servi\u00e7os dom\u00e9sticos. As vagas oferecem benef\u00edcios atrativos e exigem experi\u00eancia pr\u00e9via. As inscri\u00e7\u00f5es devem ser feitas exclusivamente pelo site oficial do PAT de Gar\u00e7a, com\u2026","rel":"","context":"Em &quot;Brasil&quot;","block_context":{"text":"Brasil","link":"https:\/\/diariodegarca.com\/?cat=38185"},"img":{"alt_text":"","src":"","width":0,"height":0},"classes":[]},{"id":2387,"url":"https:\/\/diariodegarca.com\/?p=2387","url_meta":{"origin":2288,"position":1},"title":"PAT de Gar\u00e7a abre vagas para Secret\u00e1ria do Lar e Encarregado Florestal","author":"Di\u00e1rio de Gar\u00e7a","date":"11 de abril de 2025","format":false,"excerpt":"\u00a0O Posto de Atendimento ao Trabalhador (PAT) de Gar\u00e7a est\u00e1 com duas vagas em destaque para profissionais de diferentes \u00e1reas:\u00a0Secret\u00e1ria do Lar\u00a0e\u00a0Encarregado de Opera\u00e7\u00f5es Florestais. As oportunidades t\u00eam prazos curtos para inscri\u00e7\u00e3o, exigindo que os interessados se cadastrem rapidamente pelo site\u00a0Emprega Gar\u00e7a.Secret\u00e1ria do LarVagas:\u00a01Remunera\u00e7\u00e3o:\u00a0A combinarPer\u00edodo de inscri\u00e7\u00e3o:\u00a0at\u00e9 15\/04\/2025Hor\u00e1rio:\u00a0Segunda a sexta,\u2026","rel":"","context":"Em &quot;Brasil&quot;","block_context":{"text":"Brasil","link":"https:\/\/diariodegarca.com\/?cat=38185"},"img":{"alt_text":"","src":"https:\/\/i0.wp.com\/blogger.googleusercontent.com\/img\/b\/R29vZ2xl\/AVvXsEiVjlaQtRw6F9Nrwy4AOJLXYHJJPt2VMGSG7uoK-V8qFZUzt77V0CbviWdJw9Qb9jEeOAzDu-Enfy0kTeFHue4noyjLQWLkzUpKb17YRkYknqwSkM1Tasf-Lccl0l9Vg8AsrhSPH98Kbj7nyFoAxExipWX5l94y9fCOfXX58fFgrfYkVaOWd3EMn9lqcaU\/s320\/full-shot-forest-warden-looking-tree.jpg?resize=350%2C200&ssl=1","width":350,"height":200},"classes":[]},{"id":2652,"url":"https:\/\/diariodegarca.com\/?p=2652","url_meta":{"origin":2288,"position":2},"title":"PAT de Gar\u00e7a abre vagas em diferentes setores; confira as oportunidades","author":"Di\u00e1rio de Gar\u00e7a","date":"11 de mar\u00e7o de 2025","format":false,"excerpt":"O Posto de Atendimento ao Trabalhador (PAT) de Gar\u00e7a est\u00e1 com vagas abertas em diversas \u00e1reas, oferecendo oportunidades para profissionais com diferentes perfis. As oportunidades incluem fun\u00e7\u00f5es como Vendedor de Caf\u00e9, Trabalhador Rural e L\u00edder Florestal, atendendo \u00e0 demanda de empresas locais.As inscri\u00e7\u00f5es s\u00e3o gratuitas e realizadas exclusivamente online, por\u2026","rel":"","context":"Em &quot;Brasil&quot;","block_context":{"text":"Brasil","link":"https:\/\/diariodegarca.com\/?cat=38185"},"img":{"alt_text":"","src":"","width":0,"height":0},"classes":[]},{"id":2622,"url":"https:\/\/diariodegarca.com\/?p=2622","url_meta":{"origin":2288,"position":3},"title":"PAT de Gar\u00e7a abre vagas para fresador e borracheiro","author":"Di\u00e1rio de Gar\u00e7a","date":"14 de mar\u00e7o de 2025","format":false,"excerpt":"O Posto de Atendimento ao Trabalhador (PAT) de Gar\u00e7a est\u00e1 com oportunidades abertas para profissionais em busca de recoloca\u00e7\u00e3o no mercado de trabalho. As vagas dispon\u00edveis incluem fun\u00e7\u00f5es como fresador-torneiro-operador de serra manual e borracheiro, atendendo a diferentes perfis e experi\u00eancias. As inscri\u00e7\u00f5es devem ser realizadas exclusivamente pelo site emprega.garca.sp.gov.br\/pat,\u2026","rel":"","context":"Em &quot;Brasil&quot;","block_context":{"text":"Brasil","link":"https:\/\/diariodegarca.com\/?cat=38185"},"img":{"alt_text":"","src":"","width":0,"height":0},"classes":[]},{"id":2359,"url":"https:\/\/diariodegarca.com\/?p=2359","url_meta":{"origin":2288,"position":4},"title":"PAT de Gar\u00e7a oferece oportunidades de emprego em diferentes \u00e1reas","author":"Di\u00e1rio de Gar\u00e7a","date":"15 de abril de 2025","format":false,"excerpt":"O Posto de Atendimento ao Trabalhador (PAT) de Gar\u00e7a divulgou novas vagas de emprego para profissionais em busca de recoloca\u00e7\u00e3o no mercado. As oportunidades incluem fun\u00e7\u00f5es como motorista, estoquista e pedreiro, com prazos de inscri\u00e7\u00e3o entre abril e maio de 2025. Confira os detalhes: Motorista Quantidade de vagas: 3 Remunera\u00e7\u00e3o:\u2026","rel":"","context":"Em &quot;Brasil&quot;","block_context":{"text":"Brasil","link":"https:\/\/diariodegarca.com\/?cat=38185"},"img":{"alt_text":"","src":"","width":0,"height":0},"classes":[]},{"id":2705,"url":"https:\/\/diariodegarca.com\/?p=2705","url_meta":{"origin":2288,"position":5},"title":"PAT de Gar\u00e7a abre vagas para Soldador e Departamento de Compras","author":"Di\u00e1rio de Gar\u00e7a","date":"3 de mar\u00e7o de 2025","format":false,"excerpt":"O Posto de Atendimento ao Trabalhador (PAT) de Gar\u00e7a est\u00e1 com duas oportunidades de emprego abertas para profissionais qualificados. As vagas dispon\u00edveis s\u00e3o para as fun\u00e7\u00f5es de Soldador e para atuar no Departamento de Compras. Ambas as oportunidades est\u00e3o com inscri\u00e7\u00f5es abertas e oferecem remunera\u00e7\u00e3o a combinar, conforme informa\u00e7\u00f5es divulgadas\u2026","rel":"","context":"Em &quot;Brasil&quot;","block_context":{"text":"Brasil","link":"https:\/\/diariodegarca.com\/?cat=38185"},"img":{"alt_text":"","src":"","width":0,"height":0},"classes":[]}],"_links":{"self":[{"href":"https:\/\/diariodegarca.com\/index.php?rest_route=\/wp\/v2\/posts\/2288","targetHints":{"allow":["GET"]}}],"collection":[{"href":"https:\/\/diariodegarca.com\/index.php?rest_route=\/wp\/v2\/posts"}],"about":[{"href":"https:\/\/diariodegarca.com\/index.php?rest_route=\/wp\/v2\/types\/post"}],"author":[{"embeddable":true,"href":"https:\/\/diariodegarca.com\/index.php?rest_route=\/wp\/v2\/users\/260896546"}],"replies":[{"embeddable":true,"href":"https:\/\/diariodegarca.com\/index.php?rest_route=%2Fwp%2Fv2%2Fcomments&post=2288"}],"version-history":[{"count":0,"href":"https:\/\/diariodegarca.com\/index.php?rest_route=\/wp\/v2\/posts\/2288\/revisions"}],"wp:attachment":[{"href":"https:\/\/diariodegarca.com\/index.php?rest_route=%2Fwp%2Fv2%2Fmedia&parent=2288"}],"wp:term":[{"taxonomy":"category","embeddable":true,"href":"https:\/\/diariodegarca.com\/index.php?rest_route=%2Fwp%2Fv2%2Fcategories&post=2288"},{"taxonomy":"post_tag","embeddable":true,"href":"https:\/\/diariodegarca.com\/index.php?rest_route=%2Fwp%2Fv2%2Ftags&post=2288"}],"curies":[{"name":"wp","href":"https:\/\/api.w.org\/{rel}","templated":true}]}}