{"id":2311,"date":"2025-04-19T12:40:00","date_gmt":"2025-04-19T12:40:00","guid":{"rendered":"https:\/\/diariodegarca.com\/2025\/04\/19\/homem-e-preso-por-enforcar-cachorra-e-ameacar-vizinhas-com-faca-em-bauru\/"},"modified":"2025-04-19T12:40:00","modified_gmt":"2025-04-19T12:40:00","slug":"homem-e-preso-por-enforcar-cachorra-e-ameacar-vizinhas-com-faca-em-bauru","status":"publish","type":"post","link":"https:\/\/diariodegarca.com\/?p=2311","title":{"rendered":"Homem \u00e9 preso por enforcar cachorra e amea\u00e7ar vizinhas com faca em Bauru"},"content":{"rendered":"<\/p>\n<div>\n  <a href=\"https:\/\/blogger.googleusercontent.com\/img\/a\/AVvXsEjqu58dLInTtTCFsgJOx3saQsiNStUlDRWMu2XxgHt_tz_xULGMkDDtRwrvPWoRMx19VZrkBxBEm787voiG3yf8SfPQXtqQ4eCyXxTbYsO4FxrLpQN3OI0KqniCtw0xa6GMpP7bm-3RA7iXJ7hqNJycdHNfmzpAmIYIh9gvBuwLkx1F1OYYnfflZfPB_I8\"><br \/>\n    <img decoding=\"async\" border=\"0\" src=\"https:\/\/blogger.googleusercontent.com\/img\/a\/AVvXsEjqu58dLInTtTCFsgJOx3saQsiNStUlDRWMu2XxgHt_tz_xULGMkDDtRwrvPWoRMx19VZrkBxBEm787voiG3yf8SfPQXtqQ4eCyXxTbYsO4FxrLpQN3OI0KqniCtw0xa6GMpP7bm-3RA7iXJ7hqNJycdHNfmzpAmIYIh9gvBuwLkx1F1OYYnfflZfPB_I8\" width=\"400\"><br \/>\n  <\/a>\n<\/div>\n<p><\/p>\n<p>Um homem de 39 anos foi detido na noite de quinta-feira, dia 17 de abril, no bairro Vila Formosa, em Bauru, ap\u00f3s agredir violentamente sua pr\u00f3pria\u00a0 cachorra, Pandora, sem ra\u00e7a definida e de pelagem caramelo, al\u00e9m de amea\u00e7ar duas vizinhas com uma faca. O caso, registrado como abuso animal, amea\u00e7a e dano, chocou a comunidade e mobilizou a Pol\u00edcia Militar (PM) em duas ocasi\u00f5es na mesma noite.<\/p>\n<p>De acordo com o boletim de ocorr\u00eancia, a primeira liga\u00e7\u00e3o para a PM partiu de m\u00e3e e filha, vizinhas do acusado, que relataram ter sido amea\u00e7adas pelo homem com uma faca. Ele tamb\u00e9m teria cortado o pneu do carro de uma das v\u00edtimas. Inicialmente, as mulheres optaram por n\u00e3o formalizar a den\u00fancia no plant\u00e3o da Pol\u00edcia Civil devido \u00e0 idade avan\u00e7ada da idosa.<\/p>\n<p>Tr\u00eas horas depois, no entanto, a PM retornou ao local ap\u00f3s novas den\u00fancias: o mesmo homem estava enforcando Pandora pela coleira, suspendendo-a no ar, enquanto o animal emitia ganidos de dor. As vizinhas testemunharam a cena e afirmaram que n\u00e3o era a primeira vez que ouviam o animal sofrer. Ao chegarem, os policiais ouviram a cachorra chorando e a encontraram em estado cr\u00edtico: magra, desnutrida, desidratada e tentando fugir do tutor.<\/p>\n<p>\u201cO veterin\u00e1rio que compareceu \u00e0 delegacia confirmou os maus-tratos. Ela tremia muito e estava visivelmente assustada\u201d, relatou o cabo Rafael Lobato, que participou do atendimento. Pandora foi levada a uma cl\u00ednica particular, onde segue sob cuidados veterin\u00e1rios e tutela provis\u00f3ria.<\/p>\n<p>O suspeito, que mora sozinho, tentou fugir durante a abordagem, mas foi contido com uso de algemas e for\u00e7a moderada, segundo a PM. Ele foi encaminhado ao Plant\u00e3o Policial e permanece preso em flagrante pelos crimes. A corpora\u00e7\u00e3o tentou contatar o Centro de Controle de Zoonoses (CCZ) de Bauru, mas n\u00e3o obteve resposta devido ao hor\u00e1rio noturno.<\/p>\n<p>O caso reacende o debate sobre a import\u00e2ncia da den\u00fancia de viol\u00eancia contra animais e a necessidade de redes de prote\u00e7\u00e3o mais \u00e1geis. Pandora, hoje s\u00edmbolo de resist\u00eancia, aguarda um futuro seguro longe do agressor.<\/p>\n<p><\/p>\n<p><b>Fonte:<\/b>\u00a0JC Bauru<\/p>\n","protected":false},"excerpt":{"rendered":"<p>Um homem de 39 anos foi detido na noite de quinta-feira, dia 17 de abril, no bairro Vila Formosa, em Bauru, ap\u00f3s agredir violentamente sua pr\u00f3pria\u00a0 cachorra, Pandora, sem ra\u00e7a definida e de pelagem caramelo, al\u00e9m de amea\u00e7ar duas vizinhas com uma faca. O caso, registrado como abuso animal, amea\u00e7a e dano, chocou a comunidade [&hellip;]<\/p>\n","protected":false},"author":260896546,"featured_media":0,"comment_status":"open","ping_status":"open","sticky":false,"template":"","format":"standard","meta":{"_crdt_document":"","_monsterinsights_skip_tracking":false,"_monsterinsights_sitenote_active":false,"_monsterinsights_sitenote_note":"","_monsterinsights_sitenote_category":0,"advanced_seo_description":"","jetpack_seo_html_title":"","jetpack_seo_noindex":false,"_jetpack_newsletter_access":"","_jetpack_dont_email_post_to_subs":false,"_jetpack_newsletter_tier_id":0,"_jetpack_memberships_contains_paywalled_content":false,"_jetpack_memberships_contains_paid_content":false,"footnotes":"","jetpack_publicize_message":"","jetpack_publicize_feature_enabled":true,"jetpack_social_post_already_shared":false,"jetpack_social_options":{"image_generator_settings":{"template":"fullscreen","default_image_id":0,"font":"","enabled":false},"version":2},"_wpas_customize_per_network":false,"jetpack_post_was_ever_published":false},"categories":[38185],"tags":[781171814,781171833],"class_list":["post-2311","post","type-post","status-publish","format-standard","hentry","category-brasil","tag-bauru","tag-causa-animal"],"jetpack_publicize_connections":[],"jetpack_featured_media_url":"","jetpack_likes_enabled":true,"jetpack_sharing_enabled":true,"jetpack_shortlink":"https:\/\/wp.me\/pgitne-Bh","jetpack-related-posts":[{"id":7479,"url":"https:\/\/diariodegarca.com\/?p=7479","url_meta":{"origin":2311,"position":0},"title":"Dois homens s\u00e3o presos em flagrante por viol\u00eancia dom\u00e9stica em Gar\u00e7a","author":"Andreza Sega","date":"6 de outubro de 2025","format":false,"excerpt":"Opera\u00e7\u00f5es da Pol\u00edcia Militar, no \u00faltimo s\u00e1bado, resultaram na pris\u00e3o de dois agressores em cen\u00e1rios distintos: um no bairro Vila Rebelo e outro na zona rural do munic\u00edpio. A Pol\u00edcia Militar do 9\u00ba Batalh\u00e3o prendeu, na \u00faltima sexta-feira, 4 de outubro, dois homens por crimes de viol\u00eancia dom\u00e9stica em Gar\u00e7a.\u2026","rel":"","context":"Em &quot;Gar\u00e7a&quot;","block_context":{"text":"Gar\u00e7a","link":"https:\/\/diariodegarca.com\/?cat=781171664"},"img":{"alt_text":"","src":"https:\/\/i0.wp.com\/diariodegarca.com\/wp-content\/uploads\/2025\/09\/imagem-nao-explicita-de-abuso-de-criancas.jpg?fit=1200%2C800&ssl=1&resize=350%2C200","width":350,"height":200,"srcset":"https:\/\/i0.wp.com\/diariodegarca.com\/wp-content\/uploads\/2025\/09\/imagem-nao-explicita-de-abuso-de-criancas.jpg?fit=1200%2C800&ssl=1&resize=350%2C200 1x, https:\/\/i0.wp.com\/diariodegarca.com\/wp-content\/uploads\/2025\/09\/imagem-nao-explicita-de-abuso-de-criancas.jpg?fit=1200%2C800&ssl=1&resize=525%2C300 1.5x, https:\/\/i0.wp.com\/diariodegarca.com\/wp-content\/uploads\/2025\/09\/imagem-nao-explicita-de-abuso-de-criancas.jpg?fit=1200%2C800&ssl=1&resize=700%2C400 2x, https:\/\/i0.wp.com\/diariodegarca.com\/wp-content\/uploads\/2025\/09\/imagem-nao-explicita-de-abuso-de-criancas.jpg?fit=1200%2C800&ssl=1&resize=1050%2C600 3x"},"classes":[]},{"id":2380,"url":"https:\/\/diariodegarca.com\/?p=2380","url_meta":{"origin":2311,"position":1},"title":"Ado\u00e7\u00e3o: 30 pets, entre c\u00e3es e gatos, buscam um lar em Gar\u00e7a","author":"Di\u00e1rio de Gar\u00e7a","date":"13 de abril de 2025","format":false,"excerpt":"\u00a0 Em meio a tantas patinhas ansiosas por cuidado, o site adoteumanimalgarca.blogspot.com abre as portas para uma corrente de solidariedade: 16 c\u00e3es e 14 gatos aguardam ado\u00e7\u00e3o, cada um com uma hist\u00f3ria que merece ser reescrita com afeto.Para os amantes de gatos, h\u00e1 uma paleta de cores: rajados, pretos e\u2026","rel":"","context":"Em &quot;Brasil&quot;","block_context":{"text":"Brasil","link":"https:\/\/diariodegarca.com\/?cat=38185"},"img":{"alt_text":"","src":"","width":0,"height":0},"classes":[]},{"id":2253,"url":"https:\/\/diariodegarca.com\/?p=2253","url_meta":{"origin":2311,"position":2},"title":"Homem \u00e9 investigado por maus-tratos a cachorra em Mar\u00edlia","author":"Di\u00e1rio de Gar\u00e7a","date":"28 de abril de 2025","format":false,"excerpt":"Um homem est\u00e1 sendo investigado por maus-tratos a uma cachorra sem ra\u00e7a definida, encontrada em condi\u00e7\u00f5es deplor\u00e1veis em uma resid\u00eancia no bairro Cerqueira C\u00e9sar, zona norte de Mar\u00edlia. O caso foi registrado na tarde da \u00faltima sexta-feira, 25 de abril, ap\u00f3s uma den\u00fancia que levou \u00e0 a\u00e7\u00e3o conjunta de uma\u2026","rel":"","context":"Em &quot;Brasil&quot;","block_context":{"text":"Brasil","link":"https:\/\/diariodegarca.com\/?cat=38185"},"img":{"alt_text":"","src":"https:\/\/i0.wp.com\/blogger.googleusercontent.com\/img\/b\/R29vZ2xl\/AVvXsEhq3AvKGjHXqj3OJFlFf_Q1kzerPe62KhHC3VqE3zEicHF0SE29G7SqdTFQS7l5RjSKKU7LMmDrHeGyplNFSAdRDqaSrOrhPR15EJkLmyORQSlV345ycbKFM3dF-jSs_rxm0S1R35431dvk0Lr3n66pGqVA69rViaqHgBDPqPaMpTTLL9P_ChnG16Xp_0Y\/s320\/1000183677.jpg?resize=350%2C200&ssl=1","width":350,"height":200},"classes":[]},{"id":7161,"url":"https:\/\/diariodegarca.com\/?p=7161","url_meta":{"origin":2311,"position":3},"title":"PM prende homem por viol\u00eancia dom\u00e9stica em Gar\u00e7a","author":"Di\u00e1rio de Gar\u00e7a","date":"25 de setembro de 2025","format":false,"excerpt":"Flagrante de agress\u00e3o e amea\u00e7a foi registrado no bairro Jos\u00e9 Ribeiro na noite de quarta-feira; autor foi encaminhado para atendimento m\u00e9dico e depois preso. Policiais militares da 4\u00aa Companhia da PM prenderam em flagrante, na noite de quarta-feira, 24 de setembro, um homem por les\u00e3o corporal, amea\u00e7a e viol\u00eancia dom\u00e9stica.\u2026","rel":"","context":"Em &quot;Gar\u00e7a&quot;","block_context":{"text":"Gar\u00e7a","link":"https:\/\/diariodegarca.com\/?cat=781171664"},"img":{"alt_text":"","src":"https:\/\/i0.wp.com\/diariodegarca.com\/wp-content\/uploads\/2025\/09\/SnapInsta.to_547856115_18315622645246526_7174348806758713161_n.webp?fit=1200%2C1200&ssl=1&resize=350%2C200","width":350,"height":200,"srcset":"https:\/\/i0.wp.com\/diariodegarca.com\/wp-content\/uploads\/2025\/09\/SnapInsta.to_547856115_18315622645246526_7174348806758713161_n.webp?fit=1200%2C1200&ssl=1&resize=350%2C200 1x, https:\/\/i0.wp.com\/diariodegarca.com\/wp-content\/uploads\/2025\/09\/SnapInsta.to_547856115_18315622645246526_7174348806758713161_n.webp?fit=1200%2C1200&ssl=1&resize=525%2C300 1.5x, https:\/\/i0.wp.com\/diariodegarca.com\/wp-content\/uploads\/2025\/09\/SnapInsta.to_547856115_18315622645246526_7174348806758713161_n.webp?fit=1200%2C1200&ssl=1&resize=700%2C400 2x, https:\/\/i0.wp.com\/diariodegarca.com\/wp-content\/uploads\/2025\/09\/SnapInsta.to_547856115_18315622645246526_7174348806758713161_n.webp?fit=1200%2C1200&ssl=1&resize=1050%2C600 3x"},"classes":[]},{"id":6067,"url":"https:\/\/diariodegarca.com\/?p=6067","url_meta":{"origin":2311,"position":4},"title":"Homem \u00e9 preso em flagrante por agredir ex-companheira e sequestrar crian\u00e7as em Parapu\u00e3","author":"Di\u00e1rio de Gar\u00e7a","date":"25 de agosto de 2025","format":false,"excerpt":"Ap\u00f3s espancar a v\u00edtima e fugir com os dois filhos pequenos, agressor foi localizado em um bar pela PM. Mesmo na delegacia, ele continuou com as amea\u00e7as de morte. Um caso grave de viol\u00eancia dom\u00e9stica terminou com a pris\u00e3o de um homem na noite de domingo, 24 de agosto, em\u2026","rel":"","context":"Em &quot;Parapu\u00e3&quot;","block_context":{"text":"Parapu\u00e3","link":"https:\/\/diariodegarca.com\/?cat=2380082"},"img":{"alt_text":"","src":"https:\/\/i0.wp.com\/diariodegarca.com\/wp-content\/uploads\/2025\/08\/silhuetas-de-maos-aterrorizantes-no-estudio.jpg?fit=1200%2C800&ssl=1&resize=350%2C200","width":350,"height":200,"srcset":"https:\/\/i0.wp.com\/diariodegarca.com\/wp-content\/uploads\/2025\/08\/silhuetas-de-maos-aterrorizantes-no-estudio.jpg?fit=1200%2C800&ssl=1&resize=350%2C200 1x, https:\/\/i0.wp.com\/diariodegarca.com\/wp-content\/uploads\/2025\/08\/silhuetas-de-maos-aterrorizantes-no-estudio.jpg?fit=1200%2C800&ssl=1&resize=525%2C300 1.5x, https:\/\/i0.wp.com\/diariodegarca.com\/wp-content\/uploads\/2025\/08\/silhuetas-de-maos-aterrorizantes-no-estudio.jpg?fit=1200%2C800&ssl=1&resize=700%2C400 2x, https:\/\/i0.wp.com\/diariodegarca.com\/wp-content\/uploads\/2025\/08\/silhuetas-de-maos-aterrorizantes-no-estudio.jpg?fit=1200%2C800&ssl=1&resize=1050%2C600 3x"},"classes":[]},{"id":9651,"url":"https:\/\/diariodegarca.com\/?p=9651","url_meta":{"origin":2311,"position":5},"title":"Homem \u00e9 preso por agress\u00e3o e amea\u00e7as com armas artesanais em Gar\u00e7a","author":"Di\u00e1rio de Gar\u00e7a","date":"21 de dezembro de 2025","format":false,"excerpt":"V\u00edtima relatou \u00e0 PM que agressor chegou embriagado, amea\u00e7ou de morte e a atacou; armas citadas em amea\u00e7a anterior, incluindo bestas e espingarda, foram apreendidas. Um caso grave de viol\u00eancia dom\u00e9stica resultou na pris\u00e3o de um homem na noite de sexta-feira, 19 de dezembro, em Gar\u00e7a. Policiais militares do 9\u00ba\u2026","rel":"","context":"Em &quot;Gar\u00e7a&quot;","block_context":{"text":"Gar\u00e7a","link":"https:\/\/diariodegarca.com\/?cat=781171664"},"img":{"alt_text":"","src":"https:\/\/i0.wp.com\/diariodegarca.com\/wp-content\/uploads\/2025\/12\/WhatsApp-Image-2025-12-21-at-18.39.53.jpeg?fit=1200%2C709&ssl=1&resize=350%2C200","width":350,"height":200,"srcset":"https:\/\/i0.wp.com\/diariodegarca.com\/wp-content\/uploads\/2025\/12\/WhatsApp-Image-2025-12-21-at-18.39.53.jpeg?fit=1200%2C709&ssl=1&resize=350%2C200 1x, https:\/\/i0.wp.com\/diariodegarca.com\/wp-content\/uploads\/2025\/12\/WhatsApp-Image-2025-12-21-at-18.39.53.jpeg?fit=1200%2C709&ssl=1&resize=525%2C300 1.5x, https:\/\/i0.wp.com\/diariodegarca.com\/wp-content\/uploads\/2025\/12\/WhatsApp-Image-2025-12-21-at-18.39.53.jpeg?fit=1200%2C709&ssl=1&resize=700%2C400 2x, https:\/\/i0.wp.com\/diariodegarca.com\/wp-content\/uploads\/2025\/12\/WhatsApp-Image-2025-12-21-at-18.39.53.jpeg?fit=1200%2C709&ssl=1&resize=1050%2C600 3x"},"classes":[]}],"_links":{"self":[{"href":"https:\/\/diariodegarca.com\/index.php?rest_route=\/wp\/v2\/posts\/2311","targetHints":{"allow":["GET"]}}],"collection":[{"href":"https:\/\/diariodegarca.com\/index.php?rest_route=\/wp\/v2\/posts"}],"about":[{"href":"https:\/\/diariodegarca.com\/index.php?rest_route=\/wp\/v2\/types\/post"}],"author":[{"embeddable":true,"href":"https:\/\/diariodegarca.com\/index.php?rest_route=\/wp\/v2\/users\/260896546"}],"replies":[{"embeddable":true,"href":"https:\/\/diariodegarca.com\/index.php?rest_route=%2Fwp%2Fv2%2Fcomments&post=2311"}],"version-history":[{"count":0,"href":"https:\/\/diariodegarca.com\/index.php?rest_route=\/wp\/v2\/posts\/2311\/revisions"}],"wp:attachment":[{"href":"https:\/\/diariodegarca.com\/index.php?rest_route=%2Fwp%2Fv2%2Fmedia&parent=2311"}],"wp:term":[{"taxonomy":"category","embeddable":true,"href":"https:\/\/diariodegarca.com\/index.php?rest_route=%2Fwp%2Fv2%2Fcategories&post=2311"},{"taxonomy":"post_tag","embeddable":true,"href":"https:\/\/diariodegarca.com\/index.php?rest_route=%2Fwp%2Fv2%2Ftags&post=2311"}],"curies":[{"name":"wp","href":"https:\/\/api.w.org\/{rel}","templated":true}]}}