{"id":2313,"date":"2025-04-19T12:07:00","date_gmt":"2025-04-19T12:07:00","guid":{"rendered":"https:\/\/diariodegarca.com\/2025\/04\/19\/marilia-oferece-curso-gratuito-de-cuidador-infantil-na-modalidade-ead\/"},"modified":"2025-04-19T12:07:00","modified_gmt":"2025-04-19T12:07:00","slug":"marilia-oferece-curso-gratuito-de-cuidador-infantil-na-modalidade-ead","status":"publish","type":"post","link":"https:\/\/diariodegarca.com\/?p=2313","title":{"rendered":"Mar\u00edlia oferece curso gratuito de Cuidador Infantil na Modalidade EaD"},"content":{"rendered":"<p><div class=\"separator\" style=\"clear: both;text-align: center\">\n  <a href=\"https:\/\/blogger.googleusercontent.com\/img\/a\/AVvXsEikE8AZQQbFTJhmh9J3SJtIQ0i3d9wTrJ4iq4IGGH2p14LbhTbrXp4emvYvUkqyG0XnVl41oAMHDg0nXtlMUMxosW5LiQD7U9ntBOGcafSXgk8u1ZYz5bsi9u2QvSzljg08_rCTVQm_IguuyHi8WS5nCHX7Mikl58uJMDkj7eSD3WRD_p_7jSbJrKIEry4\" style=\"margin-left: 1em;margin-right: 1em\"><br \/>\n    <img decoding=\"async\" border=\"0\" src=\"https:\/\/blogger.googleusercontent.com\/img\/a\/AVvXsEikE8AZQQbFTJhmh9J3SJtIQ0i3d9wTrJ4iq4IGGH2p14LbhTbrXp4emvYvUkqyG0XnVl41oAMHDg0nXtlMUMxosW5LiQD7U9ntBOGcafSXgk8u1ZYz5bsi9u2QvSzljg08_rCTVQm_IguuyHi8WS5nCHX7Mikl58uJMDkj7eSD3WRD_p_7jSbJrKIEry4\" width=\"400\"><br \/>\n  <\/a>\n<\/div>\n<p><\/p>\n<p>A Prefeitura de Mar\u00edlia, por meio do <strong>CEPROM (Centro Profissionalizante Municipal de Mar\u00edlia)<\/strong>, abrir\u00e1 inscri\u00e7\u00f5es para o curso gratuito de <strong>Cuidador Infantil<\/strong>.\u00a0<\/p>\n<p>As inscri\u00e7\u00f5es podem ser realizadas de <strong>22 de abril a 8 de junho<\/strong>, e o in\u00edcio das aulas ocorre imediatamente ap\u00f3s a confirma\u00e7\u00e3o da matr\u00edcula.<\/p>\n<p>Com dura\u00e7\u00e3o de <strong>40 horas<\/strong>, o curso \u00e9 oferecido na modalidade <strong>EaD (Ensino a Dist\u00e2ncia)<\/strong>, proporcionando flexibilidade para os participantes conciliarem os estudos com outras atividades.\u00a0<\/p>\n<p>Para se inscrever, \u00e9 necess\u00e1rio ter <strong>18 anos ou mais<\/strong> e possuir o <strong>ensino fundamental completo<\/strong>.<\/p>\n<p>Os interessados devem realizar a inscri\u00e7\u00e3o atrav\u00e9s do site <strong><a href=\"http:\/\/ead.marilia.sp.gov.br\">ead.marilia.sp.gov.br<\/a><\/strong>.\u00a0<\/p>\n<p>O CEPROM, localizado na <strong>avenida Nelson Spielmann, 159<\/strong>, em Mar\u00edlia, \u00e9 respons\u00e1vel por promover capacita\u00e7\u00e3o profissional gratuita, fortalecendo as oportunidades de emprego e renda na regi\u00e3o.<\/p>\n<p>Para mais informa\u00e7\u00f5es, os candidatos podem entrar em contato pelos telefone\u00a0<strong>(14) 98195-0319<\/strong>.<\/p>\n","protected":false},"excerpt":{"rendered":"<p>A Prefeitura de Mar\u00edlia, por meio do CEPROM (Centro Profissionalizante Municipal de Mar\u00edlia), abrir\u00e1 inscri\u00e7\u00f5es para o curso gratuito de Cuidador Infantil.\u00a0 As inscri\u00e7\u00f5es podem ser realizadas de 22 de abril a 8 de junho, e o in\u00edcio das aulas ocorre imediatamente ap\u00f3s a confirma\u00e7\u00e3o da matr\u00edcula. Com dura\u00e7\u00e3o de 40 horas, o curso \u00e9 [&hellip;]<\/p>\n","protected":false},"author":260896546,"featured_media":0,"comment_status":"open","ping_status":"open","sticky":false,"template":"","format":"standard","meta":{"_crdt_document":"","_monsterinsights_skip_tracking":false,"_monsterinsights_sitenote_active":false,"_monsterinsights_sitenote_note":"","_monsterinsights_sitenote_category":0,"advanced_seo_description":"","jetpack_seo_html_title":"","jetpack_seo_noindex":false,"_jetpack_newsletter_access":"","_jetpack_dont_email_post_to_subs":false,"_jetpack_newsletter_tier_id":0,"_jetpack_memberships_contains_paywalled_content":false,"_jetpack_memberships_contains_paid_content":false,"footnotes":"","jetpack_publicize_message":"","jetpack_publicize_feature_enabled":true,"jetpack_social_post_already_shared":false,"jetpack_social_options":{"image_generator_settings":{"template":"fullscreen","default_image_id":0,"font":"","enabled":false},"version":2},"_wpas_customize_per_network":false,"jetpack_post_was_ever_published":false},"categories":[38185],"tags":[781171800,222752],"class_list":["post-2313","post","type-post","status-publish","format-standard","hentry","category-brasil","tag-curso","tag-marilia"],"jetpack_publicize_connections":[],"jetpack_featured_media_url":"","jetpack_likes_enabled":true,"jetpack_sharing_enabled":true,"jetpack_shortlink":"https:\/\/wp.me\/pgitne-Bj","jetpack-related-posts":[{"id":4866,"url":"https:\/\/diariodegarca.com\/?p=4866","url_meta":{"origin":2313,"position":0},"title":"Mar\u00edlia abre inscri\u00e7\u00f5es para cursos gratuitos de Cuidador de Idosos e Eletricista Instalador","author":"Di\u00e1rio de Gar\u00e7a","date":"21 de julho de 2025","format":false,"excerpt":"Oportunidades presenciais t\u00eam in\u00edcio em agosto e exigem ensino fundamental completo. O Centro Profissionalizante Municipal de Mar\u00edlia (CEPROM) est\u00e1 com inscri\u00e7\u00f5es abertas para dois cursos gratuitos e presenciais:\u00a0Cuidador de Idosos\u00a0e\u00a0Eletricista Instalador. As vagas s\u00e3o limitadas e as aulas come\u00e7am no dia 11 de agosto. As inscri\u00e7\u00f5es podem ser feitas entre\u2026","rel":"","context":"Em &quot;Curso&quot;","block_context":{"text":"Curso","link":"https:\/\/diariodegarca.com\/?cat=36947"},"img":{"alt_text":"","src":"https:\/\/i0.wp.com\/diariodegarca.com\/wp-content\/uploads\/2025\/07\/conceito-de-aposentadoria-em-casa-com-enfermeira.jpg?fit=1200%2C800&ssl=1&resize=350%2C200","width":350,"height":200,"srcset":"https:\/\/i0.wp.com\/diariodegarca.com\/wp-content\/uploads\/2025\/07\/conceito-de-aposentadoria-em-casa-com-enfermeira.jpg?fit=1200%2C800&ssl=1&resize=350%2C200 1x, https:\/\/i0.wp.com\/diariodegarca.com\/wp-content\/uploads\/2025\/07\/conceito-de-aposentadoria-em-casa-com-enfermeira.jpg?fit=1200%2C800&ssl=1&resize=525%2C300 1.5x, https:\/\/i0.wp.com\/diariodegarca.com\/wp-content\/uploads\/2025\/07\/conceito-de-aposentadoria-em-casa-com-enfermeira.jpg?fit=1200%2C800&ssl=1&resize=700%2C400 2x, https:\/\/i0.wp.com\/diariodegarca.com\/wp-content\/uploads\/2025\/07\/conceito-de-aposentadoria-em-casa-com-enfermeira.jpg?fit=1200%2C800&ssl=1&resize=1050%2C600 3x"},"classes":[]},{"id":2508,"url":"https:\/\/diariodegarca.com\/?p=2508","url_meta":{"origin":2313,"position":1},"title":"Mar\u00edlia oferece cursos presenciais de Inform\u00e1tica B\u00e1sica e Cuidador de Idosos","author":"Di\u00e1rio de Gar\u00e7a","date":"1 de abril de 2025","format":false,"excerpt":"O\u00a0Centro Profissionalizante Municipal de Mar\u00edlia (CEPROM), vinculado \u00e0\u00a0Prefeitura de Mar\u00edlia, abre inscri\u00e7\u00f5es para dois cursos gratuitos e presenciais a partir de hoje, ter\u00e7a-feira,\u00a01\u00ba de abril:\u00a0Inform\u00e1tica B\u00e1sica\u00a0e\u00a0Cuidador de Idosos. As vagas s\u00e3o limitadas, e as inscri\u00e7\u00f5es seguem at\u00e9\u00a011 de abril, diretamente no CEPROM.Os cursos t\u00eam dura\u00e7\u00e3o de\u00a040 horas, ser\u00e3o realizados de\u2026","rel":"","context":"Em &quot;Brasil&quot;","block_context":{"text":"Brasil","link":"https:\/\/diariodegarca.com\/?cat=38185"},"img":{"alt_text":"","src":"https:\/\/i0.wp.com\/blogger.googleusercontent.com\/img\/b\/R29vZ2xl\/AVvXsEie-EBFuaT9Fk_ehavEquKVA8XycOqhYsOCbdWRVMYY_fRaP1FRFjzWLUPg9ETrMDU8JMFgDZKbJgWhh0zf-bn4_D4txySrIAMeqf34lQzplogyzXXcI0Mf-N1ey97CnMlM1UQCmhFy893x6bxs_-e7MzHpBCUUlSOjgFgjDElYevwjgxcd6uGVGIa9i1A\/s320\/closeup-support-hands.jpg?resize=350%2C200&ssl=1","width":350,"height":200},"classes":[]},{"id":7082,"url":"https:\/\/diariodegarca.com\/?p=7082","url_meta":{"origin":2313,"position":2},"title":"Lucian\u00f3polis oferece curso gratuito de cuidador de idosos com certifica\u00e7\u00e3o do Senac","author":"Di\u00e1rio de Gar\u00e7a","date":"24 de setembro de 2025","format":false,"excerpt":"Parceria entre Prefeitura, CRAS e Senac Bauru abre vagas para capacita\u00e7\u00e3o profissional na \u00e1rea da sa\u00fade, com foco no envelhecimento populacional. A qualifica\u00e7\u00e3o profissional na \u00e1rea da sa\u00fade ganha um novo impulso em Lucian\u00f3polis. Est\u00e3o abertas as inscri\u00e7\u00f5es para o curso de Cuidador de Idosos, uma iniciativa realizada por meio\u2026","rel":"","context":"Em &quot;Curso&quot;","block_context":{"text":"Curso","link":"https:\/\/diariodegarca.com\/?cat=36947"},"img":{"alt_text":"","src":"https:\/\/i0.wp.com\/diariodegarca.com\/wp-content\/uploads\/2025\/09\/mediuns-sorridentes-gostosos-dentro-de-casa.jpg?fit=1200%2C798&ssl=1&resize=350%2C200","width":350,"height":200,"srcset":"https:\/\/i0.wp.com\/diariodegarca.com\/wp-content\/uploads\/2025\/09\/mediuns-sorridentes-gostosos-dentro-de-casa.jpg?fit=1200%2C798&ssl=1&resize=350%2C200 1x, https:\/\/i0.wp.com\/diariodegarca.com\/wp-content\/uploads\/2025\/09\/mediuns-sorridentes-gostosos-dentro-de-casa.jpg?fit=1200%2C798&ssl=1&resize=525%2C300 1.5x, https:\/\/i0.wp.com\/diariodegarca.com\/wp-content\/uploads\/2025\/09\/mediuns-sorridentes-gostosos-dentro-de-casa.jpg?fit=1200%2C798&ssl=1&resize=700%2C400 2x, https:\/\/i0.wp.com\/diariodegarca.com\/wp-content\/uploads\/2025\/09\/mediuns-sorridentes-gostosos-dentro-de-casa.jpg?fit=1200%2C798&ssl=1&resize=1050%2C600 3x"},"classes":[]},{"id":4871,"url":"https:\/\/diariodegarca.com\/?p=4871","url_meta":{"origin":2313,"position":3},"title":"Mar\u00edlia abre inscri\u00e7\u00f5es para curso gratuito de Almoxarifado on-line","author":"Di\u00e1rio de Gar\u00e7a","date":"22 de julho de 2025","format":false,"excerpt":"Capacita\u00e7\u00e3o profissional visa preparar alunos para gest\u00e3o de estoques e log\u00edstica; inscri\u00e7\u00f5es come\u00e7am em 4 de agosto. O Centro Profissionalizante Municipal de Mar\u00edlia (CEPROM), vinculado \u00e0 Secretaria de Assist\u00eancia Social e Cidadania, abrir\u00e1 inscri\u00e7\u00f5es para o curso\u00a0Almoxarifado, na modalidade Educa\u00e7\u00e3o a Dist\u00e2ncia (EaD). O objetivo \u00e9 capacitar profissionais para atuar\u2026","rel":"","context":"Em &quot;Curso&quot;","block_context":{"text":"Curso","link":"https:\/\/diariodegarca.com\/?cat=36947"},"img":{"alt_text":"","src":"https:\/\/i0.wp.com\/diariodegarca.com\/wp-content\/uploads\/2025\/07\/homem-tiro-medio-carregando-item-de-madeira.jpg?fit=1200%2C800&ssl=1&resize=350%2C200","width":350,"height":200,"srcset":"https:\/\/i0.wp.com\/diariodegarca.com\/wp-content\/uploads\/2025\/07\/homem-tiro-medio-carregando-item-de-madeira.jpg?fit=1200%2C800&ssl=1&resize=350%2C200 1x, https:\/\/i0.wp.com\/diariodegarca.com\/wp-content\/uploads\/2025\/07\/homem-tiro-medio-carregando-item-de-madeira.jpg?fit=1200%2C800&ssl=1&resize=525%2C300 1.5x, https:\/\/i0.wp.com\/diariodegarca.com\/wp-content\/uploads\/2025\/07\/homem-tiro-medio-carregando-item-de-madeira.jpg?fit=1200%2C800&ssl=1&resize=700%2C400 2x, https:\/\/i0.wp.com\/diariodegarca.com\/wp-content\/uploads\/2025\/07\/homem-tiro-medio-carregando-item-de-madeira.jpg?fit=1200%2C800&ssl=1&resize=1050%2C600 3x"},"classes":[]},{"id":2700,"url":"https:\/\/diariodegarca.com\/?p=2700","url_meta":{"origin":2313,"position":4},"title":"Curso de Organizador de Festas e Eventos ser\u00e1 oferecido pela plataforma da Prefeitura de Mar\u00edlia","author":"Di\u00e1rio de Gar\u00e7a","date":"5 de mar\u00e7o de 2025","format":false,"excerpt":"A Prefeitura de Mar\u00edlia, por meio do CEPROM (Centro Profissionalizante de Mar\u00edlia), abrir\u00e1 no dia 06 de mar\u00e7o de 2025\u00a0as inscri\u00e7\u00f5es para o curso gratuito de \u201cOrganizador de Festas e Eventos\u201d. As inscri\u00e7\u00f5es seguem dispon\u00edveis at\u00e9 o dia 20 de abril.\u00a0O curso, que tem dura\u00e7\u00e3o de 40 horas, ser\u00e1 realizado\u2026","rel":"","context":"Em &quot;Brasil&quot;","block_context":{"text":"Brasil","link":"https:\/\/diariodegarca.com\/?cat=38185"},"img":{"alt_text":"","src":"","width":0,"height":0},"classes":[]},{"id":5819,"url":"https:\/\/diariodegarca.com\/?p=5819","url_meta":{"origin":2313,"position":5},"title":"Mar\u00edlia oferece cinco cursos gratuitos presenciais para popula\u00e7\u00e3o vulner\u00e1vel","author":"Di\u00e1rio de Gar\u00e7a","date":"20 de agosto de 2025","format":false,"excerpt":"Iniciativa busca qualificar jovens e adultos em \u00e1reas como panifica\u00e7\u00e3o, a\u00e7ougue e beleza, promovendo empreendedorismo e gera\u00e7\u00e3o de renda. Inscri\u00e7\u00f5es est\u00e3o abertas. Est\u00e3o abertas as inscri\u00e7\u00f5es para os cursos profissionalizantes gratuitos do programa \"Caminho da Capacita\u00e7\u00e3o \u2013 Transformando vidas com educa\u00e7\u00e3o e oportunidades\". A iniciativa, que utiliza carretas-escola totalmente equipadas,\u2026","rel":"","context":"Em &quot;Curso&quot;","block_context":{"text":"Curso","link":"https:\/\/diariodegarca.com\/?cat=36947"},"img":{"alt_text":"","src":"https:\/\/i0.wp.com\/diariodegarca.com\/wp-content\/uploads\/2025\/08\/close-up-de-esteticista-quadro-um-mulher-unhas-com-um-escova-em-um-salao-unha.jpg?fit=1200%2C801&ssl=1&resize=350%2C200","width":350,"height":200,"srcset":"https:\/\/i0.wp.com\/diariodegarca.com\/wp-content\/uploads\/2025\/08\/close-up-de-esteticista-quadro-um-mulher-unhas-com-um-escova-em-um-salao-unha.jpg?fit=1200%2C801&ssl=1&resize=350%2C200 1x, https:\/\/i0.wp.com\/diariodegarca.com\/wp-content\/uploads\/2025\/08\/close-up-de-esteticista-quadro-um-mulher-unhas-com-um-escova-em-um-salao-unha.jpg?fit=1200%2C801&ssl=1&resize=525%2C300 1.5x, https:\/\/i0.wp.com\/diariodegarca.com\/wp-content\/uploads\/2025\/08\/close-up-de-esteticista-quadro-um-mulher-unhas-com-um-escova-em-um-salao-unha.jpg?fit=1200%2C801&ssl=1&resize=700%2C400 2x, https:\/\/i0.wp.com\/diariodegarca.com\/wp-content\/uploads\/2025\/08\/close-up-de-esteticista-quadro-um-mulher-unhas-com-um-escova-em-um-salao-unha.jpg?fit=1200%2C801&ssl=1&resize=1050%2C600 3x"},"classes":[]}],"_links":{"self":[{"href":"https:\/\/diariodegarca.com\/index.php?rest_route=\/wp\/v2\/posts\/2313","targetHints":{"allow":["GET"]}}],"collection":[{"href":"https:\/\/diariodegarca.com\/index.php?rest_route=\/wp\/v2\/posts"}],"about":[{"href":"https:\/\/diariodegarca.com\/index.php?rest_route=\/wp\/v2\/types\/post"}],"author":[{"embeddable":true,"href":"https:\/\/diariodegarca.com\/index.php?rest_route=\/wp\/v2\/users\/260896546"}],"replies":[{"embeddable":true,"href":"https:\/\/diariodegarca.com\/index.php?rest_route=%2Fwp%2Fv2%2Fcomments&post=2313"}],"version-history":[{"count":0,"href":"https:\/\/diariodegarca.com\/index.php?rest_route=\/wp\/v2\/posts\/2313\/revisions"}],"wp:attachment":[{"href":"https:\/\/diariodegarca.com\/index.php?rest_route=%2Fwp%2Fv2%2Fmedia&parent=2313"}],"wp:term":[{"taxonomy":"category","embeddable":true,"href":"https:\/\/diariodegarca.com\/index.php?rest_route=%2Fwp%2Fv2%2Fcategories&post=2313"},{"taxonomy":"post_tag","embeddable":true,"href":"https:\/\/diariodegarca.com\/index.php?rest_route=%2Fwp%2Fv2%2Ftags&post=2313"}],"curies":[{"name":"wp","href":"https:\/\/api.w.org\/{rel}","templated":true}]}}