{"id":2314,"date":"2025-04-19T11:21:00","date_gmt":"2025-04-19T11:21:00","guid":{"rendered":"https:\/\/diariodegarca.com\/2025\/04\/19\/minicurso-on-line-ensina-como-elaborar-projeto-de-pesquisa-em-humanidades\/"},"modified":"2025-04-19T11:21:00","modified_gmt":"2025-04-19T11:21:00","slug":"minicurso-on-line-ensina-como-elaborar-projeto-de-pesquisa-em-humanidades","status":"publish","type":"post","link":"https:\/\/diariodegarca.com\/?p=2314","title":{"rendered":"Minicurso on-line ensina como elaborar projeto de pesquisa em humanidades"},"content":{"rendered":"<p><div class=\"separator\" style=\"clear: both;text-align: center\">\n  <a href=\"https:\/\/blogger.googleusercontent.com\/img\/a\/AVvXsEg_yzsCSHN4uvg4R8FZ9SeMppXkpo4_W26v2Txdajq0jVCpEiqh9lmz1dPxetY2D6INRNKNNkGuPniVIOLrHiZaNdKI7azTS1PKbAI5q7twPL3MmlVQvKWW9iL8Es4FDRhU4LkvvBwXrUUzPLUfTxcIY3rxw4_sE45hAvpvSCHt_TcYA48T1-40RwcZiyg\" style=\"margin-left: 1em;margin-right: 1em\"><br \/>\n    <img decoding=\"async\" border=\"0\" src=\"https:\/\/blogger.googleusercontent.com\/img\/a\/AVvXsEg_yzsCSHN4uvg4R8FZ9SeMppXkpo4_W26v2Txdajq0jVCpEiqh9lmz1dPxetY2D6INRNKNNkGuPniVIOLrHiZaNdKI7azTS1PKbAI5q7twPL3MmlVQvKWW9iL8Es4FDRhU4LkvvBwXrUUzPLUfTxcIY3rxw4_sE45hAvpvSCHt_TcYA48T1-40RwcZiyg\" width=\"400\"><br \/>\n  <\/a>\n<\/div>\n<p><\/p>\n<p>O <strong>Instituto Federal do Rio de Janeiro &#8211; Campus Pinheiral<\/strong> promove, em maio de 2025, o minicurso <strong>&#8220;Como Elaborar Projeto de Pesquisa&#8221;<\/strong>, voltado para as \u00e1reas de Humanidades.\u00a0<\/p>\n<p>Com tr\u00eas encontros virtuais, nos dias <strong>8, 15 e 29 de maio (quintas-feiras)<\/strong>, \u00e0s <strong>18h30<\/strong>, a iniciativa tem como objetivo guiar participantes na constru\u00e7\u00e3o de projetos cient\u00edficos, desde a defini\u00e7\u00e3o do problema at\u00e9 a an\u00e1lise dos resultados.<\/p>\n<h3><strong>Conte\u00fado Program\u00e1tico<\/strong><\/h3>\n<p>Os participantes aprender\u00e3o sobre:<\/p>\n<ul>\n<li><strong>Etapas do m\u00e9todo cient\u00edfico<\/strong><\/li>\n<li><strong>Defini\u00e7\u00e3o e delimita\u00e7\u00e3o de um problema de pesquisa<\/strong><\/li>\n<li><strong>Justificativa e objetivos<\/strong><\/li>\n<li><strong>Formula\u00e7\u00e3o de hip\u00f3teses<\/strong><\/li>\n<li><strong>Metodologia e t\u00e9cnicas de pesquisa<\/strong><\/li>\n<li><strong>Coleta e an\u00e1lise de dados<\/strong><\/li>\n<\/ul>\n<p>O minicurso, coordenado pelo <strong>Prof. Michelangelo Torres<\/strong>, emitir\u00e1 <strong>certificado de 10 horas<\/strong> aos concluintes.\u00a0<\/p>\n<p>As vagas s\u00e3o limitadas, e as inscri\u00e7\u00f5es devem ser realizadas <strong>at\u00e9 17 de abril<\/strong>, por meio do <strong>formul\u00e1rio dispon\u00edvel no link:<\/strong>\u00a0<a href=\"https:\/\/forms.gle\/eGc9wofvAt2i8cwy7\">https:\/\/forms.gle\/eGc9wofvAt2i8cwy7<\/a>.<\/p>\n<p>Al\u00e9m dos encontros, ser\u00e1 formado um <strong>grupo de discuss\u00e3o<\/strong> para auxiliar os interessados em dar os pr\u00f3ximos passos na vida acad\u00eamica.\u00a0<\/p>\n<p>Uma oportunidade valiosa para estudantes e pesquisadores que desejam estruturar seus projetos com base em m\u00e9todos cient\u00edficos.<\/p>\n","protected":false},"excerpt":{"rendered":"<p>O Instituto Federal do Rio de Janeiro &#8211; Campus Pinheiral promove, em maio de 2025, o minicurso &#8220;Como Elaborar Projeto de Pesquisa&#8221;, voltado para as \u00e1reas de Humanidades.\u00a0 Com tr\u00eas encontros virtuais, nos dias 8, 15 e 29 de maio (quintas-feiras), \u00e0s 18h30, a iniciativa tem como objetivo guiar participantes na constru\u00e7\u00e3o de projetos cient\u00edficos, [&hellip;]<\/p>\n","protected":false},"author":260896546,"featured_media":0,"comment_status":"open","ping_status":"open","sticky":false,"template":"","format":"standard","meta":{"_crdt_document":"","_monsterinsights_skip_tracking":false,"_monsterinsights_sitenote_active":false,"_monsterinsights_sitenote_note":"","_monsterinsights_sitenote_category":0,"advanced_seo_description":"","jetpack_seo_html_title":"","jetpack_seo_noindex":false,"_jetpack_newsletter_access":"","_jetpack_dont_email_post_to_subs":false,"_jetpack_newsletter_tier_id":0,"_jetpack_memberships_contains_paywalled_content":false,"_jetpack_memberships_contains_paid_content":false,"footnotes":"","jetpack_publicize_message":"","jetpack_publicize_feature_enabled":true,"jetpack_social_post_already_shared":false,"jetpack_social_options":{"image_generator_settings":{"template":"fullscreen","default_image_id":0,"font":"","enabled":false},"version":2},"_wpas_customize_per_network":false,"jetpack_post_was_ever_published":false},"categories":[38185],"tags":[781171797],"class_list":["post-2314","post","type-post","status-publish","format-standard","hentry","category-brasil","tag-educacao"],"jetpack_publicize_connections":[],"jetpack_featured_media_url":"","jetpack_likes_enabled":true,"jetpack_sharing_enabled":true,"jetpack_shortlink":"https:\/\/wp.me\/pgitne-Bk","jetpack-related-posts":[{"id":2245,"url":"https:\/\/diariodegarca.com\/?p=2245","url_meta":{"origin":2314,"position":0},"title":"Capacita\u00e7\u00e3o presencial em gest\u00e3o de projetos culturais em Gar\u00e7a","author":"Di\u00e1rio de Gar\u00e7a","date":"29 de abril de 2025","format":false,"excerpt":"Profissionais da cultura, biblioteconomia e \u00e1reas afins t\u00eam a oportunidade de se aprofundar no planejamento e execu\u00e7\u00e3o de projetos culturais em um curso presencial promovido pelo SISEB (Sistema Estadual de Bibliotecas P\u00fablicas de S\u00e3o Paulo).\u00a0Ministrado pela especialista Amanda Alves Prado, a forma\u00e7\u00e3o acontecer\u00e1 no dia\u00a028 de maio, das\u00a09h \u00e0s 16h,\u2026","rel":"","context":"Em &quot;Brasil&quot;","block_context":{"text":"Brasil","link":"https:\/\/diariodegarca.com\/?cat=38185"},"img":{"alt_text":"","src":"https:\/\/i0.wp.com\/blogger.googleusercontent.com\/img\/b\/R29vZ2xl\/AVvXsEiqp6-1JY5W288PbdERLMSr7Sk7BAbc-uR0hpIF4_0SegcFtABdfw-7EMQDa50n6Gkb-cgJJozzrM7Htx_VS9Uw66PFDI1Owl5IV7hZMKDu-vyWLjWnd0yXRNHMi62RCRadaGd859KzfgmFe4ZD3XFV9gG3LWNyUi7aXqeLZJJCwx3Iemq96a6OPlPqU9k\/s320\/agenda-imagem-23974-capac-pres-2025fotoamanda-alves-pradocredito-mario-silva.jpg?resize=350%2C200&ssl=1","width":350,"height":200},"classes":[]},{"id":3605,"url":"https:\/\/diariodegarca.com\/?p=3605","url_meta":{"origin":2314,"position":1},"title":"Oficinas gratuitas para aprimorar produ\u00e7\u00e3o cient\u00edfica","author":"Di\u00e1rio de Gar\u00e7a","date":"30 de maio de 2025","format":false,"excerpt":"Iniciativa do Laborat\u00f3rio de Pol\u00edtica e Gest\u00e3o da Educa\u00e7\u00e3o Especial da IFSP oferece capacita\u00e7\u00e3o em ferramentas e t\u00e9cnicas essenciais para pesquisadores O\u00a0Instituto Federal de Educa\u00e7\u00e3o, Ci\u00eancia e Tecnologia de S\u00e3o Paulo (IFSP), por meio do\u00a0Laborat\u00f3rio de Pol\u00edtica e Gest\u00e3o da Educa\u00e7\u00e3o Especial (LPGEEs), est\u00e1 com inscri\u00e7\u00f5es abertas para as\u00a0Oficinas de\u2026","rel":"","context":"Em &quot;Ci\u00eancia&quot;","block_context":{"text":"Ci\u00eancia","link":"https:\/\/diariodegarca.com\/?cat=3213"},"img":{"alt_text":"","src":"","width":0,"height":0},"classes":[]},{"id":2468,"url":"https:\/\/diariodegarca.com\/?p=2468","url_meta":{"origin":2314,"position":2},"title":"Iberbibliotecas abre inscri\u00e7\u00f5es para o 13\u00ba Concurso de Ajudas 2025 com foco em inova\u00e7\u00e3o e inclus\u00e3o","author":"Di\u00e1rio de Gar\u00e7a","date":"4 de abril de 2025","format":false,"excerpt":"O Programa Ibero-Americano de Bibliotecas P\u00fablicas, Iberbibliotecas, lan\u00e7ou a 13\u00aa edi\u00e7\u00e3o do Concurso de Ajudas 2025, destinado a projetos que fortale\u00e7am bibliotecas p\u00fablicas e comunit\u00e1rias como espa\u00e7os de acesso \u00e0 informa\u00e7\u00e3o, leitura e inclus\u00e3o social. Com um fundo total de\u00a0US$ 190 mil, a iniciativa visa financiar iniciativas inovadoras em tr\u00eas\u2026","rel":"","context":"Em &quot;Brasil&quot;","block_context":{"text":"Brasil","link":"https:\/\/diariodegarca.com\/?cat=38185"},"img":{"alt_text":"","src":"https:\/\/i0.wp.com\/blogger.googleusercontent.com\/img\/b\/R29vZ2xl\/AVvXsEj261dpQmzHE5pUU6VWLcfd8CFKt8HNTcck_5xhwy5NDPDwObV8Q25kCo1ecgOrnuLExTDUwhgDYv_TSYXDJZ09RqqvEb2cA3aCgFU92joymUnUCIjm784YGZvYhazbiP6wTeSW7JBofU-bwbvGhKk5dqR9hWTwd9N6Ed30sAonk3YLRiJU30cbdGZxC1E\/s320\/Convocatoria_Ayudas_2025por.png?resize=350%2C200&ssl=1","width":350,"height":200},"classes":[]},{"id":2143,"url":"https:\/\/diariodegarca.com\/?p=2143","url_meta":{"origin":2314,"position":3},"title":"Mar\u00edlia inicia programa de castra\u00e7\u00e3o em animais de rua com apoio de ONGs","author":"Di\u00e1rio de Gar\u00e7a","date":"10 de maio de 2025","format":false,"excerpt":"A Prefeitura de Mar\u00edlia, por meio de uma parceria com organiza\u00e7\u00f5es n\u00e3o governamentais (ONGs) e protetores independentes, anunciou a realiza\u00e7\u00e3o de 70 procedimentos mensais de castra\u00e7\u00e3o em c\u00e3es e gatos. A iniciativa, que come\u00e7a na segunda-feira, dia 12 de maio, visa controlar a popula\u00e7\u00e3o de animais abandonados e garantir melhor\u2026","rel":"","context":"Em &quot;Brasil&quot;","block_context":{"text":"Brasil","link":"https:\/\/diariodegarca.com\/?cat=38185"},"img":{"alt_text":"","src":"","width":0,"height":0},"classes":[]},{"id":2209,"url":"https:\/\/diariodegarca.com\/?p=2209","url_meta":{"origin":2314,"position":4},"title":"Cargill abre edital para projetos socioambientais e neg\u00f3cios de impacto","author":"Di\u00e1rio de Gar\u00e7a","date":"4 de maio de 2025","format":false,"excerpt":"A Funda\u00e7\u00e3o Cargill lan\u00e7ou a Chamada Semeia 2025, uma iniciativa que visa apoiar projetos socioambientais e neg\u00f3cios de impacto com aportes financeiros de R$ 100 mil a R$ 150 mil. As inscri\u00e7\u00f5es, prorrogadas at\u00e9 5 de maio de 2025, s\u00e3o voltadas para cooperativas, organiza\u00e7\u00f5es da sociedade civil (OSC) e empresas\u2026","rel":"","context":"Em &quot;Brasil&quot;","block_context":{"text":"Brasil","link":"https:\/\/diariodegarca.com\/?cat=38185"},"img":{"alt_text":"","src":"","width":0,"height":0},"classes":[]},{"id":6854,"url":"https:\/\/diariodegarca.com\/?p=6854","url_meta":{"origin":2314,"position":5},"title":"Minist\u00e9rio do Trabalho abre edital para OSCs; entidades de Gar\u00e7a podem participar","author":"Di\u00e1rio de Gar\u00e7a","date":"18 de setembro de 2025","format":false,"excerpt":"Organiza\u00e7\u00f5es da sociedade civil podem inscrever projetos at\u00e9 15 de outubro; cada iniciativa selecionada receber\u00e1 R$ 1,44 milh\u00e3o para capacita\u00e7\u00e3o profissional. Organiza\u00e7\u00f5es garcenses tem grande potencial participativo. O Minist\u00e9rio do Trabalho e Emprego (MTE) publicou na segunda-feira, 15 de setembro, o Edital de Chamamento P\u00fablico n\u00ba 02\/2025, que visa selecionar\u2026","rel":"","context":"Em &quot;Cultura&quot;","block_context":{"text":"Cultura","link":"https:\/\/diariodegarca.com\/?cat=2367"},"img":{"alt_text":"","src":"https:\/\/i0.wp.com\/diariodegarca.com\/wp-content\/uploads\/2025\/09\/homem-negocios-apertar-mao-com-seu-socio-escrivaninha.jpg?fit=1200%2C800&ssl=1&resize=350%2C200","width":350,"height":200,"srcset":"https:\/\/i0.wp.com\/diariodegarca.com\/wp-content\/uploads\/2025\/09\/homem-negocios-apertar-mao-com-seu-socio-escrivaninha.jpg?fit=1200%2C800&ssl=1&resize=350%2C200 1x, https:\/\/i0.wp.com\/diariodegarca.com\/wp-content\/uploads\/2025\/09\/homem-negocios-apertar-mao-com-seu-socio-escrivaninha.jpg?fit=1200%2C800&ssl=1&resize=525%2C300 1.5x, https:\/\/i0.wp.com\/diariodegarca.com\/wp-content\/uploads\/2025\/09\/homem-negocios-apertar-mao-com-seu-socio-escrivaninha.jpg?fit=1200%2C800&ssl=1&resize=700%2C400 2x, https:\/\/i0.wp.com\/diariodegarca.com\/wp-content\/uploads\/2025\/09\/homem-negocios-apertar-mao-com-seu-socio-escrivaninha.jpg?fit=1200%2C800&ssl=1&resize=1050%2C600 3x"},"classes":[]}],"_links":{"self":[{"href":"https:\/\/diariodegarca.com\/index.php?rest_route=\/wp\/v2\/posts\/2314","targetHints":{"allow":["GET"]}}],"collection":[{"href":"https:\/\/diariodegarca.com\/index.php?rest_route=\/wp\/v2\/posts"}],"about":[{"href":"https:\/\/diariodegarca.com\/index.php?rest_route=\/wp\/v2\/types\/post"}],"author":[{"embeddable":true,"href":"https:\/\/diariodegarca.com\/index.php?rest_route=\/wp\/v2\/users\/260896546"}],"replies":[{"embeddable":true,"href":"https:\/\/diariodegarca.com\/index.php?rest_route=%2Fwp%2Fv2%2Fcomments&post=2314"}],"version-history":[{"count":0,"href":"https:\/\/diariodegarca.com\/index.php?rest_route=\/wp\/v2\/posts\/2314\/revisions"}],"wp:attachment":[{"href":"https:\/\/diariodegarca.com\/index.php?rest_route=%2Fwp%2Fv2%2Fmedia&parent=2314"}],"wp:term":[{"taxonomy":"category","embeddable":true,"href":"https:\/\/diariodegarca.com\/index.php?rest_route=%2Fwp%2Fv2%2Fcategories&post=2314"},{"taxonomy":"post_tag","embeddable":true,"href":"https:\/\/diariodegarca.com\/index.php?rest_route=%2Fwp%2Fv2%2Ftags&post=2314"}],"curies":[{"name":"wp","href":"https:\/\/api.w.org\/{rel}","templated":true}]}}