{"id":2322,"date":"2025-04-17T19:05:00","date_gmt":"2025-04-17T19:05:00","guid":{"rendered":"https:\/\/diariodegarca.com\/2025\/04\/17\/procon-sp-promove-palestra-online-sobre-direitos-basicos-do-consumidor\/"},"modified":"2025-04-17T19:05:00","modified_gmt":"2025-04-17T19:05:00","slug":"procon-sp-promove-palestra-online-sobre-direitos-basicos-do-consumidor","status":"publish","type":"post","link":"https:\/\/diariodegarca.com\/?p=2322","title":{"rendered":"Procon-SP promove palestra online sobre Direitos B\u00e1sicos do Consumidor"},"content":{"rendered":"<div class=\"separator\" style=\"clear: both;text-align: center\"><a href=\"https:\/\/i0.wp.com\/blogger.googleusercontent.com\/img\/b\/R29vZ2xl\/AVvXsEhlKN5xJxQMGKNeHkOu9tsj5bdfHjuFF7LSydchZDUpTjS6JlBLJHaoN-ZOc3LPJK38UK8HUQA7q5RK8XMgf-NmaJ8mat3fEoMxsoaWirMMP1yLZVbCIDrtdgS8Dd3QOfc_QZHeqvhhkJBQVelKBGclqW4N4td6tzBXDNPTGcOsc3bWKlGdIpDuvw3jPyE\/s6240\/personal-shopper-office-with-client.jpg?ssl=1\" style=\"margin-left: 1em;margin-right: 1em\"><img data-recalc-dims=\"1\" loading=\"lazy\" decoding=\"async\" border=\"0\" height=\"213\" src=\"https:\/\/i0.wp.com\/blogger.googleusercontent.com\/img\/b\/R29vZ2xl\/AVvXsEhlKN5xJxQMGKNeHkOu9tsj5bdfHjuFF7LSydchZDUpTjS6JlBLJHaoN-ZOc3LPJK38UK8HUQA7q5RK8XMgf-NmaJ8mat3fEoMxsoaWirMMP1yLZVbCIDrtdgS8Dd3QOfc_QZHeqvhhkJBQVelKBGclqW4N4td6tzBXDNPTGcOsc3bWKlGdIpDuvw3jPyE\/s320\/personal-shopper-office-with-client.jpg?resize=320%2C213&#038;ssl=1\" width=\"320\" \/><\/a><\/div>\n<p>Em um mercado cada vez mais din\u00e2mico, conhecer os direitos do consumidor \u00e9 essencial para evitar abusos e garantir rela\u00e7\u00f5es comerciais justas. Pensando nisso, a\u00a0<strong>Funda\u00e7\u00e3o Procon-SP<\/strong>\u00a0realizar\u00e1, no dia\u00a0<strong>24 de abril de 2025<\/strong>, das\u00a0<strong>14h \u00e0s 16h<\/strong>, uma\u00a0<strong>palestra online gratuita<\/strong>\u00a0sobre\u00a0<strong>Direitos B\u00e1sicos do Consumidor<\/strong>. O evento, transmitido pela plataforma\u00a0<strong>Microsoft Teams<\/strong>, tamb\u00e9m ser\u00e1 exibido ao vivo no\u00a0<strong>Facebook e Instagram<\/strong>\u00a0do \u00f3rg\u00e3o, por\u00e9m, apenas os participantes inscritos via formul\u00e1rio ter\u00e3o direito a certificado.<\/p>\n<p>A palestra abordar\u00e1 temas fundamentais do\u00a0<strong>C\u00f3digo de Defesa do Consumidor (CDC)<\/strong>, como:<\/p>\n<ul>\n<li>\n<p style=\"font-size: 16.002px;line-height: 28.575px;margin-bottom: 0px !important;margin-left: 0px;margin-right: 0px;margin-top: 0px\"><strong>Oferta e publicidade enganosa<\/strong><\/p>\n<\/li>\n<li style=\"margin-top: 4px\">\n<p style=\"font-size: 16.002px;line-height: 28.575px;margin-bottom: 0px !important;margin-left: 0px;margin-right: 0px;margin-top: 0px\"><strong>Garantia de produtos e servi\u00e7os<\/strong><\/p>\n<\/li>\n<li style=\"margin-top: 4px\">\n<p style=\"font-size: 16.002px;line-height: 28.575px;margin-bottom: 0px !important;margin-left: 0px;margin-right: 0px;margin-top: 0px\"><strong>Cancelamento de contratos<\/strong><\/p>\n<\/li>\n<li style=\"margin-top: 4px\">\n<p style=\"font-size: 16.002px;line-height: 28.575px;margin-bottom: 0px !important;margin-left: 0px;margin-right: 0px;margin-top: 0px\"><strong>Cobran\u00e7a indevida e pr\u00e1ticas abusivas<\/strong><\/p>\n<\/li>\n<li style=\"margin-top: 4px\">\n<p style=\"font-size: 16.002px;line-height: 28.575px;margin-bottom: 0px !important;margin-left: 0px;margin-right: 0px;margin-top: 0px\"><strong>Servi\u00e7os de atendimento ao consumidor<\/strong><\/p>\n<\/li>\n<\/ul>\n<p>Com exemplos pr\u00e1ticos baseados em reclama\u00e7\u00f5es recebidas pelo Procon-SP, o objetivo \u00e9\u00a0<strong>educar e orientar<\/strong>\u00a0o p\u00fablico, sem, no entanto, resolver casos individuais. &#8220;A informa\u00e7\u00e3o \u00e9 a melhor ferramenta para prevenir conflitos nas rela\u00e7\u00f5es de consumo&#8221;, destaca a equipe organizadora.<\/p>\n<p><strong>Como participar?<\/strong><br \/>As inscri\u00e7\u00f5es s\u00e3o\u00a0<strong>individuais e gratuitas<\/strong>, devendo ser realizadas pelo\u00a0<strong>formul\u00e1rio oficial<\/strong>:<br \/>\ud83d\udd17\u00a0<strong><a href=\"https:\/\/www.procon.sp.gov.br\/palestras\" rel=\"noreferrer\" style=\"border-color: rgba(255, 255, 255, 0);border-radius: 6.858px;border-style: solid;border-width: 2px 3px;color: #3b82f6;margin-left: -3px;margin-right: -3px;position: relative\" target=\"_blank\">https:\/\/www.procon.sp.gov.br\/palestras<\/a><\/strong><\/p>\n<p><strong>Destaques:<\/strong><br \/>\u2714\u00a0<strong>Material complementar<\/strong>\u00a0dispon\u00edvel para download no site do Procon-SP<br \/>\u2714\u00a0<strong>Certificado<\/strong>\u00a0para interessados (emitido em at\u00e9 5 dias \u00fateis)<br \/>\u2714 Acesso via\u00a0<strong>computador, tablet ou celular<\/strong>\u00a0\u2013 sem necessidade de instalar o aplicativo<\/p>\n","protected":false},"excerpt":{"rendered":"<p>Em um mercado cada vez mais din\u00e2mico, conhecer os direitos do consumidor \u00e9 essencial para evitar abusos e garantir rela\u00e7\u00f5es comerciais justas. Pensando nisso, a\u00a0Funda\u00e7\u00e3o Procon-SP\u00a0realizar\u00e1, no dia\u00a024 de abril de 2025, das\u00a014h \u00e0s 16h, uma\u00a0palestra online gratuita\u00a0sobre\u00a0Direitos B\u00e1sicos do Consumidor. O evento, transmitido pela plataforma\u00a0Microsoft Teams, tamb\u00e9m ser\u00e1 exibido ao vivo no\u00a0Facebook e Instagram\u00a0do [&hellip;]<\/p>\n","protected":false},"author":260896546,"featured_media":0,"comment_status":"open","ping_status":"open","sticky":false,"template":"","format":"standard","meta":{"_crdt_document":"","_monsterinsights_skip_tracking":false,"_monsterinsights_sitenote_active":false,"_monsterinsights_sitenote_note":"","_monsterinsights_sitenote_category":0,"advanced_seo_description":"","jetpack_seo_html_title":"","jetpack_seo_noindex":false,"_jetpack_newsletter_access":"","_jetpack_dont_email_post_to_subs":false,"_jetpack_newsletter_tier_id":0,"_jetpack_memberships_contains_paywalled_content":false,"_jetpack_memberships_contains_paid_content":false,"footnotes":"","jetpack_publicize_message":"","jetpack_publicize_feature_enabled":true,"jetpack_social_post_already_shared":false,"jetpack_social_options":{"image_generator_settings":{"template":"fullscreen","default_image_id":0,"font":"","enabled":false},"version":2},"_wpas_customize_per_network":false,"jetpack_post_was_ever_published":false},"categories":[38185],"tags":[781171800,948934],"class_list":["post-2322","post","type-post","status-publish","format-standard","hentry","category-brasil","tag-curso","tag-procon"],"jetpack_publicize_connections":[],"jetpack_featured_media_url":"","jetpack_likes_enabled":true,"jetpack_sharing_enabled":true,"jetpack_shortlink":"https:\/\/wp.me\/pgitne-Bs","jetpack-related-posts":[{"id":9020,"url":"https:\/\/diariodegarca.com\/?p=9020","url_meta":{"origin":2322,"position":0},"title":"Procon-SP oferece palestra online e gratuita sobre Direitos do Consumidor na Era Digital","author":"Andreza Sega","date":"25 de novembro de 2025","format":false,"excerpt":"Evento abordar\u00e1 como a internet e a coleta de dados influenciam as escolhas de consumo e quais s\u00e3o os direitos nas transa\u00e7\u00f5es online. O Procon-SP promover\u00e1, na pr\u00f3xima quinta-feira, 27 de novembro, uma palestra online e gratuita com o tema \"Rela\u00e7\u00f5es e Consumo na Era Digital\". O evento, que ocorrer\u00e1\u2026","rel":"","context":"Em &quot;Curso&quot;","block_context":{"text":"Curso","link":"https:\/\/diariodegarca.com\/?cat=36947"},"img":{"alt_text":"","src":"https:\/\/i0.wp.com\/diariodegarca.com\/wp-content\/uploads\/2025\/11\/menina-loira-sentada-no-carrinho-sorrindo.jpg?fit=1200%2C801&ssl=1&resize=350%2C200","width":350,"height":200,"srcset":"https:\/\/i0.wp.com\/diariodegarca.com\/wp-content\/uploads\/2025\/11\/menina-loira-sentada-no-carrinho-sorrindo.jpg?fit=1200%2C801&ssl=1&resize=350%2C200 1x, https:\/\/i0.wp.com\/diariodegarca.com\/wp-content\/uploads\/2025\/11\/menina-loira-sentada-no-carrinho-sorrindo.jpg?fit=1200%2C801&ssl=1&resize=525%2C300 1.5x, https:\/\/i0.wp.com\/diariodegarca.com\/wp-content\/uploads\/2025\/11\/menina-loira-sentada-no-carrinho-sorrindo.jpg?fit=1200%2C801&ssl=1&resize=700%2C400 2x, https:\/\/i0.wp.com\/diariodegarca.com\/wp-content\/uploads\/2025\/11\/menina-loira-sentada-no-carrinho-sorrindo.jpg?fit=1200%2C801&ssl=1&resize=1050%2C600 3x"},"classes":[]},{"id":5636,"url":"https:\/\/diariodegarca.com\/?p=5636","url_meta":{"origin":2322,"position":1},"title":"Procon-SP oferece palestra online gratuita sobre direitos b\u00e1sicos do consumidor","author":"Di\u00e1rio de Gar\u00e7a","date":"16 de agosto de 2025","format":false,"excerpt":"Evento virtual no dia 20 de agosto abordar\u00e1 temas como garantia, cancelamento de contratos e publicidade enganosa, com base no C\u00f3digo de Defesa do Consumidor. A Funda\u00e7\u00e3o Procon-SP realizar\u00e1, no pr\u00f3ximo dia 20 de agosto, uma\u00a0palestra online e gratuita\u00a0sobre os\u00a0direitos b\u00e1sicos do consumidor. O evento, que acontecer\u00e1 das\u00a014h \u00e0s 16h,\u2026","rel":"","context":"Em &quot;Curso&quot;","block_context":{"text":"Curso","link":"https:\/\/diariodegarca.com\/?cat=36947"},"img":{"alt_text":"","src":"https:\/\/i0.wp.com\/diariodegarca.com\/wp-content\/uploads\/2025\/08\/homem-sorridente-durante-compras-online-em-casa.jpg?fit=1200%2C800&ssl=1&resize=350%2C200","width":350,"height":200,"srcset":"https:\/\/i0.wp.com\/diariodegarca.com\/wp-content\/uploads\/2025\/08\/homem-sorridente-durante-compras-online-em-casa.jpg?fit=1200%2C800&ssl=1&resize=350%2C200 1x, https:\/\/i0.wp.com\/diariodegarca.com\/wp-content\/uploads\/2025\/08\/homem-sorridente-durante-compras-online-em-casa.jpg?fit=1200%2C800&ssl=1&resize=525%2C300 1.5x, https:\/\/i0.wp.com\/diariodegarca.com\/wp-content\/uploads\/2025\/08\/homem-sorridente-durante-compras-online-em-casa.jpg?fit=1200%2C800&ssl=1&resize=700%2C400 2x, https:\/\/i0.wp.com\/diariodegarca.com\/wp-content\/uploads\/2025\/08\/homem-sorridente-durante-compras-online-em-casa.jpg?fit=1200%2C800&ssl=1&resize=1050%2C600 3x"},"classes":[]},{"id":10219,"url":"https:\/\/diariodegarca.com\/?p=10219","url_meta":{"origin":2322,"position":2},"title":"Procon-SP oferece palestra online sobre os riscos e direitos em jogos de aposta","author":"Di\u00e1rio de Gar\u00e7a","date":"24 de janeiro de 2026","format":false,"excerpt":"A palestra online \"Jogos e Apostas\", promovida pela Funda\u00e7\u00e3o Procon-SP em 26 de fevereiro, orientar\u00e1 consumidores sobre riscos do mercado de apostas e direitos previstos no C\u00f3digo de Defesa do Consumidor.","rel":"","context":"Em &quot;Curso&quot;","block_context":{"text":"Curso","link":"https:\/\/diariodegarca.com\/?cat=36947"},"img":{"alt_text":"","src":"https:\/\/i0.wp.com\/diariodegarca.com\/wp-content\/uploads\/2025\/12\/emocoes-reais-durante-partida-de-futebol-na-tv.jpg?fit=1200%2C764&ssl=1&resize=350%2C200","width":350,"height":200,"srcset":"https:\/\/i0.wp.com\/diariodegarca.com\/wp-content\/uploads\/2025\/12\/emocoes-reais-durante-partida-de-futebol-na-tv.jpg?fit=1200%2C764&ssl=1&resize=350%2C200 1x, https:\/\/i0.wp.com\/diariodegarca.com\/wp-content\/uploads\/2025\/12\/emocoes-reais-durante-partida-de-futebol-na-tv.jpg?fit=1200%2C764&ssl=1&resize=525%2C300 1.5x, https:\/\/i0.wp.com\/diariodegarca.com\/wp-content\/uploads\/2025\/12\/emocoes-reais-durante-partida-de-futebol-na-tv.jpg?fit=1200%2C764&ssl=1&resize=700%2C400 2x, https:\/\/i0.wp.com\/diariodegarca.com\/wp-content\/uploads\/2025\/12\/emocoes-reais-durante-partida-de-futebol-na-tv.jpg?fit=1200%2C764&ssl=1&resize=1050%2C600 3x"},"classes":[]},{"id":7429,"url":"https:\/\/diariodegarca.com\/?p=7429","url_meta":{"origin":2322,"position":3},"title":"Procon-SP oferece palestra online e gratuita sobre consumo sustent\u00e1vel e crise clim\u00e1tica","author":"Andreza Sega","date":"3 de outubro de 2025","format":false,"excerpt":"Evento \"Consumo e Meio Ambiente\" esta semana, com inscri\u00e7\u00f5es abertas e emiss\u00e3o de certificado para participantes interessados. Em um mundo cada vez mais atento \u00e0s mudan\u00e7as clim\u00e1ticas, a rela\u00e7\u00e3o entre os h\u00e1bitos de consumo e o impacto ambiental ganha destaque. Para debater essa interface crucial, o Procon-SP promover\u00e1 uma palestra\u2026","rel":"","context":"Em &quot;Curso&quot;","block_context":{"text":"Curso","link":"https:\/\/diariodegarca.com\/?cat=36947"},"img":{"alt_text":"","src":"https:\/\/i0.wp.com\/diariodegarca.com\/wp-content\/uploads\/2025\/10\/mulher-reciclando-sobras-de-vegetais.jpg?fit=1200%2C885&ssl=1&resize=350%2C200","width":350,"height":200,"srcset":"https:\/\/i0.wp.com\/diariodegarca.com\/wp-content\/uploads\/2025\/10\/mulher-reciclando-sobras-de-vegetais.jpg?fit=1200%2C885&ssl=1&resize=350%2C200 1x, https:\/\/i0.wp.com\/diariodegarca.com\/wp-content\/uploads\/2025\/10\/mulher-reciclando-sobras-de-vegetais.jpg?fit=1200%2C885&ssl=1&resize=525%2C300 1.5x, https:\/\/i0.wp.com\/diariodegarca.com\/wp-content\/uploads\/2025\/10\/mulher-reciclando-sobras-de-vegetais.jpg?fit=1200%2C885&ssl=1&resize=700%2C400 2x, https:\/\/i0.wp.com\/diariodegarca.com\/wp-content\/uploads\/2025\/10\/mulher-reciclando-sobras-de-vegetais.jpg?fit=1200%2C885&ssl=1&resize=1050%2C600 3x"},"classes":[]},{"id":3542,"url":"https:\/\/diariodegarca.com\/?p=3542","url_meta":{"origin":2322,"position":4},"title":"Procon-SP oferece palestra gratuita sobre direitos na era virtual","author":"Di\u00e1rio de Gar\u00e7a","date":"29 de maio de 2025","format":false,"excerpt":"Evento online discute os desafios e prote\u00e7\u00f5es do consumidor em transa\u00e7\u00f5es digitais, com inscri\u00e7\u00f5es abertas at\u00e9 30 de junho. A Funda\u00e7\u00e3o Procon-SP, por meio da Escola de Prote\u00e7\u00e3o e Defesa do Consumidor, promove no dia\u00a030 de junho, \u00e0s\u00a014h, a palestra online e gratuita\u00a0\"Rela\u00e7\u00f5es de Consumo na Era Digital\". O evento,\u2026","rel":"","context":"Em &quot;Curso&quot;","block_context":{"text":"Curso","link":"https:\/\/diariodegarca.com\/?cat=36947"},"img":{"alt_text":"","src":"","width":0,"height":0},"classes":[]},{"id":2440,"url":"https:\/\/diariodegarca.com\/?p=2440","url_meta":{"origin":2322,"position":5},"title":"Procon-SP alerta sobre armadilhas financeiras em palestra online gratuita","author":"Di\u00e1rio de Gar\u00e7a","date":"8 de abril de 2025","format":false,"excerpt":"\u00a0O Procon-SP promove, no pr\u00f3ximo dia 10 de abril, uma palestra virtual e gratuita sobre\u00a0\"Orienta\u00e7\u00e3o Financeira: evitando as armadilhas do consumo\". O evento, que ser\u00e1 transmitido ao vivo das 14h \u00e0s 15h30 pelo\u00a0Instagram\u00a0e\u00a0Facebook\u00a0da institui\u00e7\u00e3o e pelo\u00a0Microsoft Teams (link desta op\u00e7\u00e3o \u00e9 enviado para quem se inscreve previamente). A palestra\u00a0tem como\u2026","rel":"","context":"Em &quot;Brasil&quot;","block_context":{"text":"Brasil","link":"https:\/\/diariodegarca.com\/?cat=38185"},"img":{"alt_text":"","src":"https:\/\/i0.wp.com\/blogger.googleusercontent.com\/img\/b\/R29vZ2xl\/AVvXsEixP1ll5ul3pBhiNxCLniqRqM-o4vEiGYUYQA7ycPW0lU_BWtjul7kANuwR5n2qF1GbWJ-V3Aq9Dg9isDViQKEAmW2bnJwbt39ClPmW2g-1imUqEL0NtJFv3MW7hzIy-PC-MwimrPSZjO9oZG1iCQRO6WEe1OcAPGtaRBlx3wzN35oaq0xewEZgYOKii1U\/s320\/businesswoman-feeling-worried-about-financial-debts-analyzing-bills-while-working-office.jpg?resize=350%2C200&ssl=1","width":350,"height":200},"classes":[]}],"_links":{"self":[{"href":"https:\/\/diariodegarca.com\/index.php?rest_route=\/wp\/v2\/posts\/2322","targetHints":{"allow":["GET"]}}],"collection":[{"href":"https:\/\/diariodegarca.com\/index.php?rest_route=\/wp\/v2\/posts"}],"about":[{"href":"https:\/\/diariodegarca.com\/index.php?rest_route=\/wp\/v2\/types\/post"}],"author":[{"embeddable":true,"href":"https:\/\/diariodegarca.com\/index.php?rest_route=\/wp\/v2\/users\/260896546"}],"replies":[{"embeddable":true,"href":"https:\/\/diariodegarca.com\/index.php?rest_route=%2Fwp%2Fv2%2Fcomments&post=2322"}],"version-history":[{"count":0,"href":"https:\/\/diariodegarca.com\/index.php?rest_route=\/wp\/v2\/posts\/2322\/revisions"}],"wp:attachment":[{"href":"https:\/\/diariodegarca.com\/index.php?rest_route=%2Fwp%2Fv2%2Fmedia&parent=2322"}],"wp:term":[{"taxonomy":"category","embeddable":true,"href":"https:\/\/diariodegarca.com\/index.php?rest_route=%2Fwp%2Fv2%2Fcategories&post=2322"},{"taxonomy":"post_tag","embeddable":true,"href":"https:\/\/diariodegarca.com\/index.php?rest_route=%2Fwp%2Fv2%2Ftags&post=2322"}],"curies":[{"name":"wp","href":"https:\/\/api.w.org\/{rel}","templated":true}]}}