{"id":2326,"date":"2025-04-17T18:35:00","date_gmt":"2025-04-17T18:35:00","guid":{"rendered":"https:\/\/diariodegarca.com\/2025\/04\/17\/curso-online-capacita-profissionais-para-atendimento-a-mulheres-com-deficiencia-vitimas-de-violencia\/"},"modified":"2025-04-17T18:35:00","modified_gmt":"2025-04-17T18:35:00","slug":"curso-online-capacita-profissionais-para-atendimento-a-mulheres-com-deficiencia-vitimas-de-violencia","status":"publish","type":"post","link":"https:\/\/diariodegarca.com\/?p=2326","title":{"rendered":"Curso online capacita profissionais para atendimento a mulheres com defici\u00eancia v\u00edtimas de viol\u00eancia"},"content":{"rendered":"<p>\u00a0<\/p>\n<div class=\"separator\" style=\"clear: both;text-align: center\"><a href=\"https:\/\/i0.wp.com\/blogger.googleusercontent.com\/img\/b\/R29vZ2xl\/AVvXsEi0E2mhO4hrreIAXACF7sZLXU00LH_93xgzuKmEuQGM_eQWtZMypfqApG-jmjg9altFR6A1IeSt5UPCotcOqLnY-2ApHx8CmNF4pRG3e1iarS28bERgXy4P2rahSsUEkgvEcTfMnsf_nVPUmRXJOWhJ2mb0tt6WLy2WjVmkrLAGnMC-TajVUSuKle0WZ84\/s6000\/high-angle-woman-holding-disabled-friend-s-hand.jpg?ssl=1\" style=\"margin-left: 1em;margin-right: 1em\"><img data-recalc-dims=\"1\" loading=\"lazy\" decoding=\"async\" border=\"0\" height=\"213\" src=\"https:\/\/i0.wp.com\/blogger.googleusercontent.com\/img\/b\/R29vZ2xl\/AVvXsEi0E2mhO4hrreIAXACF7sZLXU00LH_93xgzuKmEuQGM_eQWtZMypfqApG-jmjg9altFR6A1IeSt5UPCotcOqLnY-2ApHx8CmNF4pRG3e1iarS28bERgXy4P2rahSsUEkgvEcTfMnsf_nVPUmRXJOWhJ2mb0tt6WLy2WjVmkrLAGnMC-TajVUSuKle0WZ84\/s320\/high-angle-woman-holding-disabled-friend-s-hand.jpg?resize=320%2C213&#038;ssl=1\" width=\"320\" \/><\/a><\/div>\n<p><\/p>\n<p>Profissionais que atuam no atendimento a mulheres com defici\u00eancia v\u00edtimas de viol\u00eancia t\u00eam at\u00e9\u00a0<strong>17 de maio<\/strong>\u00a0para se inscreverem em uma capacita\u00e7\u00e3o online promovida pelo\u00a0<strong>TODAS-IN REDE,\u00a0<\/strong>da <strong>Secretaria da Pessoa com Defici\u00eancia do Estado de S\u00e3o Paulo<\/strong>\u00a0em parceria com a\u00a0<strong>Univesp<\/strong>.\u00a0<\/p>\n<p>O curso, intitulado\u00a0<strong>&#8220;O Atendimento \u00e0 Mulher com Defici\u00eancia V\u00edtima de Viol\u00eancia&#8221;<\/strong>, tem como objetivo aprimorar a qualifica\u00e7\u00e3o de promotores, delegados, assistentes sociais e outros agentes que lidam diretamente com esse p\u00fablico.<\/p>\n<p>Com aulas realizadas entre\u00a0<strong>24 de maio e 24 de agosto<\/strong>, a forma\u00e7\u00e3o busca promover um\u00a0<strong>acolhimento mais emp\u00e1tico e eficiente<\/strong>, garantindo que as v\u00edtimas recebam o suporte adequado.\u00a0<\/p>\n<p>Para receber o\u00a0<strong>certificado<\/strong>, os participantes devem cumprir pelo menos\u00a0<strong>75% da carga hor\u00e1ria<\/strong>.<\/p>\n<p>As inscri\u00e7\u00f5es podem ser feitas pelo link:\u00a0<strong style=\"font-size: 16.002px\"><a href=\"https:\/\/apps.univesp.br\/sdpd\/\" rel=\"noreferrer\" style=\"border-color: rgba(255, 255, 255, 0);border-radius: 6.858px;border-style: solid;border-width: 2px 3px;color: #3b82f6;margin-left: -3px;margin-right: -3px;position: relative\" target=\"_blank\">apps.univesp.br\/sdpd\/<\/a><\/strong><\/p>\n","protected":false},"excerpt":{"rendered":"<p>\u00a0 Profissionais que atuam no atendimento a mulheres com defici\u00eancia v\u00edtimas de viol\u00eancia t\u00eam at\u00e9\u00a017 de maio\u00a0para se inscreverem em uma capacita\u00e7\u00e3o online promovida pelo\u00a0TODAS-IN REDE,\u00a0da Secretaria da Pessoa com Defici\u00eancia do Estado de S\u00e3o Paulo\u00a0em parceria com a\u00a0Univesp.\u00a0 O curso, intitulado\u00a0&#8220;O Atendimento \u00e0 Mulher com Defici\u00eancia V\u00edtima de Viol\u00eancia&#8221;, tem como objetivo aprimorar a [&hellip;]<\/p>\n","protected":false},"author":260896546,"featured_media":0,"comment_status":"open","ping_status":"open","sticky":false,"template":"","format":"standard","meta":{"_crdt_document":"","_monsterinsights_skip_tracking":false,"_monsterinsights_sitenote_active":false,"_monsterinsights_sitenote_note":"","_monsterinsights_sitenote_category":0,"advanced_seo_description":"","jetpack_seo_html_title":"","jetpack_seo_noindex":false,"_jetpack_newsletter_access":"","_jetpack_dont_email_post_to_subs":false,"_jetpack_newsletter_tier_id":0,"_jetpack_memberships_contains_paywalled_content":false,"_jetpack_memberships_contains_paid_content":false,"footnotes":"","jetpack_publicize_message":"","jetpack_publicize_feature_enabled":true,"jetpack_social_post_already_shared":false,"jetpack_social_options":{"image_generator_settings":{"template":"fullscreen","default_image_id":0,"font":"","enabled":false},"version":2},"_wpas_customize_per_network":false,"jetpack_post_was_ever_published":false},"categories":[38185],"tags":[781171800,187874,781171798],"class_list":["post-2326","post","type-post","status-publish","format-standard","hentry","category-brasil","tag-curso","tag-direitos-humanos","tag-seguranca"],"jetpack_publicize_connections":[],"jetpack_featured_media_url":"","jetpack_likes_enabled":true,"jetpack_sharing_enabled":true,"jetpack_shortlink":"https:\/\/wp.me\/pgitne-Bw","jetpack-related-posts":[{"id":2955,"url":"https:\/\/diariodegarca.com\/?p=2955","url_meta":{"origin":2326,"position":0},"title":"Em a\u00e7\u00e3o contra a viol\u00eancia, Procon-SP encontra irregularidades em 89% dos restaurantes de fast food","author":"Di\u00e1rio de Gar\u00e7a","date":"26 de janeiro de 2025","format":false,"excerpt":"Entre os dias 13 e 17 de janeiro, o Procon-SP realizou a Opera\u00e7\u00e3o Fast Food, fiscalizando 236 estabelecimentos de comida r\u00e1pida em todo o estado de S\u00e3o Paulo. A a\u00e7\u00e3o revelou que 89% dos locais visitados (210 restaurantes) apresentavam irregularidades, sendo a principal delas o descumprimento do protocolo \u201cN\u00e3o se\u2026","rel":"","context":"Em &quot;Brasil&quot;","block_context":{"text":"Brasil","link":"https:\/\/diariodegarca.com\/?cat=38185"},"img":{"alt_text":"","src":"","width":0,"height":0},"classes":[]},{"id":4366,"url":"https:\/\/diariodegarca.com\/?p=4366","url_meta":{"origin":2326,"position":1},"title":"Univesp disponibiliza mais de 500 mil vagas gratuitas em cursos on-line de capacita\u00e7\u00e3o profissional","author":"Di\u00e1rio de Gar\u00e7a","date":"2 de julho de 2025","format":false,"excerpt":"Programa Oportunidade J\u00e1 oferece forma\u00e7\u00e3o nas \u00e1reas de tecnologia, turismo, voluntariado, soft skills e muito mais; vagas s\u00e3o acess\u00edveis a todos os interessados A Universidade Virtual do Estado de S\u00e3o Paulo (Univesp) deu in\u00edcio \u00e0 segunda edi\u00e7\u00e3o do Programa Oportunidade J\u00e1, iniciativa que oferece mais de 500 mil vagas gratuitas\u2026","rel":"","context":"Em &quot;Curso&quot;","block_context":{"text":"Curso","link":"https:\/\/diariodegarca.com\/?cat=36947"},"img":{"alt_text":"","src":"","width":0,"height":0},"classes":[]},{"id":4044,"url":"https:\/\/diariodegarca.com\/?p=4044","url_meta":{"origin":2326,"position":2},"title":"Curso gratuito de &#8220;Introdu\u00e7\u00e3o \u00e0 Libras&#8221; abre inscri\u00e7\u00f5es para 1,5 mil vagas amanh\u00e3","author":"Di\u00e1rio de Gar\u00e7a","date":"17 de junho de 2025","format":false,"excerpt":"Aulas online, ministradas por professores surdos, s\u00e3o abertas a todo o Brasil; inscri\u00e7\u00f5es costumam se esgotar rapidamente A\u00a0Secretaria de Estado dos Direitos da Pessoa com Defici\u00eancia de S\u00e3o Paulo (SEDPcD), em parceria com a\u00a0Universidade Virtual do Estado de S\u00e3o Paulo (Univesp), abre nesta quarta-feira, dia 18 de junho, as inscri\u00e7\u00f5es\u2026","rel":"","context":"Em &quot;Curso&quot;","block_context":{"text":"Curso","link":"https:\/\/diariodegarca.com\/?cat=36947"},"img":{"alt_text":"","src":"","width":0,"height":0},"classes":[]},{"id":2840,"url":"https:\/\/diariodegarca.com\/?p=2840","url_meta":{"origin":2326,"position":3},"title":"Curso de Lideran\u00e7a e Empoderamento para Mulheres com Defici\u00eancia","author":"Di\u00e1rio de Gar\u00e7a","date":"13 de fevereiro de 2025","format":false,"excerpt":"Inscri\u00e7\u00f5es Abertas \u2013 Turma 2025 A Secretaria de Estado dos Direitos da Pessoa com Defici\u00eancia de S\u00e3o Paulo, por meio do programa TODAS in-Rede, em parceria com a Secretaria de Pol\u00edticas para as Mulheres e com o apoio da AME, abre inscri\u00e7\u00f5es para o Curso de Lideran\u00e7a e Empoderamento Feminino\u2026","rel":"","context":"Em &quot;Brasil&quot;","block_context":{"text":"Brasil","link":"https:\/\/diariodegarca.com\/?cat=38185"},"img":{"alt_text":"","src":"","width":0,"height":0},"classes":[]},{"id":5191,"url":"https:\/\/diariodegarca.com\/?p=5191","url_meta":{"origin":2326,"position":4},"title":"Curso gratuito ensina direitos do consumidor no transporte a\u00e9reo","author":"Di\u00e1rio de Gar\u00e7a","date":"2 de agosto de 2025","format":false,"excerpt":"Forma\u00e7\u00e3o online com certificado da UnB aborda desde regula\u00e7\u00e3o at\u00e9 acessibilidade; inscri\u00e7\u00f5es v\u00e3o at\u00e9 25 de agosto. A\u00a0Ag\u00eancia Nacional de Avia\u00e7\u00e3o Civil (Anac)\u00a0e a\u00a0Secretaria Nacional do Consumidor (Senacon)\u00a0abriram as inscri\u00e7\u00f5es para uma nova turma do curso\u00a0\"Rela\u00e7\u00f5es de Consumo no Transporte A\u00e9reo\". A capacita\u00e7\u00e3o,\u00a0gratuita e online, \u00e9 voltada para passageiros, profissionais\u2026","rel":"","context":"Em &quot;Curso&quot;","block_context":{"text":"Curso","link":"https:\/\/diariodegarca.com\/?cat=36947"},"img":{"alt_text":"","src":"https:\/\/i0.wp.com\/diariodegarca.com\/wp-content\/uploads\/2025\/07\/40c5eec8-0860-43b9-ae38-f8c0de091f2a-e1753990653374.jpeg?fit=586%2C333&ssl=1&resize=350%2C200","width":350,"height":200,"srcset":"https:\/\/i0.wp.com\/diariodegarca.com\/wp-content\/uploads\/2025\/07\/40c5eec8-0860-43b9-ae38-f8c0de091f2a-e1753990653374.jpeg?fit=586%2C333&ssl=1&resize=350%2C200 1x, https:\/\/i0.wp.com\/diariodegarca.com\/wp-content\/uploads\/2025\/07\/40c5eec8-0860-43b9-ae38-f8c0de091f2a-e1753990653374.jpeg?fit=586%2C333&ssl=1&resize=525%2C300 1.5x"},"classes":[]},{"id":2785,"url":"https:\/\/diariodegarca.com\/?p=2785","url_meta":{"origin":2326,"position":5},"title":"Curso gratuito de Acessibilidade Cultural da Universidade Afrolatinas est\u00e1 com inscri\u00e7\u00f5es abertas","author":"Di\u00e1rio de Gar\u00e7a","date":"19 de fevereiro de 2025","format":false,"excerpt":"A Universidade Afrolatinas abriu inscri\u00e7\u00f5es para o curso Jornada de Acessibilidade Cultural, uma forma\u00e7\u00e3o 100% online e gratuita que promove debates sobre inclus\u00e3o, tecnologias assistivas e interseccionalidade.\u00a0Com inscri\u00e7\u00f5es abertas at\u00e9\u00a021 de fevereiro, o curso \u00e9 voltado para agentes culturais, educadores, artistas e todos os interessados em pol\u00edticas de diversidade. O\u2026","rel":"","context":"Em &quot;Brasil&quot;","block_context":{"text":"Brasil","link":"https:\/\/diariodegarca.com\/?cat=38185"},"img":{"alt_text":"","src":"","width":0,"height":0},"classes":[]}],"_links":{"self":[{"href":"https:\/\/diariodegarca.com\/index.php?rest_route=\/wp\/v2\/posts\/2326","targetHints":{"allow":["GET"]}}],"collection":[{"href":"https:\/\/diariodegarca.com\/index.php?rest_route=\/wp\/v2\/posts"}],"about":[{"href":"https:\/\/diariodegarca.com\/index.php?rest_route=\/wp\/v2\/types\/post"}],"author":[{"embeddable":true,"href":"https:\/\/diariodegarca.com\/index.php?rest_route=\/wp\/v2\/users\/260896546"}],"replies":[{"embeddable":true,"href":"https:\/\/diariodegarca.com\/index.php?rest_route=%2Fwp%2Fv2%2Fcomments&post=2326"}],"version-history":[{"count":0,"href":"https:\/\/diariodegarca.com\/index.php?rest_route=\/wp\/v2\/posts\/2326\/revisions"}],"wp:attachment":[{"href":"https:\/\/diariodegarca.com\/index.php?rest_route=%2Fwp%2Fv2%2Fmedia&parent=2326"}],"wp:term":[{"taxonomy":"category","embeddable":true,"href":"https:\/\/diariodegarca.com\/index.php?rest_route=%2Fwp%2Fv2%2Fcategories&post=2326"},{"taxonomy":"post_tag","embeddable":true,"href":"https:\/\/diariodegarca.com\/index.php?rest_route=%2Fwp%2Fv2%2Ftags&post=2326"}],"curies":[{"name":"wp","href":"https:\/\/api.w.org\/{rel}","templated":true}]}}