{"id":2335,"date":"2025-04-17T14:53:00","date_gmt":"2025-04-17T14:53:00","guid":{"rendered":"https:\/\/diariodegarca.com\/2025\/04\/17\/pesquisa-do-ibge-avanca-na-analise-do-saneamento-basico-e-impactos-ambientais\/"},"modified":"2025-04-17T14:53:00","modified_gmt":"2025-04-17T14:53:00","slug":"pesquisa-do-ibge-avanca-na-analise-do-saneamento-basico-e-impactos-ambientais","status":"publish","type":"post","link":"https:\/\/diariodegarca.com\/?p=2335","title":{"rendered":"Pesquisa do IBGE avan\u00e7a na an\u00e1lise do saneamento b\u00e1sico e impactos ambientais"},"content":{"rendered":"<div class=\"separator\" style=\"clear: both;text-align: center\"><a href=\"https:\/\/i0.wp.com\/blogger.googleusercontent.com\/img\/b\/R29vZ2xl\/AVvXsEjgYumUXZaCeSAGZwhh_MjHutSPTZ8T8TnK4jm3j6HXG6m6wk21mylv7QFGUB4hthj46nZ92-YrO2dJfQne4hpfY303D0qOXX3DN74_ORTxK_sN37Ip3UU9aodJFyWzzkKR5JtQ7EvLxnHsgpw3oORZX94lAsusw_5FcuAPBDTfwAvje6hfoOAu_i_RaZI\/s875\/PNSB_HOME_Agencia-Belem.jpg?ssl=1\" style=\"margin-left: 1em;margin-right: 1em\"><img data-recalc-dims=\"1\" loading=\"lazy\" decoding=\"async\" border=\"0\" height=\"177\" src=\"https:\/\/i0.wp.com\/blogger.googleusercontent.com\/img\/b\/R29vZ2xl\/AVvXsEjgYumUXZaCeSAGZwhh_MjHutSPTZ8T8TnK4jm3j6HXG6m6wk21mylv7QFGUB4hthj46nZ92-YrO2dJfQne4hpfY303D0qOXX3DN74_ORTxK_sN37Ip3UU9aodJFyWzzkKR5JtQ7EvLxnHsgpw3oORZX94lAsusw_5FcuAPBDTfwAvje6hfoOAu_i_RaZI\/s320\/PNSB_HOME_Agencia-Belem.jpg?resize=320%2C177&#038;ssl=1\" width=\"320\" \/><\/a><\/div>\n<p>A coleta de dados da\u00a0<strong>Pesquisa Nacional de Saneamento B\u00e1sico (PNSB) 2024<\/strong>, organizada pelo Instituto Brasileiro de Geografia e Estat\u00edstica (IBGE) segue sendo estudada para mapear a situa\u00e7\u00e3o do manejo de res\u00edduos s\u00f3lidos e da drenagem urbana em todos os\u00a0<strong>5.571 munic\u00edpios brasileiros<\/strong>. A pesquisa, que deve se estender at\u00e9 outubro, trar\u00e1 informa\u00e7\u00f5es essenciais para pol\u00edticas p\u00fablicas de sa\u00fade, meio ambiente e infraestrutura, com resultados previstos para\u00a0<strong>2026<\/strong>.<\/p>\n<h3><strong>Saneamento b\u00e1sico e sa\u00fade p\u00fablica: uma rela\u00e7\u00e3o direta<\/strong><\/h3>\n<p>A\u00a0<strong>PNSB<\/strong>\u00a0investiga desde a\u00a0<strong>coleta seletiva<\/strong>\u00a0at\u00e9 a\u00a0<strong>destina\u00e7\u00e3o final de res\u00edduos<\/strong>, incluindo temas como\u00a0<strong>Ecopontos, compostagem e log\u00edstica reversa<\/strong>\u00a0\u2013 estrat\u00e9gias fundamentais para reduzir impactos ambientais. Segundo\u00a0<strong>Fernanda Malta<\/strong>, gerente da pesquisa, o manejo adequado de res\u00edduos e \u00e1guas pluviais \u00e9 imprescind\u00edvel para evitar enchentes, contamina\u00e7\u00e3o de rios e prolifera\u00e7\u00e3o de doen\u00e7as.<\/p>\n<p>\u201cA pesquisa permite avaliar n\u00e3o s\u00f3 a qualidade dos servi\u00e7os, mas tamb\u00e9m seus reflexos na\u00a0<strong>sa\u00fade e no bem-estar da popula\u00e7\u00e3o<\/strong>\u201d, destaca\u00a0<strong>V\u00e2nia Pacheco<\/strong>, especialista do IBGE. Dados atualizados s\u00e3o vitais para enfrentar desafios como\u00a0<strong>enchentes urbanas<\/strong>\u00a0e ac\u00famulo de lixo em \u00e1reas vulner\u00e1veis.<\/p>\n<h3><strong>Inova\u00e7\u00f5es no question\u00e1rio: sustentabilidade e preven\u00e7\u00e3o de desastres<\/strong><\/h3>\n<p>Em compara\u00e7\u00e3o com a \u00faltima edi\u00e7\u00e3o (2008), a\u00a0<strong>PNSB 2024<\/strong>\u00a0incorporou novos temas, como:<\/p>\n<ul>\n<li>\n<p style=\"font-size: 16.002px;line-height: 28.575px;margin-bottom: 0px !important;margin-left: 0px;margin-right: 0px;margin-top: 0px\"><strong>Sistemas de prote\u00e7\u00e3o contra enchentes<\/strong>\u00a0(piscin\u00f5es urbanos, pavimentos perme\u00e1veis);<\/p>\n<\/li>\n<li style=\"margin-top: 4px\">\n<p style=\"font-size: 16.002px;line-height: 28.575px;margin-bottom: 0px !important;margin-left: 0px;margin-right: 0px;margin-top: 0px\"><strong>Tratamento de \u00e1guas pluviais<\/strong>\u00a0em zonas rurais e urbanas;<\/p>\n<\/li>\n<li style=\"margin-top: 4px\">\n<p style=\"font-size: 16.002px;line-height: 28.575px;margin-bottom: 0px !important;margin-left: 0px;margin-right: 0px;margin-top: 0px\"><strong>Educa\u00e7\u00e3o ambiental<\/strong>\u00a0e participa\u00e7\u00e3o de cooperativas de catadores.<\/p>\n<\/li>\n<\/ul>\n<p>A pesquisa tamb\u00e9m reflete a\u00a0<strong>Pol\u00edtica Nacional de Res\u00edduos S\u00f3lidos (2010)<\/strong>, incluindo perguntas sobre\u00a0<strong>reciclagem, reutiliza\u00e7\u00e3o de materiais e tecnologias verdes<\/strong>, como telhados e jardins de chuva.<\/p>\n<h3><strong>Desafios e pr\u00f3ximos passos<\/strong><\/h3>\n<p>O maior obst\u00e1culo, segundo\u00a0<strong>Cristiane Moutinho<\/strong>, coordenadora da pesquisa, \u00e9 identificar\u00a0<strong>informantes qualificados<\/strong>\u00a0em cada munic\u00edpio \u2013 respons\u00e1veis por detalhar a opera\u00e7\u00e3o dos servi\u00e7os. A integra\u00e7\u00e3o com a\u00a0<strong>Pesquisa de Informa\u00e7\u00f5es B\u00e1sicas Municipais (Munic)<\/strong>\u00a0facilita esse processo, mas a complexidade do tema exige precis\u00e3o.<\/p>\n<p>Com a coleta em andamento, o IBGE refor\u00e7a a import\u00e2ncia da participa\u00e7\u00e3o das prefeituras e concession\u00e1rias. Os resultados ajudar\u00e3o a\u00a0<strong>direcionar investimentos<\/strong>\u00a0em saneamento, reduzindo desigualdades regionais e melhorando indicadores de\u00a0<strong>sa\u00fade e sustentabilidade<\/strong>.<\/p>\n<p><b>Fonte:<\/b> IBGE<\/p>\n","protected":false},"excerpt":{"rendered":"<p>A coleta de dados da\u00a0Pesquisa Nacional de Saneamento B\u00e1sico (PNSB) 2024, organizada pelo Instituto Brasileiro de Geografia e Estat\u00edstica (IBGE) segue sendo estudada para mapear a situa\u00e7\u00e3o do manejo de res\u00edduos s\u00f3lidos e da drenagem urbana em todos os\u00a05.571 munic\u00edpios brasileiros. A pesquisa, que deve se estender at\u00e9 outubro, trar\u00e1 informa\u00e7\u00f5es essenciais para pol\u00edticas p\u00fablicas [&hellip;]<\/p>\n","protected":false},"author":260896546,"featured_media":0,"comment_status":"open","ping_status":"open","sticky":false,"template":"","format":"standard","meta":{"_monsterinsights_skip_tracking":false,"advanced_seo_description":"","jetpack_seo_html_title":"","jetpack_seo_noindex":false,"jetpack_seo_schema_type":"","_jetpack_newsletter_access":"","_jetpack_dont_email_post_to_subs":false,"_jetpack_newsletter_tier_id":0,"_jetpack_memberships_contains_paywalled_content":false,"_wpcom_ai_launchpad_first_post":false,"_jetpack_feature_clip_id":0,"_jetpack_memberships_contains_paid_content":false,"footnotes":"","jetpack_publicize_message":"{title}\n\n{excerpt}\n\n{url}","jetpack_publicize_feature_enabled":true,"jetpack_social_post_already_shared":false,"jetpack_social_options":{"image_generator_settings":{"template":"fullscreen","default_image_id":0,"font":"","enabled":false},"version":2},"_wpas_customize_per_network":false,"jetpack_post_was_ever_published":false},"categories":[38185],"tags":[720605,781171796,781171802],"class_list":["post-2335","post","type-post","status-publish","format-standard","hentry","category-brasil","tag-ibge","tag-meio-ambiente","tag-saude"],"jetpack_publicize_connections":[],"jetpack_likes_enabled":true,"jetpack_sharing_enabled":true,"jetpack_shortlink":"https:\/\/wp.me\/pgitne-BF","jetpack-related-posts":[{"id":2413,"url":"https:\/\/diariodegarca.com\/?p=2413","url_meta":{"origin":2335,"position":0},"title":"IBGE realiza pesquisa para mapear setores industriais, comerciais e de servi\u00e7os","author":"Di\u00e1rio de Gar\u00e7a","date":"10 de abril de 2025","format":false,"excerpt":"O Instituto Brasileiro de Geografia e Estat\u00edstica (IBGE) est\u00e1 em campo com as\u00a0Pesquisas Econ\u00f4micas Estruturais Anuais, que incluem a\u00a0Pesquisa Industrial Anual (PIA EMPRESA e PIA PRODUTO), a\u00a0Pesquisa Anual de Com\u00e9rcio (PAC), a\u00a0Pesquisa Anual de Servi\u00e7os (PAS)\u00a0e a\u00a0Pesquisa Anual da Ind\u00fastria da Constru\u00e7\u00e3o (PAIC). Esses levantamentos s\u00e3o fundamentais para fornecer dados\u2026","rel":"","context":"Em &quot;Brasil&quot;","block_context":{"text":"Brasil","link":"https:\/\/diariodegarca.com\/?cat=38185"},"img":{"alt_text":"","src":"https:\/\/i0.wp.com\/blogger.googleusercontent.com\/img\/b\/R29vZ2xl\/AVvXsEgqcEaiHH-5YKOq1ckBuQu8A4TW8pfxatByPd047HOpnbAreoooZrkGaNpGvR1euP9vJQgS1Zrs0-V1aF6_s6eMC4psaE_SH1GC2GjVEn7mWZmFqi4Lwb2-ORnByCXbKpbzr5DIPwTlMVGa6QV2EzHBAi7V9ucjTZfFFc9x7GSGxuCh48aY_IujpuLB-nQ\/s320\/noticiasconcursos.com.br-saiba-o-que-e-ibge-e-o-que-faz-o-orgao-ibge.webp?resize=350%2C200&ssl=1","width":350,"height":200},"classes":[]},{"id":2919,"url":"https:\/\/diariodegarca.com\/?p=2919","url_meta":{"origin":2335,"position":1},"title":"Quanto ganham os representantes do povo em Vera Cruz?","author":"Di\u00e1rio de Gar\u00e7a","date":"31 de janeiro de 2025","format":false,"excerpt":"As remunera\u00e7\u00f5es dos agentes pol\u00edticos variam amplamente entre os munic\u00edpios brasileiros, refletindo fatores como arrecada\u00e7\u00e3o, popula\u00e7\u00e3o e desafios locais. Para entender melhor como esses valores s\u00e3o definidos e aplicados, esta s\u00e9rie de reportagens se baseia em dados extra\u00eddos dos portais da transpar\u00eancia e legisla\u00e7\u00f5es municipais. O munic\u00edpio em destaque nesta\u2026","rel":"","context":"Em &quot;Brasil&quot;","block_context":{"text":"Brasil","link":"https:\/\/diariodegarca.com\/?cat=38185"},"img":{"alt_text":"","src":"https:\/\/i0.wp.com\/blogger.googleusercontent.com\/img\/b\/R29vZ2xl\/AVvXsEjQBtGhZMPJOaFEiWLMd9kcaJC03QYz0RhnkqmMJyJ7IlFFtfOT88SheFYCPiUXpyAm12Tv7mFSyrwac_SRNnNyEzpaTzrfcKPUbLQTDiJv-NQS2Fx8N3mGkeEByHqWtQGkzjFMV1P_g27XL8TAx6KVQlt08ehrXhk288fL3NR17zscEpJ5LBX31qyzi5I\/w400-h250\/hu8t94si.jpg?resize=350%2C200&ssl=1","width":350,"height":200},"classes":[]},{"id":2752,"url":"https:\/\/diariodegarca.com\/?p=2752","url_meta":{"origin":2335,"position":2},"title":"IBGE alerta sobre falsas sele\u00e7\u00f5es e refor\u00e7a canais oficiais para processos seletivos","author":"Di\u00e1rio de Gar\u00e7a","date":"26 de fevereiro de 2025","format":false,"excerpt":"O Instituto Brasileiro de Geografia e Estat\u00edstica (IBGE) emitiu uma nota de esclarecimento nesta quarta-feira, 26 de fevereiro de 2025, alertando a popula\u00e7\u00e3o sobre a circula\u00e7\u00e3o de informa\u00e7\u00f5es falsas relacionadas a processos seletivos para vagas na institui\u00e7\u00e3o.\u00a0De acordo com o comunicado, o IBGE n\u00e3o est\u00e1 com inscri\u00e7\u00f5es abertas para nenhum\u2026","rel":"","context":"Em &quot;Brasil&quot;","block_context":{"text":"Brasil","link":"https:\/\/diariodegarca.com\/?cat=38185"},"img":{"alt_text":"","src":"","width":0,"height":0},"classes":[]},{"id":2890,"url":"https:\/\/diariodegarca.com\/?p=2890","url_meta":{"origin":2335,"position":3},"title":"Quanto ganham os representantes do povo em Mar\u00edlia?","author":"Di\u00e1rio de Gar\u00e7a","date":"5 de fevereiro de 2025","format":false,"excerpt":"As remunera\u00e7\u00f5es dos agentes pol\u00edticos variam significativamente entre os munic\u00edpios brasileiros, refletindo fatores como arrecada\u00e7\u00e3o, popula\u00e7\u00e3o e desafios locais. Para entender melhor como esses valores s\u00e3o definidos e aplicados, esta s\u00e9rie de reportagens se baseia em dados dos portais da transpar\u00eancia e legisla\u00e7\u00f5es municipais. O munic\u00edpio em destaque nesta sexta\u2026","rel":"","context":"Em &quot;Brasil&quot;","block_context":{"text":"Brasil","link":"https:\/\/diariodegarca.com\/?cat=38185"},"img":{"alt_text":"","src":"https:\/\/i0.wp.com\/blogger.googleusercontent.com\/img\/b\/R29vZ2xl\/AVvXsEgXFVOZiSp61LZTR6S0hSaEZpEBDZH_tFxS04iK2T1_MelDmH8lOxjCvQATK0Qz5jlrWODvwfyhzAX6bYFoprsjLpOPyQKq5usqDkDRd4W3DosMnbX-cXj7l7kfbJZc1-N20gjtSYBZbq9lz2EEguOVHPW4Cr64h9H9RJXK4FF66d1BrtjeLNJ8P1xVQO8\/w400-h225\/Marilia.jpg?resize=350%2C200&ssl=1","width":350,"height":200},"classes":[]},{"id":2849,"url":"https:\/\/diariodegarca.com\/?p=2849","url_meta":{"origin":2335,"position":4},"title":"Quanto ganham os representantes do povo em \u00c1lvaro de Carvalho?","author":"Di\u00e1rio de Gar\u00e7a","date":"12 de fevereiro de 2025","format":false,"excerpt":"As remunera\u00e7\u00f5es dos agentes pol\u00edticos variam significativamente entre os munic\u00edpios brasileiros, refletindo fatores como arrecada\u00e7\u00e3o, popula\u00e7\u00e3o e desafios locais. Para entender melhor como esses valores s\u00e3o definidos e aplicados, esta s\u00e9rie de reportagens se baseia em dados dos portais da transpar\u00eancia e legisla\u00e7\u00f5es municipais.O munic\u00edpio em destaque desta publica\u00e7\u00e3o \u00e9\u2026","rel":"","context":"Em &quot;Brasil&quot;","block_context":{"text":"Brasil","link":"https:\/\/diariodegarca.com\/?cat=38185"},"img":{"alt_text":"","src":"","width":0,"height":0},"classes":[]},{"id":2158,"url":"https:\/\/diariodegarca.com\/?p=2158","url_meta":{"origin":2335,"position":5},"title":"Dados do IBGE apontam que rendimento per capita atinge recorde e desigualdade cai ao menor n\u00edvel desde 2012","author":"Di\u00e1rio de Gar\u00e7a","date":"9 de maio de 2025","format":false,"excerpt":"Em 2024, a massa de rendimento mensal domiciliar\u00a0per capita, que \u00e9 a soma de todos os rendimentos da popula\u00e7\u00e3o, atingiu o maior valor desde 2012: R$ 438,3 bilh\u00f5es. Foi um aumento foi de 5,4% frente ao ano anterior. Na compara\u00e7\u00e3o com 2019, o ano anterior \u00e0 pandemia de Covid-19, houve\u2026","rel":"","context":"Em &quot;Brasil&quot;","block_context":{"text":"Brasil","link":"https:\/\/diariodegarca.com\/?cat=38185"},"img":{"alt_text":"","src":"https:\/\/i0.wp.com\/blogger.googleusercontent.com\/img\/b\/R29vZ2xl\/AVvXsEh3fEctlYp8yRSraWp4BdPNbMStFulfuK6U5f6aECDK37wlnjoLYzALYbxD6-2vaQxZiktHiNlW8jayE_Qh0ytjwq-N_InqE5h2zU9hLXIaFXe6yVFIWEQWvrKPfwCVhfG6A7jlhCMKd7IIIYqTEjdhWnIyuaifzYTImJYkK6HsEdtRdDRnSYbe_BZDFxg\/w400-h221\/PNAD-Rendimentos_HOME_HelenaPontes.jpg?resize=350%2C200&ssl=1","width":350,"height":200},"classes":[]}],"jetpack_featured_media_url":"","_links":{"self":[{"href":"https:\/\/diariodegarca.com\/index.php?rest_route=\/wp\/v2\/posts\/2335","targetHints":{"allow":["GET"]}}],"collection":[{"href":"https:\/\/diariodegarca.com\/index.php?rest_route=\/wp\/v2\/posts"}],"about":[{"href":"https:\/\/diariodegarca.com\/index.php?rest_route=\/wp\/v2\/types\/post"}],"author":[{"embeddable":true,"href":"https:\/\/diariodegarca.com\/index.php?rest_route=\/wp\/v2\/users\/260896546"}],"replies":[{"embeddable":true,"href":"https:\/\/diariodegarca.com\/index.php?rest_route=%2Fwp%2Fv2%2Fcomments&post=2335"}],"version-history":[{"count":0,"href":"https:\/\/diariodegarca.com\/index.php?rest_route=\/wp\/v2\/posts\/2335\/revisions"}],"wp:attachment":[{"href":"https:\/\/diariodegarca.com\/index.php?rest_route=%2Fwp%2Fv2%2Fmedia&parent=2335"}],"wp:term":[{"taxonomy":"category","embeddable":true,"href":"https:\/\/diariodegarca.com\/index.php?rest_route=%2Fwp%2Fv2%2Fcategories&post=2335"},{"taxonomy":"post_tag","embeddable":true,"href":"https:\/\/diariodegarca.com\/index.php?rest_route=%2Fwp%2Fv2%2Ftags&post=2335"}],"curies":[{"name":"wp","href":"https:\/\/api.w.org\/{rel}","templated":true}]}}