{"id":2395,"date":"2025-04-11T14:43:00","date_gmt":"2025-04-11T14:43:00","guid":{"rendered":"https:\/\/diariodegarca.com\/2025\/04\/11\/pm-prendem-homem-por-trafico-apos-denuncia-anonima-em-tupa\/"},"modified":"2025-04-11T14:43:00","modified_gmt":"2025-04-11T14:43:00","slug":"pm-prendem-homem-por-trafico-apos-denuncia-anonima-em-tupa","status":"publish","type":"post","link":"https:\/\/diariodegarca.com\/?p=2395","title":{"rendered":"PM prendem homem por tr\u00e1fico ap\u00f3s den\u00fancia an\u00f4nima em Tup\u00e3"},"content":{"rendered":"<\/p>\n<div class=\"separator\" style=\"clear: both;text-align: center\"><a href=\"https:\/\/i0.wp.com\/blogger.googleusercontent.com\/img\/b\/R29vZ2xl\/AVvXsEhMhQdmD_PhZ0H1qqpaiLSRh2xSnWXt3xtwECFijPIBTYjhnomN_J6_79dDmeo7epoEYWtb6vNPd6p71b8kBvMFMw-PYsBSvGg_K_rrTJ57ae2dTdMTxb7b5eJdwSCf29ijtKr4AcNuN_oVdxbcyas3dKMXOZmkFMP37d8zIa49oWmrnUxvf_WtXhdrWlM\/s1080\/Nessa%20quinta-feira%20%2810%29%2C%20nossas%20equipes%20de%20Radiopatrulhamento%20tamb%C3%A9m%20realizaram%20flagrante%20de%20tr%C3%A1fico%20de%20drogas%20e%20prenderam%20um%20homem%20em%20Tup%C3%A3.A%20abordagem%20aconteceu%20por%20volta%20das%2021h%2C%20quando%20os%20policiais%20re.webp?ssl=1\" style=\"margin-left: 1em;margin-right: 1em\"><img data-recalc-dims=\"1\" loading=\"lazy\" decoding=\"async\" border=\"0\" height=\"320\" src=\"https:\/\/i0.wp.com\/blogger.googleusercontent.com\/img\/b\/R29vZ2xl\/AVvXsEhMhQdmD_PhZ0H1qqpaiLSRh2xSnWXt3xtwECFijPIBTYjhnomN_J6_79dDmeo7epoEYWtb6vNPd6p71b8kBvMFMw-PYsBSvGg_K_rrTJ57ae2dTdMTxb7b5eJdwSCf29ijtKr4AcNuN_oVdxbcyas3dKMXOZmkFMP37d8zIa49oWmrnUxvf_WtXhdrWlM\/s320\/Nessa%20quinta-feira%20%2810%29%2C%20nossas%20equipes%20de%20Radiopatrulhamento%20tamb%C3%A9m%20realizaram%20flagrante%20de%20tr%C3%A1fico%20de%20drogas%20e%20prenderam%20um%20homem%20em%20Tup%C3%A3.A%20abordagem%20aconteceu%20por%20volta%20das%2021h%2C%20quando%20os%20policiais%20re.webp?resize=320%2C320&#038;ssl=1\" width=\"320\" \/><\/a><\/div>\n<\/p>\n<p>Na quinta-feira, dia 10 de abril, uma a\u00e7\u00e3o policial no bairro Bela Vista, em Tup\u00e3, resultou na pris\u00e3o em flagrante de um homem por tr\u00e1fico de drogas. O sucesso da opera\u00e7\u00e3o, no entanto, teve um fator decisivo: a den\u00fancia da popula\u00e7\u00e3o.<\/p>\n<p>De acordo com o 9\u00ba Batalh\u00e3o de Pol\u00edcia Militar do Interior, os policiais receberam informa\u00e7\u00f5es an\u00f4nimas de que um indiv\u00edduo estaria comercializando entorpecentes pr\u00f3ximo \u00e0 sua resid\u00eancia. Com base nessa colabora\u00e7\u00e3o, as equipes de radiopatrulha se deslocaram at\u00e9 o local e flagraram o suspeito escondendo drogas em seu quintal.<\/p>\n<p>Na apreens\u00e3o, foram encontrados 24 pinos de crack, 14 pinos de coca\u00edna e R$ 52 em notas fracionadas, possivelmente provenientes das vendas il\u00edcitas. O homem foi encaminhado \u00e0 Delegacia de Pol\u00edcia Civil, onde a pris\u00e3o em flagrante foi confirmada, aguardando audi\u00eancia de cust\u00f3dia.<\/p>\n<p><span style=\"font-size: 16.002px\">O caso refor\u00e7a a import\u00e2ncia de canais como o Disque-Den\u00fancia e o 190, que permitem que a popula\u00e7\u00e3o contribua de forma an\u00f4nima e segura para a seguran\u00e7a p\u00fablica.<\/span><\/p>\n","protected":false},"excerpt":{"rendered":"<p>Na quinta-feira, dia 10 de abril, uma a\u00e7\u00e3o policial no bairro Bela Vista, em Tup\u00e3, resultou na pris\u00e3o em flagrante de um homem por tr\u00e1fico de drogas. O sucesso da opera\u00e7\u00e3o, no entanto, teve um fator decisivo: a den\u00fancia da popula\u00e7\u00e3o. De acordo com o 9\u00ba Batalh\u00e3o de Pol\u00edcia Militar do Interior, os policiais receberam [&hellip;]<\/p>\n","protected":false},"author":260896546,"featured_media":0,"comment_status":"open","ping_status":"open","sticky":false,"template":"","format":"standard","meta":{"_monsterinsights_skip_tracking":false,"advanced_seo_description":"","jetpack_seo_html_title":"","jetpack_seo_noindex":false,"jetpack_seo_schema_type":"","_jetpack_newsletter_access":"","_jetpack_dont_email_post_to_subs":false,"_jetpack_newsletter_tier_id":0,"_jetpack_memberships_contains_paywalled_content":false,"_wpcom_ai_launchpad_first_post":false,"_jetpack_feature_clip_id":0,"_jetpack_memberships_contains_paid_content":false,"footnotes":"","jetpack_publicize_message":"{title}\n\n{excerpt}\n\n{url}","jetpack_publicize_feature_enabled":true,"jetpack_social_post_already_shared":false,"jetpack_social_options":{"image_generator_settings":{"template":"fullscreen","default_image_id":0,"font":"","enabled":false},"version":2},"_wpas_customize_per_network":false,"jetpack_post_was_ever_published":false},"categories":[38185],"tags":[1036487,2099801],"class_list":["post-2395","post","type-post","status-publish","format-standard","hentry","category-brasil","tag-seguranca-publica","tag-tupa"],"jetpack_publicize_connections":[],"jetpack_featured_media_url":"","jetpack_likes_enabled":true,"jetpack_sharing_enabled":true,"jetpack_shortlink":"https:\/\/wp.me\/pgitne-CD","jetpack-related-posts":[{"id":6987,"url":"https:\/\/diariodegarca.com\/?p=6987","url_meta":{"origin":2395,"position":0},"title":"A\u00e7\u00f5es da PM resultam em quatro pris\u00f5es em cidades da regi\u00e3o em tr\u00eas dias","author":"Di\u00e1rio de Gar\u00e7a","date":"21 de setembro de 2025","format":false,"excerpt":"Opera\u00e7\u00f5es de rotina e atendimento a den\u00fancias levaram \u00e0 captura de procurados por crimes como furto, estelionato e tr\u00e1fico de drogas; todos foram encaminhados \u00e0 pol\u00edcia judici\u00e1ria. Em uma s\u00e9rie de opera\u00e7\u00f5es realizadas entre quinta-feira, 18, e s\u00e1bado, 20 de setembro, policiais militares do 9\u00ba Batalh\u00e3o cumpriram mandados de pris\u00e3o\u2026","rel":"","context":"Em &quot;Iacri&quot;","block_context":{"text":"Iacri","link":"https:\/\/diariodegarca.com\/?cat=71537226"},"img":{"alt_text":"","src":"https:\/\/i0.wp.com\/diariodegarca.com\/wp-content\/uploads\/2025\/09\/SnapInsta.to_551970903_18316317214246526_1097097420418584703_n.webp?fit=1200%2C1200&ssl=1&resize=350%2C200","width":350,"height":200,"srcset":"https:\/\/i0.wp.com\/diariodegarca.com\/wp-content\/uploads\/2025\/09\/SnapInsta.to_551970903_18316317214246526_1097097420418584703_n.webp?fit=1200%2C1200&ssl=1&resize=350%2C200 1x, https:\/\/i0.wp.com\/diariodegarca.com\/wp-content\/uploads\/2025\/09\/SnapInsta.to_551970903_18316317214246526_1097097420418584703_n.webp?fit=1200%2C1200&ssl=1&resize=525%2C300 1.5x, https:\/\/i0.wp.com\/diariodegarca.com\/wp-content\/uploads\/2025\/09\/SnapInsta.to_551970903_18316317214246526_1097097420418584703_n.webp?fit=1200%2C1200&ssl=1&resize=700%2C400 2x, https:\/\/i0.wp.com\/diariodegarca.com\/wp-content\/uploads\/2025\/09\/SnapInsta.to_551970903_18316317214246526_1097097420418584703_n.webp?fit=1200%2C1200&ssl=1&resize=1050%2C600 3x"},"classes":[]},{"id":5034,"url":"https:\/\/diariodegarca.com\/?p=5034","url_meta":{"origin":2395,"position":1},"title":"PM prende suspeitos de sequestro, tr\u00e1fico e cumpre mandados em Mar\u00edlia, Tup\u00e3 e Pomp\u00e9ia","author":"Di\u00e1rio de Gar\u00e7a","date":"25 de julho de 2025","format":false,"excerpt":"Opera\u00e7\u00f5es do 9\u00ba BPM\/I resultaram em pris\u00f5es, apreens\u00e3o de armas e drogas em diferentes cidades da regi\u00e3o. A seguran\u00e7a p\u00fablica na regi\u00e3o de Mar\u00edlia esteve movimentada nesta semana, com a\u00e7\u00f5es policiais que resultaram na pris\u00e3o de criminosos envolvidos em crimes graves, como sequestro, tr\u00e1fico de drogas e posse ilegal de\u2026","rel":"","context":"Em &quot;Mar\u00edlia&quot;","block_context":{"text":"Mar\u00edlia","link":"https:\/\/diariodegarca.com\/?cat=683453294"},"img":{"alt_text":"","src":"https:\/\/i0.wp.com\/diariodegarca.com\/wp-content\/uploads\/2025\/07\/whatsapp-image-2025-07-25-at-15.40.53.jpeg?fit=1200%2C987&ssl=1&resize=350%2C200","width":350,"height":200,"srcset":"https:\/\/i0.wp.com\/diariodegarca.com\/wp-content\/uploads\/2025\/07\/whatsapp-image-2025-07-25-at-15.40.53.jpeg?fit=1200%2C987&ssl=1&resize=350%2C200 1x, https:\/\/i0.wp.com\/diariodegarca.com\/wp-content\/uploads\/2025\/07\/whatsapp-image-2025-07-25-at-15.40.53.jpeg?fit=1200%2C987&ssl=1&resize=525%2C300 1.5x, https:\/\/i0.wp.com\/diariodegarca.com\/wp-content\/uploads\/2025\/07\/whatsapp-image-2025-07-25-at-15.40.53.jpeg?fit=1200%2C987&ssl=1&resize=700%2C400 2x, https:\/\/i0.wp.com\/diariodegarca.com\/wp-content\/uploads\/2025\/07\/whatsapp-image-2025-07-25-at-15.40.53.jpeg?fit=1200%2C987&ssl=1&resize=1050%2C600 3x"},"classes":[]},{"id":4159,"url":"https:\/\/diariodegarca.com\/?p=4159","url_meta":{"origin":2395,"position":2},"title":"A\u00e7\u00f5es policiais prendem suspeitos por roubo, furto e tr\u00e1fico em cidades da regi\u00e3o","author":"Di\u00e1rio de Gar\u00e7a","date":"23 de junho de 2025","format":false,"excerpt":"Em opera\u00e7\u00f5es realizadas no fim de semana, policiais militares do 9\u00ba Batalh\u00e3o do Interior prenderam criminosos em flagrante em Mar\u00edlia, Pomp\u00e9ia e Tup\u00e3; drogas, ve\u00edculo furtado e objetos roubados foram apreendidos. No \u00faltimo fim de semana, o\u00a09\u00ba Batalh\u00e3o de Pol\u00edcia Militar do Interior\u00a0registrou ocorr\u00eancias em diferentes cidades da regi\u00e3o, resultando\u2026","rel":"","context":"Em &quot;Mar\u00edlia&quot;","block_context":{"text":"Mar\u00edlia","link":"https:\/\/diariodegarca.com\/?cat=683453294"},"img":{"alt_text":"","src":"https:\/\/i0.wp.com\/diariodegarca.com\/wp-content\/uploads\/2025\/06\/503566608_18306010942246526_8008225824564545424_n-e1764161649475.webp?fit=1080%2C733&ssl=1&resize=350%2C200","width":350,"height":200,"srcset":"https:\/\/i0.wp.com\/diariodegarca.com\/wp-content\/uploads\/2025\/06\/503566608_18306010942246526_8008225824564545424_n-e1764161649475.webp?fit=1080%2C733&ssl=1&resize=350%2C200 1x, https:\/\/i0.wp.com\/diariodegarca.com\/wp-content\/uploads\/2025\/06\/503566608_18306010942246526_8008225824564545424_n-e1764161649475.webp?fit=1080%2C733&ssl=1&resize=525%2C300 1.5x, https:\/\/i0.wp.com\/diariodegarca.com\/wp-content\/uploads\/2025\/06\/503566608_18306010942246526_8008225824564545424_n-e1764161649475.webp?fit=1080%2C733&ssl=1&resize=700%2C400 2x, https:\/\/i0.wp.com\/diariodegarca.com\/wp-content\/uploads\/2025\/06\/503566608_18306010942246526_8008225824564545424_n-e1764161649475.webp?fit=1080%2C733&ssl=1&resize=1050%2C600 3x"},"classes":[]},{"id":2411,"url":"https:\/\/diariodegarca.com\/?p=2411","url_meta":{"origin":2395,"position":3},"title":"Den\u00fancia an\u00f4nima leva \u00e0 pris\u00e3o de homem por tr\u00e1fico de drogas em Tup\u00e3","author":"Di\u00e1rio de Gar\u00e7a","date":"10 de abril de 2025","format":false,"excerpt":"\u00a0Na quarta-feira, dia 9 de abril, um homem foi preso em flagrante por tr\u00e1fico de drogas no bairro Aeroporto, em Tup\u00e3, gra\u00e7as a uma\u00a0den\u00fancia pr\u00e9via\u00a0que guiou a a\u00e7\u00e3o policial. O trabalho conjunto da For\u00e7a T\u00e1tica e do Radiopatrulhamento do\u00a09\u00ba Batalh\u00e3o de Pol\u00edcia Militar do Interior\u00a0resultou na apreens\u00e3o de drogas e\u2026","rel":"","context":"Em &quot;Brasil&quot;","block_context":{"text":"Brasil","link":"https:\/\/diariodegarca.com\/?cat=38185"},"img":{"alt_text":"","src":"https:\/\/i0.wp.com\/blogger.googleusercontent.com\/img\/b\/R29vZ2xl\/AVvXsEiQEz1gdJEC5WWbb4hWVbtP5eVlQWJbC2kcvUbGP6A-SUwx2l1AKmWXORrJIbbV6Kg3eNqEAZ2gDBzR9QXDku7ghNX940M8n9qFzFiEnyUvq8UjMFHnvzdJ4EL4B_SCk2IXoQIe_vRmuPZEIugSX98JVUdgNiUtkQIhGbBm0hIHP6lpGM1nDzdcLTC92bo\/s320\/WhatsApp%20Image%202025-04-10%20at%2016.28.42.jpeg?resize=350%2C200&ssl=1","width":350,"height":200},"classes":[]},{"id":4517,"url":"https:\/\/diariodegarca.com\/?p=4517","url_meta":{"origin":2395,"position":4},"title":"A\u00e7\u00e3o da PM combate tr\u00e1fico de drogas em Gar\u00e7a, Pomp\u00e9ia e Tup\u00e3","author":"Di\u00e1rio de Gar\u00e7a","date":"6 de julho de 2025","format":false,"excerpt":"Opera\u00e7\u00f5es resultam em pris\u00f5es e apreens\u00f5es em\u00a0cidades da regi\u00e3o. A Pol\u00edcia Militar do Estado de S\u00e3o Paulo segue atuando no combate ao tr\u00e1fico de drogas e na repress\u00e3o qualificada ao crime em diferentes regi\u00f5es do interior, o 9\u00ba Batalh\u00e3o de Pol\u00edcia Militar do Interior registrou ocorr\u00eancias significativas nos \u00faltimos dias,\u2026","rel":"","context":"Em &quot;Gar\u00e7a&quot;","block_context":{"text":"Gar\u00e7a","link":"https:\/\/diariodegarca.com\/?cat=781171664"},"img":{"alt_text":"","src":"","width":0,"height":0},"classes":[]},{"id":2138,"url":"https:\/\/diariodegarca.com\/?p=2138","url_meta":{"origin":2395,"position":5},"title":"Pol\u00edcia Militar de Tup\u00e3 prende dois suspeitos por tr\u00e1fico de drogas em a\u00e7\u00f5es consecutivas","author":"Di\u00e1rio de Gar\u00e7a","date":"10 de maio de 2025","format":false,"excerpt":"Na noite de sexta-feira, 9 de maio, equipes da For\u00e7a T\u00e1tica do 9\u00ba Batalh\u00e3o de Pol\u00edcia Militar do Interior (PM-SP) efetuaram a pris\u00e3o de dois homens acusados de tr\u00e1fico de entorpecentes e associa\u00e7\u00e3o ao tr\u00e1fico no munic\u00edpio de Tup\u00e3. As ocorr\u00eancias, realizadas em menos de uma hora, refor\u00e7aram o combate\u2026","rel":"","context":"Em &quot;Brasil&quot;","block_context":{"text":"Brasil","link":"https:\/\/diariodegarca.com\/?cat=38185"},"img":{"alt_text":"","src":"","width":0,"height":0},"classes":[]}],"_links":{"self":[{"href":"https:\/\/diariodegarca.com\/index.php?rest_route=\/wp\/v2\/posts\/2395","targetHints":{"allow":["GET"]}}],"collection":[{"href":"https:\/\/diariodegarca.com\/index.php?rest_route=\/wp\/v2\/posts"}],"about":[{"href":"https:\/\/diariodegarca.com\/index.php?rest_route=\/wp\/v2\/types\/post"}],"author":[{"embeddable":true,"href":"https:\/\/diariodegarca.com\/index.php?rest_route=\/wp\/v2\/users\/260896546"}],"replies":[{"embeddable":true,"href":"https:\/\/diariodegarca.com\/index.php?rest_route=%2Fwp%2Fv2%2Fcomments&post=2395"}],"version-history":[{"count":0,"href":"https:\/\/diariodegarca.com\/index.php?rest_route=\/wp\/v2\/posts\/2395\/revisions"}],"wp:attachment":[{"href":"https:\/\/diariodegarca.com\/index.php?rest_route=%2Fwp%2Fv2%2Fmedia&parent=2395"}],"wp:term":[{"taxonomy":"category","embeddable":true,"href":"https:\/\/diariodegarca.com\/index.php?rest_route=%2Fwp%2Fv2%2Fcategories&post=2395"},{"taxonomy":"post_tag","embeddable":true,"href":"https:\/\/diariodegarca.com\/index.php?rest_route=%2Fwp%2Fv2%2Ftags&post=2395"}],"curies":[{"name":"wp","href":"https:\/\/api.w.org\/{rel}","templated":true}]}}