{"id":2417,"date":"2025-04-10T18:19:00","date_gmt":"2025-04-10T18:19:00","guid":{"rendered":"https:\/\/diariodegarca.com\/2025\/04\/10\/procon-sp-amplia-acesso-a-educacao-consumerista-com-cursos-ead-gratuitos\/"},"modified":"2025-04-10T18:19:00","modified_gmt":"2025-04-10T18:19:00","slug":"procon-sp-amplia-acesso-a-educacao-consumerista-com-cursos-ead-gratuitos","status":"publish","type":"post","link":"https:\/\/diariodegarca.com\/?p=2417","title":{"rendered":"Procon-SP amplia acesso \u00e0 educa\u00e7\u00e3o consumerista com cursos EAD gratuitos"},"content":{"rendered":"<div class=\"separator\" style=\"clear: both;text-align: center\"><a href=\"https:\/\/i0.wp.com\/blogger.googleusercontent.com\/img\/b\/R29vZ2xl\/AVvXsEhq4vVetAnlg2HLvmqrsh7_LX0tcQ08soINxLiuDUjxAkkIp7A2rMgPWBdyUj7Veo6RBAEAzm_vmGx6v_rqaLE4BSKMqnSUiQkQxp3uKd1D0aT0sOAX8LxuZOI3p_o-UAbaM4Qlqa8tXx6Y0iqnxTRpcyul5D-fvzcxQXX6p7Y8KZbJvzRlWoV5aYEURAw\/s6240\/student-class-looking-course.jpg?ssl=1\" style=\"margin-left: 1em;margin-right: 1em\"><img data-recalc-dims=\"1\" loading=\"lazy\" decoding=\"async\" border=\"0\" height=\"213\" src=\"https:\/\/i0.wp.com\/blogger.googleusercontent.com\/img\/b\/R29vZ2xl\/AVvXsEhq4vVetAnlg2HLvmqrsh7_LX0tcQ08soINxLiuDUjxAkkIp7A2rMgPWBdyUj7Veo6RBAEAzm_vmGx6v_rqaLE4BSKMqnSUiQkQxp3uKd1D0aT0sOAX8LxuZOI3p_o-UAbaM4Qlqa8tXx6Y0iqnxTRpcyul5D-fvzcxQXX6p7Y8KZbJvzRlWoV5aYEURAw\/s320\/student-class-looking-course.jpg?resize=320%2C213&#038;ssl=1\" width=\"320\" \/><\/a><\/div>\n<p>A\u00a0<strong>Escola de Prote\u00e7\u00e3o e Defesa do Consumidor (EPDC)<\/strong>, \u00f3rg\u00e3o vinculado ao\u00a0<strong>Procon-SP<\/strong>, est\u00e1 expandindo suas a\u00e7\u00f5es de capacita\u00e7\u00e3o por meio do\u00a0<strong>ensino a dist\u00e2ncia (EAD)<\/strong>. A iniciativa visa democratizar o acesso a conhecimentos sobre direitos do consumidor, combate \u00e0 discrimina\u00e7\u00e3o e preven\u00e7\u00e3o \u00e0 viol\u00eancia contra a mulher, alcan\u00e7ando um p\u00fablico mais amplo e diversificado.<\/p>\n<h3><strong>Educa\u00e7\u00e3o consumerista para todos<\/strong><\/h3>\n<p>Com a ado\u00e7\u00e3o da plataforma\u00a0<strong>Moodle<\/strong>, o Procon-SP passa a oferecer, al\u00e9m das palestras, tamb\u00e9m\u00a0<strong>cursos e capacita\u00e7\u00f5es<\/strong>\u00a0em formato\u00a0<strong>autoinstrucional<\/strong>\u00a0(sem tutor), permitindo que os participantes avancem no conte\u00fado no pr\u00f3prio ritmo. Os materiais s\u00e3o desenvolvidos por especialistas da funda\u00e7\u00e3o, com apoio de institui\u00e7\u00f5es parceiras, como a\u00a0<strong>Universidade Zumbi dos Palmares<\/strong>\u00a0e a\u00a0<strong>Univesp<\/strong>.<\/p>\n<h3><strong>Cursos em destaque<\/strong><\/h3>\n<ol start=\"1\">\n<li>\n<p style=\"font-size: 16.002px;line-height: 28.575px;margin: 0px 0px 4px\"><strong>Protocolo N\u00e3o Se Cale<\/strong><\/p>\n<ul style=\"margin: 4px 0px 0px;padding-left: 27.432px\">\n<li>\n<p style=\"font-size: 16.002px;line-height: 28.575px;margin-bottom: 0px !important;margin-left: 0px;margin-right: 0px;margin-top: 0px;margin: 0px\"><strong>Objetivo:<\/strong>\u00a0Capacitar estabelecimentos a identificar e prevenir situa\u00e7\u00f5es de risco para mulheres.<\/p>\n<\/li>\n<li style=\"margin-top: 4px\">\n<p style=\"font-size: 16.002px;line-height: 28.575px;margin-bottom: 0px !important;margin-left: 0px;margin-right: 0px;margin-top: 0px;margin: 0px\"><strong>P\u00fablico:<\/strong>\u00a0Com\u00e9rcios previstos nas Leis 17.621\/2023 e 17.635\/2023 <span style=\"font-size: 16.002px\">(parceria com a Secretaria da Mulher\/SP)<\/span><\/p>\n<\/li>\n<li style=\"margin-top: 4px\">\n<p style=\"font-size: 16.002px;line-height: 28.575px;margin-bottom: 0px !important;margin-left: 0px;margin-right: 0px;margin-top: 0px;margin: 0px\"><strong>Carga hor\u00e1ria:<\/strong>\u00a015 horas<\/p>\n<\/li>\n<li style=\"margin-top: 4px\">\n<p style=\"font-size: 16.002px;line-height: 28.575px;margin-bottom: 0px !important;margin-left: 0px;margin-right: 0px;margin-top: 0px;margin: 0px\"><strong>Disponibilidade:<\/strong>\u00a0at\u00e9 31\/12\/2025<\/p>\n<\/li>\n<li style=\"margin-top: 4px\">\n<p style=\"font-size: 16.002px;line-height: 28.575px;margin-bottom: 0px !important;margin-left: 0px;margin-right: 0px;margin-top: 0px;margin: 0px\"><b>Inscri\u00e7\u00f5es:<\/b>\u00a0<a href=\"https:\/\/www.ead.procon.sp.gov.br\/moodle\/course\/view.php?id=163\">https:\/\/www.ead.procon.sp.gov.br\/moodle\/course\/view.php?id=163<\/a><\/p>\n<\/li>\n<\/ul>\n<\/li>\n<li style=\"margin-top: 4px\">\n<p style=\"font-size: 16.002px;line-height: 28.575px;margin: 0px 0px 4px\"><strong>Discrimina\u00e7\u00e3o Racial nas Rela\u00e7\u00f5es de Consumo<\/strong><\/p>\n<ul style=\"margin: 4px 0px 0px;padding-left: 27.432px\">\n<li>\n<p style=\"font-size: 16.002px;line-height: 28.575px;margin-bottom: 0px !important;margin-left: 0px;margin-right: 0px;margin-top: 0px;margin: 0px\"><strong>Objetivo:<\/strong>\u00a0Abordar o racismo no consumo e orientar sobre den\u00fancias.<\/p>\n<\/li>\n<li style=\"margin-top: 4px\">\n<p style=\"font-size: 16.002px;line-height: 28.575px;margin-bottom: 0px !important;margin-left: 0px;margin-right: 0px;margin-top: 0px;margin: 0px\"><strong>P\u00fablico:<\/strong>\u00a0Geral\u00a0<span style=\"font-size: 16.002px\">(em parceria com a Zumbi dos Palmares)<\/span><\/p>\n<\/li>\n<li style=\"margin-top: 4px\">\n<p style=\"font-size: 16.002px;line-height: 28.575px;margin-bottom: 0px !important;margin-left: 0px;margin-right: 0px;margin-top: 0px;margin: 0px\"><strong style=\"font-size: 16.002px\">Carga hor\u00e1ria:\u00a0<\/strong>4 horas de curso<\/p>\n<\/li>\n<li style=\"margin-top: 4px\">\n<p style=\"font-size: 16.002px;line-height: 28.575px;margin-bottom: 0px !important;margin-left: 0px;margin-right: 0px;margin-top: 0px;margin: 0px\"><strong style=\"font-size: 16.002px\">Disponibilidade:<\/strong><span style=\"font-size: 16.002px\">\u00a0at\u00e9 17\/05\/2025<\/span><\/p>\n<\/li>\n<li style=\"margin-top: 4px\">\n<p style=\"font-size: 16.002px;line-height: 28.575px;margin-bottom: 0px !important;margin-left: 0px;margin-right: 0px;margin-top: 0px;margin: 0px\"><b>Inscri\u00e7\u00f5es:<\/b>\u00a0<a href=\"https:\/\/www.ead.procon.sp.gov.br\/moodle\/course\/view.php?id=167\">https:\/\/www.ead.procon.sp.gov.br\/moodle\/course\/view.php?id=167<\/a><\/p>\n<\/li>\n<\/ul>\n<\/li>\n<li style=\"margin-top: 4px\">\n<p style=\"font-size: 16.002px;line-height: 28.575px;margin: 0px 0px 4px\"><strong>C\u00f3digo de Defesa do Consumidor (CDC)<\/strong><\/p>\n<ul style=\"margin: 4px 0px 0px;padding-left: 27.432px\">\n<li>\n<p style=\"font-size: 16.002px;line-height: 28.575px;margin-bottom: 0px !important;margin-left: 0px;margin-right: 0px;margin-top: 0px;margin: 0px\"><strong>Objetivo:<\/strong>\u00a0Explicar direitos b\u00e1sicos do consumidor (Lei 8.078\/90).<\/p>\n<\/li>\n<li style=\"margin-top: 4px\">\n<p style=\"font-size: 16.002px;line-height: 28.575px;margin-bottom: 0px !important;margin-left: 0px;margin-right: 0px;margin-top: 0px;margin: 0px\"><strong>P\u00fablico:<\/strong>\u00a0Geral<\/p>\n<\/li>\n<li style=\"margin-top: 4px\">\n<p style=\"font-size: 16.002px;line-height: 28.575px;margin-bottom: 0px !important;margin-left: 0px;margin-right: 0px;margin-top: 0px;margin: 0px\"><b>Carga hor\u00e1ria:<\/b> 6 horas<\/p>\n<\/li>\n<li style=\"margin-top: 4px\">\n<p style=\"font-size: 16.002px;line-height: 28.575px;margin-bottom: 0px !important;margin-left: 0px;margin-right: 0px;margin-top: 0px;margin: 0px\"><strong>Disponibilidade:<\/strong>\u00a0at\u00e9 17\/05\/2025<\/p>\n<\/li>\n<li style=\"margin-top: 4px\">\n<p style=\"font-size: 16.002px;line-height: 28.575px;margin-bottom: 0px !important;margin-left: 0px;margin-right: 0px;margin-top: 0px;margin: 0px\"><b>Inscri\u00e7\u00f5es:<\/b>\u00a0<a href=\"https:\/\/www.ead.procon.sp.gov.br\/moodle\/course\/view.php?id=165\">https:\/\/www.ead.procon.sp.gov.br\/moodle\/course\/view.php?id=165<\/a><\/p>\n<\/li>\n<\/ul>\n<\/li>\n<li style=\"margin-top: 4px\">\n<p style=\"font-size: 16.002px;line-height: 28.575px;margin: 0px 0px 4px\"><strong>Preven\u00e7\u00e3o ao Ass\u00e9dio Moral e Sexual no Trabalho<\/strong>\u00a0<\/p>\n<ul style=\"margin: 4px 0px 0px;padding-left: 27.432px\">\n<li>\n<p style=\"font-size: 16.002px;line-height: 28.575px;margin-bottom: 0px !important;margin-left: 0px;margin-right: 0px;margin-top: 0px;margin: 0px\"><strong>Objetivo:<\/strong>\u00a0Orientar sobre identifica\u00e7\u00e3o e combate a ass\u00e9dios.<\/p>\n<\/li>\n<li>\n<p style=\"font-size: 16.002px;line-height: 28.575px;margin-bottom: 0px !important;margin-left: 0px;margin-right: 0px;margin-top: 0px;margin: 0px\"><b>P\u00fablico:<\/b>\u00a0<span style=\"font-size: 16.002px\">exclusivo para servidores do Procon-SP<\/span><\/p>\n<\/li>\n<li style=\"margin-top: 4px\">\n<p style=\"font-size: 16.002px;line-height: 28.575px;margin-bottom: 0px !important;margin-left: 0px;margin-right: 0px;margin-top: 0px;margin: 0px\"><strong>Carga hor\u00e1ria:<\/strong>\u00a01 hora<\/p>\n<\/li>\n<li style=\"margin-top: 4px\">\n<p style=\"font-size: 16.002px;line-height: 28.575px;margin-bottom: 0px !important;margin-left: 0px;margin-right: 0px;margin-top: 0px;margin: 0px\"><b>Disponibilidade:<\/b> 17\/05\/2025<\/p>\n<\/li>\n<li style=\"margin-top: 4px\">\n<p style=\"font-size: 16.002px;line-height: 28.575px;margin-bottom: 0px !important;margin-left: 0px;margin-right: 0px;margin-top: 0px;margin: 0px\"><b>Inscri\u00e7\u00f5es:<\/b>\u00a0<a href=\"https:\/\/www.ead.procon.sp.gov.br\/moodle\/course\/view.php?id=166\">https:\/\/www.ead.procon.sp.gov.br\/moodle\/course\/view.php?id=166<\/a><\/p>\n<\/li>\n<\/ul>\n<\/li>\n<\/ol>\n<h3><strong>Vantagens do EaD<\/strong><\/h3>\n<p>A modalidade\u00a0<strong>amplia o alcance geogr\u00e1fico<\/strong>\u00a0das a\u00e7\u00f5es do Procon-SP e\u00a0<strong>flexibiliza o aprendizado<\/strong>, beneficiando desde\u00a0<strong>consumidores<\/strong>\u00a0at\u00e9\u00a0<strong>empres\u00e1rios<\/strong>\u00a0e\u00a0<strong>servidores p\u00fablicos<\/strong>. As inscri\u00e7\u00f5es s\u00e3o gratuitas e podem ser feitas pelo\u00a0<strong>site oficial da institui\u00e7\u00e3o,\u00a0<a href=\"https:\/\/www.ead.procon.sp.gov.br\/moodle\/\" target=\"_blank\">https:\/\/www.ead.procon.sp.gov.br\/moodle\/<\/a><\/strong>.<\/p>\n","protected":false},"excerpt":{"rendered":"<p>A\u00a0Escola de Prote\u00e7\u00e3o e Defesa do Consumidor (EPDC), \u00f3rg\u00e3o vinculado ao\u00a0Procon-SP, est\u00e1 expandindo suas a\u00e7\u00f5es de capacita\u00e7\u00e3o por meio do\u00a0ensino a dist\u00e2ncia (EAD). A iniciativa visa democratizar o acesso a conhecimentos sobre direitos do consumidor, combate \u00e0 discrimina\u00e7\u00e3o e preven\u00e7\u00e3o \u00e0 viol\u00eancia contra a mulher, alcan\u00e7ando um p\u00fablico mais amplo e diversificado. Educa\u00e7\u00e3o consumerista para [&hellip;]<\/p>\n","protected":false},"author":260896546,"featured_media":0,"comment_status":"open","ping_status":"open","sticky":false,"template":"","format":"standard","meta":{"_crdt_document":"","_monsterinsights_skip_tracking":false,"_monsterinsights_sitenote_active":false,"_monsterinsights_sitenote_note":"","_monsterinsights_sitenote_category":0,"advanced_seo_description":"","jetpack_seo_html_title":"","jetpack_seo_noindex":false,"_jetpack_newsletter_access":"","_jetpack_dont_email_post_to_subs":false,"_jetpack_newsletter_tier_id":0,"_jetpack_memberships_contains_paywalled_content":false,"_jetpack_memberships_contains_paid_content":false,"footnotes":"","jetpack_publicize_message":"","jetpack_publicize_feature_enabled":true,"jetpack_social_post_already_shared":false,"jetpack_social_options":{"image_generator_settings":{"template":"fullscreen","default_image_id":0,"font":"","enabled":false},"version":2},"_wpas_customize_per_network":false,"jetpack_post_was_ever_published":false},"categories":[38185],"tags":[69028,948934],"class_list":["post-2417","post","type-post","status-publish","format-standard","hentry","category-brasil","tag-oficina","tag-procon"],"jetpack_publicize_connections":[],"jetpack_featured_media_url":"","jetpack_likes_enabled":true,"jetpack_sharing_enabled":true,"jetpack_shortlink":"https:\/\/wp.me\/pgitne-CZ","jetpack-related-posts":[{"id":2829,"url":"https:\/\/diariodegarca.com\/?p=2829","url_meta":{"origin":2417,"position":0},"title":"Procon-SP questiona Tools for Humanity sobre escaneamento de \u00edris e exige transpar\u00eancia aos consumidores","author":"Di\u00e1rio de Gar\u00e7a","date":"14 de fevereiro de 2025","format":false,"excerpt":"O Procon-SP recebeu, nesta quinta-feira, 13 de fevereiro de 2025, representantes da Tools for Humanity, empresa controladora da World, para esclarecer detalhes sobre a atividade de escaneamento de \u00edris realizada pela companhia. A pr\u00e1tica, que oferece remunera\u00e7\u00e3o aos participantes, est\u00e1 suspensa no Brasil por determina\u00e7\u00e3o da Ag\u00eancia Nacional de Prote\u00e7\u00e3o\u2026","rel":"","context":"Em &quot;Brasil&quot;","block_context":{"text":"Brasil","link":"https:\/\/diariodegarca.com\/?cat=38185"},"img":{"alt_text":"","src":"","width":0,"height":0},"classes":[]},{"id":4287,"url":"https:\/\/diariodegarca.com\/?p=4287","url_meta":{"origin":2417,"position":1},"title":"Eventim e Nintendo na mira do Procon: cobran\u00e7as abusivas e cl\u00e1usulas ilegais em foco","author":"Di\u00e1rio de Gar\u00e7a","date":"27 de junho de 2025","format":false,"excerpt":"\u00d3rg\u00e3o de defesa do consumidor notifica empresas por pr\u00e1ticas question\u00e1veis e orienta consumidores sobre seus direitos O Procon-SP tem atuado firmemente para coibir abusos contra os consumidores, notificando empresas como a Eventim e a Nintendo por cobran\u00e7as indevidas e cl\u00e1usulas contratuais consideradas ilegais. Confira os detalhes desses casos e saiba\u2026","rel":"","context":"Em &quot;Fiscaliza\u00e7\u00e3o&quot;","block_context":{"text":"Fiscaliza\u00e7\u00e3o","link":"https:\/\/diariodegarca.com\/?cat=1192752"},"img":{"alt_text":"","src":"https:\/\/i0.wp.com\/diariodegarca.com\/wp-content\/uploads\/2025\/06\/black-friday-gerou-mais-de-1500-reclamacoes-no-procon-sp-1607549138979_v2_4x3.jpg?fit=1200%2C900&ssl=1&resize=350%2C200","width":350,"height":200,"srcset":"https:\/\/i0.wp.com\/diariodegarca.com\/wp-content\/uploads\/2025\/06\/black-friday-gerou-mais-de-1500-reclamacoes-no-procon-sp-1607549138979_v2_4x3.jpg?fit=1200%2C900&ssl=1&resize=350%2C200 1x, https:\/\/i0.wp.com\/diariodegarca.com\/wp-content\/uploads\/2025\/06\/black-friday-gerou-mais-de-1500-reclamacoes-no-procon-sp-1607549138979_v2_4x3.jpg?fit=1200%2C900&ssl=1&resize=525%2C300 1.5x, https:\/\/i0.wp.com\/diariodegarca.com\/wp-content\/uploads\/2025\/06\/black-friday-gerou-mais-de-1500-reclamacoes-no-procon-sp-1607549138979_v2_4x3.jpg?fit=1200%2C900&ssl=1&resize=700%2C400 2x, https:\/\/i0.wp.com\/diariodegarca.com\/wp-content\/uploads\/2025\/06\/black-friday-gerou-mais-de-1500-reclamacoes-no-procon-sp-1607549138979_v2_4x3.jpg?fit=1200%2C900&ssl=1&resize=1050%2C600 3x"},"classes":[]},{"id":2474,"url":"https:\/\/diariodegarca.com\/?p=2474","url_meta":{"origin":2417,"position":2},"title":"Procon-SP promove palestra online sobre &#034;Armadilhas do Consumo&#034;","author":"Di\u00e1rio de Gar\u00e7a","date":"4 de abril de 2025","format":false,"excerpt":"O Procon-SP realizar\u00e1, no dia\u00a07 de abril, uma palestra online e gratuita sobre\u00a0\"Armadilhas do Consumo\", com transmiss\u00e3o ao vivo pelo\u00a0Instagram e Facebook\u00a0da institui\u00e7\u00e3o. O evento, que ocorrer\u00e1 das\u00a014h \u00e0s 15h30, abordar\u00e1 estrat\u00e9gias de marketing que influenciam as decis\u00f5es de compra, ajudando os consumidores a evitar gastos por impulso.Como participar e\u2026","rel":"","context":"Em &quot;Brasil&quot;","block_context":{"text":"Brasil","link":"https:\/\/diariodegarca.com\/?cat=38185"},"img":{"alt_text":"","src":"https:\/\/i0.wp.com\/blogger.googleusercontent.com\/img\/b\/R29vZ2xl\/AVvXsEikYTe4oDwnnqrK2RUbIl4d1LyjkLzt4DY3HHkMT-f2Ii_rdlZBzhs4IfKwcr3dEwvEmMd06j2CdDAKkDOqO425D87LhW3d8h4mjlfNflL7rCY5KxU9-2mDdjaCO1zugqRU0jY6U5V-pn4pNCTPxNUNGLoZLY1guOZFz0-tXRIlq99_5dD1thtOxW8kD0U\/s320\/woman-customer-walking-with-bags.jpg?resize=350%2C200&ssl=1","width":350,"height":200},"classes":[]},{"id":2927,"url":"https:\/\/diariodegarca.com\/?p=2927","url_meta":{"origin":2417,"position":3},"title":"Procon-SP realiza enquete para aprimorar servi\u00e7os ao consumidor","author":"Di\u00e1rio de Gar\u00e7a","date":"30 de janeiro de 2025","format":false,"excerpt":"O Procon-SP est\u00e1 conduzindo uma enquete para avaliar a opini\u00e3o dos consumidores sobre os servi\u00e7os prestados pelo \u00f3rg\u00e3o.\u00a0A pesquisa ficar\u00e1 dispon\u00edvel at\u00e9 o dia 14 de fevereiro e tem como objetivo aprimorar continuamente o atendimento e a defesa dos direitos dos consumidores no estado de S\u00e3o Paulo. A participa\u00e7\u00e3o \u00e9\u2026","rel":"","context":"Em &quot;Brasil&quot;","block_context":{"text":"Brasil","link":"https:\/\/diariodegarca.com\/?cat=38185"},"img":{"alt_text":"","src":"","width":0,"height":0},"classes":[]},{"id":3537,"url":"https:\/\/diariodegarca.com\/?p=3537","url_meta":{"origin":2417,"position":4},"title":"Consumidores podem opinar sobre venda de medicamentos em pesquisa do Procon-SP","author":"Di\u00e1rio de Gar\u00e7a","date":"28 de maio de 2025","format":false,"excerpt":"Participa\u00e7\u00e3o \u00e9 an\u00f4nima e ajuda a melhorar a fiscaliza\u00e7\u00e3o do setor farmac\u00eautico O Procon-SP est\u00e1 realizando uma pesquisa para entender a percep\u00e7\u00e3o dos consumidores sobre a compra de medicamentos. A iniciativa, aberta a toda a popula\u00e7\u00e3o, busca mapear h\u00e1bitos de consumo, frequ\u00eancia de compra e poss\u00edveis dificuldades enfrentadas pelos brasileiros\u2026","rel":"","context":"Em &quot;Pesquisa&quot;","block_context":{"text":"Pesquisa","link":"https:\/\/diariodegarca.com\/?cat=15011"},"img":{"alt_text":"","src":"","width":0,"height":0},"classes":[]},{"id":9794,"url":"https:\/\/diariodegarca.com\/?p=9794","url_meta":{"origin":2417,"position":5},"title":"Procon-SP multa WePink em R$ 1,5 milh\u00e3o por falhas na entrega e falta de transpar\u00eancia","author":"Di\u00e1rio de Gar\u00e7a","date":"6 de janeiro de 2026","format":false,"excerpt":"Fiscaliza\u00e7\u00e3o apontou descumprimento de prazos, dificuldades no estorno de valores e irregularidades no site da empresa de cosm\u00e9ticos A empresa Savi Cosm\u00e9ticos Ltda., conhecida comercialmente como WePink, foi multada pelo Procon-SP em R$ 1.566.416,66 por infra\u00e7\u00f5es ao C\u00f3digo de Defesa do Consumidor (CDC). A penalidade \u00e9 resultado de uma fiscaliza\u00e7\u00e3o\u2026","rel":"","context":"Em &quot;Brasil&quot;","block_context":{"text":"Brasil","link":"https:\/\/diariodegarca.com\/?cat=38185"},"img":{"alt_text":"","src":"https:\/\/i0.wp.com\/diariodegarca.com\/wp-content\/uploads\/2026\/01\/wepink.jpg?fit=1080%2C610&ssl=1&resize=350%2C200","width":350,"height":200,"srcset":"https:\/\/i0.wp.com\/diariodegarca.com\/wp-content\/uploads\/2026\/01\/wepink.jpg?fit=1080%2C610&ssl=1&resize=350%2C200 1x, https:\/\/i0.wp.com\/diariodegarca.com\/wp-content\/uploads\/2026\/01\/wepink.jpg?fit=1080%2C610&ssl=1&resize=525%2C300 1.5x, https:\/\/i0.wp.com\/diariodegarca.com\/wp-content\/uploads\/2026\/01\/wepink.jpg?fit=1080%2C610&ssl=1&resize=700%2C400 2x, https:\/\/i0.wp.com\/diariodegarca.com\/wp-content\/uploads\/2026\/01\/wepink.jpg?fit=1080%2C610&ssl=1&resize=1050%2C600 3x"},"classes":[]}],"_links":{"self":[{"href":"https:\/\/diariodegarca.com\/index.php?rest_route=\/wp\/v2\/posts\/2417","targetHints":{"allow":["GET"]}}],"collection":[{"href":"https:\/\/diariodegarca.com\/index.php?rest_route=\/wp\/v2\/posts"}],"about":[{"href":"https:\/\/diariodegarca.com\/index.php?rest_route=\/wp\/v2\/types\/post"}],"author":[{"embeddable":true,"href":"https:\/\/diariodegarca.com\/index.php?rest_route=\/wp\/v2\/users\/260896546"}],"replies":[{"embeddable":true,"href":"https:\/\/diariodegarca.com\/index.php?rest_route=%2Fwp%2Fv2%2Fcomments&post=2417"}],"version-history":[{"count":0,"href":"https:\/\/diariodegarca.com\/index.php?rest_route=\/wp\/v2\/posts\/2417\/revisions"}],"wp:attachment":[{"href":"https:\/\/diariodegarca.com\/index.php?rest_route=%2Fwp%2Fv2%2Fmedia&parent=2417"}],"wp:term":[{"taxonomy":"category","embeddable":true,"href":"https:\/\/diariodegarca.com\/index.php?rest_route=%2Fwp%2Fv2%2Fcategories&post=2417"},{"taxonomy":"post_tag","embeddable":true,"href":"https:\/\/diariodegarca.com\/index.php?rest_route=%2Fwp%2Fv2%2Ftags&post=2417"}],"curies":[{"name":"wp","href":"https:\/\/api.w.org\/{rel}","templated":true}]}}