{"id":2440,"date":"2025-04-08T16:09:00","date_gmt":"2025-04-08T16:09:00","guid":{"rendered":"https:\/\/diariodegarca.com\/2025\/04\/08\/procon-sp-alerta-sobre-armadilhas-financeiras-em-palestra-online-gratuita\/"},"modified":"2025-04-08T16:09:00","modified_gmt":"2025-04-08T16:09:00","slug":"procon-sp-alerta-sobre-armadilhas-financeiras-em-palestra-online-gratuita","status":"publish","type":"post","link":"https:\/\/diariodegarca.com\/?p=2440","title":{"rendered":"Procon-SP alerta sobre armadilhas financeiras em palestra online gratuita"},"content":{"rendered":"<p>\u00a0<\/p>\n<div class=\"separator\" style=\"clear: both;text-align: center\"><a href=\"https:\/\/i0.wp.com\/blogger.googleusercontent.com\/img\/b\/R29vZ2xl\/AVvXsEixP1ll5ul3pBhiNxCLniqRqM-o4vEiGYUYQA7ycPW0lU_BWtjul7kANuwR5n2qF1GbWJ-V3Aq9Dg9isDViQKEAmW2bnJwbt39ClPmW2g-1imUqEL0NtJFv3MW7hzIy-PC-MwimrPSZjO9oZG1iCQRO6WEe1OcAPGtaRBlx3wzN35oaq0xewEZgYOKii1U\/s8688\/businesswoman-feeling-worried-about-financial-debts-analyzing-bills-while-working-office.jpg?ssl=1\" style=\"margin-left: 1em;margin-right: 1em\"><img data-recalc-dims=\"1\" loading=\"lazy\" decoding=\"async\" border=\"0\" height=\"213\" src=\"https:\/\/i0.wp.com\/blogger.googleusercontent.com\/img\/b\/R29vZ2xl\/AVvXsEixP1ll5ul3pBhiNxCLniqRqM-o4vEiGYUYQA7ycPW0lU_BWtjul7kANuwR5n2qF1GbWJ-V3Aq9Dg9isDViQKEAmW2bnJwbt39ClPmW2g-1imUqEL0NtJFv3MW7hzIy-PC-MwimrPSZjO9oZG1iCQRO6WEe1OcAPGtaRBlx3wzN35oaq0xewEZgYOKii1U\/s320\/businesswoman-feeling-worried-about-financial-debts-analyzing-bills-while-working-office.jpg?resize=320%2C213&#038;ssl=1\" width=\"320\" \/><\/a><\/div>\n<p><\/p>\n<p>O Procon-SP promove, no pr\u00f3ximo dia 10 de abril, uma palestra virtual e gratuita sobre\u00a0<strong>&#8220;Orienta\u00e7\u00e3o Financeira: evitando as armadilhas do consumo&#8221;<\/strong>. O evento, que ser\u00e1 <b>transmitido ao vivo<\/b> das <b>14h \u00e0s 15h30<\/b> pelo\u00a0<strong>Instagram<\/strong>\u00a0e\u00a0<strong>Facebook<\/strong>\u00a0da institui\u00e7\u00e3o e pelo\u00a0<strong style=\"font-size: 16.002px\">Microsoft Teams <\/strong><span style=\"font-size: 16.002px\">(link desta op\u00e7\u00e3o \u00e9 enviado para quem se inscreve previamente). A palestra<\/span><span style=\"font-size: 16.002px\">\u00a0tem como objetivo conscientizar os consumidores sobre os riscos do endividamento e oferecer ferramentas para um planejamento financeiro mais seguro.<\/span><\/p>\n<p>Com o aumento do acesso ao cr\u00e9dito, especialmente entre jovens e pessoas de baixa renda, muitas fam\u00edlias enfrentam dificuldades para controlar seus gastos. A palestra abordar\u00e1 temas como\u00a0<strong>educa\u00e7\u00e3o financeira, elabora\u00e7\u00e3o de or\u00e7amento dom\u00e9stico, tipos de cr\u00e9dito, d\u00edvidas e at\u00e9 aspectos emocionais do consumo<\/strong>, com dicas pr\u00e1ticas para evitar o superendividamento.<\/p>\n<h3>Como participar e receber certificado<\/h3>\n<p>A transmiss\u00e3o ser\u00e1 aberta ao p\u00fablico, sem necessidade de inscri\u00e7\u00e3o pr\u00e9via, mas quem desejar receber um\u00a0<strong>certificado de participa\u00e7\u00e3o<\/strong>\u00a0deve se cadastrar antecipadamente pelo site oficial do Procon-SP (<a href=\"http:\/\/www.procon.sp.gov.br\/epdc\" rel=\"noreferrer\" style=\"border-color: rgba(255, 255, 255, 0);border-radius: 6.858px;border-style: solid;border-width: 2px 3px;color: #3b82f6;margin-left: -3px;margin-right: -3px;position: relative\" target=\"_blank\">www.procon.sp.gov.br\/epdc<\/a>). O documento ser\u00e1 emitido em at\u00e9 cinco dias \u00fateis ap\u00f3s o evento para os participantes que solicitarem.<\/p>\n<h3>Material complementar<\/h3>\n<p>Al\u00e9m da palestra, o Procon-SP disponibilizar\u00e1\u00a0<strong>materiais de apoio<\/strong>\u00a0para download em seu site, incluindo planilhas de controle financeiro e publica\u00e7\u00f5es sobre direitos do consumidor. A transmiss\u00e3o ocorrer\u00e1 pela plataforma\u00a0<strong>Microsoft Teams<\/strong>, al\u00e9m das redes sociais, sem necessidade de instala\u00e7\u00e3o de aplicativos, podendo ser acessada por\u00a0<strong>computador, tablet ou smartphone<\/strong>.<\/p>\n","protected":false},"excerpt":{"rendered":"<p>\u00a0 O Procon-SP promove, no pr\u00f3ximo dia 10 de abril, uma palestra virtual e gratuita sobre\u00a0&#8220;Orienta\u00e7\u00e3o Financeira: evitando as armadilhas do consumo&#8221;. O evento, que ser\u00e1 transmitido ao vivo das 14h \u00e0s 15h30 pelo\u00a0Instagram\u00a0e\u00a0Facebook\u00a0da institui\u00e7\u00e3o e pelo\u00a0Microsoft Teams (link desta op\u00e7\u00e3o \u00e9 enviado para quem se inscreve previamente). A palestra\u00a0tem como objetivo conscientizar os consumidores [&hellip;]<\/p>\n","protected":false},"author":260896546,"featured_media":0,"comment_status":"open","ping_status":"open","sticky":false,"template":"","format":"standard","meta":{"_crdt_document":"","_monsterinsights_skip_tracking":false,"_monsterinsights_sitenote_active":false,"_monsterinsights_sitenote_note":"","_monsterinsights_sitenote_category":0,"advanced_seo_description":"","jetpack_seo_html_title":"","jetpack_seo_noindex":false,"_jetpack_newsletter_access":"","_jetpack_dont_email_post_to_subs":false,"_jetpack_newsletter_tier_id":0,"_jetpack_memberships_contains_paywalled_content":false,"_jetpack_memberships_contains_paid_content":false,"footnotes":"","jetpack_publicize_message":"","jetpack_publicize_feature_enabled":true,"jetpack_social_post_already_shared":false,"jetpack_social_options":{"image_generator_settings":{"template":"fullscreen","default_image_id":0,"font":"","enabled":false},"version":2},"_wpas_customize_per_network":false,"jetpack_post_was_ever_published":false},"categories":[38185],"tags":[781171800,948934],"class_list":["post-2440","post","type-post","status-publish","format-standard","hentry","category-brasil","tag-curso","tag-procon"],"jetpack_publicize_connections":[],"jetpack_featured_media_url":"","jetpack_likes_enabled":true,"jetpack_sharing_enabled":true,"jetpack_shortlink":"https:\/\/wp.me\/pgitne-Dm","jetpack-related-posts":[{"id":2474,"url":"https:\/\/diariodegarca.com\/?p=2474","url_meta":{"origin":2440,"position":0},"title":"Procon-SP promove palestra online sobre &#034;Armadilhas do Consumo&#034;","author":"Di\u00e1rio de Gar\u00e7a","date":"4 de abril de 2025","format":false,"excerpt":"O Procon-SP realizar\u00e1, no dia\u00a07 de abril, uma palestra online e gratuita sobre\u00a0\"Armadilhas do Consumo\", com transmiss\u00e3o ao vivo pelo\u00a0Instagram e Facebook\u00a0da institui\u00e7\u00e3o. O evento, que ocorrer\u00e1 das\u00a014h \u00e0s 15h30, abordar\u00e1 estrat\u00e9gias de marketing que influenciam as decis\u00f5es de compra, ajudando os consumidores a evitar gastos por impulso.Como participar e\u2026","rel":"","context":"Em &quot;Brasil&quot;","block_context":{"text":"Brasil","link":"https:\/\/diariodegarca.com\/?cat=38185"},"img":{"alt_text":"","src":"https:\/\/i0.wp.com\/blogger.googleusercontent.com\/img\/b\/R29vZ2xl\/AVvXsEikYTe4oDwnnqrK2RUbIl4d1LyjkLzt4DY3HHkMT-f2Ii_rdlZBzhs4IfKwcr3dEwvEmMd06j2CdDAKkDOqO425D87LhW3d8h4mjlfNflL7rCY5KxU9-2mDdjaCO1zugqRU0jY6U5V-pn4pNCTPxNUNGLoZLY1guOZFz0-tXRIlq99_5dD1thtOxW8kD0U\/s320\/woman-customer-walking-with-bags.jpg?resize=350%2C200&ssl=1","width":350,"height":200},"classes":[]},{"id":4916,"url":"https:\/\/diariodegarca.com\/?p=4916","url_meta":{"origin":2440,"position":1},"title":"Procon-SP realiza palestra on-line &#8220;Armadilhas do Consumo&#8221;","author":"Di\u00e1rio de Gar\u00e7a","date":"22 de julho de 2025","format":false,"excerpt":"Evento aborda estrat\u00e9gias de marketing que influenciam decis\u00f5es de compra e ensina como evitar gastos desnecess\u00e1rios; inscri\u00e7\u00f5es est\u00e3o abertas. O Procon-SP promove, no pr\u00f3ximo\u00a024 de julho de 2025, a palestra online\u00a0\"Armadilhas do Consumo\", que tem como objetivo conscientizar os consumidores sobre as t\u00e1ticas de marketing que os levam a comprar\u2026","rel":"","context":"Em &quot;Brasil&quot;","block_context":{"text":"Brasil","link":"https:\/\/diariodegarca.com\/?cat=38185"},"img":{"alt_text":"","src":"https:\/\/i0.wp.com\/diariodegarca.com\/wp-content\/uploads\/2025\/07\/close-no-reporter-dando-uma-entrevista.jpg?fit=1200%2C800&ssl=1&resize=350%2C200","width":350,"height":200,"srcset":"https:\/\/i0.wp.com\/diariodegarca.com\/wp-content\/uploads\/2025\/07\/close-no-reporter-dando-uma-entrevista.jpg?fit=1200%2C800&ssl=1&resize=350%2C200 1x, https:\/\/i0.wp.com\/diariodegarca.com\/wp-content\/uploads\/2025\/07\/close-no-reporter-dando-uma-entrevista.jpg?fit=1200%2C800&ssl=1&resize=525%2C300 1.5x, https:\/\/i0.wp.com\/diariodegarca.com\/wp-content\/uploads\/2025\/07\/close-no-reporter-dando-uma-entrevista.jpg?fit=1200%2C800&ssl=1&resize=700%2C400 2x, https:\/\/i0.wp.com\/diariodegarca.com\/wp-content\/uploads\/2025\/07\/close-no-reporter-dando-uma-entrevista.jpg?fit=1200%2C800&ssl=1&resize=1050%2C600 3x"},"classes":[]},{"id":10219,"url":"https:\/\/diariodegarca.com\/?p=10219","url_meta":{"origin":2440,"position":2},"title":"Procon-SP oferece palestra online sobre os riscos e direitos em jogos de aposta","author":"Di\u00e1rio de Gar\u00e7a","date":"24 de janeiro de 2026","format":false,"excerpt":"A palestra online \"Jogos e Apostas\", promovida pela Funda\u00e7\u00e3o Procon-SP em 26 de fevereiro, orientar\u00e1 consumidores sobre riscos do mercado de apostas e direitos previstos no C\u00f3digo de Defesa do Consumidor.","rel":"","context":"Em &quot;Curso&quot;","block_context":{"text":"Curso","link":"https:\/\/diariodegarca.com\/?cat=36947"},"img":{"alt_text":"","src":"https:\/\/i0.wp.com\/diariodegarca.com\/wp-content\/uploads\/2025\/12\/emocoes-reais-durante-partida-de-futebol-na-tv.jpg?fit=1200%2C764&ssl=1&resize=350%2C200","width":350,"height":200,"srcset":"https:\/\/i0.wp.com\/diariodegarca.com\/wp-content\/uploads\/2025\/12\/emocoes-reais-durante-partida-de-futebol-na-tv.jpg?fit=1200%2C764&ssl=1&resize=350%2C200 1x, https:\/\/i0.wp.com\/diariodegarca.com\/wp-content\/uploads\/2025\/12\/emocoes-reais-durante-partida-de-futebol-na-tv.jpg?fit=1200%2C764&ssl=1&resize=525%2C300 1.5x, https:\/\/i0.wp.com\/diariodegarca.com\/wp-content\/uploads\/2025\/12\/emocoes-reais-durante-partida-de-futebol-na-tv.jpg?fit=1200%2C764&ssl=1&resize=700%2C400 2x, https:\/\/i0.wp.com\/diariodegarca.com\/wp-content\/uploads\/2025\/12\/emocoes-reais-durante-partida-de-futebol-na-tv.jpg?fit=1200%2C764&ssl=1&resize=1050%2C600 3x"},"classes":[]},{"id":2087,"url":"https:\/\/diariodegarca.com\/?p=2087","url_meta":{"origin":2440,"position":3},"title":"Procon-SP promove palestra online sobre &#034;Armadilhas do Consumo&#034;","author":"Di\u00e1rio de Gar\u00e7a","date":"15 de maio de 2025","format":false,"excerpt":"Com o objetivo de capacitar consumidores a reconhecer estrat\u00e9gias de marketing que influenciam decis\u00f5es de compra, o Procon-SP promove nesta sexta-feira, dia 15 de maio, \u00e0s 14h, a palestra virtual\u00a0\"Armadilhas do Consumo\". O evento, baseado nos estudos da\u00a0Economia Comportamental, abordar\u00e1 t\u00e1ticas utilizadas pelo mercado que podem levar a gastos por\u2026","rel":"","context":"Em &quot;Brasil&quot;","block_context":{"text":"Brasil","link":"https:\/\/diariodegarca.com\/?cat=38185"},"img":{"alt_text":"","src":"https:\/\/i0.wp.com\/blogger.googleusercontent.com\/img\/b\/R29vZ2xl\/AVvXsEhk6e8oeUwMt9OFv24yLKEg42RNQ9MMZCJbDDtwpX4aDGnz3JjSnZrqoYr6z-AxYr5oC2Hf9WJgqeK6OMw2O5LjerZIhGGW6m3j0JeRlH44pNuQFQkjD_9JYi3JCdh1gDsBgfHt_Z8MpxaruC7dBfEXpZv_dU2_9sFtbbqXsmj2nyIAv5zJmdCxh1FraDY\/s320\/upset-man-holding-shopping-bags.jpg?resize=350%2C200&ssl=1","width":350,"height":200},"classes":[]},{"id":9020,"url":"https:\/\/diariodegarca.com\/?p=9020","url_meta":{"origin":2440,"position":4},"title":"Procon-SP oferece palestra online e gratuita sobre Direitos do Consumidor na Era Digital","author":"Andreza Sega","date":"25 de novembro de 2025","format":false,"excerpt":"Evento abordar\u00e1 como a internet e a coleta de dados influenciam as escolhas de consumo e quais s\u00e3o os direitos nas transa\u00e7\u00f5es online. O Procon-SP promover\u00e1, na pr\u00f3xima quinta-feira, 27 de novembro, uma palestra online e gratuita com o tema \"Rela\u00e7\u00f5es e Consumo na Era Digital\". O evento, que ocorrer\u00e1\u2026","rel":"","context":"Em &quot;Curso&quot;","block_context":{"text":"Curso","link":"https:\/\/diariodegarca.com\/?cat=36947"},"img":{"alt_text":"","src":"https:\/\/i0.wp.com\/diariodegarca.com\/wp-content\/uploads\/2025\/11\/menina-loira-sentada-no-carrinho-sorrindo.jpg?fit=1200%2C801&ssl=1&resize=350%2C200","width":350,"height":200,"srcset":"https:\/\/i0.wp.com\/diariodegarca.com\/wp-content\/uploads\/2025\/11\/menina-loira-sentada-no-carrinho-sorrindo.jpg?fit=1200%2C801&ssl=1&resize=350%2C200 1x, https:\/\/i0.wp.com\/diariodegarca.com\/wp-content\/uploads\/2025\/11\/menina-loira-sentada-no-carrinho-sorrindo.jpg?fit=1200%2C801&ssl=1&resize=525%2C300 1.5x, https:\/\/i0.wp.com\/diariodegarca.com\/wp-content\/uploads\/2025\/11\/menina-loira-sentada-no-carrinho-sorrindo.jpg?fit=1200%2C801&ssl=1&resize=700%2C400 2x, https:\/\/i0.wp.com\/diariodegarca.com\/wp-content\/uploads\/2025\/11\/menina-loira-sentada-no-carrinho-sorrindo.jpg?fit=1200%2C801&ssl=1&resize=1050%2C600 3x"},"classes":[]},{"id":9241,"url":"https:\/\/diariodegarca.com\/?p=9241","url_meta":{"origin":2440,"position":5},"title":"Procon-SP oferece palestra online gratuita sobre &#8220;Armadilhas do Consumo&#8221;","author":"Andreza Sega","date":"3 de dezembro de 2025","format":false,"excerpt":"Baseada na Economia Comportamental, iniciativa revela t\u00e1ticas de marketing que influenciam decis\u00f5es de compra e ensina como fazer escolhas mais conscientes. A Funda\u00e7\u00e3o Procon-SP promove, no dia 5 de dezembro, sexta-feira, uma edi\u00e7\u00e3o online e gratuita da palestra\u00a0\u201cArmadilhas do Consumo\u201d. O evento, que ocorrer\u00e1 das 14h \u00e0s 15h30, tem como\u2026","rel":"","context":"Em &quot;Curso&quot;","block_context":{"text":"Curso","link":"https:\/\/diariodegarca.com\/?cat=36947"},"img":{"alt_text":"","src":"https:\/\/i0.wp.com\/diariodegarca.com\/wp-content\/uploads\/2025\/12\/mulher-feliz-e-sorridente-em-uma-camisa-rosa-no-sofa-em-casa-entre-sacolas-coloridas-segurando-um-cartao-de-credito-e-pagando-online-no-laptop.jpg?fit=1200%2C747&ssl=1&resize=350%2C200","width":350,"height":200,"srcset":"https:\/\/i0.wp.com\/diariodegarca.com\/wp-content\/uploads\/2025\/12\/mulher-feliz-e-sorridente-em-uma-camisa-rosa-no-sofa-em-casa-entre-sacolas-coloridas-segurando-um-cartao-de-credito-e-pagando-online-no-laptop.jpg?fit=1200%2C747&ssl=1&resize=350%2C200 1x, https:\/\/i0.wp.com\/diariodegarca.com\/wp-content\/uploads\/2025\/12\/mulher-feliz-e-sorridente-em-uma-camisa-rosa-no-sofa-em-casa-entre-sacolas-coloridas-segurando-um-cartao-de-credito-e-pagando-online-no-laptop.jpg?fit=1200%2C747&ssl=1&resize=525%2C300 1.5x, https:\/\/i0.wp.com\/diariodegarca.com\/wp-content\/uploads\/2025\/12\/mulher-feliz-e-sorridente-em-uma-camisa-rosa-no-sofa-em-casa-entre-sacolas-coloridas-segurando-um-cartao-de-credito-e-pagando-online-no-laptop.jpg?fit=1200%2C747&ssl=1&resize=700%2C400 2x, https:\/\/i0.wp.com\/diariodegarca.com\/wp-content\/uploads\/2025\/12\/mulher-feliz-e-sorridente-em-uma-camisa-rosa-no-sofa-em-casa-entre-sacolas-coloridas-segurando-um-cartao-de-credito-e-pagando-online-no-laptop.jpg?fit=1200%2C747&ssl=1&resize=1050%2C600 3x"},"classes":[]}],"_links":{"self":[{"href":"https:\/\/diariodegarca.com\/index.php?rest_route=\/wp\/v2\/posts\/2440","targetHints":{"allow":["GET"]}}],"collection":[{"href":"https:\/\/diariodegarca.com\/index.php?rest_route=\/wp\/v2\/posts"}],"about":[{"href":"https:\/\/diariodegarca.com\/index.php?rest_route=\/wp\/v2\/types\/post"}],"author":[{"embeddable":true,"href":"https:\/\/diariodegarca.com\/index.php?rest_route=\/wp\/v2\/users\/260896546"}],"replies":[{"embeddable":true,"href":"https:\/\/diariodegarca.com\/index.php?rest_route=%2Fwp%2Fv2%2Fcomments&post=2440"}],"version-history":[{"count":0,"href":"https:\/\/diariodegarca.com\/index.php?rest_route=\/wp\/v2\/posts\/2440\/revisions"}],"wp:attachment":[{"href":"https:\/\/diariodegarca.com\/index.php?rest_route=%2Fwp%2Fv2%2Fmedia&parent=2440"}],"wp:term":[{"taxonomy":"category","embeddable":true,"href":"https:\/\/diariodegarca.com\/index.php?rest_route=%2Fwp%2Fv2%2Fcategories&post=2440"},{"taxonomy":"post_tag","embeddable":true,"href":"https:\/\/diariodegarca.com\/index.php?rest_route=%2Fwp%2Fv2%2Ftags&post=2440"}],"curies":[{"name":"wp","href":"https:\/\/api.w.org\/{rel}","templated":true}]}}