{"id":2449,"date":"2025-04-07T20:24:00","date_gmt":"2025-04-07T20:24:00","guid":{"rendered":"https:\/\/diariodegarca.com\/2025\/04\/07\/procon-sp-multa-banco-pan-por-descumprir-cadastro-nao-me-ligue\/"},"modified":"2025-04-07T20:24:00","modified_gmt":"2025-04-07T20:24:00","slug":"procon-sp-multa-banco-pan-por-descumprir-cadastro-nao-me-ligue","status":"publish","type":"post","link":"https:\/\/diariodegarca.com\/?p=2449","title":{"rendered":"Procon-SP multa Banco Pan por descumprir cadastro &#034;N\u00e3o Me Ligue&#034;"},"content":{"rendered":"<p><div class=\"separator\" style=\"clear: both;text-align: center\">\n  <a href=\"https:\/\/blogger.googleusercontent.com\/img\/a\/AVvXsEjUJ1jxmOVa2U3WXZdKbpHXmon41POdm6SOuF7_W_4tKdsgqvUCBQc-VSKMK46NWcwQeKMpJaSsLUc90vqyuBYYaINMSvQRRbfV1hjxPMbwpie1w_t_v5hEbL8DMiyNLJjel82BjyPf3tSs1R4__y2KkJhcmk56kmbZ8b7bBeTv7dIw6Gy3mv0rRvYM43E\" style=\"margin-left: 1em;margin-right: 1em\"><br \/>\n    <img decoding=\"async\" border=\"0\" src=\"https:\/\/blogger.googleusercontent.com\/img\/a\/AVvXsEjUJ1jxmOVa2U3WXZdKbpHXmon41POdm6SOuF7_W_4tKdsgqvUCBQc-VSKMK46NWcwQeKMpJaSsLUc90vqyuBYYaINMSvQRRbfV1hjxPMbwpie1w_t_v5hEbL8DMiyNLJjel82BjyPf3tSs1R4__y2KkJhcmk56kmbZ8b7bBeTv7dIw6Gy3mv0rRvYM43E\" width=\"400\"><br \/>\n  <\/a>\n<\/div>\n<p><\/p>\n<p>A Funda\u00e7\u00e3o Procon-SP aplicou uma multa de <strong>R$ 13,5 milh\u00f5es<\/strong> ao Banco Pan por desrespeitar o cadastro &#8220;N\u00e3o Me Ligue&#8221;, mecanismo que protege consumidores de liga\u00e7\u00f5es indesejadas de telemarketing. A penalidade, divulgada em 7 de abril de 2025, refor\u00e7a a obrigatoriedade de empresas interromperem contatos ap\u00f3s 30 dias da inscri\u00e7\u00e3o do n\u00famero no sistema.<\/p>\n<p>Os dados hist\u00f3ricos do Procon-SP revelam um crescimento expressivo nas reclama\u00e7\u00f5es contra o Banco Pan relacionadas as ligga\u00e7\u00f5es inoportunas. Entre 2009 e 2025, foram registradas <strong>537.069 queixas<\/strong>, com pico de <strong>107.302<\/strong> em 2021. Apesar da queda em anos recentes (31.133 em 2023), o n\u00famero de 2024 (35.432) e os <strong>9.454 casos<\/strong> j\u00e1 contabilizados at\u00e9 mar\u00e7o de 2025 indicam desafios cont\u00ednuos na fiscaliza\u00e7\u00e3o.<\/p>\n<p>O cadastro, que conta com <strong>3,5 milh\u00f5es de telefones registrados<\/strong> em S\u00e3o Paulo, exige que empresas de telemarketing \u2014 inclusive de outros estados \u2014 respeitem a solicita\u00e7\u00e3o dos consumidores. Segundo o Procon-SP, as den\u00fancias devem incluir detalhes como data, hor\u00e1rio e identifica\u00e7\u00e3o da empresa, dispon\u00edveis no site oficial (<strong><a href=\"http:\/\/www.procon.sp.gov.br\">www.procon.sp.gov.br<\/a><\/strong>).<\/p>\n<p>A multa ao Banco Pan considerou a gravidade das infra\u00e7\u00f5es e o porte da institui\u00e7\u00e3o, conforme o C\u00f3digo de Defesa do Consumidor. A empresa pode recorrer da decis\u00e3o. O caso serve de alerta para o setor, j\u00e1 que viola\u00e7\u00f5es ao &#8220;N\u00e3o Me Ligue&#8221; n\u00e3o apenas geram san\u00e7\u00f5es financeiras, mas tamb\u00e9m impactam a confian\u00e7a do p\u00fablico.<\/p>\n","protected":false},"excerpt":{"rendered":"<p>A Funda\u00e7\u00e3o Procon-SP aplicou uma multa de R$ 13,5 milh\u00f5es ao Banco Pan por desrespeitar o cadastro &#8220;N\u00e3o Me Ligue&#8221;, mecanismo que protege consumidores de liga\u00e7\u00f5es indesejadas de telemarketing. A penalidade, divulgada em 7 de abril de 2025, refor\u00e7a a obrigatoriedade de empresas interromperem contatos ap\u00f3s 30 dias da inscri\u00e7\u00e3o do n\u00famero no sistema. Os [&hellip;]<\/p>\n","protected":false},"author":260896546,"featured_media":0,"comment_status":"open","ping_status":"open","sticky":false,"template":"","format":"standard","meta":{"_monsterinsights_skip_tracking":false,"advanced_seo_description":"","jetpack_seo_html_title":"","jetpack_seo_noindex":false,"jetpack_seo_schema_type":"","_jetpack_newsletter_access":"","_jetpack_dont_email_post_to_subs":false,"_jetpack_newsletter_tier_id":0,"_jetpack_memberships_contains_paywalled_content":false,"_wpcom_ai_launchpad_first_post":false,"_jetpack_feature_clip_id":0,"_jetpack_memberships_contains_paid_content":false,"footnotes":"","jetpack_publicize_message":"{title}\n\n{excerpt}\n\n{url}","jetpack_publicize_feature_enabled":true,"jetpack_social_post_already_shared":false,"jetpack_social_options":{"image_generator_settings":{"template":"fullscreen","default_image_id":0,"font":"","enabled":false},"version":2},"_wpas_customize_per_network":false,"jetpack_post_was_ever_published":false},"categories":[38185],"tags":[137718,948934],"class_list":["post-2449","post","type-post","status-publish","format-standard","hentry","category-brasil","tag-consumidor","tag-procon"],"jetpack_publicize_connections":[],"jetpack_likes_enabled":true,"jetpack_sharing_enabled":true,"jetpack_shortlink":"https:\/\/wp.me\/pgitne-Dv","jetpack-related-posts":[{"id":4261,"url":"https:\/\/diariodegarca.com\/?p=4261","url_meta":{"origin":2449,"position":0},"title":"Banco Pan \u00e9 multado em R$ 13 milh\u00f5es por descontos indevidos e cl\u00e1usulas abusivas","author":"Di\u00e1rio de Gar\u00e7a","date":"25 de junho de 2025","format":false,"excerpt":"Procon-SP identificou cobran\u00e7as n\u00e3o autorizadas de empr\u00e9stimos consignados e termos de uso que violam direitos do consumidor O Banco Pan foi autuado pelo Procon-SP no valor de\u00a0R$ 13.522.436,17\u00a0por descontos n\u00e3o autorizados em contas correntes de clientes e por incluir\u00a0cl\u00e1usulas abusivas\u00a0em seus Termos de Uso. A penalidade, aplicada com base no\u00a0C\u00f3digo\u2026","rel":"","context":"Em &quot;Finan\u00e7as&quot;","block_context":{"text":"Finan\u00e7as","link":"https:\/\/diariodegarca.com\/?cat=185853"},"img":{"alt_text":"","src":"https:\/\/i0.wp.com\/diariodegarca.com\/wp-content\/uploads\/2025\/06\/banco-e1631551631520.webp?fit=1024%2C675&ssl=1&resize=350%2C200","width":350,"height":200,"srcset":"https:\/\/i0.wp.com\/diariodegarca.com\/wp-content\/uploads\/2025\/06\/banco-e1631551631520.webp?fit=1024%2C675&ssl=1&resize=350%2C200 1x, https:\/\/i0.wp.com\/diariodegarca.com\/wp-content\/uploads\/2025\/06\/banco-e1631551631520.webp?fit=1024%2C675&ssl=1&resize=525%2C300 1.5x, https:\/\/i0.wp.com\/diariodegarca.com\/wp-content\/uploads\/2025\/06\/banco-e1631551631520.webp?fit=1024%2C675&ssl=1&resize=700%2C400 2x"},"classes":[]},{"id":2775,"url":"https:\/\/diariodegarca.com\/?p=2775","url_meta":{"origin":2449,"position":1},"title":"Instrutor de autoescola \u00e9 preso por registrar &#034;aulas-fantasmas&#034; em Piraju\u00ed","author":"Di\u00e1rio de Gar\u00e7a","date":"21 de fevereiro de 2025","format":false,"excerpt":"Um instrutor de autoescola foi preso em flagrante na quinta-feira, dia 20 de fevereiro, em Piraju\u00ed, ap\u00f3s fiscaliza\u00e7\u00e3o do Departamento Estadual de Tr\u00e2nsito (Detran) identificar a inser\u00e7\u00e3o de aulas n\u00e3o realizadas no sistema do \u00f3rg\u00e3o. O caso, semelhante a uma ocorr\u00eancia registrada em Gar\u00e7a no m\u00eas anterior, revela mais uma\u2026","rel":"","context":"Em &quot;Brasil&quot;","block_context":{"text":"Brasil","link":"https:\/\/diariodegarca.com\/?cat=38185"},"img":{"alt_text":"","src":"","width":0,"height":0},"classes":[]},{"id":4696,"url":"https:\/\/diariodegarca.com\/?p=4696","url_meta":{"origin":2449,"position":2},"title":"Procon-SP multa Ita\u00fa Consignado em R$ 5,8 milh\u00f5es por descontos indevidos","author":"Di\u00e1rio de Gar\u00e7a","date":"15 de julho de 2025","format":false,"excerpt":"Institui\u00e7\u00e3o n\u00e3o comprovou legalidade nas autoriza\u00e7\u00f5es para descontos diretos em contas de consumidores, violando o C\u00f3digo de Defesa do Consumidor. O Procon-SP multou o Banco Ita\u00fa Consignado S\/A em R$ 5.842.228,84 ap\u00f3s constatar descontos indevidos em benef\u00edcios previdenci\u00e1rios de consumidores. A autarquia identificou que a institui\u00e7\u00e3o realizou d\u00e9bitos diretos em\u2026","rel":"","context":"Em &quot;Fiscaliza\u00e7\u00e3o&quot;","block_context":{"text":"Fiscaliza\u00e7\u00e3o","link":"https:\/\/diariodegarca.com\/?cat=1192752"},"img":{"alt_text":"","src":"","width":0,"height":0},"classes":[]},{"id":2888,"url":"https:\/\/diariodegarca.com\/?p=2888","url_meta":{"origin":2449,"position":3},"title":"Procon-SP multa loja online Yeesco em R$ 142 mil por descumprimento de prazos e pr\u00e1ticas abusivas","author":"Di\u00e1rio de Gar\u00e7a","date":"6 de fevereiro de 2025","format":false,"excerpt":"O Procon-SP aplicou, na ter\u00e7a-feira, dia 4 de fevereiro, uma multa de R$ 142 mil \u00e0 Yeesco Ind\u00fastria e Com\u00e9rcio de Confec\u00e7\u00f5es, empresa que ocupa o terceiro lugar no ranking de reclama\u00e7\u00f5es do \u00f3rg\u00e3o, com mais de 21,5 mil registros de consumidores. A san\u00e7\u00e3o foi motivada por descumprimento de prazos\u2026","rel":"","context":"Em &quot;Brasil&quot;","block_context":{"text":"Brasil","link":"https:\/\/diariodegarca.com\/?cat=38185"},"img":{"alt_text":"","src":"","width":0,"height":0},"classes":[]},{"id":2796,"url":"https:\/\/diariodegarca.com\/?p=2796","url_meta":{"origin":2449,"position":4},"title":"Procon-SP esclarece descumprimento da lei e orienta consumidores sobre a falta de precifica\u00e7\u00e3o em vitrines de Gar\u00e7a","author":"Di\u00e1rio de Gar\u00e7a","date":"18 de fevereiro de 2025","format":false,"excerpt":"Na cidade de Gar\u00e7a, a falta de pre\u00e7os vis\u00edveis em vitrines tem gerado confus\u00e3o e frustra\u00e7\u00e3o entre os consumidores. Enquanto alguns desistem da compra ao descobrir o real valor cobrado pelo produto, outros, pressionados por atendentes, acabam cedendo e adquirindo mercadorias que consideram caras. Uma simples caminhada pelas lojas da\u2026","rel":"","context":"Em &quot;Brasil&quot;","block_context":{"text":"Brasil","link":"https:\/\/diariodegarca.com\/?cat=38185"},"img":{"alt_text":"","src":"","width":0,"height":0},"classes":[]},{"id":9794,"url":"https:\/\/diariodegarca.com\/?p=9794","url_meta":{"origin":2449,"position":5},"title":"Procon-SP multa WePink em R$ 1,5 milh\u00e3o por falhas na entrega e falta de transpar\u00eancia","author":"Di\u00e1rio de Gar\u00e7a","date":"6 de janeiro de 2026","format":false,"excerpt":"Fiscaliza\u00e7\u00e3o apontou descumprimento de prazos, dificuldades no estorno de valores e irregularidades no site da empresa de cosm\u00e9ticos A empresa Savi Cosm\u00e9ticos Ltda., conhecida comercialmente como WePink, foi multada pelo Procon-SP em R$ 1.566.416,66 por infra\u00e7\u00f5es ao C\u00f3digo de Defesa do Consumidor (CDC). A penalidade \u00e9 resultado de uma fiscaliza\u00e7\u00e3o\u2026","rel":"","context":"Em &quot;Brasil&quot;","block_context":{"text":"Brasil","link":"https:\/\/diariodegarca.com\/?cat=38185"},"img":{"alt_text":"","src":"https:\/\/i0.wp.com\/diariodegarca.com\/wp-content\/uploads\/2026\/01\/wepink.jpg?fit=1080%2C610&ssl=1&resize=350%2C200","width":350,"height":200,"srcset":"https:\/\/i0.wp.com\/diariodegarca.com\/wp-content\/uploads\/2026\/01\/wepink.jpg?fit=1080%2C610&ssl=1&resize=350%2C200 1x, https:\/\/i0.wp.com\/diariodegarca.com\/wp-content\/uploads\/2026\/01\/wepink.jpg?fit=1080%2C610&ssl=1&resize=525%2C300 1.5x, https:\/\/i0.wp.com\/diariodegarca.com\/wp-content\/uploads\/2026\/01\/wepink.jpg?fit=1080%2C610&ssl=1&resize=700%2C400 2x, https:\/\/i0.wp.com\/diariodegarca.com\/wp-content\/uploads\/2026\/01\/wepink.jpg?fit=1080%2C610&ssl=1&resize=1050%2C600 3x"},"classes":[]}],"jetpack_featured_media_url":"","_links":{"self":[{"href":"https:\/\/diariodegarca.com\/index.php?rest_route=\/wp\/v2\/posts\/2449","targetHints":{"allow":["GET"]}}],"collection":[{"href":"https:\/\/diariodegarca.com\/index.php?rest_route=\/wp\/v2\/posts"}],"about":[{"href":"https:\/\/diariodegarca.com\/index.php?rest_route=\/wp\/v2\/types\/post"}],"author":[{"embeddable":true,"href":"https:\/\/diariodegarca.com\/index.php?rest_route=\/wp\/v2\/users\/260896546"}],"replies":[{"embeddable":true,"href":"https:\/\/diariodegarca.com\/index.php?rest_route=%2Fwp%2Fv2%2Fcomments&post=2449"}],"version-history":[{"count":0,"href":"https:\/\/diariodegarca.com\/index.php?rest_route=\/wp\/v2\/posts\/2449\/revisions"}],"wp:attachment":[{"href":"https:\/\/diariodegarca.com\/index.php?rest_route=%2Fwp%2Fv2%2Fmedia&parent=2449"}],"wp:term":[{"taxonomy":"category","embeddable":true,"href":"https:\/\/diariodegarca.com\/index.php?rest_route=%2Fwp%2Fv2%2Fcategories&post=2449"},{"taxonomy":"post_tag","embeddable":true,"href":"https:\/\/diariodegarca.com\/index.php?rest_route=%2Fwp%2Fv2%2Ftags&post=2449"}],"curies":[{"name":"wp","href":"https:\/\/api.w.org\/{rel}","templated":true}]}}