{"id":2472,"date":"2025-04-04T13:17:00","date_gmt":"2025-04-04T13:17:00","guid":{"rendered":"https:\/\/diariodegarca.com\/2025\/04\/04\/oficina-em-garca-ensina-tecnicas-profissionais-de-fotografia-com-celular\/"},"modified":"2025-04-04T13:17:00","modified_gmt":"2025-04-04T13:17:00","slug":"oficina-em-garca-ensina-tecnicas-profissionais-de-fotografia-com-celular","status":"publish","type":"post","link":"https:\/\/diariodegarca.com\/?p=2472","title":{"rendered":"Oficina em Gar\u00e7a ensina t\u00e9cnicas profissionais de fotografia com celular"},"content":{"rendered":"<div class=\"separator\" style=\"clear: both;text-align: center\"><a href=\"https:\/\/i0.wp.com\/blogger.googleusercontent.com\/img\/b\/R29vZ2xl\/AVvXsEhgcBlaYd2Bz5JAtwSFykvN96ig088jc3KuKJniQ-WK-HUtahcFAG9g89Be5JzAZGT9y-6EhB8ri5eB21j01dq6DEoHrRfCdbl7hyMyXfUNqT4wL8wReyDbmK-hLvUVrunjk9ZsYYmnbbaqGsidOY8uzh22BX6Z18m3JQzt3ZwoMYKPe05XqPjWErFduc4\/s1080\/Snapins.ai_488249817_17861076126384728_2226993721030419857_n_1080.jpg?ssl=1\" style=\"margin-left: 1em;margin-right: 1em\"><img data-recalc-dims=\"1\" loading=\"lazy\" decoding=\"async\" border=\"0\" height=\"320\" src=\"https:\/\/i0.wp.com\/blogger.googleusercontent.com\/img\/b\/R29vZ2xl\/AVvXsEhgcBlaYd2Bz5JAtwSFykvN96ig088jc3KuKJniQ-WK-HUtahcFAG9g89Be5JzAZGT9y-6EhB8ri5eB21j01dq6DEoHrRfCdbl7hyMyXfUNqT4wL8wReyDbmK-hLvUVrunjk9ZsYYmnbbaqGsidOY8uzh22BX6Z18m3JQzt3ZwoMYKPe05XqPjWErFduc4\/s320\/Snapins.ai_488249817_17861076126384728_2226993721030419857_n_1080.jpg?resize=320%2C320&#038;ssl=1\" width=\"320\" \/><\/a><\/div>\n<p><\/p>\n<h1><span style=\"font-size: 16.002px\">Est\u00e3o abertas as inscri\u00e7\u00f5es para a<\/span><span style=\"font-size: 16.002px\">\u00a0<\/span><strong style=\"font-size: 16.002px\">Oficina Fotografando com Celular<\/strong><span style=\"font-size: 16.002px\">, um curso presencial e gratuito que promete transformar a maneira como os participantes registram imagens usando apenas seus smartphones. A atividade, realizada em<\/span><span style=\"font-size: 16.002px\">\u00a0<\/span><strong style=\"font-size: 16.002px\">Gar\u00e7a (SP)<\/strong><span style=\"font-size: 16.002px\">, \u00e9 voltada para maiores de 14 anos e ocorrer\u00e1 na<\/span><span style=\"font-size: 16.002px\">\u00a0<\/span><strong style=\"font-size: 16.002px\">Biblioteca Municipal<\/strong><span style=\"font-size: 16.002px\">, localizada na<\/span><span style=\"font-size: 16.002px\">\u00a0<\/span><strong style=\"font-size: 16.002px\">Av. Rafael Paes de Barros, n\u00ba 522, Bairro Williams<\/strong><span style=\"font-size: 16.002px\">.<\/span><\/h1>\n<p>Com\u00a0<strong>dura\u00e7\u00e3o de 4 horas<\/strong>, a oficina abordar\u00e1 desde configura\u00e7\u00f5es b\u00e1sicas da c\u00e2mera do celular at\u00e9 t\u00e9cnicas avan\u00e7adas de edi\u00e7\u00e3o, permitindo que at\u00e9 mesmo iniciantes produzam fotos de qualidade profissional.\u00a0<\/p>\n<p>As vagas s\u00e3o\u00a0<strong>limitadas a 30 participantes<\/strong>, e as inscri\u00e7\u00f5es podem ser feitas\u00a0<strong>pelo WhatsApp da Secretaria de Cultura (14) 99607-9412 (apenas mensagens)<\/strong>\u00a0ou\u00a0<strong>via formul\u00e1rio online<\/strong>:<\/p>\n<p>\ud83d\udd17\u00a0<strong><a href=\"https:\/\/docs.google.com\/forms\/d\/e\/1FAIpQLSdeQbZSVEFSB8fB6CLC3MZ0st6NYY7AiOe-mMC4JqRxBhpNQQ\/viewform\" rel=\"noreferrer\" style=\"border-bottom: 2px solid rgba(var(--ds-rgba-transparent));border-left: 3px solid rgba(var(--ds-rgba-transparent));border-radius: calc(var(--ds-md-zoom)*6px);border-right: 3px solid rgba(var(--ds-rgba-transparent));border-top: 2px solid rgba(var(--ds-rgba-transparent));margin-left: -3px;margin-right: -3px;position: relative\" target=\"_blank\">Link para inscri\u00e7\u00e3o<\/a><\/strong><\/p>\n<p><\/p>\n<h2><strong>O que os participantes v\u00e3o aprender?<\/strong><\/h2>\n<p>\u2714\u00a0<strong>Funcionalidades da c\u00e2mera<\/strong>\u00a0\u2013 Ajustes de exposi\u00e7\u00e3o, foco, ISO e enquadramento.<br \/>\u2714\u00a0<strong>Acess\u00f3rios \u00fateis<\/strong>\u00a0\u2013 Como utilizar trip\u00e9s, lentes externas e iluminadores para melhorar as fotos.<br \/>\u2714\u00a0<strong>T\u00e9cnicas de composi\u00e7\u00e3o<\/strong>\u00a0\u2013 Regras b\u00e1sicas para imagens mais harmoniosas e criativas.<br \/>\u2714\u00a0<strong>Ilumina\u00e7\u00e3o natural e artificial<\/strong>\u00a0\u2013 Como aproveitar diferentes fontes de luz.<br \/>\u2714\u00a0<strong>Edi\u00e7\u00e3o em apps populares<\/strong>\u00a0\u2013 Dicas para real\u00e7ar fotos diretamente no celular.<\/p>\n<p>Al\u00e9m da parte te\u00f3rica, a oficina contar\u00e1 com\u00a0<strong>exerc\u00edcios pr\u00e1ticos<\/strong>, onde os alunos poder\u00e3o testar diferentes \u00e2ngulos, planos e efeitos de luz, colocando em pr\u00e1tica todo o conhecimento adquirido.<\/p>\n<p><span style=\"font-size: 16.002px;font-weight: var(--ds-font-weight-strong)\">N\u00e3o \u00e9 necess\u00e1rio ter experi\u00eancia pr\u00e9via em fotografia, mas \u00e9 necess\u00e1rio levar um celular. Uma \u00f3tima oportunidade para quem deseja<\/span><span style=\"font-size: 16.002px;font-weight: var(--ds-font-weight-strong)\">\u00a0<\/span><strong style=\"font-size: 16.002px\">elevar a qualidade das suas fotos<\/strong><span style=\"font-size: 16.002px;font-weight: var(--ds-font-weight-strong)\">\u00a0<\/span><span style=\"font-size: 16.002px;font-weight: var(--ds-font-weight-strong)\">e explorar todo o potencial do smartphone.<\/span><\/p>\n","protected":false},"excerpt":{"rendered":"<p>Est\u00e3o abertas as inscri\u00e7\u00f5es para a\u00a0Oficina Fotografando com Celular, um curso presencial e gratuito que promete transformar a maneira como os participantes registram imagens usando apenas seus smartphones. A atividade, realizada em\u00a0Gar\u00e7a (SP), \u00e9 voltada para maiores de 14 anos e ocorrer\u00e1 na\u00a0Biblioteca Municipal, localizada na\u00a0Av. Rafael Paes de Barros, n\u00ba 522, Bairro Williams. Com\u00a0dura\u00e7\u00e3o [&hellip;]<\/p>\n","protected":false},"author":260896546,"featured_media":0,"comment_status":"open","ping_status":"open","sticky":false,"template":"","format":"standard","meta":{"_crdt_document":"","_monsterinsights_skip_tracking":false,"_monsterinsights_sitenote_active":false,"_monsterinsights_sitenote_note":"","_monsterinsights_sitenote_category":0,"advanced_seo_description":"","jetpack_seo_html_title":"","jetpack_seo_noindex":false,"jetpack_post_was_ever_published":false,"_jetpack_newsletter_access":"","_jetpack_dont_email_post_to_subs":false,"_jetpack_newsletter_tier_id":0,"_jetpack_memberships_contains_paywalled_content":false,"_jetpack_memberships_contains_paid_content":false,"footnotes":"","jetpack_publicize_message":"","jetpack_publicize_feature_enabled":true,"jetpack_social_post_already_shared":false,"jetpack_social_options":{"image_generator_settings":{"template":"fullscreen","default_image_id":0,"font":"","enabled":false},"version":2},"_wpas_customize_per_network":false},"categories":[38185],"tags":[781171801,781171790,69028],"class_list":["post-2472","post","type-post","status-publish","format-standard","hentry","category-brasil","tag-brasil","tag-cultura","tag-oficina"],"jetpack_publicize_connections":[],"jetpack_featured_media_url":"","jetpack_likes_enabled":true,"jetpack_sharing_enabled":true,"jetpack_shortlink":"https:\/\/wp.me\/pgitne-DS","jetpack-related-posts":[{"id":5572,"url":"https:\/\/diariodegarca.com\/?p=5572","url_meta":{"origin":2472,"position":0},"title":"Pontos MIS oferece oficina gratuita &#8220;Cinema com Celular&#8221; em Mar\u00edlia","author":"Di\u00e1rio de Gar\u00e7a","date":"14 de agosto de 2025","format":false,"excerpt":"Atividade ser\u00e1 ministrada pelo cineasta Ralph Friedericks e ensinar\u00e1 t\u00e9cnicas para produzir curtas-metragens utilizando smartphones. O Pontos MIS, programa de difus\u00e3o cultural do Museu da Imagem e do Som de S\u00e3o Paulo, promove em Mar\u00edlia a oficina gratuita\u00a0\"Cinema com Celular\", no dia\u00a029 de agosto, \u00e0s\u00a018h30. A atividade ser\u00e1 realizada na\u00a0Sala\u2026","rel":"","context":"Em &quot;Cultura&quot;","block_context":{"text":"Cultura","link":"https:\/\/diariodegarca.com\/?cat=2367"},"img":{"alt_text":"","src":"https:\/\/i0.wp.com\/diariodegarca.com\/wp-content\/uploads\/2025\/08\/ralph-friedericks_pontos-mis-500x250-1.jpg?fit=500%2C250&ssl=1&resize=350%2C200","width":350,"height":200},"classes":[]},{"id":8536,"url":"https:\/\/diariodegarca.com\/?p=8536","url_meta":{"origin":2472,"position":1},"title":"Oficinas gratuitas de fotografia com Melissa Szymanski ocorrem em Mar\u00edlia e Gar\u00e7a","author":"Andreza Sega","date":"7 de novembro de 2025","format":false,"excerpt":"Dois m\u00f3dulos complementares, \"Para Iniciantes\" e \"Desobedecendo \u00e0s Regras\", ser\u00e3o ministrados pela experiente fot\u00f3grafa em datas e locais diferentes; inscri\u00e7\u00f5es s\u00e3o separadas para cada cidade. A fot\u00f3grafa e educadora\u00a0Melissa Szymanski\u00a0ministrar\u00e1 duas oficinas gratuitas de fotografia na regi\u00e3o, Por meio do programa Pontos MIS. Os eventos acontecer\u00e3o em Mar\u00edlia e Gar\u00e7a,\u2026","rel":"","context":"Em &quot;Cultura&quot;","block_context":{"text":"Cultura","link":"https:\/\/diariodegarca.com\/?cat=2367"},"img":{"alt_text":"","src":"https:\/\/i0.wp.com\/diariodegarca.com\/wp-content\/uploads\/2025\/11\/not_20230614154122.jpg?fit=623%2C400&ssl=1&resize=350%2C200","width":350,"height":200,"srcset":"https:\/\/i0.wp.com\/diariodegarca.com\/wp-content\/uploads\/2025\/11\/not_20230614154122.jpg?fit=623%2C400&ssl=1&resize=350%2C200 1x, https:\/\/i0.wp.com\/diariodegarca.com\/wp-content\/uploads\/2025\/11\/not_20230614154122.jpg?fit=623%2C400&ssl=1&resize=525%2C300 1.5x"},"classes":[]},{"id":2619,"url":"https:\/\/diariodegarca.com\/?p=2619","url_meta":{"origin":2472,"position":2},"title":"Curso de fotografia comercial com celular para empreendedores","author":"Di\u00e1rio de Gar\u00e7a","date":"14 de mar\u00e7o de 2025","format":false,"excerpt":"Em um mercado cada vez mais digital, a qualidade das fotografias pode ser decisiva para o sucesso das vendas online. Pensando nisso, o SEBRAE Aqui, em parceria com as Prefeituras de Alvinl\u00e2ndia e Lup\u00e9rcio, est\u00e1 oferecendo o curso \"Aprenda t\u00e9cnicas para realizar fotografia comercial com celular\" para empreendedores residentes em\u2026","rel":"","context":"Em &quot;Brasil&quot;","block_context":{"text":"Brasil","link":"https:\/\/diariodegarca.com\/?cat=38185"},"img":{"alt_text":"","src":"","width":0,"height":0},"classes":[]},{"id":2403,"url":"https:\/\/diariodegarca.com\/?p=2403","url_meta":{"origin":2472,"position":3},"title":"Primeira Mostra Cine Fogueira celebra o cinema regional no Vale da Gra\u00e7a","author":"Di\u00e1rio de Gar\u00e7a","date":"11 de abril de 2025","format":false,"excerpt":"\u00a0No feriado prolongado de P\u00e1scoa e Tiradentes, de 18 a 21 de abril, o Vale da Gra\u00e7a, em Vera Cruz, recebe a\u00a0Primeira Mostra Cine Fogueira, um evento exclusivo para h\u00f3spedes e acampantes do local. Com 24 filmes de cinco cidades do interior paulista \u2014\u00a0Assis, Bauru, Gar\u00e7a, Mar\u00edlia e Rio Claro\u00a0\u2014\u2026","rel":"","context":"Em &quot;Brasil&quot;","block_context":{"text":"Brasil","link":"https:\/\/diariodegarca.com\/?cat=38185"},"img":{"alt_text":"","src":"https:\/\/i0.wp.com\/blogger.googleusercontent.com\/img\/b\/R29vZ2xl\/AVvXsEhhs22H5laML8gHt5CquaaOtLa3dvW-JcurU8jOk8uCdcXpVMD6i2HvRz_raLITbfTlG-MB4MICEc5obvpdLNdGZ7C4wFb_YBc-g7g1gSPlnbqWxxmm1c7iEat-5sl-5DxSFH4guk-LMBr7_kEtxfkZdDvvD8HPADNrv5gqCNoRBnDKCdZ3jGnuBFpNd-k\/s320\/WhatsApp%20Image%202025-04-11%20at%2010.03.00.jpeg?resize=350%2C200&ssl=1","width":350,"height":200},"classes":[]},{"id":2661,"url":"https:\/\/diariodegarca.com\/?p=2661","url_meta":{"origin":2472,"position":4},"title":"Senar-SP lan\u00e7a Concurso Fotogr\u00e1fico 2025 com tema &#034;Cuidando da Terra, Alimentando Vidas&#034;","author":"Di\u00e1rio de Gar\u00e7a","date":"10 de mar\u00e7o de 2025","format":false,"excerpt":"O Servi\u00e7o Nacional de Aprendizagem Rural (Senar-SP) est\u00e1 com inscri\u00e7\u00f5es abertas para a edi\u00e7\u00e3o 2025 do Concurso Fotogr\u00e1fico, que traz o tema \"Cuidando da Terra, Alimentando Vidas\". O objetivo \u00e9 destacar a import\u00e2ncia do campo, da produ\u00e7\u00e3o de alimentos e da sustentabilidade, conectando o p\u00fablico urbano ao universo rural. \ud83d\udcc5\u2026","rel":"","context":"Em &quot;Brasil&quot;","block_context":{"text":"Brasil","link":"https:\/\/diariodegarca.com\/?cat=38185"},"img":{"alt_text":"","src":"","width":0,"height":0},"classes":[]},{"id":8902,"url":"https:\/\/diariodegarca.com\/?p=8902","url_meta":{"origin":2472,"position":5},"title":"Oficina gratuita em Mar\u00edlia ensina a produzir curtas-metragens com recursos limitados","author":"Andreza Sega","date":"22 de novembro de 2025","format":false,"excerpt":"Ministrada pelo cineasta Cristiano Anechini, a forma\u00e7\u00e3o de dois dias percorre toda a jornada criativa, do roteiro \u00e0 finaliza\u00e7\u00e3o, democratizando o acesso \u00e0 produ\u00e7\u00e3o audiovisual. Para aspirantes a cineastas e entusiastas do cinema, surge uma oportunidade de aprender os fundamentos da s\u00e9tima arte com oficina promovida pela Alumiar Filmes, Kannon\u2026","rel":"","context":"Em &quot;Cinema&quot;","block_context":{"text":"Cinema","link":"https:\/\/diariodegarca.com\/?cat=597"},"img":{"alt_text":"","src":"https:\/\/i0.wp.com\/diariodegarca.com\/wp-content\/uploads\/2025\/11\/um-cinegrafista-gravando-uma-cerimonia-de-casamento-usando-camera-em-um-tripe.jpg?fit=1200%2C675&ssl=1&resize=350%2C200","width":350,"height":200,"srcset":"https:\/\/i0.wp.com\/diariodegarca.com\/wp-content\/uploads\/2025\/11\/um-cinegrafista-gravando-uma-cerimonia-de-casamento-usando-camera-em-um-tripe.jpg?fit=1200%2C675&ssl=1&resize=350%2C200 1x, https:\/\/i0.wp.com\/diariodegarca.com\/wp-content\/uploads\/2025\/11\/um-cinegrafista-gravando-uma-cerimonia-de-casamento-usando-camera-em-um-tripe.jpg?fit=1200%2C675&ssl=1&resize=525%2C300 1.5x, https:\/\/i0.wp.com\/diariodegarca.com\/wp-content\/uploads\/2025\/11\/um-cinegrafista-gravando-uma-cerimonia-de-casamento-usando-camera-em-um-tripe.jpg?fit=1200%2C675&ssl=1&resize=700%2C400 2x, https:\/\/i0.wp.com\/diariodegarca.com\/wp-content\/uploads\/2025\/11\/um-cinegrafista-gravando-uma-cerimonia-de-casamento-usando-camera-em-um-tripe.jpg?fit=1200%2C675&ssl=1&resize=1050%2C600 3x"},"classes":[]}],"_links":{"self":[{"href":"https:\/\/diariodegarca.com\/index.php?rest_route=\/wp\/v2\/posts\/2472","targetHints":{"allow":["GET"]}}],"collection":[{"href":"https:\/\/diariodegarca.com\/index.php?rest_route=\/wp\/v2\/posts"}],"about":[{"href":"https:\/\/diariodegarca.com\/index.php?rest_route=\/wp\/v2\/types\/post"}],"author":[{"embeddable":true,"href":"https:\/\/diariodegarca.com\/index.php?rest_route=\/wp\/v2\/users\/260896546"}],"replies":[{"embeddable":true,"href":"https:\/\/diariodegarca.com\/index.php?rest_route=%2Fwp%2Fv2%2Fcomments&post=2472"}],"version-history":[{"count":0,"href":"https:\/\/diariodegarca.com\/index.php?rest_route=\/wp\/v2\/posts\/2472\/revisions"}],"wp:attachment":[{"href":"https:\/\/diariodegarca.com\/index.php?rest_route=%2Fwp%2Fv2%2Fmedia&parent=2472"}],"wp:term":[{"taxonomy":"category","embeddable":true,"href":"https:\/\/diariodegarca.com\/index.php?rest_route=%2Fwp%2Fv2%2Fcategories&post=2472"},{"taxonomy":"post_tag","embeddable":true,"href":"https:\/\/diariodegarca.com\/index.php?rest_route=%2Fwp%2Fv2%2Ftags&post=2472"}],"curies":[{"name":"wp","href":"https:\/\/api.w.org\/{rel}","templated":true}]}}