{"id":2488,"date":"2025-04-02T20:05:00","date_gmt":"2025-04-02T20:05:00","guid":{"rendered":"https:\/\/diariodegarca.com\/2025\/04\/02\/homem-e-preso-por-receptacao-em-echapora\/"},"modified":"2025-04-02T20:05:00","modified_gmt":"2025-04-02T20:05:00","slug":"homem-e-preso-por-receptacao-em-echapora","status":"publish","type":"post","link":"https:\/\/diariodegarca.com\/?p=2488","title":{"rendered":"Homem \u00e9 preso por recepta\u00e7\u00e3o em Echapor\u00e3"},"content":{"rendered":"<div class=\"separator\" style=\"clear: both;text-align: center\">\n  <a href=\"https:\/\/blogger.googleusercontent.com\/img\/a\/AVvXsEhQP5KriCVzctLbSuGybXv7J9DnYFdgnElaJ4qX5SSUlhfoubsXTDS0FSFoIqEr46Th5br6B8fjMRIrc8xt-t8Tq0h88T3J0SDXws80EC7EDLo6_sdyL1CQqglDKzkuJsrqoC6YH9sKANMS6YzLG76kJB-Pswguq0KLiXqh5-Rur_7h4G-dM69Rx8exxks\" style=\"margin-left: 1em;margin-right: 1em\"><br \/>\n    <img decoding=\"async\" border=\"0\" src=\"https:\/\/blogger.googleusercontent.com\/img\/a\/AVvXsEhQP5KriCVzctLbSuGybXv7J9DnYFdgnElaJ4qX5SSUlhfoubsXTDS0FSFoIqEr46Th5br6B8fjMRIrc8xt-t8Tq0h88T3J0SDXws80EC7EDLo6_sdyL1CQqglDKzkuJsrqoC6YH9sKANMS6YzLG76kJB-Pswguq0KLiXqh5-Rur_7h4G-dM69Rx8exxks\" width=\"400\"><br \/>\n  <\/a>\n<\/div>\n<p><\/p>\n<div><\/div>\n<div>Na manh\u00e3 de quarta-feira, dia 2 de abril, policiais militares do 9\u00ba Batalh\u00e3o de Pol\u00edcia Militar do Interior cumpriram um mandado de pris\u00e3o contra um homem condenado por recepta\u00e7\u00e3o na cidade de Echapor\u00e3. A a\u00e7\u00e3o ocorreu por volta das 09h30, na rua Guapor\u00e9, ap\u00f3s abordagem de rotina.\u00a0\u00a0<\/div>\n<div><\/div>\n<div>De acordo com informa\u00e7\u00f5es da corpora\u00e7\u00e3o, o indiv\u00edduo, cuja identidade n\u00e3o foi divulgada, n\u00e3o portava nenhum item il\u00edcito no momento da abordagem. No entanto, ao consultar seus antecedentes criminais, os policiais identificaram um mandado de pris\u00e3o em aberto, emitido pela Justi\u00e7a, relacionado \u00e0 condena\u00e7\u00e3o por recepta\u00e7\u00e3o de mercadorias.\u00a0\u00a0<\/div>\n<div><\/div>\n<div>A pris\u00e3o foi realizada imediatamente, seguindo os tr\u00e2mites legais. O homem foi encaminhado \u00e0 delegacia regional para os procedimentos cab\u00edveis.<\/div>\n","protected":false},"excerpt":{"rendered":"<p>Na manh\u00e3 de quarta-feira, dia 2 de abril, policiais militares do 9\u00ba Batalh\u00e3o de Pol\u00edcia Militar do Interior cumpriram um mandado de pris\u00e3o contra um homem condenado por recepta\u00e7\u00e3o na cidade de Echapor\u00e3. A a\u00e7\u00e3o ocorreu por volta das 09h30, na rua Guapor\u00e9, ap\u00f3s abordagem de rotina.\u00a0\u00a0 De acordo com informa\u00e7\u00f5es da corpora\u00e7\u00e3o, o indiv\u00edduo, [&hellip;]<\/p>\n","protected":false},"author":260896546,"featured_media":0,"comment_status":"open","ping_status":"open","sticky":false,"template":"","format":"standard","meta":{"_monsterinsights_skip_tracking":false,"advanced_seo_description":"","jetpack_seo_html_title":"","jetpack_seo_noindex":false,"jetpack_seo_schema_type":"","_jetpack_newsletter_access":"","_jetpack_dont_email_post_to_subs":false,"_jetpack_newsletter_tier_id":0,"_jetpack_memberships_contains_paywalled_content":false,"_wpcom_ai_launchpad_first_post":false,"_jetpack_feature_clip_id":0,"_jetpack_memberships_contains_paid_content":false,"footnotes":"","jetpack_publicize_message":"{title}\n\n{excerpt}\n\n{url}","jetpack_publicize_feature_enabled":true,"jetpack_social_post_already_shared":false,"jetpack_social_options":{"image_generator_settings":{"template":"fullscreen","default_image_id":0,"font":"","enabled":false},"version":2},"_wpas_customize_per_network":false,"jetpack_post_was_ever_published":false},"categories":[38185],"tags":[781171829,1036487],"class_list":["post-2488","post","type-post","status-publish","format-standard","hentry","category-brasil","tag-echapora","tag-seguranca-publica"],"jetpack_publicize_connections":[],"jetpack_likes_enabled":true,"jetpack_sharing_enabled":true,"jetpack_shortlink":"https:\/\/wp.me\/pgitne-E8","jetpack-related-posts":[{"id":6813,"url":"https:\/\/diariodegarca.com\/?p=6813","url_meta":{"origin":2488,"position":0},"title":"Em Echapor\u00e3, PM apreende de celular furtado e autua homem por recepta\u00e7\u00e3o","author":"Di\u00e1rio de Gar\u00e7a","date":"16 de setembro de 2025","format":false,"excerpt":"Ap\u00f3s tentativa de fuga, homem \u00e9 abordado por militares do 9\u00ba BPMI; consulta a sistemas policiais identificou que o aparelho em sua posse tinha registro de furto. Um flagrante de recepta\u00e7\u00e3o foi registrado pela Pol\u00edcia Militar na tarde de segunda-feira, 15 de setembro, no munic\u00edpio de Echapor\u00e3. Durante um patrulhamento\u2026","rel":"","context":"Em &quot;Echapor\u00e3&quot;","block_context":{"text":"Echapor\u00e3","link":"https:\/\/diariodegarca.com\/?cat=9098997"},"img":{"alt_text":"","src":"https:\/\/i0.wp.com\/diariodegarca.com\/wp-content\/uploads\/2025\/08\/531576471_1211820540966016_232558562964173725_n.jpg?fit=490%2C325&ssl=1&resize=350%2C200","width":350,"height":200},"classes":[]},{"id":2971,"url":"https:\/\/diariodegarca.com\/?p=2971","url_meta":{"origin":2488,"position":1},"title":"Pol\u00edcia Militar captura homem procurado por furto em Echapor\u00e3","author":"Di\u00e1rio de Gar\u00e7a","date":"23 de janeiro de 2025","format":false,"excerpt":"Na manh\u00e3 desta quinta-feira, 23 de janeiro, a Pol\u00edcia Militar, por meio de equipes do 9\u00ba Batalh\u00e3o de Pol\u00edcia Militar do Interior, efetuou a pris\u00e3o de um homem que estava sendo procurado pela Justi\u00e7a pelo crime de furto, no munic\u00edpio de Echapor\u00e3.A abordagem aconteceu por volta das 8h, durante patrulhamento\u2026","rel":"","context":"Em &quot;Brasil&quot;","block_context":{"text":"Brasil","link":"https:\/\/diariodegarca.com\/?cat=38185"},"img":{"alt_text":"","src":"","width":0,"height":0},"classes":[]},{"id":4097,"url":"https:\/\/diariodegarca.com\/?p=4097","url_meta":{"origin":2488,"position":2},"title":"Pol\u00edcia Militar registra pris\u00f5es por viol\u00eancia em Echapor\u00e3 e Mar\u00edlia","author":"Di\u00e1rio de Gar\u00e7a","date":"19 de junho de 2025","format":false,"excerpt":"Homem \u00e9 detido por tentativa de homic\u00eddio ap\u00f3s disparos em bar; em outro caso, agressor \u00e9 preso por les\u00e3o corporal e amea\u00e7a contra companheira. No interior paulista, o\u00a09\u00ba Batalh\u00e3o de Pol\u00edcia Militar do Interior (9\u00ba BPM\/I)\u00a0registrou dois casos graves de viol\u00eancia nas cidades de\u00a0Echapor\u00e3 e Mar\u00edlia, resultando na pris\u00e3o dos\u2026","rel":"","context":"Em &quot;Echapor\u00e3&quot;","block_context":{"text":"Echapor\u00e3","link":"https:\/\/diariodegarca.com\/?cat=9098997"},"img":{"alt_text":"","src":"","width":0,"height":0},"classes":[]},{"id":2567,"url":"https:\/\/diariodegarca.com\/?p=2567","url_meta":{"origin":2488,"position":3},"title":"Homem \u00e9 preso ap\u00f3s tentativa de roubo a lot\u00e9rica em Echapor\u00e3","author":"Di\u00e1rio de Gar\u00e7a","date":"21 de mar\u00e7o de 2025","format":false,"excerpt":"Nesta sexta-feira, dia 21 de mar\u00e7o, um homem foi preso pela Pol\u00edcia Militar ap\u00f3s tentar roubar uma lot\u00e9rica na cidade de Echapor\u00e3. A a\u00e7\u00e3o r\u00e1pida das equipes do 9\u00ba Batalh\u00e3o de Pol\u00edcia Militar do Interior garantiu a captura do suspeito, que foi localizado em sua resid\u00eancia ap\u00f3s dilig\u00eancias realizadas pelo\u2026","rel":"","context":"Em &quot;Brasil&quot;","block_context":{"text":"Brasil","link":"https:\/\/diariodegarca.com\/?cat=38185"},"img":{"alt_text":"","src":"","width":0,"height":0},"classes":[]},{"id":3861,"url":"https:\/\/diariodegarca.com\/?p=3861","url_meta":{"origin":2488,"position":4},"title":"Pol\u00edcia Militar desarticula rede de drogas e prende procurados em Mar\u00edlia e Echapor\u00e3","author":"Di\u00e1rio de Gar\u00e7a","date":"10 de junho de 2025","format":false,"excerpt":"Opera\u00e7\u00f5es da For\u00e7a T\u00e1tica resultam em apreens\u00e3o de entorpecentes, armas e captura de criminosos A Pol\u00edcia Militar do Estado de S\u00e3o Paulo segue atuando no combate ao crime, seja no enfrentamento ao tr\u00e1fico de drogas, na apreens\u00e3o de armas ilegais ou na captura de procurados pela justi\u00e7a. Opera\u00e7\u00f5es recentes do\u2026","rel":"","context":"Em &quot;Echapor\u00e3&quot;","block_context":{"text":"Echapor\u00e3","link":"https:\/\/diariodegarca.com\/?cat=9098997"},"img":{"alt_text":"","src":"","width":0,"height":0},"classes":[]},{"id":2741,"url":"https:\/\/diariodegarca.com\/?p=2741","url_meta":{"origin":2488,"position":5},"title":"Homem procurado por crime de persegui\u00e7\u00e3o \u00e9 preso durante patrulhamento em Echapor\u00e3","author":"Di\u00e1rio de Gar\u00e7a","date":"26 de fevereiro de 2025","format":false,"excerpt":"Na quarta-feira, dia 26 de fevereiro, equipes do 9\u00ba Batalh\u00e3o de Pol\u00edcia Militar do Interior prenderam um homem que estava com mandado de pris\u00e3o em aberto por crime de persegui\u00e7\u00e3o, previsto no artigo 147 da Lei 14.132\/21. A abordagem ocorreu por volta das 9h, durante o patrulhamento de rotina na\u2026","rel":"","context":"Em &quot;Brasil&quot;","block_context":{"text":"Brasil","link":"https:\/\/diariodegarca.com\/?cat=38185"},"img":{"alt_text":"","src":"","width":0,"height":0},"classes":[]}],"jetpack_featured_media_url":"","_links":{"self":[{"href":"https:\/\/diariodegarca.com\/index.php?rest_route=\/wp\/v2\/posts\/2488","targetHints":{"allow":["GET"]}}],"collection":[{"href":"https:\/\/diariodegarca.com\/index.php?rest_route=\/wp\/v2\/posts"}],"about":[{"href":"https:\/\/diariodegarca.com\/index.php?rest_route=\/wp\/v2\/types\/post"}],"author":[{"embeddable":true,"href":"https:\/\/diariodegarca.com\/index.php?rest_route=\/wp\/v2\/users\/260896546"}],"replies":[{"embeddable":true,"href":"https:\/\/diariodegarca.com\/index.php?rest_route=%2Fwp%2Fv2%2Fcomments&post=2488"}],"version-history":[{"count":0,"href":"https:\/\/diariodegarca.com\/index.php?rest_route=\/wp\/v2\/posts\/2488\/revisions"}],"wp:attachment":[{"href":"https:\/\/diariodegarca.com\/index.php?rest_route=%2Fwp%2Fv2%2Fmedia&parent=2488"}],"wp:term":[{"taxonomy":"category","embeddable":true,"href":"https:\/\/diariodegarca.com\/index.php?rest_route=%2Fwp%2Fv2%2Fcategories&post=2488"},{"taxonomy":"post_tag","embeddable":true,"href":"https:\/\/diariodegarca.com\/index.php?rest_route=%2Fwp%2Fv2%2Ftags&post=2488"}],"curies":[{"name":"wp","href":"https:\/\/api.w.org\/{rel}","templated":true}]}}