{"id":2491,"date":"2025-04-02T18:09:00","date_gmt":"2025-04-02T18:09:00","guid":{"rendered":"https:\/\/diariodegarca.com\/2025\/04\/02\/abril-azul-mes-de-conscientizacao-sobre-o-autismo\/"},"modified":"2025-04-02T18:09:00","modified_gmt":"2025-04-02T18:09:00","slug":"abril-azul-mes-de-conscientizacao-sobre-o-autismo","status":"publish","type":"post","link":"https:\/\/diariodegarca.com\/?p=2491","title":{"rendered":"Abril Azul: M\u00eas de Conscientiza\u00e7\u00e3o sobre o Autismo"},"content":{"rendered":"<div class=\"separator\" style=\"clear: both;text-align: center\"><a href=\"https:\/\/i0.wp.com\/blogger.googleusercontent.com\/img\/b\/R29vZ2xl\/AVvXsEglMof9KlCQ_2Ym6XzO9o4byD2V3osh16j0-4E1jYKUeuFPZiAtSVOvBPI_ic9luIb6ySK3J-R9lY6vDAoexJmwzN25ljYrEaOogIgx-VzRv7vBWNeScXVr2ApuRoNtR0zh0Q95bdXUbnuelJx0tFjSOsGieARfMHLJyqGyA2b6FYZ5Ak3t7qYcfPCAyGo\/s1080\/Abril%20azul%20conscientiza%C3%A7%C3%A3o%20sobre%20autismo%20moderno%20e%20azul%20Post%20do%20instagram.png?ssl=1\" style=\"margin-left: 1em;margin-right: 1em\"><img data-recalc-dims=\"1\" loading=\"lazy\" decoding=\"async\" border=\"0\" height=\"320\" src=\"https:\/\/i0.wp.com\/blogger.googleusercontent.com\/img\/b\/R29vZ2xl\/AVvXsEglMof9KlCQ_2Ym6XzO9o4byD2V3osh16j0-4E1jYKUeuFPZiAtSVOvBPI_ic9luIb6ySK3J-R9lY6vDAoexJmwzN25ljYrEaOogIgx-VzRv7vBWNeScXVr2ApuRoNtR0zh0Q95bdXUbnuelJx0tFjSOsGieARfMHLJyqGyA2b6FYZ5Ak3t7qYcfPCAyGo\/s320\/Abril%20azul%20conscientiza%C3%A7%C3%A3o%20sobre%20autismo%20moderno%20e%20azul%20Post%20do%20instagram.png?resize=320%2C320&#038;ssl=1\" width=\"320\" \/><\/a><\/div>\n<p><\/p>\n<p><span>O<\/span><span>\u00a0<\/span><strong>Abril Azul<\/strong><span>\u00a0<\/span><span>\u00e9 uma campanha mundial dedicada \u00e0<\/span><span>\u00a0<\/span><strong>conscientiza\u00e7\u00e3o sobre o Transtorno do Espectro Autista (TEA)<\/strong><span>, com o objetivo de<\/span><span>\u00a0<\/span><strong>promover informa\u00e7\u00e3o, combater preconceitos e incentivar a inclus\u00e3o<\/strong><span>\u00a0<\/span><span>de pessoas autistas na sociedade. A cor azul, escolhida como s\u00edmbolo da campanha, remete \u00e0 maior preval\u00eancia do diagn\u00f3stico em meninos, embora o autismo tamb\u00e9m ocorra em meninas e em todas as etnias e classes sociais.<\/span><\/p>\n<p><span><br \/><\/span><\/p>\n<p><strong>O que \u00e9 o Transtorno do Espectro Autista (TEA)?<\/strong><\/p>\n<p><span>O TEA \u00e9 uma condi\u00e7\u00e3o<\/span><span>\u00a0<\/span><strong>neurodesenvolvimental<\/strong><span>\u00a0<\/span><span>que afeta a comunica\u00e7\u00e3o, a intera\u00e7\u00e3o social e o comportamento, com manifesta\u00e7\u00f5es variadas em cada indiv\u00edduo. Por ser um<\/span><span>\u00a0<\/span><strong>&#8220;espectro&#8221;<\/strong><span>, o autismo abrange diferentes n\u00edveis de suporte necess\u00e1rio \u2013 desde pessoas que podem ter vida independente at\u00e9 aquelas que precisam de aux\u00edlio constante.<\/span><\/p>\n<p><span><br \/><\/span><\/p>\n<p><strong>Como Identificar o Autismo?<\/strong><\/p>\n<p><span>O diagn\u00f3stico do TEA \u00e9 cl\u00ednico, realizado por<\/span><span>\u00a0<\/span><strong>m\u00e9dicos, psic\u00f3logos e fonoaudi\u00f3logos<\/strong><span>, e geralmente ocorre na inf\u00e2ncia. Alguns sinais comuns incluem:<\/span><\/p>\n<\/p>\n<ul style=\"text-align: left\">\n<li><span>Dificuldade na comunica\u00e7\u00e3o verbal e n\u00e3o verbal;<\/span><\/li>\n<li><span>Interesses restritos e repetitivos;<\/span><\/li>\n<li><span>Sensibilidade sensorial (a sons, luzes ou texturas);<\/span><\/li>\n<li><span>Dificuldade em entender regras sociais.<\/span><\/li>\n<\/ul>\n<p><span>Quanto mais cedo for o diagn\u00f3stico,<\/span><span>\u00a0<\/span><strong>melhores ser\u00e3o as possibilidades de desenvolvimento<\/strong><span>\u00a0<\/span><span>com terapias como<\/span><span>\u00a0<\/span><strong>fonoaudiologia, psicologia e terapia ocupacional<\/strong><span>.<\/span><\/p>\n<p><strong><br \/><\/strong><\/p>\n<p><strong>A import\u00e2ncia do Abril Azul<\/strong><\/p>\n<p><span>A campanha \u00e9 essencial para:<\/span><\/p>\n<\/p>\n<ul style=\"text-align: left\">\n<li><strong>Combater a desinforma\u00e7\u00e3o<\/strong><span>\u00a0<\/span><span>e o estigma em torno do autismo;<\/span><\/li>\n<li><strong>Incentivar pol\u00edticas p\u00fablicas<\/strong><span>\u00a0<\/span><span>de sa\u00fade e educa\u00e7\u00e3o inclusivas;<\/span><\/li>\n<li><strong>Promover a aceita\u00e7\u00e3o<\/strong><span>\u00a0<\/span><span>das diferen\u00e7as, mostrando que autistas t\u00eam direitos e potencial.<\/span><\/li>\n<\/ul>\n<p><strong><br \/><\/strong><\/p>\n<p><strong>Como Apoiar e Incluir Pessoas Autistas?<\/strong><\/p>\n<\/p>\n<ul style=\"text-align: left\">\n<li><strong>Respeite as individualidades<\/strong><span>: Cada autista tem suas particularidades;<\/span><\/li>\n<li><strong>Pratique a paci\u00eancia<\/strong><span>: Alguns podem precisar de mais tempo para se expressar;<\/span><\/li>\n<li><strong>Promova ambientes inclusivos<\/strong><span>: Escolas e empresas devem se adaptar \u00e0s necessidades do TEA;<\/span><\/li>\n<li><strong>Evite julgamentos<\/strong><span>: Comportamentos diferentes n\u00e3o s\u00e3o &#8220;falta de educa\u00e7\u00e3o&#8221;;<\/span><\/li>\n<li><strong>Eduque-se e divulgue<\/strong><span>: Compartilhe informa\u00e7\u00f5es corretas sobre o autismo.<\/span><\/li>\n<\/ul>\n<p><span>O<\/span><span>\u00a0<\/span><strong>Abril Azul<\/strong><span>\u00a0<\/span><span>vai al\u00e9m da cor \u2013 \u00e9 um convite \u00e0<\/span><span>\u00a0<\/span><strong>empatia e \u00e0 constru\u00e7\u00e3o de uma sociedade mais acolhedora<\/strong><span>. A inclus\u00e3o de pessoas autistas n\u00e3o \u00e9 apenas um dever, mas um<\/span><span>\u00a0<\/span><strong>enriquecimento para todos<\/strong><span>, celebrando a diversidade humana.<\/span><\/p>\n","protected":false},"excerpt":{"rendered":"<p>O\u00a0Abril Azul\u00a0\u00e9 uma campanha mundial dedicada \u00e0\u00a0conscientiza\u00e7\u00e3o sobre o Transtorno do Espectro Autista (TEA), com o objetivo de\u00a0promover informa\u00e7\u00e3o, combater preconceitos e incentivar a inclus\u00e3o\u00a0de pessoas autistas na sociedade. A cor azul, escolhida como s\u00edmbolo da campanha, remete \u00e0 maior preval\u00eancia do diagn\u00f3stico em meninos, embora o autismo tamb\u00e9m ocorra em meninas e em todas [&hellip;]<\/p>\n","protected":false},"author":260896546,"featured_media":0,"comment_status":"open","ping_status":"open","sticky":false,"template":"","format":"standard","meta":{"_crdt_document":"","_monsterinsights_skip_tracking":false,"_monsterinsights_sitenote_active":false,"_monsterinsights_sitenote_note":"","_monsterinsights_sitenote_category":0,"advanced_seo_description":"","jetpack_seo_html_title":"","jetpack_seo_noindex":false,"_jetpack_newsletter_access":"","_jetpack_dont_email_post_to_subs":false,"_jetpack_newsletter_tier_id":0,"_jetpack_memberships_contains_paywalled_content":false,"_jetpack_memberships_contains_paid_content":false,"footnotes":"","jetpack_publicize_message":"","jetpack_publicize_feature_enabled":true,"jetpack_social_post_already_shared":false,"jetpack_social_options":{"image_generator_settings":{"template":"fullscreen","default_image_id":0,"font":"","enabled":false},"version":2},"_wpas_customize_per_network":false,"jetpack_post_was_ever_published":false},"categories":[38185],"tags":[781171802],"class_list":["post-2491","post","type-post","status-publish","format-standard","hentry","category-brasil","tag-saude"],"jetpack_publicize_connections":[],"jetpack_featured_media_url":"","jetpack_likes_enabled":true,"jetpack_sharing_enabled":true,"jetpack_shortlink":"https:\/\/wp.me\/pgitne-Eb","jetpack-related-posts":[{"id":2481,"url":"https:\/\/diariodegarca.com\/?p=2481","url_meta":{"origin":2491,"position":0},"title":"C\u00e2mara de Gar\u00e7a aprova requerimentos em defesa dos animais abandonados","author":"Di\u00e1rio de Gar\u00e7a","date":"3 de abril de 2025","format":false,"excerpt":"imagem ilustrativaNa 9\u00aa sess\u00e3o ordin\u00e1ria da C\u00e2mara Municipal de Gar\u00e7a, realizada na segunda-feira, 31 de mar\u00e7o, dois requerimentos voltados \u00e0 prote\u00e7\u00e3o animal foram aprovados, refor\u00e7ando o compromisso dos vereadores com a causa. As propostas, apresentadas pela vereadora Elaine Oliveira e pelo vereador Marcelo Miranda, visam melhorar o bem-estar de animais\u2026","rel":"","context":"Em &quot;Brasil&quot;","block_context":{"text":"Brasil","link":"https:\/\/diariodegarca.com\/?cat=38185"},"img":{"alt_text":"","src":"https:\/\/i0.wp.com\/blogger.googleusercontent.com\/img\/b\/R29vZ2xl\/AVvXsEi_vtPoQsm6icXJXCm9KJYbcJPGRSWPdzbJpRE7tSsyilhN0-sx66xMLxCWlPIV3tNOHaup0A4Z2vGsByxvOiwK5M9p79Bs8ubjxG8lai4mYoiGBRoFpxmq2XNV02dbH-RGBxyLAxfdkeYJsCy-ArsaHM412iQp2Db7DM8N9VcCP6VmZkYz9pAID7RMUVo\/s320\/56cd575d50_untitled-78.jpg?resize=350%2C200&ssl=1","width":350,"height":200},"classes":[]},{"id":2484,"url":"https:\/\/diariodegarca.com\/?p=2484","url_meta":{"origin":2491,"position":1},"title":"Abril Laranja: M\u00eas de Conscientiza\u00e7\u00e3o e Combate \u00e0 Crueldade Animal","author":"Di\u00e1rio de Gar\u00e7a","date":"3 de abril de 2025","format":false,"excerpt":"O\u00a0Abril Laranja\u00a0\u00e9 uma campanha nacional dedicada \u00e0 preven\u00e7\u00e3o e ao combate da crueldade contra animais. Criada para conscientizar a sociedade sobre os direitos dos animais e promover a\u00e7\u00f5es de prote\u00e7\u00e3o, a iniciativa refor\u00e7a a import\u00e2ncia da den\u00fancia de maus-tratos e destaca avan\u00e7os legais, como a\u00a0Lei n\u00ba 14.064\/2020, que prev\u00ea pena\u2026","rel":"","context":"Em &quot;Brasil&quot;","block_context":{"text":"Brasil","link":"https:\/\/diariodegarca.com\/?cat=38185"},"img":{"alt_text":"","src":"https:\/\/i0.wp.com\/blogger.googleusercontent.com\/img\/b\/R29vZ2xl\/AVvXsEideOc_41mJQz4HZ1iyeuF9LE3ILML6sjo_SOGymUxPoCsaSF6Vg7MEbM7Ks_9NG9PMohwg2QCyXNFoUeyqwxD1R5o3zxF4w0f_5-2Kwe4SOUZIUp1X9O7OfkaVdsugskfl3p5ZpJtnFkX4teVqndFHDN6xWFK_3RcqZhbK9ViZNYt9SKk-kyV6tOM2dhs\/s320\/Abril%20Laranja%20%281%29.png?resize=350%2C200&ssl=1","width":350,"height":200},"classes":[]},{"id":2375,"url":"https:\/\/diariodegarca.com\/?p=2375","url_meta":{"origin":2491,"position":2},"title":"Opera\u00e7\u00e3o Dire\u00e7\u00e3o Segura em Mar\u00edlia fiscaliza mais de 1,2 mil condutores","author":"Di\u00e1rio de Gar\u00e7a","date":"14 de abril de 2025","format":false,"excerpt":"No s\u00e1bado, dia 12 de abril, uma a\u00e7\u00e3o integrada entre a Pol\u00edcia Militar, Pol\u00edcia Civil e o Detran realizou a\u00a0Opera\u00e7\u00e3o Dire\u00e7\u00e3o Segura\u00a0em\u00a0Mar\u00edlia, com o objetivo de coibir infra\u00e7\u00f5es de tr\u00e2nsito e garantir a seguran\u00e7a nas vias.\u00a0Durante a fiscaliza\u00e7\u00e3o,\u00a01.253 pr\u00e9-testes\u00a0foram aplicados para verifica\u00e7\u00e3o de poss\u00edvel embriaguez ao volante.Dos\u00a042 condutores\u00a0abordados para exames\u2026","rel":"","context":"Em &quot;Brasil&quot;","block_context":{"text":"Brasil","link":"https:\/\/diariodegarca.com\/?cat=38185"},"img":{"alt_text":"","src":"https:\/\/i0.wp.com\/blogger.googleusercontent.com\/img\/b\/R29vZ2xl\/AVvXsEjcJ071ZIHgIpNTwkW7klVV9ygM9gYJ80tLOQ8qWCBOLK6OI2Jc5fDcPobUYdE5hOk5nP-QxLGO3cbGmv9-3cv7bGpBCASsiZRM6vLwZlkIMyKgF6bPt2my5JyxL-NBB13KpqGdCH5z8QlFH_oBFkGhIoZYYF7D-VAIO7c6RrJlxl5yMzMQEwiPe2kmY84\/s320\/WhatsApp%20Image%202025-04-14%20at%2009.11.47.jpeg?resize=350%2C200&ssl=1","width":350,"height":200},"classes":[]},{"id":2135,"url":"https:\/\/diariodegarca.com\/?p=2135","url_meta":{"origin":2491,"position":3},"title":"Senado aprova novo s\u00edmbolo de acessibilidade universal","author":"Di\u00e1rio de Gar\u00e7a","date":"10 de maio de 2025","format":false,"excerpt":"O Senado Federal aprovou, na quarta-feira, dia 29 de abril, um projeto de lei que substitui o tradicional S\u00edmbolo Internacional de Acesso \u2014 representado por uma figura em cadeira de rodas \u2014 pelo S\u00edmbolo Internacional de Acessibilidade, criado pela Organiza\u00e7\u00e3o das Na\u00e7\u00f5es Unidas (ONU) em 2015.\u00a0A mudan\u00e7a visa ampliar a\u2026","rel":"","context":"Em &quot;Brasil&quot;","block_context":{"text":"Brasil","link":"https:\/\/diariodegarca.com\/?cat=38185"},"img":{"alt_text":"","src":"","width":0,"height":0},"classes":[]},{"id":3582,"url":"https:\/\/diariodegarca.com\/?p=3582","url_meta":{"origin":2491,"position":4},"title":"C\u00e2mara dos Deputados aprova projeto para promo\u00e7\u00e3o do uso consciente da tecnologia digital","author":"Di\u00e1rio de Gar\u00e7a","date":"30 de maio de 2025","format":false,"excerpt":"Campanha anual em abril visa alertar sobre riscos do uso excessivo de telas e redes sociais; texto segue para o Senado A C\u00e2mara dos Deputados aprovou, na quarta-feira, 28 de maio, o\u00a0Projeto de Lei 3224\/24, que institui a\u00a0Campanha Nacional de Utiliza\u00e7\u00e3o Consciente da Tecnologia Digital. A iniciativa, de autoria do\u2026","rel":"","context":"Em &quot;Tecnologia&quot;","block_context":{"text":"Tecnologia","link":"https:\/\/diariodegarca.com\/?cat=758"},"img":{"alt_text":"","src":"","width":0,"height":0},"classes":[]},{"id":2440,"url":"https:\/\/diariodegarca.com\/?p=2440","url_meta":{"origin":2491,"position":5},"title":"Procon-SP alerta sobre armadilhas financeiras em palestra online gratuita","author":"Di\u00e1rio de Gar\u00e7a","date":"8 de abril de 2025","format":false,"excerpt":"\u00a0O Procon-SP promove, no pr\u00f3ximo dia 10 de abril, uma palestra virtual e gratuita sobre\u00a0\"Orienta\u00e7\u00e3o Financeira: evitando as armadilhas do consumo\". O evento, que ser\u00e1 transmitido ao vivo das 14h \u00e0s 15h30 pelo\u00a0Instagram\u00a0e\u00a0Facebook\u00a0da institui\u00e7\u00e3o e pelo\u00a0Microsoft Teams (link desta op\u00e7\u00e3o \u00e9 enviado para quem se inscreve previamente). A palestra\u00a0tem como\u2026","rel":"","context":"Em &quot;Brasil&quot;","block_context":{"text":"Brasil","link":"https:\/\/diariodegarca.com\/?cat=38185"},"img":{"alt_text":"","src":"https:\/\/i0.wp.com\/blogger.googleusercontent.com\/img\/b\/R29vZ2xl\/AVvXsEixP1ll5ul3pBhiNxCLniqRqM-o4vEiGYUYQA7ycPW0lU_BWtjul7kANuwR5n2qF1GbWJ-V3Aq9Dg9isDViQKEAmW2bnJwbt39ClPmW2g-1imUqEL0NtJFv3MW7hzIy-PC-MwimrPSZjO9oZG1iCQRO6WEe1OcAPGtaRBlx3wzN35oaq0xewEZgYOKii1U\/s320\/businesswoman-feeling-worried-about-financial-debts-analyzing-bills-while-working-office.jpg?resize=350%2C200&ssl=1","width":350,"height":200},"classes":[]}],"_links":{"self":[{"href":"https:\/\/diariodegarca.com\/index.php?rest_route=\/wp\/v2\/posts\/2491","targetHints":{"allow":["GET"]}}],"collection":[{"href":"https:\/\/diariodegarca.com\/index.php?rest_route=\/wp\/v2\/posts"}],"about":[{"href":"https:\/\/diariodegarca.com\/index.php?rest_route=\/wp\/v2\/types\/post"}],"author":[{"embeddable":true,"href":"https:\/\/diariodegarca.com\/index.php?rest_route=\/wp\/v2\/users\/260896546"}],"replies":[{"embeddable":true,"href":"https:\/\/diariodegarca.com\/index.php?rest_route=%2Fwp%2Fv2%2Fcomments&post=2491"}],"version-history":[{"count":0,"href":"https:\/\/diariodegarca.com\/index.php?rest_route=\/wp\/v2\/posts\/2491\/revisions"}],"wp:attachment":[{"href":"https:\/\/diariodegarca.com\/index.php?rest_route=%2Fwp%2Fv2%2Fmedia&parent=2491"}],"wp:term":[{"taxonomy":"category","embeddable":true,"href":"https:\/\/diariodegarca.com\/index.php?rest_route=%2Fwp%2Fv2%2Fcategories&post=2491"},{"taxonomy":"post_tag","embeddable":true,"href":"https:\/\/diariodegarca.com\/index.php?rest_route=%2Fwp%2Fv2%2Ftags&post=2491"}],"curies":[{"name":"wp","href":"https:\/\/api.w.org\/{rel}","templated":true}]}}