{"id":2493,"date":"2025-04-02T17:22:00","date_gmt":"2025-04-02T17:22:00","guid":{"rendered":"https:\/\/diariodegarca.com\/2025\/04\/02\/policia-militar-prende-trio-e-apreende-grande-quantidade-de-drogas-e-arma-em-marilia\/"},"modified":"2025-04-02T17:22:00","modified_gmt":"2025-04-02T17:22:00","slug":"policia-militar-prende-trio-e-apreende-grande-quantidade-de-drogas-e-arma-em-marilia","status":"publish","type":"post","link":"https:\/\/diariodegarca.com\/?p=2493","title":{"rendered":"Pol\u00edcia Militar prende trio e apreende grande quantidade de drogas e arma em Mar\u00edlia"},"content":{"rendered":"<p><div class=\"separator\" style=\"clear: both;text-align: center\">\n  <a href=\"https:\/\/blogger.googleusercontent.com\/img\/a\/AVvXsEjLKaNzyXQtyLMhg3Nq6bt7Blm2KBLsIGvtd3sN0U1xfd2BCbs_iGRTO9yQUVYJ7rseOb_Jl47QBEQxOcwCstUI1DNDaiGRM3g9LliIt9UVOWK8X6YRh5EKGtGp0dHBE8GEvrsmCbU7O8mPjOk9qUl9C8AtD6cr1p4rzH-FDh05oXL7tiGXx11mAykfnG4\" style=\"margin-left: 1em;margin-right: 1em\"><br \/>\n    <img decoding=\"async\" border=\"0\" src=\"https:\/\/blogger.googleusercontent.com\/img\/a\/AVvXsEjLKaNzyXQtyLMhg3Nq6bt7Blm2KBLsIGvtd3sN0U1xfd2BCbs_iGRTO9yQUVYJ7rseOb_Jl47QBEQxOcwCstUI1DNDaiGRM3g9LliIt9UVOWK8X6YRh5EKGtGp0dHBE8GEvrsmCbU7O8mPjOk9qUl9C8AtD6cr1p4rzH-FDh05oXL7tiGXx11mAykfnG4\" width=\"400\"><br \/>\n  <\/a>\n<\/div>\n<\/p>\n<p>Na noite desta ter\u00e7a-feira, dia 1\u00ba de abril, uma a\u00e7\u00e3o do 9\u00ba Batalh\u00e3o da Pol\u00edcia Militar do Interior resultou na pris\u00e3o de dois homens e uma mulher por tr\u00e1fico de drogas em Mar\u00edlia.\u00a0<\/p>\n<p>A opera\u00e7\u00e3o, realizada por equipes da For\u00e7a T\u00e1tica, ocorreu por volta das 20h42 no bairro Nova Mar\u00edlia, onde os policiais encontraram uma resid\u00eancia usada para preparar, embalar e distribuir entorpecentes.\u00a0<span>Entre os presos, um dos indiv\u00edduos j\u00e1 era foragido da Justi\u00e7a.\u00a0<\/span><\/p>\n<p>No local, os militares apreenderam um rev\u00f3lver Taurus calibre .38 com quatro muni\u00e7\u00f5es, al\u00e9m de uma grande quantidade de drogas, incluindo:<\/p>\n<p>\u2705\u00a0<strong>7,010 kg de maconha<\/strong>\u00a0(tijolos, farelo e por\u00e7\u00f5es prontas para venda)<br \/>\u2705\u00a0<strong>4,015 kg de coca\u00edna<\/strong>\u00a0(tijolo, sacos a granel e por\u00e7\u00f5es)<br \/>\u2705\u00a0<strong>829 g de crack<\/strong>\u00a0(257 por\u00e7\u00f5es e material fragmentado)<br \/>\u2705\u00a0<strong>183 g de haxixe\/dry<\/strong>\u00a0(97 por\u00e7\u00f5es)<\/p>\n<p>Os envolvidos foram levados \u00e0 Central de Pris\u00e3o em Flagrante (CPJ) de Mar\u00edlia e permanecem \u00e0 disposi\u00e7\u00e3o da Justi\u00e7a. A apreens\u00e3o impacta diretamente o abastecimento de drogas na regi\u00e3o, refor\u00e7ando o combate ao tr\u00e1fico na \u00e1rea.<\/p>\n","protected":false},"excerpt":{"rendered":"<p>Na noite desta ter\u00e7a-feira, dia 1\u00ba de abril, uma a\u00e7\u00e3o do 9\u00ba Batalh\u00e3o da Pol\u00edcia Militar do Interior resultou na pris\u00e3o de dois homens e uma mulher por tr\u00e1fico de drogas em Mar\u00edlia.\u00a0 A opera\u00e7\u00e3o, realizada por equipes da For\u00e7a T\u00e1tica, ocorreu por volta das 20h42 no bairro Nova Mar\u00edlia, onde os policiais encontraram uma [&hellip;]<\/p>\n","protected":false},"author":260896546,"featured_media":0,"comment_status":"open","ping_status":"open","sticky":false,"template":"","format":"standard","meta":{"_crdt_document":"","_monsterinsights_skip_tracking":false,"_monsterinsights_sitenote_active":false,"_monsterinsights_sitenote_note":"","_monsterinsights_sitenote_category":0,"advanced_seo_description":"","jetpack_seo_html_title":"","jetpack_seo_noindex":false,"_jetpack_newsletter_access":"","_jetpack_dont_email_post_to_subs":false,"_jetpack_newsletter_tier_id":0,"_jetpack_memberships_contains_paywalled_content":false,"_jetpack_memberships_contains_paid_content":false,"footnotes":"","jetpack_publicize_message":"","jetpack_publicize_feature_enabled":true,"jetpack_social_post_already_shared":false,"jetpack_social_options":{"image_generator_settings":{"template":"fullscreen","default_image_id":0,"font":"","enabled":false},"version":2},"_wpas_customize_per_network":false,"jetpack_post_was_ever_published":false},"categories":[38185],"tags":[222752,1036487],"class_list":["post-2493","post","type-post","status-publish","format-standard","hentry","category-brasil","tag-marilia","tag-seguranca-publica"],"jetpack_publicize_connections":[],"jetpack_featured_media_url":"","jetpack_likes_enabled":true,"jetpack_sharing_enabled":true,"jetpack_shortlink":"https:\/\/wp.me\/pgitne-Ed","jetpack-related-posts":[{"id":4265,"url":"https:\/\/diariodegarca.com\/?p=4265","url_meta":{"origin":2493,"position":0},"title":"Opera\u00e7\u00e3o conjunta em Gar\u00e7a e Mar\u00edlia prende suspeitos e apreende drogas, armas e dinheiro","author":"Di\u00e1rio de Gar\u00e7a","date":"25 de junho de 2025","format":false,"excerpt":"Divulgado pela Pol\u00edcia Militar o balan\u00e7o geral sobre a\u00e7\u00e3o integrada entre PM, PC e Canil, que resultaram em pris\u00f5es e apreens\u00f5es em ambos os munic\u00edpios Na ter\u00e7a-feira, dia 24 de junho, as for\u00e7as de seguran\u00e7a atuaram simultaneamente nas cidades de\u00a0Gar\u00e7a\u00a0e\u00a0Mar\u00edlia, cumprindo mandados de busca e apreens\u00e3o e prendendo envolvidos no\u2026","rel":"","context":"Em &quot;Gar\u00e7a&quot;","block_context":{"text":"Gar\u00e7a","link":"https:\/\/diariodegarca.com\/?cat=781171664"},"img":{"alt_text":"","src":"https:\/\/i0.wp.com\/diariodegarca.com\/wp-content\/uploads\/2025\/06\/499056916_18306227374246526_5974059616727054159_n.jpg?fit=441%2C551&ssl=1&resize=350%2C200","width":350,"height":200},"classes":[]},{"id":3861,"url":"https:\/\/diariodegarca.com\/?p=3861","url_meta":{"origin":2493,"position":1},"title":"Pol\u00edcia Militar desarticula rede de drogas e prende procurados em Mar\u00edlia e Echapor\u00e3","author":"Di\u00e1rio de Gar\u00e7a","date":"10 de junho de 2025","format":false,"excerpt":"Opera\u00e7\u00f5es da For\u00e7a T\u00e1tica resultam em apreens\u00e3o de entorpecentes, armas e captura de criminosos A Pol\u00edcia Militar do Estado de S\u00e3o Paulo segue atuando no combate ao crime, seja no enfrentamento ao tr\u00e1fico de drogas, na apreens\u00e3o de armas ilegais ou na captura de procurados pela justi\u00e7a. Opera\u00e7\u00f5es recentes do\u2026","rel":"","context":"Em &quot;Echapor\u00e3&quot;","block_context":{"text":"Echapor\u00e3","link":"https:\/\/diariodegarca.com\/?cat=9098997"},"img":{"alt_text":"","src":"","width":0,"height":0},"classes":[]},{"id":3867,"url":"https:\/\/diariodegarca.com\/?p=3867","url_meta":{"origin":2493,"position":2},"title":"Pol\u00edcia Militar prende casal por tr\u00e1fico em Gar\u00e7a e homem por venda de drogas em Mar\u00edlia","author":"Di\u00e1rio de Gar\u00e7a","date":"11 de junho de 2025","format":false,"excerpt":"A\u00e7\u00f5es do 9\u00ba BPM do Interior resultaram na apreens\u00e3o de entorpecentes e valores em ocorr\u00eancias distintas A Pol\u00edcia Militar do Estado de S\u00e3o Paulo atua diariamente no combate ao crime, especialmente no enfrentamento ao tr\u00e1fico de drogas, garantindo a seguran\u00e7a p\u00fablica por meio de abordagens e investiga\u00e7\u00f5es. Na ter\u00e7a-feira, dia\u2026","rel":"","context":"Em &quot;Gar\u00e7a&quot;","block_context":{"text":"Gar\u00e7a","link":"https:\/\/diariodegarca.com\/?cat=781171664"},"img":{"alt_text":"","src":"","width":0,"height":0},"classes":[]},{"id":8927,"url":"https:\/\/diariodegarca.com\/?p=8927","url_meta":{"origin":2493,"position":3},"title":"Pol\u00edcia Militar apreende quase 600 por\u00e7\u00f5es de drogas e homem em Mar\u00edlia","author":"Andreza Sega","date":"23 de novembro de 2025","format":false,"excerpt":"A\u00e7\u00e3o da For\u00e7a T\u00e1tica no bairro Nova Mar\u00edlia IV resultou na captura de um homem e na apreens\u00e3o de coca\u00edna, crack, maconha e dinheiro. Uma a\u00e7\u00e3o da Pol\u00edcia Militar na madrugada de s\u00e1bado, 22 de novembro, resultou em um grande golpe contra o tr\u00e1fico de drogas em Mar\u00edlia. A Opera\u00e7\u00e3o\u2026","rel":"","context":"Em &quot;Mar\u00edlia&quot;","block_context":{"text":"Mar\u00edlia","link":"https:\/\/diariodegarca.com\/?cat=683453294"},"img":{"alt_text":"","src":"https:\/\/i0.wp.com\/diariodegarca.com\/wp-content\/uploads\/2025\/11\/SnapInsta.to_AQOExf-WAg1-k2uCy9jD6TSXnceMGjkKEMRV69wrn-PUqE3z4aN13PTQHvrIj7fXfFPOMOchXZfC30y5EsieuUlu7R9LzS6CxsnV2lg_100-rotated.jpg?fit=854%2C480&ssl=1&resize=350%2C200","width":350,"height":200,"srcset":"https:\/\/i0.wp.com\/diariodegarca.com\/wp-content\/uploads\/2025\/11\/SnapInsta.to_AQOExf-WAg1-k2uCy9jD6TSXnceMGjkKEMRV69wrn-PUqE3z4aN13PTQHvrIj7fXfFPOMOchXZfC30y5EsieuUlu7R9LzS6CxsnV2lg_100-rotated.jpg?fit=854%2C480&ssl=1&resize=350%2C200 1x, https:\/\/i0.wp.com\/diariodegarca.com\/wp-content\/uploads\/2025\/11\/SnapInsta.to_AQOExf-WAg1-k2uCy9jD6TSXnceMGjkKEMRV69wrn-PUqE3z4aN13PTQHvrIj7fXfFPOMOchXZfC30y5EsieuUlu7R9LzS6CxsnV2lg_100-rotated.jpg?fit=854%2C480&ssl=1&resize=525%2C300 1.5x, https:\/\/i0.wp.com\/diariodegarca.com\/wp-content\/uploads\/2025\/11\/SnapInsta.to_AQOExf-WAg1-k2uCy9jD6TSXnceMGjkKEMRV69wrn-PUqE3z4aN13PTQHvrIj7fXfFPOMOchXZfC30y5EsieuUlu7R9LzS6CxsnV2lg_100-rotated.jpg?fit=854%2C480&ssl=1&resize=700%2C400 2x"},"classes":[]},{"id":3719,"url":"https:\/\/diariodegarca.com\/?p=3719","url_meta":{"origin":2493,"position":4},"title":"Pol\u00edcia Militar prende suspeitos de crimes graves em Gar\u00e7a e Mar\u00edlia","author":"Di\u00e1rio de Gar\u00e7a","date":"4 de junho de 2025","format":false,"excerpt":"Opera\u00e7\u00f5es do 9\u00ba BPM\/I resultam na captura de foragidos e apreens\u00e3o de drogas em a\u00e7\u00f5es distintas A Pol\u00edcia Militar do Interior, por meio do 9\u00ba Batalh\u00e3o, tem atuado de forma incisiva no combate ao crime nas cidades de sua jurisdi\u00e7\u00e3o. Com patrulhamentos ostensivos e abordagens estrat\u00e9gicas, as equipes t\u00eam garantido\u2026","rel":"","context":"Em &quot;Gar\u00e7a&quot;","block_context":{"text":"Gar\u00e7a","link":"https:\/\/diariodegarca.com\/?cat=781171664"},"img":{"alt_text":"","src":"","width":0,"height":0},"classes":[]},{"id":4833,"url":"https:\/\/diariodegarca.com\/?p=4833","url_meta":{"origin":2493,"position":5},"title":"Pol\u00edcia Militar realiza opera\u00e7\u00f5es em Mar\u00edlia e Pompeia","author":"Di\u00e1rio de Gar\u00e7a","date":"20 de julho de 2025","format":false,"excerpt":"A\u00e7\u00f5es resultaram em pris\u00f5es, apreens\u00e3o de drogas e infra\u00e7\u00f5es de tr\u00e2nsito. Com opera\u00e7\u00f5es integradas e patrulhamento ostensivo, as equipes da Pol\u00edcia Militar trabalharam para coibir crimes, fiscalizando o tr\u00e2nsito e na preven\u00e7\u00e3o de situa\u00e7\u00f5es de risco em cidades da regi\u00e3o. Nos \u00faltimos dias, a\u00e7\u00f5es em Pomp\u00e9ia e Mar\u00edlia resultaram em\u2026","rel":"","context":"Em &quot;Fiscaliza\u00e7\u00e3o&quot;","block_context":{"text":"Fiscaliza\u00e7\u00e3o","link":"https:\/\/diariodegarca.com\/?cat=1192752"},"img":{"alt_text":"","src":"","width":0,"height":0},"classes":[]}],"_links":{"self":[{"href":"https:\/\/diariodegarca.com\/index.php?rest_route=\/wp\/v2\/posts\/2493","targetHints":{"allow":["GET"]}}],"collection":[{"href":"https:\/\/diariodegarca.com\/index.php?rest_route=\/wp\/v2\/posts"}],"about":[{"href":"https:\/\/diariodegarca.com\/index.php?rest_route=\/wp\/v2\/types\/post"}],"author":[{"embeddable":true,"href":"https:\/\/diariodegarca.com\/index.php?rest_route=\/wp\/v2\/users\/260896546"}],"replies":[{"embeddable":true,"href":"https:\/\/diariodegarca.com\/index.php?rest_route=%2Fwp%2Fv2%2Fcomments&post=2493"}],"version-history":[{"count":0,"href":"https:\/\/diariodegarca.com\/index.php?rest_route=\/wp\/v2\/posts\/2493\/revisions"}],"wp:attachment":[{"href":"https:\/\/diariodegarca.com\/index.php?rest_route=%2Fwp%2Fv2%2Fmedia&parent=2493"}],"wp:term":[{"taxonomy":"category","embeddable":true,"href":"https:\/\/diariodegarca.com\/index.php?rest_route=%2Fwp%2Fv2%2Fcategories&post=2493"},{"taxonomy":"post_tag","embeddable":true,"href":"https:\/\/diariodegarca.com\/index.php?rest_route=%2Fwp%2Fv2%2Ftags&post=2493"}],"curies":[{"name":"wp","href":"https:\/\/api.w.org\/{rel}","templated":true}]}}