{"id":2494,"date":"2025-04-02T13:56:00","date_gmt":"2025-04-02T13:56:00","guid":{"rendered":"https:\/\/diariodegarca.com\/2025\/04\/02\/procon-sp-faz-pesquisa-sobre-compras-para-o-dia-das-maes\/"},"modified":"2025-04-02T13:56:00","modified_gmt":"2025-04-02T13:56:00","slug":"procon-sp-faz-pesquisa-sobre-compras-para-o-dia-das-maes","status":"publish","type":"post","link":"https:\/\/diariodegarca.com\/?p=2494","title":{"rendered":"Procon-SP faz pesquisa sobre compras para o Dia das M\u00e3es"},"content":{"rendered":"<div>\n  <a href=\"https:\/\/blogger.googleusercontent.com\/img\/a\/AVvXsEhtMuH-NzeSXfKbZL9O-TBUeLM6s7X_fGaBHI7kZ-avlvJ-v4mQ2pG0qI0v9BfJSnQpbRPpbSYrmb-EffifUo9hnyjedJL79K9ARy0Jy91uC9jorOsZHOv_2qvi8QN3glzgMihKh6S014kOc72gfCwdJC61tFB-7oeooTAfVR9_hI5CGEtYK9oSYFERLRw\"><br \/>\n    <img decoding=\"async\" border=\"0\" src=\"https:\/\/blogger.googleusercontent.com\/img\/a\/AVvXsEhtMuH-NzeSXfKbZL9O-TBUeLM6s7X_fGaBHI7kZ-avlvJ-v4mQ2pG0qI0v9BfJSnQpbRPpbSYrmb-EffifUo9hnyjedJL79K9ARy0Jy91uC9jorOsZHOv_2qvi8QN3glzgMihKh6S014kOc72gfCwdJC61tFB-7oeooTAfVR9_hI5CGEtYK9oSYFERLRw\" width=\"400\"><br \/>\n  <\/a>\n<\/div>\n<p><\/p>\n<div><\/div>\n<div>O Procon-SP est\u00e1 realizando uma pesquisa para entender o comportamento de compra dos consumidores na hora de escolher presentes para o Dia das M\u00e3es. A iniciativa busca mapear tend\u00eancias de consumo, formas de pagamento, principais dificuldades enfrentadas e impactos financeiros das compras sazonais.<\/div>\n<div><\/div>\n<div>A pesquisa est\u00e1 dispon\u00edvel no site <a href=\"http:\/\/procon.sp.gov.br\">procon.sp.gov.br<\/a> por meio de um pop-up e n\u00e3o exige identifica\u00e7\u00e3o para participa\u00e7\u00e3o. O question\u00e1rio aborda quest\u00f5es como:<\/div>\n<div>\u2714\ufe0f Frequ\u00eancia com que os consumidores presenteiam suas m\u00e3es<\/div>\n<div>\u2714\ufe0f Tipos de presentes mais desejados<\/div>\n<div>\u2714\ufe0f Valores m\u00e9dios gastos<\/div>\n<div>\u2714\ufe0f Prefer\u00eancia entre compras online ou em lojas f\u00edsicas<\/div>\n<div>\u2714\ufe0f Problemas enfrentados no momento da compra e p\u00f3s-venda<\/div>\n<div><\/div>\n<div>A participa\u00e7\u00e3o do p\u00fablico \u00e9 essencial para que o Procon-SP possa avaliar o cen\u00e1rio e aprimorar suas a\u00e7\u00f5es de fiscaliza\u00e7\u00e3o e orienta\u00e7\u00e3o.<\/div>\n","protected":false},"excerpt":{"rendered":"<p>O Procon-SP est\u00e1 realizando uma pesquisa para entender o comportamento de compra dos consumidores na hora de escolher presentes para o Dia das M\u00e3es. A iniciativa busca mapear tend\u00eancias de consumo, formas de pagamento, principais dificuldades enfrentadas e impactos financeiros das compras sazonais. A pesquisa est\u00e1 dispon\u00edvel no site procon.sp.gov.br por meio de um pop-up [&hellip;]<\/p>\n","protected":false},"author":260896546,"featured_media":0,"comment_status":"open","ping_status":"open","sticky":false,"template":"","format":"standard","meta":{"_crdt_document":"","_monsterinsights_skip_tracking":false,"_monsterinsights_sitenote_active":false,"_monsterinsights_sitenote_note":"","_monsterinsights_sitenote_category":0,"advanced_seo_description":"","jetpack_seo_html_title":"","jetpack_seo_noindex":false,"_jetpack_newsletter_access":"","_jetpack_dont_email_post_to_subs":false,"_jetpack_newsletter_tier_id":0,"_jetpack_memberships_contains_paywalled_content":false,"_jetpack_memberships_contains_paid_content":false,"footnotes":"","jetpack_publicize_message":"","jetpack_publicize_feature_enabled":true,"jetpack_social_post_already_shared":false,"jetpack_social_options":{"image_generator_settings":{"template":"fullscreen","default_image_id":0,"font":"","enabled":false},"version":2},"_wpas_customize_per_network":false,"jetpack_post_was_ever_published":false},"categories":[38185],"tags":[137718],"class_list":["post-2494","post","type-post","status-publish","format-standard","hentry","category-brasil","tag-consumidor"],"jetpack_publicize_connections":[],"jetpack_featured_media_url":"","jetpack_likes_enabled":true,"jetpack_sharing_enabled":true,"jetpack_shortlink":"https:\/\/wp.me\/pgitne-Ee","jetpack-related-posts":[{"id":2211,"url":"https:\/\/diariodegarca.com\/?p=2211","url_meta":{"origin":2494,"position":0},"title":"Dia das M\u00e3es: 20% dos consumidores j\u00e1 se endividaram com presentes","author":"Di\u00e1rio de Gar\u00e7a","date":"3 de maio de 2025","format":false,"excerpt":"Um em cada cinco consumidores paulistas (20,8%) que pretendem adquirir produtos no Dia das M\u00e3es este ano j\u00e1 se endividaram ao comprar um presente para esta data, de acordo com consulta virtual do Procon-SP. Decretada h\u00e1 93 anos no Pa\u00eds, esta \u00e9 uma das datas mais importantes para o com\u00e9rcio\u2026","rel":"","context":"Em &quot;Brasil&quot;","block_context":{"text":"Brasil","link":"https:\/\/diariodegarca.com\/?cat=38185"},"img":{"alt_text":"","src":"","width":0,"height":0},"classes":[]},{"id":2199,"url":"https:\/\/diariodegarca.com\/?p=2199","url_meta":{"origin":2494,"position":1},"title":"Procon-SP alerta sobre varia\u00e7\u00f5es de pre\u00e7os em perfumes e flores para o Dia das M\u00e3es","author":"Di\u00e1rio de Gar\u00e7a","date":"6 de maio de 2025","format":false,"excerpt":"O Procon-SP divulgou os resultados de uma pesquisa realizada entre os dias 17 e 23 de abril, analisando os pre\u00e7os de 43 itens, entre perfumes e buqu\u00eas de flores, em prepara\u00e7\u00e3o para o Dia das M\u00e3es. O estudo revelou diferen\u00e7as significativas nos valores, com varia\u00e7\u00f5es que ultrapassam 100% em alguns\u2026","rel":"","context":"Em &quot;Brasil&quot;","block_context":{"text":"Brasil","link":"https:\/\/diariodegarca.com\/?cat=38185"},"img":{"alt_text":"","src":"","width":0,"height":0},"classes":[]},{"id":8522,"url":"https:\/\/diariodegarca.com\/?p=8522","url_meta":{"origin":2494,"position":2},"title":"Procon-SP investiga percep\u00e7\u00e3o do consumidor sobre pre\u00e7os e promo\u00e7\u00f5es da Black Friday","author":"Andreza Sega","date":"6 de novembro de 2025","format":false,"excerpt":"Pesquisa busca mapear h\u00e1bitos, confian\u00e7a nas ofertas e aspectos emocionais que influenciam as compras durante o evento. Dados v\u00e3o subsidiar novas a\u00e7\u00f5es educativas e estudos do \u00f3rg\u00e3o. A Funda\u00e7\u00e3o Procon-SP lan\u00e7ou um question\u00e1rio online para compreender o comportamento dos consumidores paulistas durante a Black Friday. Intitulada \u201cDe Olho na Black\u2026","rel":"","context":"Em &quot;Pesquisa&quot;","block_context":{"text":"Pesquisa","link":"https:\/\/diariodegarca.com\/?cat=15011"},"img":{"alt_text":"","src":"https:\/\/i0.wp.com\/diariodegarca.com\/wp-content\/uploads\/2025\/11\/pares-que-olham-o-preco-de-roupas.jpg?fit=1200%2C800&ssl=1&resize=350%2C200","width":350,"height":200,"srcset":"https:\/\/i0.wp.com\/diariodegarca.com\/wp-content\/uploads\/2025\/11\/pares-que-olham-o-preco-de-roupas.jpg?fit=1200%2C800&ssl=1&resize=350%2C200 1x, https:\/\/i0.wp.com\/diariodegarca.com\/wp-content\/uploads\/2025\/11\/pares-que-olham-o-preco-de-roupas.jpg?fit=1200%2C800&ssl=1&resize=525%2C300 1.5x, https:\/\/i0.wp.com\/diariodegarca.com\/wp-content\/uploads\/2025\/11\/pares-que-olham-o-preco-de-roupas.jpg?fit=1200%2C800&ssl=1&resize=700%2C400 2x, https:\/\/i0.wp.com\/diariodegarca.com\/wp-content\/uploads\/2025\/11\/pares-que-olham-o-preco-de-roupas.jpg?fit=1200%2C800&ssl=1&resize=1050%2C600 3x"},"classes":[]},{"id":2927,"url":"https:\/\/diariodegarca.com\/?p=2927","url_meta":{"origin":2494,"position":3},"title":"Procon-SP realiza enquete para aprimorar servi\u00e7os ao consumidor","author":"Di\u00e1rio de Gar\u00e7a","date":"30 de janeiro de 2025","format":false,"excerpt":"O Procon-SP est\u00e1 conduzindo uma enquete para avaliar a opini\u00e3o dos consumidores sobre os servi\u00e7os prestados pelo \u00f3rg\u00e3o.\u00a0A pesquisa ficar\u00e1 dispon\u00edvel at\u00e9 o dia 14 de fevereiro e tem como objetivo aprimorar continuamente o atendimento e a defesa dos direitos dos consumidores no estado de S\u00e3o Paulo. A participa\u00e7\u00e3o \u00e9\u2026","rel":"","context":"Em &quot;Brasil&quot;","block_context":{"text":"Brasil","link":"https:\/\/diariodegarca.com\/?cat=38185"},"img":{"alt_text":"","src":"","width":0,"height":0},"classes":[]},{"id":3537,"url":"https:\/\/diariodegarca.com\/?p=3537","url_meta":{"origin":2494,"position":4},"title":"Consumidores podem opinar sobre venda de medicamentos em pesquisa do Procon-SP","author":"Di\u00e1rio de Gar\u00e7a","date":"28 de maio de 2025","format":false,"excerpt":"Participa\u00e7\u00e3o \u00e9 an\u00f4nima e ajuda a melhorar a fiscaliza\u00e7\u00e3o do setor farmac\u00eautico O Procon-SP est\u00e1 realizando uma pesquisa para entender a percep\u00e7\u00e3o dos consumidores sobre a compra de medicamentos. A iniciativa, aberta a toda a popula\u00e7\u00e3o, busca mapear h\u00e1bitos de consumo, frequ\u00eancia de compra e poss\u00edveis dificuldades enfrentadas pelos brasileiros\u2026","rel":"","context":"Em &quot;Pesquisa&quot;","block_context":{"text":"Pesquisa","link":"https:\/\/diariodegarca.com\/?cat=15011"},"img":{"alt_text":"","src":"","width":0,"height":0},"classes":[]},{"id":10106,"url":"https:\/\/diariodegarca.com\/?p=10106","url_meta":{"origin":2494,"position":5},"title":"Procon-SP lan\u00e7a quiz para medir conhecimento do consumidor sobre direitos","author":"Di\u00e1rio de Gar\u00e7a","date":"17 de janeiro de 2026","format":false,"excerpt":"O Procon-SP realiza uma pesquisa online para avaliar o conhecimento dos consumidores sobre o C\u00f3digo de Defesa do Consumidor, visando direcionar campanhas educativas e ampliar a conscientiza\u00e7\u00e3o sobre direitos de consumo.","rel":"","context":"Em &quot;Fiscaliza\u00e7\u00e3o&quot;","block_context":{"text":"Fiscaliza\u00e7\u00e3o","link":"https:\/\/diariodegarca.com\/?cat=1192752"},"img":{"alt_text":"","src":"https:\/\/i0.wp.com\/diariodegarca.com\/wp-content\/uploads\/2026\/01\/compras.jpg?fit=1200%2C960&ssl=1&resize=350%2C200","width":350,"height":200,"srcset":"https:\/\/i0.wp.com\/diariodegarca.com\/wp-content\/uploads\/2026\/01\/compras.jpg?fit=1200%2C960&ssl=1&resize=350%2C200 1x, https:\/\/i0.wp.com\/diariodegarca.com\/wp-content\/uploads\/2026\/01\/compras.jpg?fit=1200%2C960&ssl=1&resize=525%2C300 1.5x, https:\/\/i0.wp.com\/diariodegarca.com\/wp-content\/uploads\/2026\/01\/compras.jpg?fit=1200%2C960&ssl=1&resize=700%2C400 2x, https:\/\/i0.wp.com\/diariodegarca.com\/wp-content\/uploads\/2026\/01\/compras.jpg?fit=1200%2C960&ssl=1&resize=1050%2C600 3x"},"classes":[]}],"_links":{"self":[{"href":"https:\/\/diariodegarca.com\/index.php?rest_route=\/wp\/v2\/posts\/2494","targetHints":{"allow":["GET"]}}],"collection":[{"href":"https:\/\/diariodegarca.com\/index.php?rest_route=\/wp\/v2\/posts"}],"about":[{"href":"https:\/\/diariodegarca.com\/index.php?rest_route=\/wp\/v2\/types\/post"}],"author":[{"embeddable":true,"href":"https:\/\/diariodegarca.com\/index.php?rest_route=\/wp\/v2\/users\/260896546"}],"replies":[{"embeddable":true,"href":"https:\/\/diariodegarca.com\/index.php?rest_route=%2Fwp%2Fv2%2Fcomments&post=2494"}],"version-history":[{"count":0,"href":"https:\/\/diariodegarca.com\/index.php?rest_route=\/wp\/v2\/posts\/2494\/revisions"}],"wp:attachment":[{"href":"https:\/\/diariodegarca.com\/index.php?rest_route=%2Fwp%2Fv2%2Fmedia&parent=2494"}],"wp:term":[{"taxonomy":"category","embeddable":true,"href":"https:\/\/diariodegarca.com\/index.php?rest_route=%2Fwp%2Fv2%2Fcategories&post=2494"},{"taxonomy":"post_tag","embeddable":true,"href":"https:\/\/diariodegarca.com\/index.php?rest_route=%2Fwp%2Fv2%2Ftags&post=2494"}],"curies":[{"name":"wp","href":"https:\/\/api.w.org\/{rel}","templated":true}]}}