{"id":2498,"date":"2025-04-01T20:24:00","date_gmt":"2025-04-01T20:24:00","guid":{"rendered":"https:\/\/diariodegarca.com\/2025\/04\/01\/operacao-conjunta-prende-homem-e-e-apreende-drogas-em-pompeia\/"},"modified":"2025-04-01T20:24:00","modified_gmt":"2025-04-01T20:24:00","slug":"operacao-conjunta-prende-homem-e-e-apreende-drogas-em-pompeia","status":"publish","type":"post","link":"https:\/\/diariodegarca.com\/?p=2498","title":{"rendered":"Opera\u00e7\u00e3o conjunta prende homem e e apreende drogas em Pomp\u00e9ia"},"content":{"rendered":"<div class=\"separator\" style=\"clear: both;text-align: center\"><a href=\"https:\/\/i0.wp.com\/blogger.googleusercontent.com\/img\/b\/R29vZ2xl\/AVvXsEi5VUvzsWsJVZjpPZmZP2USgDgkN8DyY0bq6bVNjqNphlVTJ5iAJiQP2oB-xJAE72n5klPyMaEEOkPwhyphenhyphenp5DhH4djhCZFUYqE1-yQujQjpXiwwYXJNUTe9lmFP-ZvD_sxh7hiot29ds8hzcnBulxn-v2TXbv7gYkxDURLE26ARw1Y5bCM7nwi1Hu1ph5_U\/s1080\/Snapins.ai_487785717_18296819386246526_2239002095878283341_n_1080.jpg?ssl=1\" style=\"margin-left: 1em;margin-right: 1em\"><img data-recalc-dims=\"1\" loading=\"lazy\" decoding=\"async\" border=\"0\" height=\"320\" src=\"https:\/\/i0.wp.com\/blogger.googleusercontent.com\/img\/b\/R29vZ2xl\/AVvXsEi5VUvzsWsJVZjpPZmZP2USgDgkN8DyY0bq6bVNjqNphlVTJ5iAJiQP2oB-xJAE72n5klPyMaEEOkPwhyphenhyphenp5DhH4djhCZFUYqE1-yQujQjpXiwwYXJNUTe9lmFP-ZvD_sxh7hiot29ds8hzcnBulxn-v2TXbv7gYkxDURLE26ARw1Y5bCM7nwi1Hu1ph5_U\/s320\/Snapins.ai_487785717_18296819386246526_2239002095878283341_n_1080.jpg?resize=320%2C320&#038;ssl=1\" width=\"320\" \/><\/a><\/div>\n<p><\/p>\n<p>Em a\u00e7\u00e3o conjunta realizada na tarde desta segunda-feira, dia 31 de mar\u00e7o, a Pol\u00edcia Militar do 9\u00ba Batalh\u00e3o do Interior, em parceria com a Pol\u00edcia Civil, prendeu um homem por\u00a0<strong>tr\u00e1fico de drogas<\/strong>\u00a0no bairro Fl\u00e2ndria, em Pomp\u00e9ia.<\/p>\n<p>A abordagem ocorreu por volta das\u00a0<strong>17h<\/strong>, com apoio do\u00a0<strong>c\u00e3o farejador PBM MAX<\/strong>, da Equipe K9 do 13\u00ba BAEP, que localizou a droga escondida em folhas de bambuzal. Foram apreendidos:<\/p>\n<p>\u25aa\u00a0<strong>151 pinos de coca\u00edna<\/strong>\u00a0(0,318 kg)<br \/>\u25aa\u00a0<strong>47 papelotes de crack<\/strong>\u00a0(0,032 kg)<\/p>\n<p>O suspeito foi levado \u00e0\u00a0<strong>Delegacia de Pol\u00edcia Civil de Mar\u00edlia<\/strong>\u00a0e permanece \u00e0 disposi\u00e7\u00e3o da Justi\u00e7a.<\/p>\n","protected":false},"excerpt":{"rendered":"<p>Em a\u00e7\u00e3o conjunta realizada na tarde desta segunda-feira, dia 31 de mar\u00e7o, a Pol\u00edcia Militar do 9\u00ba Batalh\u00e3o do Interior, em parceria com a Pol\u00edcia Civil, prendeu um homem por\u00a0tr\u00e1fico de drogas\u00a0no bairro Fl\u00e2ndria, em Pomp\u00e9ia. A abordagem ocorreu por volta das\u00a017h, com apoio do\u00a0c\u00e3o farejador PBM MAX, da Equipe K9 do 13\u00ba BAEP, que [&hellip;]<\/p>\n","protected":false},"author":260896546,"featured_media":0,"comment_status":"open","ping_status":"open","sticky":false,"template":"","format":"standard","meta":{"_crdt_document":"","_monsterinsights_skip_tracking":false,"_monsterinsights_sitenote_active":false,"_monsterinsights_sitenote_note":"","_monsterinsights_sitenote_category":0,"advanced_seo_description":"","jetpack_seo_html_title":"","jetpack_seo_noindex":false,"_jetpack_newsletter_access":"","_jetpack_dont_email_post_to_subs":false,"_jetpack_newsletter_tier_id":0,"_jetpack_memberships_contains_paywalled_content":false,"_jetpack_memberships_contains_paid_content":false,"footnotes":"","jetpack_publicize_message":"","jetpack_publicize_feature_enabled":true,"jetpack_social_post_already_shared":false,"jetpack_social_options":{"image_generator_settings":{"template":"fullscreen","default_image_id":0,"font":"","enabled":false},"version":2},"_wpas_customize_per_network":false,"jetpack_post_was_ever_published":false},"categories":[38185],"tags":[781171815,1036487],"class_list":["post-2498","post","type-post","status-publish","format-standard","hentry","category-brasil","tag-pompeia","tag-seguranca-publica"],"jetpack_publicize_connections":[],"jetpack_featured_media_url":"","jetpack_likes_enabled":true,"jetpack_sharing_enabled":true,"jetpack_shortlink":"https:\/\/wp.me\/pgitne-Ei","jetpack-related-posts":[{"id":2547,"url":"https:\/\/diariodegarca.com\/?p=2547","url_meta":{"origin":2498,"position":0},"title":"Pol\u00edcia Militar prende suspeito por tr\u00e1fico de drogas em Pomp\u00e9ia","author":"Di\u00e1rio de Gar\u00e7a","date":"26 de mar\u00e7o de 2025","format":false,"excerpt":"No in\u00edcio da tarde de quinta-feira, dia 25 de mar\u00e7o, policiais militares do 9\u00ba Batalh\u00e3o de Pol\u00edcia Militar do Interior prenderam um homem por tr\u00e1fico de drogas no bairro Flandria, em Pomp\u00e9ia. A a\u00e7\u00e3o ocorreu por volta das 12h31, durante patrulhamento de rotina em uma \u00e1rea conhecida pelo com\u00e9rcio ilegal\u2026","rel":"","context":"Em &quot;Brasil&quot;","block_context":{"text":"Brasil","link":"https:\/\/diariodegarca.com\/?cat=38185"},"img":{"alt_text":"","src":"","width":0,"height":0},"classes":[]},{"id":5336,"url":"https:\/\/diariodegarca.com\/?p=5336","url_meta":{"origin":2498,"position":1},"title":"Pol\u00edcia prende homem procurado por tr\u00e1fico de drogas em Pomp\u00e9ia","author":"Di\u00e1rio de Gar\u00e7a","date":"6 de agosto de 2025","format":false,"excerpt":"Durante patrulhamento no bairro Olmira, PMs identificaram e capturaram suspeito com mandado de pris\u00e3o preventiva. Agentes do 9\u00ba Batalh\u00e3o de Pol\u00edcia Militar do Interior prenderam, na tarde desta segunda-feira, 4 de agosto, um homem procurado pela Justi\u00e7a por tr\u00e1fico de drogas. A a\u00e7\u00e3o ocorreu durante um patrulhamento de rotina no\u2026","rel":"","context":"Em &quot;Pomp\u00e9ia&quot;","block_context":{"text":"Pomp\u00e9ia","link":"https:\/\/diariodegarca.com\/?cat=1549470"},"img":{"alt_text":"","src":"https:\/\/i0.wp.com\/diariodegarca.com\/wp-content\/uploads\/2025\/06\/499056916_18306227374246526_5974059616727054159_n.jpg?fit=441%2C551&ssl=1&resize=350%2C200","width":350,"height":200},"classes":[]},{"id":4517,"url":"https:\/\/diariodegarca.com\/?p=4517","url_meta":{"origin":2498,"position":2},"title":"A\u00e7\u00e3o da PM combate tr\u00e1fico de drogas em Gar\u00e7a, Pomp\u00e9ia e Tup\u00e3","author":"Di\u00e1rio de Gar\u00e7a","date":"6 de julho de 2025","format":false,"excerpt":"Opera\u00e7\u00f5es resultam em pris\u00f5es e apreens\u00f5es em\u00a0cidades da regi\u00e3o. A Pol\u00edcia Militar do Estado de S\u00e3o Paulo segue atuando no combate ao tr\u00e1fico de drogas e na repress\u00e3o qualificada ao crime em diferentes regi\u00f5es do interior, o 9\u00ba Batalh\u00e3o de Pol\u00edcia Militar do Interior registrou ocorr\u00eancias significativas nos \u00faltimos dias,\u2026","rel":"","context":"Em &quot;Gar\u00e7a&quot;","block_context":{"text":"Gar\u00e7a","link":"https:\/\/diariodegarca.com\/?cat=781171664"},"img":{"alt_text":"","src":"","width":0,"height":0},"classes":[]},{"id":4643,"url":"https:\/\/diariodegarca.com\/?p=4643","url_meta":{"origin":2498,"position":3},"title":"Opera\u00e7\u00f5es policiais em Gar\u00e7a, Pomp\u00e9ia e Tup\u00e3 resultam em pris\u00f5es e apreens\u00e3o de drogas","author":"Di\u00e1rio de Gar\u00e7a","date":"12 de julho de 2025","format":false,"excerpt":"A\u00e7\u00f5es da PM no interior de S\u00e3o Paulo prendem suspeitos por tr\u00e1fico e fiscalizam tr\u00e2nsito em opera\u00e7\u00e3o integrada. As a\u00e7\u00f5es do\u00a09\u00ba Batalh\u00e3o da Pol\u00edcia Militar\u00a0em\u00a0Gar\u00e7a, Pomp\u00e9ia e Tup\u00e3\u00a0demonstram a\u00a0efetividade do trabalho integrado\u00a0no combate ao crime e na fiscaliza\u00e7\u00e3o do tr\u00e2nsito nos \u00faltimos dias. Enquanto as opera\u00e7\u00f5es contra o tr\u00e1fico de\u2026","rel":"","context":"Em &quot;Gar\u00e7a&quot;","block_context":{"text":"Gar\u00e7a","link":"https:\/\/diariodegarca.com\/?cat=781171664"},"img":{"alt_text":"","src":"https:\/\/i0.wp.com\/diariodegarca.com\/wp-content\/uploads\/2025\/06\/503566608_18306010942246526_8008225824564545424_n-e1764161649475.webp?fit=1080%2C733&ssl=1&resize=350%2C200","width":350,"height":200,"srcset":"https:\/\/i0.wp.com\/diariodegarca.com\/wp-content\/uploads\/2025\/06\/503566608_18306010942246526_8008225824564545424_n-e1764161649475.webp?fit=1080%2C733&ssl=1&resize=350%2C200 1x, https:\/\/i0.wp.com\/diariodegarca.com\/wp-content\/uploads\/2025\/06\/503566608_18306010942246526_8008225824564545424_n-e1764161649475.webp?fit=1080%2C733&ssl=1&resize=525%2C300 1.5x, https:\/\/i0.wp.com\/diariodegarca.com\/wp-content\/uploads\/2025\/06\/503566608_18306010942246526_8008225824564545424_n-e1764161649475.webp?fit=1080%2C733&ssl=1&resize=700%2C400 2x, https:\/\/i0.wp.com\/diariodegarca.com\/wp-content\/uploads\/2025\/06\/503566608_18306010942246526_8008225824564545424_n-e1764161649475.webp?fit=1080%2C733&ssl=1&resize=1050%2C600 3x"},"classes":[]},{"id":4159,"url":"https:\/\/diariodegarca.com\/?p=4159","url_meta":{"origin":2498,"position":4},"title":"A\u00e7\u00f5es policiais prendem suspeitos por roubo, furto e tr\u00e1fico em cidades da regi\u00e3o","author":"Di\u00e1rio de Gar\u00e7a","date":"23 de junho de 2025","format":false,"excerpt":"Em opera\u00e7\u00f5es realizadas no fim de semana, policiais militares do 9\u00ba Batalh\u00e3o do Interior prenderam criminosos em flagrante em Mar\u00edlia, Pomp\u00e9ia e Tup\u00e3; drogas, ve\u00edculo furtado e objetos roubados foram apreendidos. No \u00faltimo fim de semana, o\u00a09\u00ba Batalh\u00e3o de Pol\u00edcia Militar do Interior\u00a0registrou ocorr\u00eancias em diferentes cidades da regi\u00e3o, resultando\u2026","rel":"","context":"Em &quot;Mar\u00edlia&quot;","block_context":{"text":"Mar\u00edlia","link":"https:\/\/diariodegarca.com\/?cat=683453294"},"img":{"alt_text":"","src":"https:\/\/i0.wp.com\/diariodegarca.com\/wp-content\/uploads\/2025\/06\/503566608_18306010942246526_8008225824564545424_n-e1764161649475.webp?fit=1080%2C733&ssl=1&resize=350%2C200","width":350,"height":200,"srcset":"https:\/\/i0.wp.com\/diariodegarca.com\/wp-content\/uploads\/2025\/06\/503566608_18306010942246526_8008225824564545424_n-e1764161649475.webp?fit=1080%2C733&ssl=1&resize=350%2C200 1x, https:\/\/i0.wp.com\/diariodegarca.com\/wp-content\/uploads\/2025\/06\/503566608_18306010942246526_8008225824564545424_n-e1764161649475.webp?fit=1080%2C733&ssl=1&resize=525%2C300 1.5x, https:\/\/i0.wp.com\/diariodegarca.com\/wp-content\/uploads\/2025\/06\/503566608_18306010942246526_8008225824564545424_n-e1764161649475.webp?fit=1080%2C733&ssl=1&resize=700%2C400 2x, https:\/\/i0.wp.com\/diariodegarca.com\/wp-content\/uploads\/2025\/06\/503566608_18306010942246526_8008225824564545424_n-e1764161649475.webp?fit=1080%2C733&ssl=1&resize=1050%2C600 3x"},"classes":[]},{"id":7868,"url":"https:\/\/diariodegarca.com\/?p=7868","url_meta":{"origin":2498,"position":5},"title":"A\u00e7\u00e3o policial apreende drogas e prende homem por tr\u00e1fico em Pomp\u00e9ia","author":"Andreza Sega","date":"21 de outubro de 2025","format":false,"excerpt":"Durante patrulhamento de rotina no bairro Fl\u00e2ndria, agentes flagraram um homem em atitude suspeita e encontraram coca\u00edna, crack e maconha. Na tarde de segunda-feira, 20 de outubro, uma equipe do Radiopatrulhamento da Pol\u00edcia Militar prendeu em flagrante um homem por tr\u00e1fico de drogas no bairro Fl\u00e2ndria, em Pomp\u00e9ia. A a\u00e7\u00e3o\u2026","rel":"","context":"Em &quot;Pomp\u00e9ia&quot;","block_context":{"text":"Pomp\u00e9ia","link":"https:\/\/diariodegarca.com\/?cat=1549470"},"img":{"alt_text":"","src":"https:\/\/i0.wp.com\/diariodegarca.com\/wp-content\/uploads\/2025\/10\/SnapInsta.to_567560224_18321140995246526_7463820184340062932_n-1.webp?fit=1080%2C1080&ssl=1&resize=350%2C200","width":350,"height":200,"srcset":"https:\/\/i0.wp.com\/diariodegarca.com\/wp-content\/uploads\/2025\/10\/SnapInsta.to_567560224_18321140995246526_7463820184340062932_n-1.webp?fit=1080%2C1080&ssl=1&resize=350%2C200 1x, https:\/\/i0.wp.com\/diariodegarca.com\/wp-content\/uploads\/2025\/10\/SnapInsta.to_567560224_18321140995246526_7463820184340062932_n-1.webp?fit=1080%2C1080&ssl=1&resize=525%2C300 1.5x, https:\/\/i0.wp.com\/diariodegarca.com\/wp-content\/uploads\/2025\/10\/SnapInsta.to_567560224_18321140995246526_7463820184340062932_n-1.webp?fit=1080%2C1080&ssl=1&resize=700%2C400 2x, https:\/\/i0.wp.com\/diariodegarca.com\/wp-content\/uploads\/2025\/10\/SnapInsta.to_567560224_18321140995246526_7463820184340062932_n-1.webp?fit=1080%2C1080&ssl=1&resize=1050%2C600 3x"},"classes":[]}],"_links":{"self":[{"href":"https:\/\/diariodegarca.com\/index.php?rest_route=\/wp\/v2\/posts\/2498","targetHints":{"allow":["GET"]}}],"collection":[{"href":"https:\/\/diariodegarca.com\/index.php?rest_route=\/wp\/v2\/posts"}],"about":[{"href":"https:\/\/diariodegarca.com\/index.php?rest_route=\/wp\/v2\/types\/post"}],"author":[{"embeddable":true,"href":"https:\/\/diariodegarca.com\/index.php?rest_route=\/wp\/v2\/users\/260896546"}],"replies":[{"embeddable":true,"href":"https:\/\/diariodegarca.com\/index.php?rest_route=%2Fwp%2Fv2%2Fcomments&post=2498"}],"version-history":[{"count":0,"href":"https:\/\/diariodegarca.com\/index.php?rest_route=\/wp\/v2\/posts\/2498\/revisions"}],"wp:attachment":[{"href":"https:\/\/diariodegarca.com\/index.php?rest_route=%2Fwp%2Fv2%2Fmedia&parent=2498"}],"wp:term":[{"taxonomy":"category","embeddable":true,"href":"https:\/\/diariodegarca.com\/index.php?rest_route=%2Fwp%2Fv2%2Fcategories&post=2498"},{"taxonomy":"post_tag","embeddable":true,"href":"https:\/\/diariodegarca.com\/index.php?rest_route=%2Fwp%2Fv2%2Ftags&post=2498"}],"curies":[{"name":"wp","href":"https:\/\/api.w.org\/{rel}","templated":true}]}}