{"id":2500,"date":"2025-04-01T20:18:00","date_gmt":"2025-04-01T20:18:00","guid":{"rendered":"https:\/\/diariodegarca.com\/2025\/04\/01\/homem-e-preso-por-violencia-domestica-contra-a-mae-em-tupa\/"},"modified":"2025-04-01T20:18:00","modified_gmt":"2025-04-01T20:18:00","slug":"homem-e-preso-por-violencia-domestica-contra-a-mae-em-tupa","status":"publish","type":"post","link":"https:\/\/diariodegarca.com\/?p=2500","title":{"rendered":"Homem \u00e9 preso por viol\u00eancia dom\u00e9stica contra a m\u00e3e em Tup\u00e3"},"content":{"rendered":"<div class=\"separator\" style=\"clear: both;text-align: center\"><a href=\"https:\/\/i0.wp.com\/blogger.googleusercontent.com\/img\/b\/R29vZ2xl\/AVvXsEjdALgdJflKCUo8TG9lQAgB1FI4nKkA2zsPhgvdqo9XEDoJZdo2bnpx30I8-a_G2eOOP34tkXT7ugLSyVws3cR0Pyf7rQhPpccGvhAMNeFbOzNrndb2dDVCD8sRgD-bwGKP7_jBLQqMeshiF9yCIjjHlMJQSCuN4bS3XwzYGq-aNXa0VMu40WCPhOuPpPc\/s1080\/Snapins.ai_488702543_18296817259246526_4429986112984515088_n_1080%20%281%29.jpg?ssl=1\" style=\"margin-left: 1em;margin-right: 1em\"><img data-recalc-dims=\"1\" loading=\"lazy\" decoding=\"async\" border=\"0\" height=\"320\" src=\"https:\/\/i0.wp.com\/blogger.googleusercontent.com\/img\/b\/R29vZ2xl\/AVvXsEjdALgdJflKCUo8TG9lQAgB1FI4nKkA2zsPhgvdqo9XEDoJZdo2bnpx30I8-a_G2eOOP34tkXT7ugLSyVws3cR0Pyf7rQhPpccGvhAMNeFbOzNrndb2dDVCD8sRgD-bwGKP7_jBLQqMeshiF9yCIjjHlMJQSCuN4bS3XwzYGq-aNXa0VMu40WCPhOuPpPc\/s320\/Snapins.ai_488702543_18296817259246526_4429986112984515088_n_1080%20%281%29.jpg?resize=320%2C320&#038;ssl=1\" width=\"320\" \/><\/a><\/div>\n<p><\/p>\n<p>Na madrugada desta segunda-feira, 31 de mar\u00e7o, para ter\u00e7a-feira,1\u00ba de abril, o\u00a0<strong>9\u00ba Batalh\u00e3o de Pol\u00edcia Militar do Interior<\/strong>\u00a0prendeu em flagrante um homem por\u00a0<strong>agress\u00e3o f\u00edsica, psicol\u00f3gica e amea\u00e7as de morte contra a pr\u00f3pria m\u00e3e<\/strong>\u00a0em Tup\u00e3.<\/p>\n<p>O caso foi registrado por volta das\u00a0<strong>0h<\/strong>, ap\u00f3s a v\u00edtima acionar a PM. Ao chegarem ao local, os policiais encontraram a mulher com\u00a0<strong>hematomas no bra\u00e7o e olho roxo<\/strong>, al\u00e9m de diversos danos na resid\u00eancia, como m\u00f3veis destru\u00eddos e portas arrancadas.<\/p>\n<p>Segundo a v\u00edtima, o filho,\u00a0<strong>usu\u00e1rio de drogas<\/strong>, a agredia frequentemente e fazia amea\u00e7as para conseguir dinheiro e sustentar o v\u00edcio. Diante das evid\u00eancias, o agressor foi\u00a0<strong>detido no local<\/strong>\u00a0e encaminhado \u00e0\u00a0<strong>Central de Pol\u00edcia Judici\u00e1ria de Tup\u00e3<\/strong>, onde a pris\u00e3o foi confirmada. Ele aguardar\u00e1\u00a0<strong>audi\u00eancia de cust\u00f3dia<\/strong>\u00a0para responder pelos crimes.<\/p>\n<p>A Pol\u00edcia Militar refor\u00e7a a import\u00e2ncia de den\u00fancias em casos de viol\u00eancia dom\u00e9stica. Disque\u00a0<strong>190<\/strong>\u00a0ou\u00a0<strong>180<\/strong>\u00a0para buscar ajuda.<\/p>\n","protected":false},"excerpt":{"rendered":"<p>Na madrugada desta segunda-feira, 31 de mar\u00e7o, para ter\u00e7a-feira,1\u00ba de abril, o\u00a09\u00ba Batalh\u00e3o de Pol\u00edcia Militar do Interior\u00a0prendeu em flagrante um homem por\u00a0agress\u00e3o f\u00edsica, psicol\u00f3gica e amea\u00e7as de morte contra a pr\u00f3pria m\u00e3e\u00a0em Tup\u00e3. O caso foi registrado por volta das\u00a00h, ap\u00f3s a v\u00edtima acionar a PM. Ao chegarem ao local, os policiais encontraram a [&hellip;]<\/p>\n","protected":false},"author":260896546,"featured_media":0,"comment_status":"open","ping_status":"open","sticky":false,"template":"","format":"standard","meta":{"_crdt_document":"","_monsterinsights_skip_tracking":false,"_monsterinsights_sitenote_active":false,"_monsterinsights_sitenote_note":"","_monsterinsights_sitenote_category":0,"advanced_seo_description":"","jetpack_seo_html_title":"","jetpack_seo_noindex":false,"_jetpack_newsletter_access":"","_jetpack_dont_email_post_to_subs":false,"_jetpack_newsletter_tier_id":0,"_jetpack_memberships_contains_paywalled_content":false,"_jetpack_memberships_contains_paid_content":false,"footnotes":"","jetpack_publicize_message":"","jetpack_publicize_feature_enabled":true,"jetpack_social_post_already_shared":false,"jetpack_social_options":{"image_generator_settings":{"template":"fullscreen","default_image_id":0,"font":"","enabled":false},"version":2},"_wpas_customize_per_network":false,"jetpack_post_was_ever_published":false},"categories":[38185],"tags":[1036487,2099801],"class_list":["post-2500","post","type-post","status-publish","format-standard","hentry","category-brasil","tag-seguranca-publica","tag-tupa"],"jetpack_publicize_connections":[],"jetpack_featured_media_url":"","jetpack_likes_enabled":true,"jetpack_sharing_enabled":true,"jetpack_shortlink":"https:\/\/wp.me\/pgitne-Ek","jetpack-related-posts":[{"id":4618,"url":"https:\/\/diariodegarca.com\/?p=4618","url_meta":{"origin":2500,"position":0},"title":"Opera\u00e7\u00f5es da PM prendem suspeitos e apreendem drogas e arma em Tup\u00e3 e Mar\u00edlia","author":"Di\u00e1rio de Gar\u00e7a","date":"11 de julho de 2025","format":false,"excerpt":"A\u00e7\u00f5es policiais resultaram em pris\u00f5es por tr\u00e1fico, furto e recepta\u00e7\u00e3o, al\u00e9m da apreens\u00e3o de entorpecentes e uma espingarda de press\u00e3o. Com abordagens estrat\u00e9gicas e uso de intelig\u00eancia policial, as equipes do 9\u00ba Batalh\u00e3o de Pol\u00edcia Militar do Interior (9\u00ba BPM) prenderam indiv\u00edduos procurados pela Justi\u00e7a e apreenderam drogas e uma\u2026","rel":"","context":"Em &quot;Mar\u00edlia&quot;","block_context":{"text":"Mar\u00edlia","link":"https:\/\/diariodegarca.com\/?cat=683453294"},"img":{"alt_text":"","src":"","width":0,"height":0},"classes":[]},{"id":6987,"url":"https:\/\/diariodegarca.com\/?p=6987","url_meta":{"origin":2500,"position":1},"title":"A\u00e7\u00f5es da PM resultam em quatro pris\u00f5es em cidades da regi\u00e3o em tr\u00eas dias","author":"Di\u00e1rio de Gar\u00e7a","date":"21 de setembro de 2025","format":false,"excerpt":"Opera\u00e7\u00f5es de rotina e atendimento a den\u00fancias levaram \u00e0 captura de procurados por crimes como furto, estelionato e tr\u00e1fico de drogas; todos foram encaminhados \u00e0 pol\u00edcia judici\u00e1ria. Em uma s\u00e9rie de opera\u00e7\u00f5es realizadas entre quinta-feira, 18, e s\u00e1bado, 20 de setembro, policiais militares do 9\u00ba Batalh\u00e3o cumpriram mandados de pris\u00e3o\u2026","rel":"","context":"Em &quot;Iacri&quot;","block_context":{"text":"Iacri","link":"https:\/\/diariodegarca.com\/?cat=71537226"},"img":{"alt_text":"","src":"https:\/\/i0.wp.com\/diariodegarca.com\/wp-content\/uploads\/2025\/09\/SnapInsta.to_551970903_18316317214246526_1097097420418584703_n.webp?fit=1200%2C1200&ssl=1&resize=350%2C200","width":350,"height":200,"srcset":"https:\/\/i0.wp.com\/diariodegarca.com\/wp-content\/uploads\/2025\/09\/SnapInsta.to_551970903_18316317214246526_1097097420418584703_n.webp?fit=1200%2C1200&ssl=1&resize=350%2C200 1x, https:\/\/i0.wp.com\/diariodegarca.com\/wp-content\/uploads\/2025\/09\/SnapInsta.to_551970903_18316317214246526_1097097420418584703_n.webp?fit=1200%2C1200&ssl=1&resize=525%2C300 1.5x, https:\/\/i0.wp.com\/diariodegarca.com\/wp-content\/uploads\/2025\/09\/SnapInsta.to_551970903_18316317214246526_1097097420418584703_n.webp?fit=1200%2C1200&ssl=1&resize=700%2C400 2x, https:\/\/i0.wp.com\/diariodegarca.com\/wp-content\/uploads\/2025\/09\/SnapInsta.to_551970903_18316317214246526_1097097420418584703_n.webp?fit=1200%2C1200&ssl=1&resize=1050%2C600 3x"},"classes":[]},{"id":5279,"url":"https:\/\/diariodegarca.com\/?p=5279","url_meta":{"origin":2500,"position":2},"title":"Opera\u00e7\u00f5es policiais em Arco-\u00cdris, Tup\u00e3 e Mar\u00edlia resultam em pris\u00f5es por tr\u00e1fico, amea\u00e7a e outros crimes","author":"Di\u00e1rio de Gar\u00e7a","date":"5 de agosto de 2025","format":false,"excerpt":"A\u00e7\u00f5es do 9\u00ba Batalh\u00e3o da PM prenderam suspeitos por tr\u00e1fico de drogas, capturaram foragidos e desarticularam atividades criminosas nas tr\u00eas cidades. Tr\u00e1fico de drogas em Arco-\u00cdris Na \u00faltima sexta-feira, 1\u00ba de agosto, policiais militares do 9\u00ba Batalh\u00e3o prenderam um homem por tr\u00e1fico de drogas em Arco-\u00cdris. O suspeito foi flagrado\u2026","rel":"","context":"Em &quot;Arco-\u00cdris&quot;","block_context":{"text":"Arco-\u00cdris","link":"https:\/\/diariodegarca.com\/?cat=873132"},"img":{"alt_text":"","src":"https:\/\/i0.wp.com\/diariodegarca.com\/wp-content\/uploads\/2025\/08\/trafico-de-drogas-em-arco-irisnesta-sexta-feira-1-por-volta-das-19h29min-policiais-militare.webp?fit=1080%2C607&ssl=1&resize=350%2C200","width":350,"height":200,"srcset":"https:\/\/i0.wp.com\/diariodegarca.com\/wp-content\/uploads\/2025\/08\/trafico-de-drogas-em-arco-irisnesta-sexta-feira-1-por-volta-das-19h29min-policiais-militare.webp?fit=1080%2C607&ssl=1&resize=350%2C200 1x, https:\/\/i0.wp.com\/diariodegarca.com\/wp-content\/uploads\/2025\/08\/trafico-de-drogas-em-arco-irisnesta-sexta-feira-1-por-volta-das-19h29min-policiais-militare.webp?fit=1080%2C607&ssl=1&resize=525%2C300 1.5x, https:\/\/i0.wp.com\/diariodegarca.com\/wp-content\/uploads\/2025\/08\/trafico-de-drogas-em-arco-irisnesta-sexta-feira-1-por-volta-das-19h29min-policiais-militare.webp?fit=1080%2C607&ssl=1&resize=700%2C400 2x, https:\/\/i0.wp.com\/diariodegarca.com\/wp-content\/uploads\/2025\/08\/trafico-de-drogas-em-arco-irisnesta-sexta-feira-1-por-volta-das-19h29min-policiais-militare.webp?fit=1080%2C607&ssl=1&resize=1050%2C600 3x"},"classes":[]},{"id":6203,"url":"https:\/\/diariodegarca.com\/?p=6203","url_meta":{"origin":2500,"position":3},"title":"Pol\u00edcia Militar prende foragido da justi\u00e7a por furto em Tup\u00e3","author":"Di\u00e1rio de Gar\u00e7a","date":"29 de agosto de 2025","format":false,"excerpt":"A\u00e7\u00e3o ocorreu no final da tarde de quinta-feira; homem cumprir\u00e1 pena em regime fechado. Em uma a\u00e7\u00e3o de rotina na tarde da \u00faltima quinta-feira, 28 de agosto, policiais militares do 9\u00ba Batalh\u00e3o do Interior (9\u00ba BPM\/I) efetuaram a pris\u00e3o de um homem foragido da justi\u00e7a na cidade de Tup\u00e3. O\u2026","rel":"","context":"Em &quot;Seguran\u00e7a&quot;","block_context":{"text":"Seguran\u00e7a","link":"https:\/\/diariodegarca.com\/?cat=21243"},"img":{"alt_text":"","src":"https:\/\/i0.wp.com\/diariodegarca.com\/wp-content\/uploads\/2025\/08\/snapinsta.to_540648967_18313882312246526_8378131112146749854_n.jpg?fit=1080%2C1080&ssl=1&resize=350%2C200","width":350,"height":200,"srcset":"https:\/\/i0.wp.com\/diariodegarca.com\/wp-content\/uploads\/2025\/08\/snapinsta.to_540648967_18313882312246526_8378131112146749854_n.jpg?fit=1080%2C1080&ssl=1&resize=350%2C200 1x, https:\/\/i0.wp.com\/diariodegarca.com\/wp-content\/uploads\/2025\/08\/snapinsta.to_540648967_18313882312246526_8378131112146749854_n.jpg?fit=1080%2C1080&ssl=1&resize=525%2C300 1.5x, https:\/\/i0.wp.com\/diariodegarca.com\/wp-content\/uploads\/2025\/08\/snapinsta.to_540648967_18313882312246526_8378131112146749854_n.jpg?fit=1080%2C1080&ssl=1&resize=700%2C400 2x, https:\/\/i0.wp.com\/diariodegarca.com\/wp-content\/uploads\/2025\/08\/snapinsta.to_540648967_18313882312246526_8378131112146749854_n.jpg?fit=1080%2C1080&ssl=1&resize=1050%2C600 3x"},"classes":[]},{"id":6336,"url":"https:\/\/diariodegarca.com\/?p=6336","url_meta":{"origin":2500,"position":4},"title":"Opera\u00e7\u00f5es da PM em Tup\u00e3 e Mar\u00edlia resultam em quatro pris\u00f5es por crimes diversos","author":"Di\u00e1rio de Gar\u00e7a","date":"3 de setembro de 2025","format":false,"excerpt":"A\u00e7\u00f5es da For\u00e7a T\u00e1tica prenderam suspeitos por estupro de vulner\u00e1vel, tr\u00e1fico de drogas e cumpriram mandados durante a ter\u00e7a-feira. Um conjunto de opera\u00e7\u00f5es realizadas pela Pol\u00edcia Militar na \u00faltima ter\u00e7a-feira, 2 de setembro, resultou na captura de quatro indiv\u00edduos nas cidades de Mar\u00edlia e Tup\u00e3. As a\u00e7\u00f5es, executadas pelas equipes\u2026","rel":"","context":"Em &quot;Mar\u00edlia&quot;","block_context":{"text":"Mar\u00edlia","link":"https:\/\/diariodegarca.com\/?cat=683453294"},"img":{"alt_text":"","src":"https:\/\/i0.wp.com\/diariodegarca.com\/wp-content\/uploads\/2025\/08\/snapinsta.to_538731954_18313351471246526_1871743859055979954_n-1-e1762717736830.webp?fit=1080%2C716&ssl=1&resize=350%2C200","width":350,"height":200,"srcset":"https:\/\/i0.wp.com\/diariodegarca.com\/wp-content\/uploads\/2025\/08\/snapinsta.to_538731954_18313351471246526_1871743859055979954_n-1-e1762717736830.webp?fit=1080%2C716&ssl=1&resize=350%2C200 1x, https:\/\/i0.wp.com\/diariodegarca.com\/wp-content\/uploads\/2025\/08\/snapinsta.to_538731954_18313351471246526_1871743859055979954_n-1-e1762717736830.webp?fit=1080%2C716&ssl=1&resize=525%2C300 1.5x, https:\/\/i0.wp.com\/diariodegarca.com\/wp-content\/uploads\/2025\/08\/snapinsta.to_538731954_18313351471246526_1871743859055979954_n-1-e1762717736830.webp?fit=1080%2C716&ssl=1&resize=700%2C400 2x, https:\/\/i0.wp.com\/diariodegarca.com\/wp-content\/uploads\/2025\/08\/snapinsta.to_538731954_18313351471246526_1871743859055979954_n-1-e1762717736830.webp?fit=1080%2C716&ssl=1&resize=1050%2C600 3x"},"classes":[]},{"id":4537,"url":"https:\/\/diariodegarca.com\/?p=4537","url_meta":{"origin":2500,"position":5},"title":"Tr\u00e1fico de drogas: Mar\u00edlia, Gar\u00e7a e Tup\u00e3 t\u00eam suspeitos presos em a\u00e7\u00f5es","author":"Di\u00e1rio de Gar\u00e7a","date":"8 de julho de 2025","format":false,"excerpt":"Opera\u00e7\u00f5es da Pol\u00edcia Militar apreendem coca\u00edna, crack e maconha; tr\u00eas homens foram detidos. O 9\u00ba Batalh\u00e3o de Pol\u00edcia Militar do Interior (9\u00ba BPM\/I) registrou tr\u00eas ocorr\u00eancias em diferentes cidades da regi\u00e3o, mostrando a atua\u00e7\u00e3o firme das equipes em Mar\u00edlia, Gar\u00e7a e Tup\u00e3. Mar\u00edlia: Homem preso com 158 doses de coca\u00edna\u2026","rel":"","context":"Em &quot;Gar\u00e7a&quot;","block_context":{"text":"Gar\u00e7a","link":"https:\/\/diariodegarca.com\/?cat=781171664"},"img":{"alt_text":"","src":"https:\/\/i0.wp.com\/diariodegarca.com\/wp-content\/uploads\/2025\/05\/502985877_18303467734246526_5566770497985067473_n.webp?fit=960%2C1200&ssl=1&resize=350%2C200","width":350,"height":200,"srcset":"https:\/\/i0.wp.com\/diariodegarca.com\/wp-content\/uploads\/2025\/05\/502985877_18303467734246526_5566770497985067473_n.webp?fit=960%2C1200&ssl=1&resize=350%2C200 1x, https:\/\/i0.wp.com\/diariodegarca.com\/wp-content\/uploads\/2025\/05\/502985877_18303467734246526_5566770497985067473_n.webp?fit=960%2C1200&ssl=1&resize=525%2C300 1.5x, https:\/\/i0.wp.com\/diariodegarca.com\/wp-content\/uploads\/2025\/05\/502985877_18303467734246526_5566770497985067473_n.webp?fit=960%2C1200&ssl=1&resize=700%2C400 2x"},"classes":[]}],"_links":{"self":[{"href":"https:\/\/diariodegarca.com\/index.php?rest_route=\/wp\/v2\/posts\/2500","targetHints":{"allow":["GET"]}}],"collection":[{"href":"https:\/\/diariodegarca.com\/index.php?rest_route=\/wp\/v2\/posts"}],"about":[{"href":"https:\/\/diariodegarca.com\/index.php?rest_route=\/wp\/v2\/types\/post"}],"author":[{"embeddable":true,"href":"https:\/\/diariodegarca.com\/index.php?rest_route=\/wp\/v2\/users\/260896546"}],"replies":[{"embeddable":true,"href":"https:\/\/diariodegarca.com\/index.php?rest_route=%2Fwp%2Fv2%2Fcomments&post=2500"}],"version-history":[{"count":0,"href":"https:\/\/diariodegarca.com\/index.php?rest_route=\/wp\/v2\/posts\/2500\/revisions"}],"wp:attachment":[{"href":"https:\/\/diariodegarca.com\/index.php?rest_route=%2Fwp%2Fv2%2Fmedia&parent=2500"}],"wp:term":[{"taxonomy":"category","embeddable":true,"href":"https:\/\/diariodegarca.com\/index.php?rest_route=%2Fwp%2Fv2%2Fcategories&post=2500"},{"taxonomy":"post_tag","embeddable":true,"href":"https:\/\/diariodegarca.com\/index.php?rest_route=%2Fwp%2Fv2%2Ftags&post=2500"}],"curies":[{"name":"wp","href":"https:\/\/api.w.org\/{rel}","templated":true}]}}