{"id":2508,"date":"2025-04-01T13:46:00","date_gmt":"2025-04-01T13:46:00","guid":{"rendered":"https:\/\/diariodegarca.com\/2025\/04\/01\/marilia-oferece-cursos-presenciais-de-informatica-basica-e-cuidador-de-idosos\/"},"modified":"2025-04-01T13:46:00","modified_gmt":"2025-04-01T13:46:00","slug":"marilia-oferece-cursos-presenciais-de-informatica-basica-e-cuidador-de-idosos","status":"publish","type":"post","link":"https:\/\/diariodegarca.com\/?p=2508","title":{"rendered":"Mar\u00edlia oferece cursos presenciais de Inform\u00e1tica B\u00e1sica e Cuidador de Idosos"},"content":{"rendered":"<div class=\"separator\" style=\"clear: both;text-align: center\"><a href=\"https:\/\/i0.wp.com\/blogger.googleusercontent.com\/img\/b\/R29vZ2xl\/AVvXsEie-EBFuaT9Fk_ehavEquKVA8XycOqhYsOCbdWRVMYY_fRaP1FRFjzWLUPg9ETrMDU8JMFgDZKbJgWhh0zf-bn4_D4txySrIAMeqf34lQzplogyzXXcI0Mf-N1ey97CnMlM1UQCmhFy893x6bxs_-e7MzHpBCUUlSOjgFgjDElYevwjgxcd6uGVGIa9i1A\/s6000\/closeup-support-hands.jpg?ssl=1\" style=\"margin-left: 1em;margin-right: 1em\"><img data-recalc-dims=\"1\" loading=\"lazy\" decoding=\"async\" border=\"0\" height=\"213\" src=\"https:\/\/i0.wp.com\/blogger.googleusercontent.com\/img\/b\/R29vZ2xl\/AVvXsEie-EBFuaT9Fk_ehavEquKVA8XycOqhYsOCbdWRVMYY_fRaP1FRFjzWLUPg9ETrMDU8JMFgDZKbJgWhh0zf-bn4_D4txySrIAMeqf34lQzplogyzXXcI0Mf-N1ey97CnMlM1UQCmhFy893x6bxs_-e7MzHpBCUUlSOjgFgjDElYevwjgxcd6uGVGIa9i1A\/s320\/closeup-support-hands.jpg?resize=320%2C213&#038;ssl=1\" width=\"320\" \/><\/a><\/div>\n<p><\/p>\n<p><span>O<\/span><span>\u00a0<\/span><strong>Centro Profissionalizante Municipal de Mar\u00edlia (CEPROM)<\/strong><span>, vinculado \u00e0<\/span><span>\u00a0<\/span><strong>Prefeitura de Mar\u00edlia<\/strong><span>, abre inscri\u00e7\u00f5es para dois cursos gratuitos e presenciais a partir de hoje, ter\u00e7a-feira,<\/span><span>\u00a0<\/span><strong>1\u00ba de abril<\/strong><span>:<\/span><span>\u00a0<\/span><strong>Inform\u00e1tica B\u00e1sica<\/strong><span>\u00a0<\/span><span>e<\/span><span>\u00a0<\/span><strong>Cuidador de Idosos<\/strong><span>. As vagas s\u00e3o limitadas, e as inscri\u00e7\u00f5es seguem at\u00e9<\/span><span>\u00a0<\/span><strong>11 de abril<\/strong><span>, diretamente no CEPROM.<\/span><\/p>\n<p><span>Os cursos t\u00eam dura\u00e7\u00e3o de<\/span><span>\u00a0<\/span><strong>40 horas<\/strong><span>, ser\u00e3o <b>realizados de forma presencial<\/b> e s\u00e3o voltados para maiores de<\/span><span>\u00a0<\/span><strong>18 anos<\/strong><span>\u00a0<\/span><span>com ensino fundamental completo. O curso de<\/span><span>\u00a0<\/span><strong>Cuidador de Idosos<\/strong><span>\u00a0<\/span><span>inicia em<\/span><span>\u00a0<\/span><strong>14 de abril<\/strong><span>, com aulas no per\u00edodo da<\/span><span>\u00a0<\/span><strong>tarde (14h \u00e0s 16h)<\/strong><span>, enquanto o de<\/span><span>\u00a0<\/span><strong>Inform\u00e1tica B\u00e1sica<\/strong><span>\u00a0<\/span><span>come\u00e7a em<\/span><span>\u00a0<\/span><strong>28 de abril<\/strong><span>, no turno da<\/span><span>\u00a0<\/span><strong>manh\u00e3 (9h \u00e0s 11h)<\/strong><span>.<\/span><\/p>\n<p><span>A iniciativa visa capacitar profissionais para o mercado de trabalho, oferecendo conhecimentos essenciais tanto para o cuidado humanizado de idosos quanto para o dom\u00ednio de ferramentas digitais b\u00e1sicas.<\/span><\/p>\n<p><strong><br \/><\/strong><\/p>\n<p><strong>Inscri\u00e7\u00f5es e Informa\u00e7\u00f5es:<\/strong><\/p>\n<p><span>As inscri\u00e7\u00f5es devem ser realizadas presencialmente no<\/span><span>\u00a0<\/span><strong>CEPROM<\/strong><span>, localizado na<\/span><span>\u00a0<\/span><strong>avenida Nelson Spielmann, 159<\/strong><span>. Para mais detalhes, os interessados podem entrar em contato pelos telefones<\/span><span>\u00a0<\/span><strong>(14) 98195-0318<\/strong><span>.<\/span><\/p>\n<p>A\u00a0<strong>Secretaria da Cidadania<\/strong>\u00a0refor\u00e7a o compromisso da administra\u00e7\u00e3o municipal com a qualifica\u00e7\u00e3o profissional e a inclus\u00e3o social, destacando o CEPROM como um espa\u00e7o de oportunidades para a popula\u00e7\u00e3o.<\/p>\n","protected":false},"excerpt":{"rendered":"<p>O\u00a0Centro Profissionalizante Municipal de Mar\u00edlia (CEPROM), vinculado \u00e0\u00a0Prefeitura de Mar\u00edlia, abre inscri\u00e7\u00f5es para dois cursos gratuitos e presenciais a partir de hoje, ter\u00e7a-feira,\u00a01\u00ba de abril:\u00a0Inform\u00e1tica B\u00e1sica\u00a0e\u00a0Cuidador de Idosos. As vagas s\u00e3o limitadas, e as inscri\u00e7\u00f5es seguem at\u00e9\u00a011 de abril, diretamente no CEPROM. Os cursos t\u00eam dura\u00e7\u00e3o de\u00a040 horas, ser\u00e3o realizados de forma presencial e s\u00e3o [&hellip;]<\/p>\n","protected":false},"author":260896546,"featured_media":0,"comment_status":"open","ping_status":"open","sticky":false,"template":"","format":"standard","meta":{"_crdt_document":"","_monsterinsights_skip_tracking":false,"_monsterinsights_sitenote_active":false,"_monsterinsights_sitenote_note":"","_monsterinsights_sitenote_category":0,"advanced_seo_description":"","jetpack_seo_html_title":"","jetpack_seo_noindex":false,"_jetpack_newsletter_access":"","_jetpack_dont_email_post_to_subs":false,"_jetpack_newsletter_tier_id":0,"_jetpack_memberships_contains_paywalled_content":false,"_jetpack_memberships_contains_paid_content":false,"footnotes":"","jetpack_publicize_message":"","jetpack_publicize_feature_enabled":true,"jetpack_social_post_already_shared":false,"jetpack_social_options":{"image_generator_settings":{"template":"fullscreen","default_image_id":0,"font":"","enabled":false},"version":2},"_wpas_customize_per_network":false,"jetpack_post_was_ever_published":false},"categories":[38185],"tags":[222752,69028],"class_list":["post-2508","post","type-post","status-publish","format-standard","hentry","category-brasil","tag-marilia","tag-oficina"],"jetpack_publicize_connections":[],"jetpack_featured_media_url":"","jetpack_likes_enabled":true,"jetpack_sharing_enabled":true,"jetpack_shortlink":"https:\/\/wp.me\/pgitne-Es","jetpack-related-posts":[{"id":4866,"url":"https:\/\/diariodegarca.com\/?p=4866","url_meta":{"origin":2508,"position":0},"title":"Mar\u00edlia abre inscri\u00e7\u00f5es para cursos gratuitos de Cuidador de Idosos e Eletricista Instalador","author":"Di\u00e1rio de Gar\u00e7a","date":"21 de julho de 2025","format":false,"excerpt":"Oportunidades presenciais t\u00eam in\u00edcio em agosto e exigem ensino fundamental completo. O Centro Profissionalizante Municipal de Mar\u00edlia (CEPROM) est\u00e1 com inscri\u00e7\u00f5es abertas para dois cursos gratuitos e presenciais:\u00a0Cuidador de Idosos\u00a0e\u00a0Eletricista Instalador. As vagas s\u00e3o limitadas e as aulas come\u00e7am no dia 11 de agosto. As inscri\u00e7\u00f5es podem ser feitas entre\u2026","rel":"","context":"Em &quot;Curso&quot;","block_context":{"text":"Curso","link":"https:\/\/diariodegarca.com\/?cat=36947"},"img":{"alt_text":"","src":"https:\/\/i0.wp.com\/diariodegarca.com\/wp-content\/uploads\/2025\/07\/conceito-de-aposentadoria-em-casa-com-enfermeira.jpg?fit=1200%2C800&ssl=1&resize=350%2C200","width":350,"height":200,"srcset":"https:\/\/i0.wp.com\/diariodegarca.com\/wp-content\/uploads\/2025\/07\/conceito-de-aposentadoria-em-casa-com-enfermeira.jpg?fit=1200%2C800&ssl=1&resize=350%2C200 1x, https:\/\/i0.wp.com\/diariodegarca.com\/wp-content\/uploads\/2025\/07\/conceito-de-aposentadoria-em-casa-com-enfermeira.jpg?fit=1200%2C800&ssl=1&resize=525%2C300 1.5x, https:\/\/i0.wp.com\/diariodegarca.com\/wp-content\/uploads\/2025\/07\/conceito-de-aposentadoria-em-casa-com-enfermeira.jpg?fit=1200%2C800&ssl=1&resize=700%2C400 2x, https:\/\/i0.wp.com\/diariodegarca.com\/wp-content\/uploads\/2025\/07\/conceito-de-aposentadoria-em-casa-com-enfermeira.jpg?fit=1200%2C800&ssl=1&resize=1050%2C600 3x"},"classes":[]},{"id":2696,"url":"https:\/\/diariodegarca.com\/?p=2696","url_meta":{"origin":2508,"position":1},"title":"CPFL Paulista abre inscri\u00e7\u00f5es para a Escola de Eletricistas","author":"Di\u00e1rio de Gar\u00e7a","date":"5 de mar\u00e7o de 2025","format":false,"excerpt":"A CPFL Paulista, em parceria com a Elo Energia, est\u00e1 com inscri\u00e7\u00f5es abertas para uma nova turma da Escola de Eletricistas de Rede de Distribui\u00e7\u00e3o El\u00e9trica. O curso \u00e9 totalmente gratuito, oferece 12 vagas e ser\u00e1 realizado no formato h\u00edbrido, com aulas presenciais em Mar\u00edlia e atividades online. As inscri\u00e7\u00f5es\u2026","rel":"","context":"Em &quot;Brasil&quot;","block_context":{"text":"Brasil","link":"https:\/\/diariodegarca.com\/?cat=38185"},"img":{"alt_text":"","src":"","width":0,"height":0},"classes":[]},{"id":8428,"url":"https:\/\/diariodegarca.com\/?p=8428","url_meta":{"origin":2508,"position":2},"title":"Curso gratuito formar\u00e1 eletricistas de rede em Gar\u00e7a e regi\u00e3o","author":"Andreza Sega","date":"4 de novembro de 2025","format":false,"excerpt":"CPFL Paulista abre 12 vagas para qualifica\u00e7\u00e3o profissional na \u00e1rea el\u00e9trica; aulas come\u00e7am em janeiro de 2026. Moradores de Gar\u00e7a, Mar\u00edlia, Pomp\u00e9ia, Hercul\u00e2ndia e Ocau\u00e7u t\u00eam uma nova chance de se qualificar para o mercado de trabalho. A CPFL Paulista, em parceria com a Elo Energia, est\u00e1 com inscri\u00e7\u00f5es abertas\u2026","rel":"","context":"Em &quot;Curso&quot;","block_context":{"text":"Curso","link":"https:\/\/diariodegarca.com\/?cat=36947"},"img":{"alt_text":"","src":"https:\/\/i0.wp.com\/diariodegarca.com\/wp-content\/uploads\/2025\/10\/CPFL.jpg?fit=617%2C429&ssl=1&resize=350%2C200","width":350,"height":200,"srcset":"https:\/\/i0.wp.com\/diariodegarca.com\/wp-content\/uploads\/2025\/10\/CPFL.jpg?fit=617%2C429&ssl=1&resize=350%2C200 1x, https:\/\/i0.wp.com\/diariodegarca.com\/wp-content\/uploads\/2025\/10\/CPFL.jpg?fit=617%2C429&ssl=1&resize=525%2C300 1.5x"},"classes":[]},{"id":6902,"url":"https:\/\/diariodegarca.com\/?p=6902","url_meta":{"origin":2508,"position":3},"title":"Mar\u00edlia oferta cursos presenciais de Inform\u00e1tica B\u00e1sica e Auxiliar de RH","author":"Di\u00e1rio de Gar\u00e7a","date":"19 de setembro de 2025","format":false,"excerpt":"Inscri\u00e7\u00f5es para as capacita\u00e7\u00f5es come\u00e7am na pr\u00f3xima segunda-feira, 22, e seguem at\u00e9 3 de outubro; vagas s\u00e3o limitadas. O Centro Profissionalizante Municipal de Mar\u00edlia (Ceprom) est\u00e1 com inscri\u00e7\u00f5es abertas para dois cursos profissionalizantes gratuitos e presenciais: Inform\u00e1tica B\u00e1sica e Auxiliar de Recursos Humanos. As oportunidades s\u00e3o voltadas para quem busca\u2026","rel":"","context":"Em &quot;Curso&quot;","block_context":{"text":"Curso","link":"https:\/\/diariodegarca.com\/?cat=36947"},"img":{"alt_text":"","src":"https:\/\/i0.wp.com\/diariodegarca.com\/wp-content\/uploads\/2025\/09\/estudantes-universitarios-de-diferentes-etnias-lotando.jpg?fit=1200%2C800&ssl=1&resize=350%2C200","width":350,"height":200,"srcset":"https:\/\/i0.wp.com\/diariodegarca.com\/wp-content\/uploads\/2025\/09\/estudantes-universitarios-de-diferentes-etnias-lotando.jpg?fit=1200%2C800&ssl=1&resize=350%2C200 1x, https:\/\/i0.wp.com\/diariodegarca.com\/wp-content\/uploads\/2025\/09\/estudantes-universitarios-de-diferentes-etnias-lotando.jpg?fit=1200%2C800&ssl=1&resize=525%2C300 1.5x, https:\/\/i0.wp.com\/diariodegarca.com\/wp-content\/uploads\/2025\/09\/estudantes-universitarios-de-diferentes-etnias-lotando.jpg?fit=1200%2C800&ssl=1&resize=700%2C400 2x, https:\/\/i0.wp.com\/diariodegarca.com\/wp-content\/uploads\/2025\/09\/estudantes-universitarios-de-diferentes-etnias-lotando.jpg?fit=1200%2C800&ssl=1&resize=1050%2C600 3x"},"classes":[]},{"id":5181,"url":"https:\/\/diariodegarca.com\/?p=5181","url_meta":{"origin":2508,"position":4},"title":"Cursos profissionalizantes em Almoxarifado e Opera\u00e7\u00e3o de Empilhadeira em Mar\u00edlia","author":"Di\u00e1rio de Gar\u00e7a","date":"31 de julho de 2025","format":false,"excerpt":"Capacita\u00e7\u00f5es presenciais preparam profissionais para atuar com seguran\u00e7a e efici\u00eancia em \u00e1reas estrat\u00e9gicas do mercado log\u00edstico e industrial. O\u00a0Centro Estadual de Educa\u00e7\u00e3o Tecnol\u00f3gica Paula Souza (CETTPRO)\u00a0est\u00e1 com inscri\u00e7\u00f5es abertas para dois cursos profissionalizantes que formam m\u00e3o de obra qualificada para o setor log\u00edstico e de armazenagem:\u00a0Almoxarife\u00a0(86 horas) e\u00a0Operador de Empilhadeira\u00a0(74\u2026","rel":"","context":"Em &quot;Curso&quot;","block_context":{"text":"Curso","link":"https:\/\/diariodegarca.com\/?cat=36947"},"img":{"alt_text":"","src":"https:\/\/i0.wp.com\/diariodegarca.com\/wp-content\/uploads\/2025\/07\/homem-trabalhando-em-armazem.jpg?fit=1200%2C710&ssl=1&resize=350%2C200","width":350,"height":200,"srcset":"https:\/\/i0.wp.com\/diariodegarca.com\/wp-content\/uploads\/2025\/07\/homem-trabalhando-em-armazem.jpg?fit=1200%2C710&ssl=1&resize=350%2C200 1x, https:\/\/i0.wp.com\/diariodegarca.com\/wp-content\/uploads\/2025\/07\/homem-trabalhando-em-armazem.jpg?fit=1200%2C710&ssl=1&resize=525%2C300 1.5x, https:\/\/i0.wp.com\/diariodegarca.com\/wp-content\/uploads\/2025\/07\/homem-trabalhando-em-armazem.jpg?fit=1200%2C710&ssl=1&resize=700%2C400 2x, https:\/\/i0.wp.com\/diariodegarca.com\/wp-content\/uploads\/2025\/07\/homem-trabalhando-em-armazem.jpg?fit=1200%2C710&ssl=1&resize=1050%2C600 3x"},"classes":[]},{"id":6529,"url":"https:\/\/diariodegarca.com\/?p=6529","url_meta":{"origin":2508,"position":5},"title":"Oficina de dublagem acontece em Mar\u00edlia e Gar\u00e7a gratuitamente","author":"Di\u00e1rio de Gar\u00e7a","date":"9 de setembro de 2025","format":false,"excerpt":"Eventos presenciais ser\u00e3o ministrados pelo especialista \u00cdtalo Yuri. O curso abordar\u00e1 t\u00e9cnicas de capta\u00e7\u00e3o e edi\u00e7\u00e3o de \u00e1udio para dublagem de forma pr\u00e1tica e acess\u00edvel. Inscri\u00e7\u00f5es est\u00e3o abertas para as duas cidades. A arte de dar vida e novas emo\u00e7\u00f5es a cenas de cinema atrav\u00e9s da voz est\u00e1 ao alcance\u2026","rel":"","context":"Em &quot;Cinema&quot;","block_context":{"text":"Cinema","link":"https:\/\/diariodegarca.com\/?cat=597"},"img":{"alt_text":"","src":"https:\/\/i0.wp.com\/diariodegarca.com\/wp-content\/uploads\/2025\/09\/italoyuri-e1569554093729-273x300-1.jpg?fit=273%2C300&ssl=1&resize=350%2C200","width":350,"height":200},"classes":[]}],"_links":{"self":[{"href":"https:\/\/diariodegarca.com\/index.php?rest_route=\/wp\/v2\/posts\/2508","targetHints":{"allow":["GET"]}}],"collection":[{"href":"https:\/\/diariodegarca.com\/index.php?rest_route=\/wp\/v2\/posts"}],"about":[{"href":"https:\/\/diariodegarca.com\/index.php?rest_route=\/wp\/v2\/types\/post"}],"author":[{"embeddable":true,"href":"https:\/\/diariodegarca.com\/index.php?rest_route=\/wp\/v2\/users\/260896546"}],"replies":[{"embeddable":true,"href":"https:\/\/diariodegarca.com\/index.php?rest_route=%2Fwp%2Fv2%2Fcomments&post=2508"}],"version-history":[{"count":0,"href":"https:\/\/diariodegarca.com\/index.php?rest_route=\/wp\/v2\/posts\/2508\/revisions"}],"wp:attachment":[{"href":"https:\/\/diariodegarca.com\/index.php?rest_route=%2Fwp%2Fv2%2Fmedia&parent=2508"}],"wp:term":[{"taxonomy":"category","embeddable":true,"href":"https:\/\/diariodegarca.com\/index.php?rest_route=%2Fwp%2Fv2%2Fcategories&post=2508"},{"taxonomy":"post_tag","embeddable":true,"href":"https:\/\/diariodegarca.com\/index.php?rest_route=%2Fwp%2Fv2%2Ftags&post=2508"}],"curies":[{"name":"wp","href":"https:\/\/api.w.org\/{rel}","templated":true}]}}