{"id":2510,"date":"2025-04-01T13:20:00","date_gmt":"2025-04-01T13:20:00","guid":{"rendered":"https:\/\/diariodegarca.com\/2025\/04\/01\/acig-divulga-abertura-de-vagas-em-diferentes-areas\/"},"modified":"2025-04-01T13:20:00","modified_gmt":"2025-04-01T13:20:00","slug":"acig-divulga-abertura-de-vagas-em-diferentes-areas","status":"publish","type":"post","link":"https:\/\/diariodegarca.com\/?p=2510","title":{"rendered":"ACIG divulga abertura de vagas em diferentes \u00e1reas"},"content":{"rendered":"<div class=\"separator\" style=\"clear: both;text-align: center\"><a href=\"https:\/\/i0.wp.com\/blogger.googleusercontent.com\/img\/b\/R29vZ2xl\/AVvXsEjHVeMPdlYzZ3o0AG4772gQMKzzSa0Fzipzt_qqmEUo_3Zq_gXSdtIv2Q_xFmRyO1Ft29QFu6-lkfAvHlYg8hYT-EXlr4WjQzUTvELH-nqTcrt0JKOsGKQXl91HAMuFTw4iZEXVnk9OxE0M8fHko9Kc_4eZbjzh9R6CMWhB-yeQF5Q-__2qzMrjeaUtJ0Q\/s6720\/african-american-financial-advisor-going-through-paperwork-with-her-clients-while-having-meeting-office.jpg?ssl=1\" style=\"margin-left: 1em;margin-right: 1em\"><img data-recalc-dims=\"1\" loading=\"lazy\" decoding=\"async\" border=\"0\" height=\"213\" src=\"https:\/\/i0.wp.com\/blogger.googleusercontent.com\/img\/b\/R29vZ2xl\/AVvXsEjHVeMPdlYzZ3o0AG4772gQMKzzSa0Fzipzt_qqmEUo_3Zq_gXSdtIv2Q_xFmRyO1Ft29QFu6-lkfAvHlYg8hYT-EXlr4WjQzUTvELH-nqTcrt0JKOsGKQXl91HAMuFTw4iZEXVnk9OxE0M8fHko9Kc_4eZbjzh9R6CMWhB-yeQF5Q-__2qzMrjeaUtJ0Q\/s320\/african-american-financial-advisor-going-through-paperwork-with-her-clients-while-having-meeting-office.jpg?resize=320%2C213&#038;ssl=1\" width=\"320\" \/><\/a><\/div>\n<p><\/p>\n<p>A Associa\u00e7\u00e3o Comercial e Industrial de Gar\u00e7a (ACIG) anunciou novas oportunidades de emprego em diferentes setores, abrangendo tanto profissionais qualificados quanto estudantes em busca de experi\u00eancia. Os interessados devem se inscrever pelo e-mail <a><strong>vagas@garcaonline.com.br<\/strong><\/a>, informando a vaga pretendida no campo &#8220;assunto&#8221; do e-mail.<\/p>\n<p><\/p>\n<h3><strong>Confira as oportunidades:<\/strong><\/h3>\n<p><strong>Operador de m\u00e1quina pl\u00e1stica<\/strong><br \/><strong>Requisitos:<\/strong> Experi\u00eancia em troca de moldes e programas de m\u00e1quinas, al\u00e9m de facilidade para trabalhar em equipe.<br \/><strong>Benef\u00edcio:<\/strong> Plano de Sa\u00fade Norden.<\/p>\n<p><strong>Est\u00e1gio em nutri\u00e7\u00e3o<\/strong><br \/>Oportunidade voltada para estudantes de Nutri\u00e7\u00e3o que desejam adquirir experi\u00eancia pr\u00e1tica na \u00e1rea.<\/p>\n<p><strong>Ferramenteiro de molde pl\u00e1stico<\/strong><br \/><strong>Requisitos:<\/strong> Experi\u00eancia em fabrica\u00e7\u00e3o e manuten\u00e7\u00e3o de moldes de inje\u00e7\u00e3o pl\u00e1stica, usinagem em geral, leitura de desenhos t\u00e9cnicos e colabora\u00e7\u00e3o em melhorias de processos produtivos.<\/p>\n<p><strong>Motorista (CNH D)<\/strong><br \/><strong>Requisitos:<\/strong> Ensino m\u00e9dio completo, carteira de habilita\u00e7\u00e3o categoria D e experi\u00eancia avan\u00e7ada na fun\u00e7\u00e3o.<\/p>\n<p><strong>L\u00edder de loja<\/strong><br \/><strong>Requisitos:<\/strong> Experi\u00eancia na \u00e1rea, habilidades de lideran\u00e7a, gest\u00e3o de equipe, comunica\u00e7\u00e3o eficaz e foco em resultados.<\/p>\n<p><\/p>\n<h3><strong>Como se candidatar<\/strong><\/h3>\n<p>Os candidatos devem enviar seus curr\u00edculos para <a><strong>vagas@garcaonline.com.br<\/strong><\/a>, especificando a vaga desejada no assunto do e-mail. A ACIG ressalta a import\u00e2ncia de seguir corretamente as instru\u00e7\u00f5es para que a candidatura seja devidamente analisada.<\/p>\n","protected":false},"excerpt":{"rendered":"<p>A Associa\u00e7\u00e3o Comercial e Industrial de Gar\u00e7a (ACIG) anunciou novas oportunidades de emprego em diferentes setores, abrangendo tanto profissionais qualificados quanto estudantes em busca de experi\u00eancia. Os interessados devem se inscrever pelo e-mail vagas@garcaonline.com.br, informando a vaga pretendida no campo &#8220;assunto&#8221; do e-mail. Confira as oportunidades: Operador de m\u00e1quina pl\u00e1sticaRequisitos: Experi\u00eancia em troca de moldes [&hellip;]<\/p>\n","protected":false},"author":260896546,"featured_media":0,"comment_status":"open","ping_status":"open","sticky":false,"template":"","format":"standard","meta":{"_crdt_document":"","_monsterinsights_skip_tracking":false,"_monsterinsights_sitenote_active":false,"_monsterinsights_sitenote_note":"","_monsterinsights_sitenote_category":0,"advanced_seo_description":"","jetpack_seo_html_title":"","jetpack_seo_noindex":false,"_jetpack_newsletter_access":"","_jetpack_dont_email_post_to_subs":false,"_jetpack_newsletter_tier_id":0,"_jetpack_memberships_contains_paywalled_content":false,"_jetpack_memberships_contains_paid_content":false,"footnotes":"","jetpack_publicize_message":"","jetpack_publicize_feature_enabled":true,"jetpack_social_post_already_shared":false,"jetpack_social_options":{"image_generator_settings":{"template":"fullscreen","default_image_id":0,"font":"","enabled":false},"version":2},"_wpas_customize_per_network":false,"jetpack_post_was_ever_published":false},"categories":[38185],"tags":[781171801,781171807],"class_list":["post-2510","post","type-post","status-publish","format-standard","hentry","category-brasil","tag-brasil","tag-vagas"],"jetpack_publicize_connections":[],"jetpack_featured_media_url":"","jetpack_likes_enabled":true,"jetpack_sharing_enabled":true,"jetpack_shortlink":"https:\/\/wp.me\/pgitne-Eu","jetpack-related-posts":[{"id":2621,"url":"https:\/\/diariodegarca.com\/?p=2621","url_meta":{"origin":2510,"position":0},"title":"ACIG amplia acesso ao mercado de trabalho com Banco de Curr\u00edculos","author":"Di\u00e1rio de Gar\u00e7a","date":"14 de mar\u00e7o de 2025","format":false,"excerpt":"A Associa\u00e7\u00e3o Comercial e Industrial de Gar\u00e7a (ACIG) n\u00e3o se destaca apenas pelos servi\u00e7os oferecidos aos associados, mas tamb\u00e9m pelo papel fundamental na conex\u00e3o entre empresas e profissionais. Por meio do Instituto de Talentos e do Banco de Curr\u00edculos, a entidade promove a inclus\u00e3o social e facilita a inser\u00e7\u00e3o no\u2026","rel":"","context":"Em &quot;Brasil&quot;","block_context":{"text":"Brasil","link":"https:\/\/diariodegarca.com\/?cat=38185"},"img":{"alt_text":"","src":"","width":0,"height":0},"classes":[]},{"id":2607,"url":"https:\/\/diariodegarca.com\/?p=2607","url_meta":{"origin":2510,"position":1},"title":"Gar\u00e7a ter\u00e1 curso presencial e gratuito de t\u00e9cnicas de venda para empres\u00e1rios de vestu\u00e1rio","author":"Di\u00e1rio de Gar\u00e7a","date":"17 de mar\u00e7o de 2025","format":false,"excerpt":"Empres\u00e1rios do setor de vestu\u00e1rio em Gar\u00e7a ter\u00e3o uma oportunidade \u00fanica para aprimorar suas estrat\u00e9gias de vendas. O Sebrae, em parceria com a Prefeitura de Gar\u00e7a, promover\u00e1 o curso \"Aprenda T\u00e9cnicas de Visual Merchandising para Varejo de Moda\", que acontecer\u00e1 presencialmente entre os dias 09 e 30 de abril, na\u2026","rel":"","context":"Em &quot;Brasil&quot;","block_context":{"text":"Brasil","link":"https:\/\/diariodegarca.com\/?cat=38185"},"img":{"alt_text":"","src":"","width":0,"height":0},"classes":[]},{"id":2970,"url":"https:\/\/diariodegarca.com\/?p=2970","url_meta":{"origin":2510,"position":2},"title":"Secretaria de Desenvolvimento Econ\u00f4mico tem altera\u00e7\u00e3o de parte dos seus servi\u00e7os para pr\u00e9dio da ACIG","author":"Di\u00e1rio de Gar\u00e7a","date":"23 de janeiro de 2025","format":false,"excerpt":"A Prefeitura de Gar\u00e7a comunicou altera\u00e7\u00f5es no local e no hor\u00e1rio de atendimento da Secretaria de Desenvolvimento Econ\u00f4mico e Turismo. A maior parte dos servi\u00e7os passar\u00e3o a ser realizados no pr\u00e9dio da ACIG, na avenida Doutor Rafael Paes de Barros, 347. As mudan\u00e7as j\u00e1 est\u00e3o em vigor.Confira os detalhes: 1.\u2026","rel":"","context":"Em &quot;Brasil&quot;","block_context":{"text":"Brasil","link":"https:\/\/diariodegarca.com\/?cat=38185"},"img":{"alt_text":"","src":"","width":0,"height":0},"classes":[]},{"id":2756,"url":"https:\/\/diariodegarca.com\/?p=2756","url_meta":{"origin":2510,"position":3},"title":"Gar\u00e7a oferece curso gratuito de pizzas artesanais com t\u00e9cnicas profissionais","author":"Di\u00e1rio de Gar\u00e7a","date":"25 de fevereiro de 2025","format":false,"excerpt":"\u00a0\u00a0 A Prefeitura de Gar\u00e7a, por meio da Secretaria de Desenvolvimento Econ\u00f4mico e Turismo, em parceria com o SEBRAE, abre inscri\u00e7\u00f5es para o curso \u201cPrepare e venda pizzas doces e salgadas\u201d, uma oportunidade para empreendedores e entusiastas da gastronomia dominarem t\u00e9cnicas de produ\u00e7\u00e3o, seguran\u00e7a alimentar e gest\u00e3o de neg\u00f3cios.\u00a0Com aulas\u2026","rel":"","context":"Em &quot;Brasil&quot;","block_context":{"text":"Brasil","link":"https:\/\/diariodegarca.com\/?cat=38185"},"img":{"alt_text":"","src":"","width":0,"height":0},"classes":[]},{"id":2753,"url":"https:\/\/diariodegarca.com\/?p=2753","url_meta":{"origin":2510,"position":4},"title":"Definida a data da FITEC 2025: Espa\u00e7os para expositores j\u00e1 est\u00e3o sendo comercializados","author":"Di\u00e1rio de Gar\u00e7a","date":"25 de fevereiro de 2025","format":false,"excerpt":"A data da FITEC 2025, tradicional feira de tecnologia de Gar\u00e7a, foi oficialmente definida para os dias 25 e 26 de setembro. O evento, que acontecer\u00e1 no Gr\u00eamio Teatral Leopoldo Fr\u00f3es, das 9h \u00e0s 22h, j\u00e1 est\u00e1 com os espa\u00e7os para expositores em fase de comercializa\u00e7\u00e3o. Empresas, startups e institui\u00e7\u00f5es\u2026","rel":"","context":"Em &quot;Brasil&quot;","block_context":{"text":"Brasil","link":"https:\/\/diariodegarca.com\/?cat=38185"},"img":{"alt_text":"","src":"","width":0,"height":0},"classes":[]},{"id":5772,"url":"https:\/\/diariodegarca.com\/?p=5772","url_meta":{"origin":2510,"position":5},"title":"Bate-papo em Gar\u00e7a discute inclus\u00e3o e direitos da pessoa com defici\u00eancia","author":"Di\u00e1rio de Gar\u00e7a","date":"19 de agosto de 2025","format":false,"excerpt":"Evento gratuito na ACIG re\u00fane especialista em direitos humanos para debate sobre transforma\u00e7\u00e3o social e pol\u00edticas inclusivas. No pr\u00f3ximo dia 20 de agosto, quarta-feira, a cidade de Gar\u00e7a sediar\u00e1 um bate-papo especial com\u00a0Marcos da Costa, atual Secret\u00e1rio de Estado dos Direitos da Pessoa com Defici\u00eancia de S\u00e3o Paulo. O evento,\u2026","rel":"","context":"Em &quot;Gar\u00e7a&quot;","block_context":{"text":"Gar\u00e7a","link":"https:\/\/diariodegarca.com\/?cat=781171664"},"img":{"alt_text":"","src":"https:\/\/i0.wp.com\/diariodegarca.com\/wp-content\/uploads\/2025\/08\/marcos-da-costa.jpg?fit=600%2C399&ssl=1&resize=350%2C200","width":350,"height":200,"srcset":"https:\/\/i0.wp.com\/diariodegarca.com\/wp-content\/uploads\/2025\/08\/marcos-da-costa.jpg?fit=600%2C399&ssl=1&resize=350%2C200 1x, https:\/\/i0.wp.com\/diariodegarca.com\/wp-content\/uploads\/2025\/08\/marcos-da-costa.jpg?fit=600%2C399&ssl=1&resize=525%2C300 1.5x"},"classes":[]}],"_links":{"self":[{"href":"https:\/\/diariodegarca.com\/index.php?rest_route=\/wp\/v2\/posts\/2510","targetHints":{"allow":["GET"]}}],"collection":[{"href":"https:\/\/diariodegarca.com\/index.php?rest_route=\/wp\/v2\/posts"}],"about":[{"href":"https:\/\/diariodegarca.com\/index.php?rest_route=\/wp\/v2\/types\/post"}],"author":[{"embeddable":true,"href":"https:\/\/diariodegarca.com\/index.php?rest_route=\/wp\/v2\/users\/260896546"}],"replies":[{"embeddable":true,"href":"https:\/\/diariodegarca.com\/index.php?rest_route=%2Fwp%2Fv2%2Fcomments&post=2510"}],"version-history":[{"count":0,"href":"https:\/\/diariodegarca.com\/index.php?rest_route=\/wp\/v2\/posts\/2510\/revisions"}],"wp:attachment":[{"href":"https:\/\/diariodegarca.com\/index.php?rest_route=%2Fwp%2Fv2%2Fmedia&parent=2510"}],"wp:term":[{"taxonomy":"category","embeddable":true,"href":"https:\/\/diariodegarca.com\/index.php?rest_route=%2Fwp%2Fv2%2Fcategories&post=2510"},{"taxonomy":"post_tag","embeddable":true,"href":"https:\/\/diariodegarca.com\/index.php?rest_route=%2Fwp%2Fv2%2Ftags&post=2510"}],"curies":[{"name":"wp","href":"https:\/\/api.w.org\/{rel}","templated":true}]}}