{"id":2526,"date":"2025-03-28T20:12:00","date_gmt":"2025-03-28T20:12:00","guid":{"rendered":"https:\/\/diariodegarca.com\/2025\/03\/28\/policia-militar-cumpre-mandado-de-prisao-em-pompeia\/"},"modified":"2025-03-28T20:12:00","modified_gmt":"2025-03-28T20:12:00","slug":"policia-militar-cumpre-mandado-de-prisao-em-pompeia","status":"publish","type":"post","link":"https:\/\/diariodegarca.com\/?p=2526","title":{"rendered":"Pol\u00edcia Militar cumpre mandado de pris\u00e3o em Pomp\u00e9ia"},"content":{"rendered":"<div class=\"separator\" style=\"clear: both;text-align: center\">\n  <a href=\"https:\/\/blogger.googleusercontent.com\/img\/a\/AVvXsEiMAXoe5BS9RWBMKQAezUSdPNlekc9Beg1WMZEane8MLHJ_uCaxrYsr-48zoVlBGYFbslxPKm4ICnBtOo43JvueULRW3XVWTVQPC5o_mlSk9syYFaxSsQmnrKlk8QXEASQ3tN6VDGO1kvcgnU1qKTt_hxdBrCB3kjUh6fiNtBHmoAGfXB_S0905vY4XfBA\" style=\"margin-left: 1em;margin-right: 1em\"><br \/>\n    <img decoding=\"async\" border=\"0\" src=\"https:\/\/blogger.googleusercontent.com\/img\/a\/AVvXsEiMAXoe5BS9RWBMKQAezUSdPNlekc9Beg1WMZEane8MLHJ_uCaxrYsr-48zoVlBGYFbslxPKm4ICnBtOo43JvueULRW3XVWTVQPC5o_mlSk9syYFaxSsQmnrKlk8QXEASQ3tN6VDGO1kvcgnU1qKTt_hxdBrCB3kjUh6fiNtBHmoAGfXB_S0905vY4XfBA\" width=\"400\"><br \/>\n  <\/a>\n<\/div>\n<p><\/p>\n<div><\/div>\n<div>Na noite de quarta-feira, dia 26 de mar\u00e7o, agentes do 9\u00ba Batalh\u00e3o de Pol\u00edcia Militar do Interior prenderam um homem procurado pela Justi\u00e7a na cidade de Pomp\u00e9ia. A a\u00e7\u00e3o foi realizada por equipes de Radiopatrulhamento por volta das 21h.\u00a0\u00a0<\/div>\n<div><\/div>\n<div>Durante a abordagem, o indiv\u00edduo n\u00e3o portava objetos il\u00edcitos, mas, ap\u00f3s consulta ao COPOM (Centro de Opera\u00e7\u00f5es da Pol\u00edcia Militar), foi confirmado um mandado de pris\u00e3o em aberto por crime de furto. A pena a ser cumprida \u00e9 de dois anos e sete meses em regime fechado.\u00a0\u00a0<\/div>\n<div><\/div>\n<div>O detido foi encaminhado \u00e0 Central de Pol\u00edcia Judici\u00e1ria de Mar\u00edlia, onde aguardou audi\u00eancia de cust\u00f3dia \u00e0 disposi\u00e7\u00e3o da Justi\u00e7a.\u00a0\u00a0<\/div>\n","protected":false},"excerpt":{"rendered":"<p>Na noite de quarta-feira, dia 26 de mar\u00e7o, agentes do 9\u00ba Batalh\u00e3o de Pol\u00edcia Militar do Interior prenderam um homem procurado pela Justi\u00e7a na cidade de Pomp\u00e9ia. A a\u00e7\u00e3o foi realizada por equipes de Radiopatrulhamento por volta das 21h.\u00a0\u00a0 Durante a abordagem, o indiv\u00edduo n\u00e3o portava objetos il\u00edcitos, mas, ap\u00f3s consulta ao COPOM (Centro de [&hellip;]<\/p>\n","protected":false},"author":260896546,"featured_media":0,"comment_status":"open","ping_status":"open","sticky":false,"template":"","format":"standard","meta":{"_monsterinsights_skip_tracking":false,"advanced_seo_description":"","jetpack_seo_html_title":"","jetpack_seo_noindex":false,"jetpack_seo_schema_type":"","_jetpack_newsletter_access":"","_jetpack_dont_email_post_to_subs":false,"_jetpack_newsletter_tier_id":0,"_jetpack_memberships_contains_paywalled_content":false,"_wpcom_ai_launchpad_first_post":false,"_jetpack_feature_clip_id":0,"_jetpack_memberships_contains_paid_content":false,"footnotes":"","jetpack_publicize_message":"{title}\n\n{excerpt}\n\n{url}","jetpack_publicize_feature_enabled":true,"jetpack_social_post_already_shared":false,"jetpack_social_options":{"image_generator_settings":{"template":"fullscreen","default_image_id":0,"font":"","enabled":false},"version":2},"_wpas_customize_per_network":false,"jetpack_post_was_ever_published":false},"categories":[38185],"tags":[781171815,1036487],"class_list":["post-2526","post","type-post","status-publish","format-standard","hentry","category-brasil","tag-pompeia","tag-seguranca-publica"],"jetpack_publicize_connections":[],"jetpack_likes_enabled":true,"jetpack_sharing_enabled":true,"jetpack_shortlink":"https:\/\/wp.me\/pgitne-EK","jetpack-related-posts":[{"id":2445,"url":"https:\/\/diariodegarca.com\/?p=2445","url_meta":{"origin":2526,"position":0},"title":"Pol\u00edcia Militar prende trio por tr\u00e1fico de drogas em Pomp\u00e9ia","author":"Di\u00e1rio de Gar\u00e7a","date":"8 de abril de 2025","format":false,"excerpt":"\u00a0Na segunda-feira, dia 7 de abril, equipes do 9\u00ba Batalh\u00e3o de Pol\u00edcia Militar do Interior prenderam tr\u00eas homens em flagrante por tr\u00e1fico de drogas no bairro Parque Primavera, em Pomp\u00e9ia. A a\u00e7\u00e3o ocorreu por volta das 15h, durante patrulhamento de rotina, quando os militares avistaram os suspeitos em atitude suspeita.Ao\u2026","rel":"","context":"Em &quot;Brasil&quot;","block_context":{"text":"Brasil","link":"https:\/\/diariodegarca.com\/?cat=38185"},"img":{"alt_text":"","src":"https:\/\/i0.wp.com\/blogger.googleusercontent.com\/img\/b\/R29vZ2xl\/AVvXsEhNc2nLuugNHcm-FKjo6fqt3WiGE1XBso6DnQwz7w0XLtcniGZduMZQRc4JEiNdzbh4bqURcDp94O0HMz8jghXO6H327CarGTQYieJ6xymmO-VyaR_-SIOYbX5oxKqoF4oflrFfgp9oitye7oMU1JIMlVXtbGPYrXN2SXk3gGRQDkOOnmX75VMQdtkjrTI\/s320\/a466ce80-3259-429c-9366-e6d3a1d79325.jpeg?resize=350%2C200&ssl=1","width":350,"height":200},"classes":[]},{"id":2570,"url":"https:\/\/diariodegarca.com\/?p=2570","url_meta":{"origin":2526,"position":1},"title":"Homem foragido por roubo \u00e9 preso pela Pol\u00edcia Militar em Pomp\u00e9ia","author":"Di\u00e1rio de Gar\u00e7a","date":"21 de mar\u00e7o de 2025","format":false,"excerpt":"Na quinta-feira, dia 20 de mar\u00e7o, por volta das 17h30, policiais militares do 9\u00ba Batalh\u00e3o de Pol\u00edcia Militar do Interior prenderam um homem que estava foragido da justi\u00e7a na cidade de Pomp\u00e9ia. A a\u00e7\u00e3o ocorreu durante patrulhamento ostensivo no bairro Jardim Am\u00e9rica, ap\u00f3s uma den\u00fancia an\u00f4nima indicar que o indiv\u00edduo\u2026","rel":"","context":"Em &quot;Brasil&quot;","block_context":{"text":"Brasil","link":"https:\/\/diariodegarca.com\/?cat=38185"},"img":{"alt_text":"","src":"","width":0,"height":0},"classes":[]},{"id":2895,"url":"https:\/\/diariodegarca.com\/?p=2895","url_meta":{"origin":2526,"position":2},"title":"Pol\u00edcia Militar apreende m\u00e1quina ca\u00e7a-n\u00edquel em estabelecimento comercial de Pomp\u00e9ia","author":"Di\u00e1rio de Gar\u00e7a","date":"5 de fevereiro de 2025","format":false,"excerpt":"Na manh\u00e3 desta quarta-feira, dia 5 de fevereiro,\u00a0 policiais militares do 9\u00ba Batalh\u00e3o de Pol\u00edcia Militar do Interior (BPM\/I) apreenderam uma m\u00e1quina ca\u00e7a-n\u00edquel em um estabelecimento comercial no munic\u00edpio de Pomp\u00e9ia. A a\u00e7\u00e3o ocorreu ap\u00f3s uma den\u00fancia an\u00f4nima que alertou sobre a presen\u00e7a do equipamento ilegal no local.\u00a0\u00a0Por volta das\u2026","rel":"","context":"Em &quot;Brasil&quot;","block_context":{"text":"Brasil","link":"https:\/\/diariodegarca.com\/?cat=38185"},"img":{"alt_text":"","src":"","width":0,"height":0},"classes":[]},{"id":2547,"url":"https:\/\/diariodegarca.com\/?p=2547","url_meta":{"origin":2526,"position":3},"title":"Pol\u00edcia Militar prende suspeito por tr\u00e1fico de drogas em Pomp\u00e9ia","author":"Di\u00e1rio de Gar\u00e7a","date":"26 de mar\u00e7o de 2025","format":false,"excerpt":"No in\u00edcio da tarde de quinta-feira, dia 25 de mar\u00e7o, policiais militares do 9\u00ba Batalh\u00e3o de Pol\u00edcia Militar do Interior prenderam um homem por tr\u00e1fico de drogas no bairro Flandria, em Pomp\u00e9ia. A a\u00e7\u00e3o ocorreu por volta das 12h31, durante patrulhamento de rotina em uma \u00e1rea conhecida pelo com\u00e9rcio ilegal\u2026","rel":"","context":"Em &quot;Brasil&quot;","block_context":{"text":"Brasil","link":"https:\/\/diariodegarca.com\/?cat=38185"},"img":{"alt_text":"","src":"","width":0,"height":0},"classes":[]},{"id":6579,"url":"https:\/\/diariodegarca.com\/?p=6579","url_meta":{"origin":2526,"position":4},"title":"Apreens\u00e3o de drogas e pris\u00e3o em flagrante marcam opera\u00e7\u00e3o da PM em Pomp\u00e9ia","author":"Di\u00e1rio de Gar\u00e7a","date":"10 de setembro de 2025","format":false,"excerpt":"Homem foi detido ap\u00f3s tentativa de fuga no Parque Residencial Primavera; pol\u00edcia apreendeu coca\u00edna, crack, maconha e dinheiro. Em uma a\u00e7\u00e3o de patrulhamento, a Pol\u00edcia Militar prendeu em flagrante, na tarde desta quarta-feira, 10 de setembro, um homem por tr\u00e1fico de drogas no Parque Residencial Primavera, em Pomp\u00e9ia. A pris\u00e3o\u2026","rel":"","context":"Em &quot;Pomp\u00e9ia&quot;","block_context":{"text":"Pomp\u00e9ia","link":"https:\/\/diariodegarca.com\/?cat=1549470"},"img":{"alt_text":"","src":"https:\/\/i0.wp.com\/diariodegarca.com\/wp-content\/uploads\/2025\/09\/6a6d1585-a96c-4aec-8961-4fff974d8535-e1757529055193.jpg?fit=1200%2C754&ssl=1&resize=350%2C200","width":350,"height":200,"srcset":"https:\/\/i0.wp.com\/diariodegarca.com\/wp-content\/uploads\/2025\/09\/6a6d1585-a96c-4aec-8961-4fff974d8535-e1757529055193.jpg?fit=1200%2C754&ssl=1&resize=350%2C200 1x, https:\/\/i0.wp.com\/diariodegarca.com\/wp-content\/uploads\/2025\/09\/6a6d1585-a96c-4aec-8961-4fff974d8535-e1757529055193.jpg?fit=1200%2C754&ssl=1&resize=525%2C300 1.5x, https:\/\/i0.wp.com\/diariodegarca.com\/wp-content\/uploads\/2025\/09\/6a6d1585-a96c-4aec-8961-4fff974d8535-e1757529055193.jpg?fit=1200%2C754&ssl=1&resize=700%2C400 2x, https:\/\/i0.wp.com\/diariodegarca.com\/wp-content\/uploads\/2025\/09\/6a6d1585-a96c-4aec-8961-4fff974d8535-e1757529055193.jpg?fit=1200%2C754&ssl=1&resize=1050%2C600 3x"},"classes":[]},{"id":2590,"url":"https:\/\/diariodegarca.com\/?p=2590","url_meta":{"origin":2526,"position":5},"title":"Pol\u00edcia Militar prende dois homens por tr\u00e1fico de drogas em Pomp\u00e9ia","author":"Di\u00e1rio de Gar\u00e7a","date":"19 de mar\u00e7o de 2025","format":false,"excerpt":"Na ter\u00e7a-feira, dia 18 de mar\u00e7o, equipes do 9\u00ba Batalh\u00e3o de Pol\u00edcia Militar do Interior prenderam dois homens por tr\u00e1fico de drogas durante uma opera\u00e7\u00e3o no bairro Jardim Primavera, em Pomp\u00e9ia. A a\u00e7\u00e3o ocorreu por volta das 08h40, quando os policiais, em patrulhamento de rotina, avistaram os suspeitos sentados em\u2026","rel":"","context":"Em &quot;Brasil&quot;","block_context":{"text":"Brasil","link":"https:\/\/diariodegarca.com\/?cat=38185"},"img":{"alt_text":"","src":"","width":0,"height":0},"classes":[]}],"jetpack_featured_media_url":"","_links":{"self":[{"href":"https:\/\/diariodegarca.com\/index.php?rest_route=\/wp\/v2\/posts\/2526","targetHints":{"allow":["GET"]}}],"collection":[{"href":"https:\/\/diariodegarca.com\/index.php?rest_route=\/wp\/v2\/posts"}],"about":[{"href":"https:\/\/diariodegarca.com\/index.php?rest_route=\/wp\/v2\/types\/post"}],"author":[{"embeddable":true,"href":"https:\/\/diariodegarca.com\/index.php?rest_route=\/wp\/v2\/users\/260896546"}],"replies":[{"embeddable":true,"href":"https:\/\/diariodegarca.com\/index.php?rest_route=%2Fwp%2Fv2%2Fcomments&post=2526"}],"version-history":[{"count":0,"href":"https:\/\/diariodegarca.com\/index.php?rest_route=\/wp\/v2\/posts\/2526\/revisions"}],"wp:attachment":[{"href":"https:\/\/diariodegarca.com\/index.php?rest_route=%2Fwp%2Fv2%2Fmedia&parent=2526"}],"wp:term":[{"taxonomy":"category","embeddable":true,"href":"https:\/\/diariodegarca.com\/index.php?rest_route=%2Fwp%2Fv2%2Fcategories&post=2526"},{"taxonomy":"post_tag","embeddable":true,"href":"https:\/\/diariodegarca.com\/index.php?rest_route=%2Fwp%2Fv2%2Ftags&post=2526"}],"curies":[{"name":"wp","href":"https:\/\/api.w.org\/{rel}","templated":true}]}}