{"id":2528,"date":"2025-03-28T11:49:00","date_gmt":"2025-03-28T11:49:00","guid":{"rendered":"https:\/\/diariodegarca.com\/2025\/03\/28\/paralisacao-da-recicla-garca-entra-em-pauta-na-camara-enquanto-prefeitura-evita-dar-esclarecimentos\/"},"modified":"2025-03-28T11:49:00","modified_gmt":"2025-03-28T11:49:00","slug":"paralisacao-da-recicla-garca-entra-em-pauta-na-camara-enquanto-prefeitura-evita-dar-esclarecimentos","status":"publish","type":"post","link":"https:\/\/diariodegarca.com\/?p=2528","title":{"rendered":"Paralisa\u00e7\u00e3o da Recicla Gar\u00e7a entra em pauta na C\u00e2mara, enquanto Prefeitura evita dar esclarecimentos"},"content":{"rendered":"<p><strong><br \/><\/strong><\/p>\n<div><strong><br \/>\n  <a href=\"https:\/\/blogger.googleusercontent.com\/img\/a\/AVvXsEhBFyGtQzGokmAW_RBQb3hf3AnlUHeXPT1mCiCEqexaF541WYT1pnWNjgbcSwgrTsZWQMBONHkOAKWHVW8ExbWXnRcsLsL3roQHxZ2r8JEuJ2NR5euU7jHkBsJm7gPOIzTqC5ibXClTXMqpsOGv9pCt1hmZJd_WJwShvsvKXEEOFcNwyuM7ytxHIz0CnTI\"><br \/>\n    <img decoding=\"async\" border=\"0\" src=\"https:\/\/blogger.googleusercontent.com\/img\/a\/AVvXsEhBFyGtQzGokmAW_RBQb3hf3AnlUHeXPT1mCiCEqexaF541WYT1pnWNjgbcSwgrTsZWQMBONHkOAKWHVW8ExbWXnRcsLsL3roQHxZ2r8JEuJ2NR5euU7jHkBsJm7gPOIzTqC5ibXClTXMqpsOGv9pCt1hmZJd_WJwShvsvKXEEOFcNwyuM7ytxHIz0CnTI\" width=\"400\"><br \/>\n  <\/a><br \/>\n<\/strong><\/div>\n<p><strong><br \/><\/strong><\/p>\n<p>Na <strong>8\u00aa sess\u00e3o ordin\u00e1ria<\/strong> da C\u00e2mara Municipal de Gar\u00e7a, realizada em <strong>24 de mar\u00e7o<\/strong>, a vereadora <strong>Elaine Oliveira<\/strong> apresentou o <strong>Requerimento 279\/2025<\/strong>, solicitando a convoca\u00e7\u00e3o de um representante da <strong>Cooperativa Recicla Gar\u00e7a<\/strong> para prestar esclarecimentos sobre a <strong>paralisa\u00e7\u00e3o tempor\u00e1ria<\/strong> de suas atividades e da <strong>usina de reciclagem<\/strong> operada pela cooperativa.<\/p>\n<p>A medida visa esclarecer os <strong>motivos da interrup\u00e7\u00e3o dos servi\u00e7os<\/strong> e os <strong>impactos ambientais e sociais<\/strong>. J\u00e1 que, assim como a popula\u00e7\u00e3o, os trabalhadores da <strong>coleta de res\u00edduos<\/strong> tamb\u00e9m parecem estar enfrentando dificuldades para obter <strong>respostas concretas do poder p\u00fablico<\/strong>.<\/p>\n<p>Cabe pontuar que, mais do que uma <strong>iniciativa ambiental<\/strong>, a <strong>reciclagem<\/strong> \u00e9 uma <strong>fonte de renda<\/strong> para os cooperados. Al\u00e9m de destinarem materiais recicl\u00e1veis para empresas especializadas em <strong>vidro, papel\u00e3o, pl\u00e1stico e outros res\u00edduos<\/strong>, ajudando a <strong>reduzir a contamina\u00e7\u00e3o do solo e da \u00e1gua<\/strong>, seu trabalho garante a <strong>destina\u00e7\u00e3o correta<\/strong> dos materiais, evitando o <strong>descarte em aterros<\/strong>. Sem a cooperativa em funcionamento, muitos desses trabalhadores enfrentariam <strong>dificuldades financeiras<\/strong> para manter uma condi\u00e7\u00e3o digna de vida.<\/p>\n<h3><strong>Transpar\u00eancia em xeque: Prefeitura de Gar\u00e7a evita questionamentos da imprensa<\/strong><\/h3>\n<p>Enquanto a <strong>C\u00e2mara<\/strong> busca respostas, o <em>Di\u00e1rio de Gar\u00e7a<\/em> acompanha o caso desde o in\u00edcio da paralisa\u00e7\u00e3o. O ve\u00edculo tem questionado a <strong>Prefeitura<\/strong> sobre o <strong>destino dos materiais recicl\u00e1veis<\/strong> que ainda s\u00e3o coletados pelos <strong>caminh\u00f5es<\/strong>, mas <strong>n\u00e3o mais entregues<\/strong> na cooperativa, que encontra-se fechada.<\/p>\n<p>Apesar da <strong>administra\u00e7\u00e3o municipal<\/strong> afirmar em suas redes sociais que h\u00e1 <strong>&#8220;destina\u00e7\u00e3o correta&#8221;<\/strong>, den\u00fancias de <strong>mun\u00edcipes<\/strong> indicam que os caminh\u00f5es seguem <strong>diariamente em dire\u00e7\u00e3o ao aterro,<\/strong> ap\u00f3s a coleta de recicl\u00e1veis percorrer a cidade<span>. At\u00e9 o momento, a <\/span><strong>Prefeitura<\/strong><span> n\u00e3o informou se existe um <\/span><strong>ponto de transbordo<\/strong><span> para esses materiais, nem qual seria a <\/span><strong>empresa respons\u00e1vel<\/strong><span> pelo processo. Tamb\u00e9m n\u00e3o h\u00e1 resposta sobre a <\/span><strong>retomada do subs\u00eddio<\/strong><span> da cooperativa.<\/span><\/p>\n<p>A reportagem enviou questionamentos \u00e0 <strong>Secretaria de Comunica\u00e7\u00e3o e Eventos (Secom)<\/strong> por e-mail, solicitando uma <strong>resposta oficial<\/strong> para <strong>publica\u00e7\u00e3o integral<\/strong>. Entretanto, a <strong>Prefeitura<\/strong> optou por <strong>n\u00e3o se manifestar<\/strong>, mantendo <strong>sil\u00eancio diante das cr\u00edticas<\/strong>.<\/p>\n<p>Al\u00e9m disso, a <strong>Secom<\/strong> tem dificultado o trabalho da <strong>imprensa<\/strong> ao exigir que <strong>jornalistas compare\u00e7am presencialmente<\/strong> para obter informa\u00e7\u00f5es, desconsiderando pr\u00e1ticas recomendadas pela <strong>Federa\u00e7\u00e3o Nacional dos Jornalistas (Fenaj)<\/strong> e pelo <strong>Sindicato dos Jornalistas do Estado de S\u00e3o Paulo<\/strong>, que orientam o uso de <strong>canais escritos (como e-mail)<\/strong> para garantir <strong>registro e comprova\u00e7\u00e3o<\/strong> de respostas.<\/p>\n<p>A postura da <strong>Prefeitura<\/strong> tamb\u00e9m inclui a <strong>n\u00e3o identifica\u00e7\u00e3o de seus porta-vozes<\/strong> em comunica\u00e7\u00f5es por e-mail, o que impede a <strong>responsabiliza\u00e7\u00e3o de agentes p\u00fablicos<\/strong> por suas declara\u00e7\u00f5es ou a falta de esclarecimentos reais quanto a elas. A <strong>aus\u00eancia de transpar\u00eancia<\/strong> refor\u00e7a suspeitas sobre a <strong>gest\u00e3o dos res\u00edduos<\/strong> e alimenta cr\u00edticas de que a <strong>administra\u00e7\u00e3o municipal<\/strong> prioriza o <strong>controle da narrativa<\/strong> em detrimento do <strong>direito \u00e0 informa\u00e7\u00e3o<\/strong>.<\/p>\n<p>A <strong>10\u00aa sess\u00e3o ordin\u00e1ria<\/strong>, em <strong>abril<\/strong>, poder\u00e1 <strong>pressionar por esclarecimentos<\/strong>, mas a rela\u00e7\u00e3o <strong>tensa<\/strong> entre a <strong>Prefeitura<\/strong> e a <strong>imprensa<\/strong> segue como um <strong>obst\u00e1culo \u00e0 <i>accountability<\/i><\/strong>. Enquanto isso, <strong>mun\u00edcipes e cooperados aguardam respostas<\/strong> sobre o <strong>futuro da reciclagem no munic\u00edpio<\/strong>.<\/p>\n","protected":false},"excerpt":{"rendered":"<p>Na 8\u00aa sess\u00e3o ordin\u00e1ria da C\u00e2mara Municipal de Gar\u00e7a, realizada em 24 de mar\u00e7o, a vereadora Elaine Oliveira apresentou o Requerimento 279\/2025, solicitando a convoca\u00e7\u00e3o de um representante da Cooperativa Recicla Gar\u00e7a para prestar esclarecimentos sobre a paralisa\u00e7\u00e3o tempor\u00e1ria de suas atividades e da usina de reciclagem operada pela cooperativa. A medida visa esclarecer os [&hellip;]<\/p>\n","protected":false},"author":260896546,"featured_media":0,"comment_status":"open","ping_status":"open","sticky":false,"template":"","format":"standard","meta":{"_monsterinsights_skip_tracking":false,"advanced_seo_description":"","jetpack_seo_html_title":"","jetpack_seo_noindex":false,"jetpack_seo_schema_type":"","_jetpack_newsletter_access":"","_jetpack_dont_email_post_to_subs":false,"_jetpack_newsletter_tier_id":0,"_jetpack_memberships_contains_paywalled_content":false,"_wpcom_ai_launchpad_first_post":false,"_jetpack_feature_clip_id":0,"_jetpack_memberships_contains_paid_content":false,"footnotes":"","jetpack_publicize_message":"{title}\n\n{excerpt}\n\n{url}","jetpack_publicize_feature_enabled":true,"jetpack_social_post_already_shared":false,"jetpack_social_options":{"image_generator_settings":{"template":"fullscreen","default_image_id":0,"font":"","enabled":false},"version":2},"_wpas_customize_per_network":false,"jetpack_post_was_ever_published":false},"categories":[38185],"tags":[781171801,781171796],"class_list":["post-2528","post","type-post","status-publish","format-standard","hentry","category-brasil","tag-brasil","tag-meio-ambiente"],"jetpack_publicize_connections":[],"jetpack_likes_enabled":true,"jetpack_sharing_enabled":true,"jetpack_shortlink":"https:\/\/wp.me\/pgitne-EM","jetpack-related-posts":[{"id":2630,"url":"https:\/\/diariodegarca.com\/?p=2630","url_meta":{"origin":2528,"position":0},"title":"Cooperativa Recicla Gar\u00e7a anuncia paralisa\u00e7\u00e3o tempor\u00e1ria, enquanto Prefeitura nega impactos na coleta seletiva","author":"Di\u00e1rio de Gar\u00e7a","date":"13 de mar\u00e7o de 2025","format":false,"excerpt":"A Cooperativa Recicla Gar\u00e7a, respons\u00e1vel pelo processamento de materiais recicl\u00e1veis coletados na cidade, anunciou a paralisa\u00e7\u00e3o tempor\u00e1ria de suas atividades a partir desta quinta-feira, 13 de mar\u00e7o. A decis\u00e3o foi tomada devido a dificuldades financeiras que impedem a manuten\u00e7\u00e3o dos funcion\u00e1rios e o pagamento justo aos cooperados. No entanto, a\u2026","rel":"","context":"Em &quot;Brasil&quot;","block_context":{"text":"Brasil","link":"https:\/\/diariodegarca.com\/?cat=38185"},"img":{"alt_text":"","src":"","width":0,"height":0},"classes":[]},{"id":2532,"url":"https:\/\/diariodegarca.com\/?p=2532","url_meta":{"origin":2528,"position":1},"title":"C\u00e2mara de Gar\u00e7a aprova reforma nas CPIs e debate desafios do Distrito Empresarial","author":"Di\u00e1rio de Gar\u00e7a","date":"27 de mar\u00e7o de 2025","format":false,"excerpt":"A 8\u00aa sess\u00e3o ordin\u00e1ria da C\u00e2mara Municipal de Gar\u00e7a, realizada nesta segunda-feira, dia 24 de mar\u00e7o,\u00a0 abordou temas como transpar\u00eancia, infraestrutura e sa\u00fade p\u00fablica. Com todos os 13 vereadores presentes, os debates inclu\u00edram mudan\u00e7as no funcionamento das CPIs, problemas estruturais no Distrito Empresarial, entre outros assuntos. Reforma nas Comiss\u00f5es Parlamentares\u2026","rel":"","context":"Em &quot;Brasil&quot;","block_context":{"text":"Brasil","link":"https:\/\/diariodegarca.com\/?cat=38185"},"img":{"alt_text":"","src":"","width":0,"height":0},"classes":[]},{"id":3026,"url":"https:\/\/diariodegarca.com\/?p=3026","url_meta":{"origin":2528,"position":2},"title":"Cooperativa Recicla Gar\u00e7a suspende suas opera\u00e7\u00f5es e alerta para impacto socioambiental no munic\u00edpio","author":"Di\u00e1rio de Gar\u00e7a","date":"21 de maio de 2025","format":false,"excerpt":"Em paralisa\u00e7\u00e3o desde 12 de mar\u00e7o por falta de recursos financeiros, a cooperativa de reciclagem enfrenta crise que amea\u00e7a a dignidade dos catadores e a continuidade da Recicla Gar\u00e7a. A Recicla Gar\u00e7a, refer\u00eancia em reciclagem de coleta seletiva no estado de S\u00e3o Paulo, vive seu momento mais dif\u00edcil desde a\u2026","rel":"","context":"Em &quot;Gar\u00e7a&quot;","block_context":{"text":"Gar\u00e7a","link":"https:\/\/diariodegarca.com\/?cat=781171664"},"img":{"alt_text":"","src":"https:\/\/i0.wp.com\/diariodegarca.com\/wp-content\/uploads\/2025\/05\/instalacoes-da-recicla-garca.png?fit=599%2C333&ssl=1&resize=350%2C200","width":350,"height":200,"srcset":"https:\/\/i0.wp.com\/diariodegarca.com\/wp-content\/uploads\/2025\/05\/instalacoes-da-recicla-garca.png?fit=599%2C333&ssl=1&resize=350%2C200 1x, https:\/\/i0.wp.com\/diariodegarca.com\/wp-content\/uploads\/2025\/05\/instalacoes-da-recicla-garca.png?fit=599%2C333&ssl=1&resize=525%2C300 1.5x"},"classes":[]},{"id":6520,"url":"https:\/\/diariodegarca.com\/?p=6520","url_meta":{"origin":2528,"position":3},"title":"MP instaura inqu\u00e9rito contra Prefeitura de Gar\u00e7a por poss\u00edveis irregularidades na gest\u00e3o de res\u00edduos","author":"Di\u00e1rio de Gar\u00e7a","date":"11 de setembro de 2025","format":false,"excerpt":"Procedimento apura descumprimento da Pol\u00edtica Nacional de Res\u00edduos S\u00f3lidos; munic\u00edpio tem 30 dias para se manifestar. Caso foi tema de discuss\u00e3o na C\u00e2mara e seguia sem solu\u00e7\u00e3o. O Minist\u00e9rio P\u00fablico do Estado de S\u00e3o Paulo (MP-SP), por meio da 1\u00aa Promotoria de Justi\u00e7a de Gar\u00e7a, instaurou um inqu\u00e9rito civil p\u00fablico\u2026","rel":"","context":"Em &quot;Fiscaliza\u00e7\u00e3o&quot;","block_context":{"text":"Fiscaliza\u00e7\u00e3o","link":"https:\/\/diariodegarca.com\/?cat=1192752"},"img":{"alt_text":"","src":"https:\/\/i0.wp.com\/diariodegarca.com\/wp-content\/uploads\/2025\/09\/imagem6.jpg?fit=601%2C451&ssl=1&resize=350%2C200","width":350,"height":200,"srcset":"https:\/\/i0.wp.com\/diariodegarca.com\/wp-content\/uploads\/2025\/09\/imagem6.jpg?fit=601%2C451&ssl=1&resize=350%2C200 1x, https:\/\/i0.wp.com\/diariodegarca.com\/wp-content\/uploads\/2025\/09\/imagem6.jpg?fit=601%2C451&ssl=1&resize=525%2C300 1.5x"},"classes":[]},{"id":7788,"url":"https:\/\/diariodegarca.com\/?p=7788","url_meta":{"origin":2528,"position":4},"title":"Campanha de Polio busca reverter baixa ades\u00e3o \u00e0 vacina que previne paralisia infantil","author":"Andreza Sega","date":"17 de outubro de 2025","format":false,"excerpt":"Com apenas 74,44% do p\u00fablico-alvo vacinado, Gar\u00e7a est\u00e1 longe da meta de 95%; especialistas alertam para o risco de retorno de uma doen\u00e7a que pode ser fatal e deixar sequelas permanentes. A amea\u00e7a silenciosa da poliomielite, uma doen\u00e7a que o Brasil n\u00e3o v\u00ea circular desde 1994, paira sobre as cidades\u2026","rel":"","context":"Em &quot;Gar\u00e7a&quot;","block_context":{"text":"Gar\u00e7a","link":"https:\/\/diariodegarca.com\/?cat=781171664"},"img":{"alt_text":"","src":"https:\/\/i0.wp.com\/diariodegarca.com\/wp-content\/uploads\/2025\/10\/SnapInsta.to_467464732_1324459098713664_7762351577158532793_n-e1760795389194.jpg?fit=1080%2C750&ssl=1&resize=350%2C200","width":350,"height":200,"srcset":"https:\/\/i0.wp.com\/diariodegarca.com\/wp-content\/uploads\/2025\/10\/SnapInsta.to_467464732_1324459098713664_7762351577158532793_n-e1760795389194.jpg?fit=1080%2C750&ssl=1&resize=350%2C200 1x, https:\/\/i0.wp.com\/diariodegarca.com\/wp-content\/uploads\/2025\/10\/SnapInsta.to_467464732_1324459098713664_7762351577158532793_n-e1760795389194.jpg?fit=1080%2C750&ssl=1&resize=525%2C300 1.5x, https:\/\/i0.wp.com\/diariodegarca.com\/wp-content\/uploads\/2025\/10\/SnapInsta.to_467464732_1324459098713664_7762351577158532793_n-e1760795389194.jpg?fit=1080%2C750&ssl=1&resize=700%2C400 2x, https:\/\/i0.wp.com\/diariodegarca.com\/wp-content\/uploads\/2025\/10\/SnapInsta.to_467464732_1324459098713664_7762351577158532793_n-e1760795389194.jpg?fit=1080%2C750&ssl=1&resize=1050%2C600 3x"},"classes":[]},{"id":9551,"url":"https:\/\/diariodegarca.com\/?p=9551","url_meta":{"origin":2528,"position":5},"title":"C\u00e2mara de Gar\u00e7a encerra ano com debates sobre \u00e1gua, reciclagem e \u00e9tica legislativa","author":"Andreza Sega","date":"16 de dezembro de 2025","format":false,"excerpt":"Em sess\u00e3o ordin\u00e1ria e extraordin\u00e1ria, vereadores aprovaram projetos de doa\u00e7\u00e3o de terrenos, melhorias ambientais e cr\u00e9dito para entidade assistencial, al\u00e9m de discutirem problemas cr\u00f4nicos de infraestrutura. A 42\u00aa Sess\u00e3o Ordin\u00e1ria da C\u00e2mara Municipal de Gar\u00e7a, realizada na \u00faltima segunda-feira, 15 de dezembro, marcou o encerramento dos trabalhos legislativos deste ano.\u2026","rel":"","context":"Em &quot;Gar\u00e7a&quot;","block_context":{"text":"Gar\u00e7a","link":"https:\/\/diariodegarca.com\/?cat=781171664"},"img":{"alt_text":"","src":"https:\/\/i0.wp.com\/diariodegarca.com\/wp-content\/uploads\/2025\/12\/camara-42.jpg?fit=687%2C349&ssl=1&resize=350%2C200","width":350,"height":200,"srcset":"https:\/\/i0.wp.com\/diariodegarca.com\/wp-content\/uploads\/2025\/12\/camara-42.jpg?fit=687%2C349&ssl=1&resize=350%2C200 1x, https:\/\/i0.wp.com\/diariodegarca.com\/wp-content\/uploads\/2025\/12\/camara-42.jpg?fit=687%2C349&ssl=1&resize=525%2C300 1.5x"},"classes":[]}],"jetpack_featured_media_url":"","_links":{"self":[{"href":"https:\/\/diariodegarca.com\/index.php?rest_route=\/wp\/v2\/posts\/2528","targetHints":{"allow":["GET"]}}],"collection":[{"href":"https:\/\/diariodegarca.com\/index.php?rest_route=\/wp\/v2\/posts"}],"about":[{"href":"https:\/\/diariodegarca.com\/index.php?rest_route=\/wp\/v2\/types\/post"}],"author":[{"embeddable":true,"href":"https:\/\/diariodegarca.com\/index.php?rest_route=\/wp\/v2\/users\/260896546"}],"replies":[{"embeddable":true,"href":"https:\/\/diariodegarca.com\/index.php?rest_route=%2Fwp%2Fv2%2Fcomments&post=2528"}],"version-history":[{"count":0,"href":"https:\/\/diariodegarca.com\/index.php?rest_route=\/wp\/v2\/posts\/2528\/revisions"}],"wp:attachment":[{"href":"https:\/\/diariodegarca.com\/index.php?rest_route=%2Fwp%2Fv2%2Fmedia&parent=2528"}],"wp:term":[{"taxonomy":"category","embeddable":true,"href":"https:\/\/diariodegarca.com\/index.php?rest_route=%2Fwp%2Fv2%2Fcategories&post=2528"},{"taxonomy":"post_tag","embeddable":true,"href":"https:\/\/diariodegarca.com\/index.php?rest_route=%2Fwp%2Fv2%2Ftags&post=2528"}],"curies":[{"name":"wp","href":"https:\/\/api.w.org\/{rel}","templated":true}]}}