{"id":2558,"date":"2025-03-23T17:13:00","date_gmt":"2025-03-23T17:13:00","guid":{"rendered":"https:\/\/diariodegarca.com\/2025\/03\/23\/adolescente-e-apreendido-por-trafico-de-drogas-em-garca\/"},"modified":"2025-03-23T17:13:00","modified_gmt":"2025-03-23T17:13:00","slug":"adolescente-e-apreendido-por-trafico-de-drogas-em-garca","status":"publish","type":"post","link":"https:\/\/diariodegarca.com\/?p=2558","title":{"rendered":"Adolescente \u00e9 apreendido por tr\u00e1fico de drogas em Gar\u00e7a"},"content":{"rendered":"<div class=\"separator\" style=\"clear: both;text-align: center\">\n  <a href=\"https:\/\/blogger.googleusercontent.com\/img\/a\/AVvXsEgxErEGHxKxvYvQZe7s6dc5UlpsIoDlZ4zvpL95yaQCvzjfEuj7fFvZrhWa7iqOsUBCPPBOSn2RToH6QBmQsK96JUlVVPsF_2NOLqBmP7TiTCIUXQ3zI7-EVCQ-5glPNDl4AZpkXi6HEWN87preOelhaZO54hWuZhF7eBgJqwbDZrko-16jYAXC4XAZDBQ\" style=\"margin-left: 1em;margin-right: 1em\"><br \/>\n    <img decoding=\"async\" border=\"0\" src=\"https:\/\/blogger.googleusercontent.com\/img\/a\/AVvXsEgxErEGHxKxvYvQZe7s6dc5UlpsIoDlZ4zvpL95yaQCvzjfEuj7fFvZrhWa7iqOsUBCPPBOSn2RToH6QBmQsK96JUlVVPsF_2NOLqBmP7TiTCIUXQ3zI7-EVCQ-5glPNDl4AZpkXi6HEWN87preOelhaZO54hWuZhF7eBgJqwbDZrko-16jYAXC4XAZDBQ\" width=\"400\"><br \/>\n  <\/a>\n<\/div>\n<p><\/p>\n<div><\/div>\n<div>No \u00faltimo s\u00e1bado, dia 22 de mar\u00e7o, policiais militares do 9\u00ba Batalh\u00e3o de Pol\u00edcia Militar do Interior prenderam um adolescente por tr\u00e1fico de drogas na cidade de Gar\u00e7a. A a\u00e7\u00e3o ocorreu por volta das 19h23, durante um patrulhamento de rotina na Rua Santana.\u00a0<\/div>\n<div><\/div>\n<div>De acordo com as informa\u00e7\u00f5es repassadas pela corpora\u00e7\u00e3o, os policiais avistaram dois indiv\u00edduos em atitude suspeita e decidiram abord\u00e1-los. Enquanto um dos suspeitos n\u00e3o apresentava qualquer irregularidade, o outro, um adolescente, foi encontrado portando 09 inv\u00f3lucros de maconha, 02 eppendorfs de coca\u00edna, 01 inv\u00f3lucro de crack e R$ 45,00 em esp\u00e9cie.\u00a0<\/div>\n<div><\/div>\n<div>A m\u00e3e do adolescente, que acompanhou a abordagem, autorizou a entrada dos policiais na resid\u00eancia da fam\u00edlia. Durante a busca, foram localizados no quarto do jovem R$ 1.591,00 em dinheiro, 99 eppendorfs de coca\u00edna, 14 inv\u00f3lucros de alum\u00ednio contendo crack, 07 por\u00e7\u00f5es de maconha e diversos apetrechos utilizados para a separa\u00e7\u00e3o e embalagem das drogas.\u00a0<\/div>\n<div><\/div>\n<div>O adolescente foi conduzido \u00e0 Central de Pol\u00edcia Judici\u00e1ria (CPJ) de Mar\u00edlia, onde a ocorr\u00eancia foi registrada. Ele permanece apreendido e \u00e0 disposi\u00e7\u00e3o da Justi\u00e7a.\u00a0<\/div>\n","protected":false},"excerpt":{"rendered":"<p>No \u00faltimo s\u00e1bado, dia 22 de mar\u00e7o, policiais militares do 9\u00ba Batalh\u00e3o de Pol\u00edcia Militar do Interior prenderam um adolescente por tr\u00e1fico de drogas na cidade de Gar\u00e7a. A a\u00e7\u00e3o ocorreu por volta das 19h23, durante um patrulhamento de rotina na Rua Santana.\u00a0 De acordo com as informa\u00e7\u00f5es repassadas pela corpora\u00e7\u00e3o, os policiais avistaram dois [&hellip;]<\/p>\n","protected":false},"author":260896546,"featured_media":0,"comment_status":"open","ping_status":"open","sticky":false,"template":"","format":"standard","meta":{"_monsterinsights_skip_tracking":false,"advanced_seo_description":"","jetpack_seo_html_title":"","jetpack_seo_noindex":false,"jetpack_seo_schema_type":"","_jetpack_newsletter_access":"","_jetpack_dont_email_post_to_subs":false,"_jetpack_newsletter_tier_id":0,"_jetpack_memberships_contains_paywalled_content":false,"_wpcom_ai_launchpad_first_post":false,"_jetpack_feature_clip_id":0,"_jetpack_memberships_contains_paid_content":false,"footnotes":"","jetpack_publicize_message":"{title}\n\n{excerpt}\n\n{url}","jetpack_publicize_feature_enabled":true,"jetpack_social_post_already_shared":false,"jetpack_social_options":{"image_generator_settings":{"template":"fullscreen","default_image_id":0,"font":"","enabled":false},"version":2},"_wpas_customize_per_network":false,"jetpack_post_was_ever_published":false},"categories":[38185],"tags":[781171801,1036487],"class_list":["post-2558","post","type-post","status-publish","format-standard","hentry","category-brasil","tag-brasil","tag-seguranca-publica"],"jetpack_publicize_connections":[],"jetpack_likes_enabled":true,"jetpack_sharing_enabled":true,"jetpack_shortlink":"https:\/\/wp.me\/pgitne-Fg","jetpack-related-posts":[{"id":2672,"url":"https:\/\/diariodegarca.com\/?p=2672","url_meta":{"origin":2558,"position":0},"title":"Adolescente \u00e9 apreendido por tr\u00e1fico de drogas em Gar\u00e7a","author":"Di\u00e1rio de Gar\u00e7a","date":"8 de mar\u00e7o de 2025","format":false,"excerpt":"Na \u00faltima sexta-feira, dia 7 dw mar\u00e7o, policiais militares do 9\u00ba Batalh\u00e3o de Pol\u00edcia Militar do Interior prenderam um adolescente por tr\u00e1fico de drogas no bairro Cavalcante, em Gar\u00e7a. A a\u00e7\u00e3o ocorreu durante uma opera\u00e7\u00e3o de patrulhamento rotineira, quando os agentes abordaram o jovem e, ap\u00f3s busca pessoal, encontraram com\u2026","rel":"","context":"Em &quot;Brasil&quot;","block_context":{"text":"Brasil","link":"https:\/\/diariodegarca.com\/?cat=38185"},"img":{"alt_text":"","src":"","width":0,"height":0},"classes":[]},{"id":2877,"url":"https:\/\/diariodegarca.com\/?p=2877","url_meta":{"origin":2558,"position":1},"title":"Adolescente \u00e9 apreendido por suspeita de tr\u00e1fico de drogas em Gar\u00e7a","author":"Di\u00e1rio de Gar\u00e7a","date":"7 de fevereiro de 2025","format":false,"excerpt":"Na noite de quarta-feira, dia 6 de fevereiro, uma equipe de Radiopatrulhamento da Pol\u00edcia Militar apreendeu um adolescente por suspeita de tr\u00e1fico de drogas em Gar\u00e7a. A abordagem ocorreu por volta das 20h, no bairro Jardim Sol Nascente, em local conhecido pela venda de entorpecentes.\u00a0\u00a0Durante a a\u00e7\u00e3o, os policiais avistaram\u2026","rel":"","context":"Em &quot;Brasil&quot;","block_context":{"text":"Brasil","link":"https:\/\/diariodegarca.com\/?cat=38185"},"img":{"alt_text":"","src":"","width":0,"height":0},"classes":[]},{"id":10234,"url":"https:\/\/diariodegarca.com\/?p=10234","url_meta":{"origin":2558,"position":2},"title":"Adolescente \u00e9 apreendido por tr\u00e1fico de drogas ap\u00f3s den\u00fancia an\u00f4nima em Gar\u00e7a","author":"Di\u00e1rio de Gar\u00e7a","date":"26 de janeiro de 2026","format":false,"excerpt":"Policiais militares localizaram adolescente com coca\u00edna, crack e maconha escondidos em mato de canteiro central no bairro S\u00e3o Lucas. Um adolescente foi apreendido por policiais militares na noite da \u00faltima sexta-feira, 23 de janeiro, no bairro S\u00e3o Lucas, em Gar\u00e7a, suspeito de praticar ato infracional an\u00e1logo ao tr\u00e1fico de drogas.\u2026","rel":"","context":"Em &quot;Gar\u00e7a&quot;","block_context":{"text":"Gar\u00e7a","link":"https:\/\/diariodegarca.com\/?cat=781171664"},"img":{"alt_text":"","src":"https:\/\/i0.wp.com\/diariodegarca.com\/wp-content\/uploads\/2026\/01\/2-e1769446983941.jpeg?fit=1105%2C780&ssl=1&resize=350%2C200","width":350,"height":200,"srcset":"https:\/\/i0.wp.com\/diariodegarca.com\/wp-content\/uploads\/2026\/01\/2-e1769446983941.jpeg?fit=1105%2C780&ssl=1&resize=350%2C200 1x, https:\/\/i0.wp.com\/diariodegarca.com\/wp-content\/uploads\/2026\/01\/2-e1769446983941.jpeg?fit=1105%2C780&ssl=1&resize=525%2C300 1.5x, https:\/\/i0.wp.com\/diariodegarca.com\/wp-content\/uploads\/2026\/01\/2-e1769446983941.jpeg?fit=1105%2C780&ssl=1&resize=700%2C400 2x, https:\/\/i0.wp.com\/diariodegarca.com\/wp-content\/uploads\/2026\/01\/2-e1769446983941.jpeg?fit=1105%2C780&ssl=1&resize=1050%2C600 3x"},"classes":[]},{"id":2828,"url":"https:\/\/diariodegarca.com\/?p=2828","url_meta":{"origin":2558,"position":3},"title":"Adolescente \u00e9 apreendido por tr\u00e1fico de drogas em Gar\u00e7a em a\u00e7\u00e3o da Pol\u00edcia Militar","author":"Di\u00e1rio de Gar\u00e7a","date":"14 de fevereiro de 2025","format":false,"excerpt":"Na quarta-feira, 12 de fevereiro, por volta das 20h00, equipes da Pol\u00edcia Militar realizavam patrulhamento preventivo no Jardim Sol Nascente, em Gar\u00e7a, quando avistaram um adolescente do sexo masculino em atitude suspeita pr\u00f3ximo a um campo de futebol, \u00e1rea conhecida pela circula\u00e7\u00e3o de drogas. Ao perceber a presen\u00e7a da viatura,\u2026","rel":"","context":"Em &quot;Brasil&quot;","block_context":{"text":"Brasil","link":"https:\/\/diariodegarca.com\/?cat=38185"},"img":{"alt_text":"","src":"","width":0,"height":0},"classes":[]},{"id":6101,"url":"https:\/\/diariodegarca.com\/?p=6101","url_meta":{"origin":2558,"position":4},"title":"\u00a0Adolescente \u00e9 apreendido por tr\u00e1fico de drogas em Gar\u00e7a","author":"Di\u00e1rio de Gar\u00e7a","date":"26 de agosto de 2025","format":false,"excerpt":"Durante patrulha de rotina no bairro Vila Araceli, policiais militares flagraram e prenderam um jovem com crack, coca\u00edna e maconha para venda. Em uma a\u00e7\u00e3o de patrulhamento de rotina na tarde desta ter\u00e7a-feira, 26 de agosto, por volta das 16h26, policiais militares da For\u00e7a T\u00e1tica apreenderam um adolescente por tr\u00e1fico\u2026","rel":"","context":"Em &quot;Gar\u00e7a&quot;","block_context":{"text":"Gar\u00e7a","link":"https:\/\/diariodegarca.com\/?cat=781171664"},"img":{"alt_text":"","src":"https:\/\/i0.wp.com\/diariodegarca.com\/wp-content\/uploads\/2025\/08\/eebb8677-5a8d-4b8a-8a92-ff9ff747001d.jpg?fit=900%2C1200&ssl=1&resize=350%2C200","width":350,"height":200,"srcset":"https:\/\/i0.wp.com\/diariodegarca.com\/wp-content\/uploads\/2025\/08\/eebb8677-5a8d-4b8a-8a92-ff9ff747001d.jpg?fit=900%2C1200&ssl=1&resize=350%2C200 1x, https:\/\/i0.wp.com\/diariodegarca.com\/wp-content\/uploads\/2025\/08\/eebb8677-5a8d-4b8a-8a92-ff9ff747001d.jpg?fit=900%2C1200&ssl=1&resize=525%2C300 1.5x, https:\/\/i0.wp.com\/diariodegarca.com\/wp-content\/uploads\/2025\/08\/eebb8677-5a8d-4b8a-8a92-ff9ff747001d.jpg?fit=900%2C1200&ssl=1&resize=700%2C400 2x"},"classes":[]},{"id":2979,"url":"https:\/\/diariodegarca.com\/?p=2979","url_meta":{"origin":2558,"position":5},"title":"Adolescente \u00e9 apreendido por tr\u00e1fico de drogas em Gar\u00e7a","author":"Di\u00e1rio de Gar\u00e7a","date":"22 de janeiro de 2025","format":false,"excerpt":"Na tarde de ter\u00e7a-feira, dia 21 de janeiro, policiais militares do 9\u00ba Batalh\u00e3o de Pol\u00edcia Militar do Interior (BPM\/I) realizaram a apreens\u00e3o de um adolescente acusado de tr\u00e1fico de drogas no bairro S\u00e3o Lucas, em Gar\u00e7a.A a\u00e7\u00e3o ocorreu durante patrulhamento de rotina, quando os policiais visualizaram o jovem em um\u2026","rel":"","context":"Em &quot;Brasil&quot;","block_context":{"text":"Brasil","link":"https:\/\/diariodegarca.com\/?cat=38185"},"img":{"alt_text":"","src":"","width":0,"height":0},"classes":[]}],"jetpack_featured_media_url":"","_links":{"self":[{"href":"https:\/\/diariodegarca.com\/index.php?rest_route=\/wp\/v2\/posts\/2558","targetHints":{"allow":["GET"]}}],"collection":[{"href":"https:\/\/diariodegarca.com\/index.php?rest_route=\/wp\/v2\/posts"}],"about":[{"href":"https:\/\/diariodegarca.com\/index.php?rest_route=\/wp\/v2\/types\/post"}],"author":[{"embeddable":true,"href":"https:\/\/diariodegarca.com\/index.php?rest_route=\/wp\/v2\/users\/260896546"}],"replies":[{"embeddable":true,"href":"https:\/\/diariodegarca.com\/index.php?rest_route=%2Fwp%2Fv2%2Fcomments&post=2558"}],"version-history":[{"count":0,"href":"https:\/\/diariodegarca.com\/index.php?rest_route=\/wp\/v2\/posts\/2558\/revisions"}],"wp:attachment":[{"href":"https:\/\/diariodegarca.com\/index.php?rest_route=%2Fwp%2Fv2%2Fmedia&parent=2558"}],"wp:term":[{"taxonomy":"category","embeddable":true,"href":"https:\/\/diariodegarca.com\/index.php?rest_route=%2Fwp%2Fv2%2Fcategories&post=2558"},{"taxonomy":"post_tag","embeddable":true,"href":"https:\/\/diariodegarca.com\/index.php?rest_route=%2Fwp%2Fv2%2Ftags&post=2558"}],"curies":[{"name":"wp","href":"https:\/\/api.w.org\/{rel}","templated":true}]}}