{"id":2562,"date":"2025-03-22T21:02:00","date_gmt":"2025-03-22T21:02:00","guid":{"rendered":"https:\/\/diariodegarca.com\/2025\/03\/22\/ufsc-abre-inscricoes-para-curso-gratuito-sobre-educacao-etnico-racial\/"},"modified":"2025-03-22T21:02:00","modified_gmt":"2025-03-22T21:02:00","slug":"ufsc-abre-inscricoes-para-curso-gratuito-sobre-educacao-etnico-racial","status":"publish","type":"post","link":"https:\/\/diariodegarca.com\/?p=2562","title":{"rendered":"UFSC abre inscri\u00e7\u00f5es para curso gratuito sobre educa\u00e7\u00e3o \u00e9tnico-racial"},"content":{"rendered":"<p><div class=\"separator\" style=\"clear: both;text-align: center\">\n  <a href=\"https:\/\/blogger.googleusercontent.com\/img\/a\/AVvXsEgfLW7aLZg29q5ek0oWcFvnPdJwXkpQWaWgLKvJCaUmfWVaiXVA9TYch6I1uvMeD2W3m3vP8VDwOTD7VzNTBsJa1p_eRAm3vPqwlkKBzzOSW8X3b6s_6FE6qYjvOeeMVd41tpdv6unE9BthjUqcskdOwnZstRznZpCQzGPcJQYMHqjJS1x_HIVaVW0gFbM\" style=\"margin-left: 1em;margin-right: 1em\"><br \/>\n    <img decoding=\"async\" border=\"0\" src=\"https:\/\/blogger.googleusercontent.com\/img\/a\/AVvXsEgfLW7aLZg29q5ek0oWcFvnPdJwXkpQWaWgLKvJCaUmfWVaiXVA9TYch6I1uvMeD2W3m3vP8VDwOTD7VzNTBsJa1p_eRAm3vPqwlkKBzzOSW8X3b6s_6FE6qYjvOeeMVd41tpdv6unE9BthjUqcskdOwnZstRznZpCQzGPcJQYMHqjJS1x_HIVaVW0gFbM\" width=\"400\"><br \/>\n  <\/a>\n<\/div>\n<p><\/p>\n<p>A <strong>Universidade Federal de Santa Catarina (UFSC)<\/strong>, por meio da <strong>Universidade Aberta do Brasil (UAB)<\/strong>, est\u00e1 com inscri\u00e7\u00f5es abertas para o <strong>Curso de Extens\u00e3o Forma\u00e7\u00e3o para Doc\u00eancia e Gest\u00e3o para a Educa\u00e7\u00e3o das Rela\u00e7\u00f5es \u00c9tnico-Raciais e Quilombolas<\/strong>. A capacita\u00e7\u00e3o \u00e9 <strong>totalmente gratuita e online<\/strong>, voltada para educadores e profissionais da \u00e1rea da educa\u00e7\u00e3o.<\/p>\n<p>Com <strong>2.181 vagas dispon\u00edveis<\/strong>, o curso inicia em <strong>abril de 2025<\/strong> e ser\u00e1 realizado na <strong>modalidade a dist\u00e2ncia<\/strong>, com carga hor\u00e1ria de <strong>120 horas<\/strong>, divididas em quatro m\u00f3dulos. A sele\u00e7\u00e3o dos candidatos ser\u00e1 feita por ordem de inscri\u00e7\u00e3o. Quem n\u00e3o conseguir uma vaga ser\u00e1 inclu\u00eddo em uma lista de espera.<\/p>\n<h3><strong>Quem pode se inscrever?<\/strong><\/h3>\n<p>O curso \u00e9 destinado a:<br \/>\n\u2705 Educadores em geral;<br \/>\n\u2705 Professores da rede p\u00fablica e privada (ensino b\u00e1sico e superior);<br \/>\n\u2705 Estudantes de licenciatura;<br \/>\n\u2705 Profissionais com forma\u00e7\u00e3o na \u00e1rea da educa\u00e7\u00e3o.<\/p>\n<p>Os participantes que conclu\u00edrem o curso com <strong>m\u00ednimo de 75% de aproveitamento e frequ\u00eancia<\/strong> receber\u00e3o um <strong>certificado oficial da UFSC<\/strong>. Para estudantes de licenciatura, o certificado pode ser validado como <strong>atividade complementar<\/strong>, conforme a pol\u00edtica da institui\u00e7\u00e3o de ensino.<\/p>\n<h3><strong>Alinhamento com pol\u00edticas educacionais<\/strong><\/h3>\n<p>A forma\u00e7\u00e3o segue as diretrizes da <strong>Pol\u00edtica Nacional de Equidade, Educa\u00e7\u00e3o para as Rela\u00e7\u00f5es \u00c9tnico-Raciais e Educa\u00e7\u00e3o Escolar Quilombola (PNEERQ)<\/strong>, coordenada pelo <strong>Minist\u00e9rio da Educa\u00e7\u00e3o (MEC)<\/strong>. O curso tamb\u00e9m atende \u00e0s Leis <strong>10.639\/03<\/strong> e <strong>11.645\/2008<\/strong>, que tornam obrigat\u00f3rio o ensino de <strong>Hist\u00f3ria e Cultura Africana, Afro-Brasileira e Ind\u00edgena<\/strong> na educa\u00e7\u00e3o b\u00e1sica.<\/p>\n<h3><strong>Como se inscrever?<\/strong><\/h3>\n<p>\ud83d\udcc5 As inscri\u00e7\u00f5es j\u00e1 est\u00e3o abertas e podem ser feitas pelo link:<br \/>\n\ud83d\udd17 <a href=\"https:\/\/inscricoes.ufsc.br\/edital-15-25-uab\">https:\/\/inscricoes.ufsc.br\/edital-15-25-uab<\/a><\/p>\n<p>O processo seletivo segue <strong>enquanto houver vagas dispon\u00edveis<\/strong>. Candidatos selecionados ser\u00e3o informados por e-mail.<\/p>\n<p>\ud83d\udce9 <strong>D\u00favidas?<\/strong> Entre em contato pelo e-mail: <strong><a href=\"mailto:sead@contato.ufsc.br\">sead@contato.ufsc.br<\/a><\/strong><\/p>\n<p>Essa \u00e9 uma grande oportunidade para educadores que querem se especializar e contribuir para uma educa\u00e7\u00e3o mais <strong>inclusiva e representativa<\/strong> da diversidade brasileira!<\/p>\n","protected":false},"excerpt":{"rendered":"<p>A Universidade Federal de Santa Catarina (UFSC), por meio da Universidade Aberta do Brasil (UAB), est\u00e1 com inscri\u00e7\u00f5es abertas para o Curso de Extens\u00e3o Forma\u00e7\u00e3o para Doc\u00eancia e Gest\u00e3o para a Educa\u00e7\u00e3o das Rela\u00e7\u00f5es \u00c9tnico-Raciais e Quilombolas. A capacita\u00e7\u00e3o \u00e9 totalmente gratuita e online, voltada para educadores e profissionais da \u00e1rea da educa\u00e7\u00e3o. Com 2.181 [&hellip;]<\/p>\n","protected":false},"author":260896546,"featured_media":0,"comment_status":"open","ping_status":"open","sticky":false,"template":"","format":"standard","meta":{"_crdt_document":"","_monsterinsights_skip_tracking":false,"_monsterinsights_sitenote_active":false,"_monsterinsights_sitenote_note":"","_monsterinsights_sitenote_category":0,"advanced_seo_description":"","jetpack_seo_html_title":"","jetpack_seo_noindex":false,"_jetpack_newsletter_access":"","_jetpack_dont_email_post_to_subs":false,"_jetpack_newsletter_tier_id":0,"_jetpack_memberships_contains_paywalled_content":false,"_jetpack_memberships_contains_paid_content":false,"footnotes":"","jetpack_publicize_message":"","jetpack_publicize_feature_enabled":true,"jetpack_social_post_already_shared":false,"jetpack_social_options":{"image_generator_settings":{"template":"fullscreen","default_image_id":0,"font":"","enabled":false},"version":2},"_wpas_customize_per_network":false,"jetpack_post_was_ever_published":false},"categories":[38185],"tags":[781171800],"class_list":["post-2562","post","type-post","status-publish","format-standard","hentry","category-brasil","tag-curso"],"jetpack_publicize_connections":[],"jetpack_featured_media_url":"","jetpack_likes_enabled":true,"jetpack_sharing_enabled":true,"jetpack_shortlink":"https:\/\/wp.me\/pgitne-Fk","jetpack-related-posts":[{"id":2701,"url":"https:\/\/diariodegarca.com\/?p=2701","url_meta":{"origin":2562,"position":0},"title":"UFS abre inscri\u00e7\u00f5es para curso de extens\u00e3o em Educa\u00e7\u00e3o para Rela\u00e7\u00f5es \u00c9tnico-Raciais e Quilombolas","author":"Di\u00e1rio de Gar\u00e7a","date":"4 de mar\u00e7o de 2025","format":false,"excerpt":"A\u00a0Universidade Federal de Sergipe (UFS), por meio do\u00a0Centro de Educa\u00e7\u00e3o Superior a Dist\u00e2ncia (CESAD), em parceria com a\u00a0Universidade Aberta do Brasil (UAB), lan\u00e7ou o\u00a0Edital n\u00ba 12\/2025, que abre inscri\u00e7\u00f5es para o curso de extens\u00e3o\u00a0\"Forma\u00e7\u00e3o para Doc\u00eancia e Gest\u00e3o para a Educa\u00e7\u00e3o das Rela\u00e7\u00f5es \u00c9tnico-Raciais e Quilombolas\".O curso \u00e9 gratuito, realizado\u2026","rel":"","context":"Em &quot;Brasil&quot;","block_context":{"text":"Brasil","link":"https:\/\/diariodegarca.com\/?cat=38185"},"img":{"alt_text":"","src":"","width":0,"height":0},"classes":[]},{"id":2956,"url":"https:\/\/diariodegarca.com\/?p=2956","url_meta":{"origin":2562,"position":1},"title":"CAPES oferece forma\u00e7\u00e3o de docentes para educa\u00e7\u00e3o \u00e9tnico-racial de forma online por duas universidades","author":"Di\u00e1rio de Gar\u00e7a","date":"26 de janeiro de 2025","format":false,"excerpt":"A Coordena\u00e7\u00e3o de Aperfei\u00e7oamento de Pessoal de N\u00edvel Superior vinculada ao Minist\u00e9rio da Educa\u00e7\u00e3o, por meio da Universidade Federal de Pernambuco e da Universidade de Pernambuco abre vagas para o curso de extens\u00e3o gratuito e a dist\u00e2ncia \u201cForma\u00e7\u00e3o para Doc\u00eancia e Gest\u00e3o para a Educa\u00e7\u00e3o das Rela\u00e7\u00f5es \u00c9tnico-Raciais (ERER) e\u2026","rel":"","context":"Em &quot;Brasil&quot;","block_context":{"text":"Brasil","link":"https:\/\/diariodegarca.com\/?cat=38185"},"img":{"alt_text":"","src":"","width":0,"height":0},"classes":[]},{"id":3000,"url":"https:\/\/diariodegarca.com\/?p=3000","url_meta":{"origin":2562,"position":2},"title":"Curso de Especializa\u00e7\u00e3o em Intelig\u00eancia e Inova\u00e7\u00e3o no Enfrentamento ao Crime Organizado","author":"Di\u00e1rio de Gar\u00e7a","date":"18 de janeiro de 2025","format":false,"excerpt":"O Minist\u00e9rio da Justi\u00e7a e Seguran\u00e7a P\u00fablica (MJSP), em parceria com a Universidade Federal de Santa Catarina (UFSC), oferece 250 vagas para o curso de especializa\u00e7\u00e3o lato sensu em Intelig\u00eancia e Inova\u00e7\u00e3o aplicadas no Enfrentamento ao Crime Organizado.Informa\u00e7\u00f5es Principais\ud83d\udccc Modalidade: Educa\u00e7\u00e3o a dist\u00e2ncia (EaD), com 360 horas divididas entre aulas\u2026","rel":"","context":"Em &quot;Brasil&quot;","block_context":{"text":"Brasil","link":"https:\/\/diariodegarca.com\/?cat=38185"},"img":{"alt_text":"","src":"","width":0,"height":0},"classes":[]},{"id":2785,"url":"https:\/\/diariodegarca.com\/?p=2785","url_meta":{"origin":2562,"position":3},"title":"Curso gratuito de Acessibilidade Cultural da Universidade Afrolatinas est\u00e1 com inscri\u00e7\u00f5es abertas","author":"Di\u00e1rio de Gar\u00e7a","date":"19 de fevereiro de 2025","format":false,"excerpt":"A Universidade Afrolatinas abriu inscri\u00e7\u00f5es para o curso Jornada de Acessibilidade Cultural, uma forma\u00e7\u00e3o 100% online e gratuita que promove debates sobre inclus\u00e3o, tecnologias assistivas e interseccionalidade.\u00a0Com inscri\u00e7\u00f5es abertas at\u00e9\u00a021 de fevereiro, o curso \u00e9 voltado para agentes culturais, educadores, artistas e todos os interessados em pol\u00edticas de diversidade. O\u2026","rel":"","context":"Em &quot;Brasil&quot;","block_context":{"text":"Brasil","link":"https:\/\/diariodegarca.com\/?cat=38185"},"img":{"alt_text":"","src":"","width":0,"height":0},"classes":[]},{"id":2949,"url":"https:\/\/diariodegarca.com\/?p=2949","url_meta":{"origin":2562,"position":4},"title":"UFT abre 970 vagas para cursos de gradua\u00e7\u00e3o gratuitos EAD","author":"Di\u00e1rio de Gar\u00e7a","date":"27 de janeiro de 2025","format":false,"excerpt":"A Universidade Federal do Tocantins (UFT) est\u00e1 com inscri\u00e7\u00f5es abertas para o preenchimento de 970 vagas em cursos de gradua\u00e7\u00e3o gratuitos na modalidade a dist\u00e2ncia (EAD), oferecidos pelo programa Universidade Aberta do Brasil (UAB). Os cursos s\u00e3o voltados para pessoas que conclu\u00edram o ensino m\u00e9dio ou equivalente e t\u00eam disponibilidade\u2026","rel":"","context":"Em &quot;Brasil&quot;","block_context":{"text":"Brasil","link":"https:\/\/diariodegarca.com\/?cat=38185"},"img":{"alt_text":"","src":"","width":0,"height":0},"classes":[]},{"id":2381,"url":"https:\/\/diariodegarca.com\/?p=2381","url_meta":{"origin":2562,"position":5},"title":"MEC abre inscri\u00e7\u00f5es para curso sobre educa\u00e7\u00e3o midi\u00e1tica, direitos humanos e diversidades","author":"Di\u00e1rio de Gar\u00e7a","date":"12 de abril de 2025","format":false,"excerpt":"\u00a0O\u00a0Minist\u00e9rio da Educa\u00e7\u00e3o (MEC), em parceria com a\u00a0Universidade Federal de Uberl\u00e2ndia (UFU), est\u00e1 com inscri\u00e7\u00f5es abertas para o\u00a0Curso de Aperfei\u00e7oamento em Educa\u00e7\u00e3o Midi\u00e1tica para a Promo\u00e7\u00e3o e Defesa dos Direitos Humanos e Diversidades. A forma\u00e7\u00e3o, totalmente\u00a0gratuita e online, tem como objetivo capacitar profissionais e interessados no tema, fortalecendo a conscientiza\u00e7\u00e3o\u2026","rel":"","context":"Em &quot;Brasil&quot;","block_context":{"text":"Brasil","link":"https:\/\/diariodegarca.com\/?cat=38185"},"img":{"alt_text":"","src":"https:\/\/i0.wp.com\/blogger.googleusercontent.com\/img\/b\/R29vZ2xl\/AVvXsEhrQLQRs6dszqcyj26jpRg5JFFpo1nUUzLfOfqkjvnqImgQZhYB65a2ADye4Q2z0dbGzbGmFM3xF4gaLjHkW5MKVtOq0eVAL3xpq7DospEI69gc122By6_8BZxBviD7Lpr1IPoZMNQg_s9bUdTc3e_ORlM2nAa4KtTSjCxdlCoE7UUwuj930r2DR86PGgw\/s320\/rear-view-young-college-student-paying-attention-listening-her-online-teacher-laptop-home.jpg?resize=350%2C200&ssl=1","width":350,"height":200},"classes":[]}],"_links":{"self":[{"href":"https:\/\/diariodegarca.com\/index.php?rest_route=\/wp\/v2\/posts\/2562","targetHints":{"allow":["GET"]}}],"collection":[{"href":"https:\/\/diariodegarca.com\/index.php?rest_route=\/wp\/v2\/posts"}],"about":[{"href":"https:\/\/diariodegarca.com\/index.php?rest_route=\/wp\/v2\/types\/post"}],"author":[{"embeddable":true,"href":"https:\/\/diariodegarca.com\/index.php?rest_route=\/wp\/v2\/users\/260896546"}],"replies":[{"embeddable":true,"href":"https:\/\/diariodegarca.com\/index.php?rest_route=%2Fwp%2Fv2%2Fcomments&post=2562"}],"version-history":[{"count":0,"href":"https:\/\/diariodegarca.com\/index.php?rest_route=\/wp\/v2\/posts\/2562\/revisions"}],"wp:attachment":[{"href":"https:\/\/diariodegarca.com\/index.php?rest_route=%2Fwp%2Fv2%2Fmedia&parent=2562"}],"wp:term":[{"taxonomy":"category","embeddable":true,"href":"https:\/\/diariodegarca.com\/index.php?rest_route=%2Fwp%2Fv2%2Fcategories&post=2562"},{"taxonomy":"post_tag","embeddable":true,"href":"https:\/\/diariodegarca.com\/index.php?rest_route=%2Fwp%2Fv2%2Ftags&post=2562"}],"curies":[{"name":"wp","href":"https:\/\/api.w.org\/{rel}","templated":true}]}}