{"id":2567,"date":"2025-03-21T20:44:00","date_gmt":"2025-03-21T20:44:00","guid":{"rendered":"https:\/\/diariodegarca.com\/2025\/03\/21\/homem-e-preso-apos-tentativa-de-roubo-a-loterica-em-echapora\/"},"modified":"2025-03-21T20:44:00","modified_gmt":"2025-03-21T20:44:00","slug":"homem-e-preso-apos-tentativa-de-roubo-a-loterica-em-echapora","status":"publish","type":"post","link":"https:\/\/diariodegarca.com\/?p=2567","title":{"rendered":"Homem \u00e9 preso ap\u00f3s tentativa de roubo a lot\u00e9rica em Echapor\u00e3"},"content":{"rendered":"<div class=\"separator\" style=\"clear: both;text-align: center\">\n  <a href=\"https:\/\/blogger.googleusercontent.com\/img\/a\/AVvXsEjpDgSFEbypQdK9uooiCntcJZI0BnD15O8ZebwYh_1TEPdBMpUQoBZnNOb0vEApSZx_9yMQfJgUGrUBEFtmbRursa8HNDRyX3B2ToAjn6aeeuauydzlYHfmb6QpeS-seObQIX8SBGQqNiBsD6oAAaxbxq0oFA8k9hCtUKyJ3XImnnrmq4DgI3mtnHN9CjE\" style=\"margin-left: 1em;margin-right: 1em\"><br \/>\n    <img decoding=\"async\" border=\"0\" src=\"https:\/\/blogger.googleusercontent.com\/img\/a\/AVvXsEjpDgSFEbypQdK9uooiCntcJZI0BnD15O8ZebwYh_1TEPdBMpUQoBZnNOb0vEApSZx_9yMQfJgUGrUBEFtmbRursa8HNDRyX3B2ToAjn6aeeuauydzlYHfmb6QpeS-seObQIX8SBGQqNiBsD6oAAaxbxq0oFA8k9hCtUKyJ3XImnnrmq4DgI3mtnHN9CjE\" width=\"400\"><br \/>\n  <\/a>\n<\/div>\n<p><\/p>\n<div><\/div>\n<div>Nesta sexta-feira, dia 21 de mar\u00e7o<span style=\"letter-spacing: 0.2px\">, um homem foi preso pela Pol\u00edcia Militar ap\u00f3s tentar roubar uma lot\u00e9rica na cidade de Echapor\u00e3. A a\u00e7\u00e3o r\u00e1pida das equipes do 9\u00ba Batalh\u00e3o de Pol\u00edcia Militar do Interior garantiu a captura do suspeito, que foi localizado em sua resid\u00eancia ap\u00f3s dilig\u00eancias realizadas pelo Radiopatrulhamento.\u00a0\u00a0<\/span><\/div>\n<div><\/div>\n<div>O caso teve in\u00edcio quando um policial militar \u00e0 paisana flagrou a tentativa de roubo e alertou as equipes de servi\u00e7o. Durante a abordagem, o homem confessou o crime e, em sua mochila, foi encontrada a faca utilizada na a\u00e7\u00e3o.\u00a0<\/div>\n<div><\/div>\n<div>Ap\u00f3s a pris\u00e3o, ele foi encaminhado \u00e0 delegacia da cidade, onde permaneceu \u00e0 disposi\u00e7\u00e3o da justi\u00e7a para audi\u00eancia de cust\u00f3dia.\u00a0\u00a0<\/div>\n","protected":false},"excerpt":{"rendered":"<p>Nesta sexta-feira, dia 21 de mar\u00e7o, um homem foi preso pela Pol\u00edcia Militar ap\u00f3s tentar roubar uma lot\u00e9rica na cidade de Echapor\u00e3. A a\u00e7\u00e3o r\u00e1pida das equipes do 9\u00ba Batalh\u00e3o de Pol\u00edcia Militar do Interior garantiu a captura do suspeito, que foi localizado em sua resid\u00eancia ap\u00f3s dilig\u00eancias realizadas pelo Radiopatrulhamento.\u00a0\u00a0 O caso teve in\u00edcio [&hellip;]<\/p>\n","protected":false},"author":260896546,"featured_media":0,"comment_status":"open","ping_status":"open","sticky":false,"template":"","format":"standard","meta":{"_crdt_document":"","_monsterinsights_skip_tracking":false,"_monsterinsights_sitenote_active":false,"_monsterinsights_sitenote_note":"","_monsterinsights_sitenote_category":0,"advanced_seo_description":"","jetpack_seo_html_title":"","jetpack_seo_noindex":false,"_jetpack_newsletter_access":"","_jetpack_dont_email_post_to_subs":false,"_jetpack_newsletter_tier_id":0,"_jetpack_memberships_contains_paywalled_content":false,"_jetpack_memberships_contains_paid_content":false,"footnotes":"","jetpack_publicize_message":"","jetpack_publicize_feature_enabled":true,"jetpack_social_post_already_shared":false,"jetpack_social_options":{"image_generator_settings":{"template":"fullscreen","default_image_id":0,"font":"","enabled":false},"version":2},"_wpas_customize_per_network":false,"jetpack_post_was_ever_published":false},"categories":[38185],"tags":[781171829,1036487],"class_list":["post-2567","post","type-post","status-publish","format-standard","hentry","category-brasil","tag-echapora","tag-seguranca-publica"],"jetpack_publicize_connections":[],"jetpack_featured_media_url":"","jetpack_likes_enabled":true,"jetpack_sharing_enabled":true,"jetpack_shortlink":"https:\/\/wp.me\/pgitne-Fp","jetpack-related-posts":[{"id":7769,"url":"https:\/\/diariodegarca.com\/?p=7769","url_meta":{"origin":2567,"position":0},"title":"Idoso \u00e9 agredido e tem sua bicicleta roubada em Echapor\u00e3","author":"Andreza Sega","date":"17 de outubro de 2025","format":false,"excerpt":"Policiais militares localizaram e prenderam o suspeito no quintal de sua casa, onde a bicicleta furtada e o canivete usado no crime foram recuperados. Um homem foi preso em flagrante na tarde desta quinta-feira, 16 de outubro, na cidade de Echapor\u00e3, acusado de agredir um idoso e roubar a bicicleta\u2026","rel":"","context":"Em &quot;Echapor\u00e3&quot;","block_context":{"text":"Echapor\u00e3","link":"https:\/\/diariodegarca.com\/?cat=9098997"},"img":{"alt_text":"","src":"https:\/\/i0.wp.com\/diariodegarca.com\/wp-content\/uploads\/2025\/10\/WhatsApp-Image-2025-10-17-at-09.53.42-e1760706447706.jpeg?fit=1200%2C700&ssl=1&resize=350%2C200","width":350,"height":200,"srcset":"https:\/\/i0.wp.com\/diariodegarca.com\/wp-content\/uploads\/2025\/10\/WhatsApp-Image-2025-10-17-at-09.53.42-e1760706447706.jpeg?fit=1200%2C700&ssl=1&resize=350%2C200 1x, https:\/\/i0.wp.com\/diariodegarca.com\/wp-content\/uploads\/2025\/10\/WhatsApp-Image-2025-10-17-at-09.53.42-e1760706447706.jpeg?fit=1200%2C700&ssl=1&resize=525%2C300 1.5x, https:\/\/i0.wp.com\/diariodegarca.com\/wp-content\/uploads\/2025\/10\/WhatsApp-Image-2025-10-17-at-09.53.42-e1760706447706.jpeg?fit=1200%2C700&ssl=1&resize=700%2C400 2x, https:\/\/i0.wp.com\/diariodegarca.com\/wp-content\/uploads\/2025\/10\/WhatsApp-Image-2025-10-17-at-09.53.42-e1760706447706.jpeg?fit=1200%2C700&ssl=1&resize=1050%2C600 3x"},"classes":[]},{"id":4097,"url":"https:\/\/diariodegarca.com\/?p=4097","url_meta":{"origin":2567,"position":1},"title":"Pol\u00edcia Militar registra pris\u00f5es por viol\u00eancia em Echapor\u00e3 e Mar\u00edlia","author":"Di\u00e1rio de Gar\u00e7a","date":"19 de junho de 2025","format":false,"excerpt":"Homem \u00e9 detido por tentativa de homic\u00eddio ap\u00f3s disparos em bar; em outro caso, agressor \u00e9 preso por les\u00e3o corporal e amea\u00e7a contra companheira. No interior paulista, o\u00a09\u00ba Batalh\u00e3o de Pol\u00edcia Militar do Interior (9\u00ba BPM\/I)\u00a0registrou dois casos graves de viol\u00eancia nas cidades de\u00a0Echapor\u00e3 e Mar\u00edlia, resultando na pris\u00e3o dos\u2026","rel":"","context":"Em &quot;Echapor\u00e3&quot;","block_context":{"text":"Echapor\u00e3","link":"https:\/\/diariodegarca.com\/?cat=9098997"},"img":{"alt_text":"","src":"","width":0,"height":0},"classes":[]},{"id":2362,"url":"https:\/\/diariodegarca.com\/?p=2362","url_meta":{"origin":2567,"position":2},"title":"Homem \u00e9 preso em flagrante por viol\u00eancia dom\u00e9stica em Echapor\u00e3","author":"Di\u00e1rio de Gar\u00e7a","date":"14 de abril de 2025","format":false,"excerpt":"Na manh\u00e3 desta sexta-feira, dia 14 de abril, um homem foi preso em flagrante pela Pol\u00edcia Militar ap\u00f3s agredir sua companheira em Echapor\u00e3. O caso foi registrado pelo 9\u00ba Batalh\u00e3o de Pol\u00edcia Militar do Interior, que agiu rapidamente ap\u00f3s receber uma chamada de socorro por volta das 10h29.De acordo com\u2026","rel":"","context":"Em &quot;Brasil&quot;","block_context":{"text":"Brasil","link":"https:\/\/diariodegarca.com\/?cat=38185"},"img":{"alt_text":"","src":"https:\/\/i0.wp.com\/blogger.googleusercontent.com\/img\/b\/R29vZ2xl\/AVvXsEgRPh5SO68E6q3MZr-DULGBLdiMAUWaQMYcFbqdKzsxCE1p2x1BzYOB1X-aMghNNKH-XikzTBzb7jq_r1RLVc2t17RBBqGQHvHmKY5NcxauwcswRWTDaapA0YM2VoPaYClYcU5P3cNlyHFqPEp8sECvHB1jxL9jw-ci6EFe_tRKQr51R1fSd5PBKN0McGQ\/s320\/Na%20manh%C3%A3%20de%20hoje%20%2814%29%2C%20prendemos%20em%20flagrante%20um%20homem%20por%20viol%C3%AAncia%20dom%C3%A9stica%20contra%20a%20sua%20companheira%20na%20cidade%20de%20Echapor%C3%A3.Por%20volta%20das%2010h29min%2C%20recebemos%20o%20chamado%20de%20socorro%20da%20v%C3%ADtima%20que%20apresent.webp?resize=350%2C200&ssl=1","width":350,"height":200},"classes":[]},{"id":4106,"url":"https:\/\/diariodegarca.com\/?p=4106","url_meta":{"origin":2567,"position":3},"title":"Pol\u00edcia Militar intensifica opera\u00e7\u00f5es com pris\u00f5es e fiscaliza\u00e7\u00e3o na regi\u00e3o","author":"Di\u00e1rio de Gar\u00e7a","date":"20 de junho de 2025","format":false,"excerpt":"A\u00e7\u00f5es aconteceram nas cidades de Mar\u00edlia, Echapor\u00e3 e Iacri. Na quinta-feira, dia 19 de junho, o 9\u00ba Batalh\u00e3o de Pol\u00edcia Militar do Interior (9\u00ba BPM\/I) registrou ocorr\u00eancias em diferentes cidades, incluindo pris\u00f5es por viol\u00eancia dom\u00e9stica, tr\u00e1fico de drogas e posse ilegal de arma, al\u00e9m de uma opera\u00e7\u00e3o de fiscaliza\u00e7\u00e3o vi\u00e1ria.\u2026","rel":"","context":"Em &quot;Echapor\u00e3&quot;","block_context":{"text":"Echapor\u00e3","link":"https:\/\/diariodegarca.com\/?cat=9098997"},"img":{"alt_text":"","src":"https:\/\/i0.wp.com\/diariodegarca.com\/wp-content\/uploads\/2025\/05\/500084858_18302219050246526_4028368060180630968_n-e1760650460275.webp?fit=1080%2C704&ssl=1&resize=350%2C200","width":350,"height":200,"srcset":"https:\/\/i0.wp.com\/diariodegarca.com\/wp-content\/uploads\/2025\/05\/500084858_18302219050246526_4028368060180630968_n-e1760650460275.webp?fit=1080%2C704&ssl=1&resize=350%2C200 1x, https:\/\/i0.wp.com\/diariodegarca.com\/wp-content\/uploads\/2025\/05\/500084858_18302219050246526_4028368060180630968_n-e1760650460275.webp?fit=1080%2C704&ssl=1&resize=525%2C300 1.5x, https:\/\/i0.wp.com\/diariodegarca.com\/wp-content\/uploads\/2025\/05\/500084858_18302219050246526_4028368060180630968_n-e1760650460275.webp?fit=1080%2C704&ssl=1&resize=700%2C400 2x, https:\/\/i0.wp.com\/diariodegarca.com\/wp-content\/uploads\/2025\/05\/500084858_18302219050246526_4028368060180630968_n-e1760650460275.webp?fit=1080%2C704&ssl=1&resize=1050%2C600 3x"},"classes":[]},{"id":5275,"url":"https:\/\/diariodegarca.com\/?p=5275","url_meta":{"origin":2567,"position":4},"title":"Apreens\u00e3o de 148 kg de maconha em opera\u00e7\u00e3o policial na regi\u00e3o de Mar\u00edlia","author":"Di\u00e1rio de Gar\u00e7a","date":"5 de agosto de 2025","format":false,"excerpt":"Condutor fugiu da PRF, bateu ve\u00edculo e revelou esconderijo de drogas; tr\u00eas homens foram presos, incluindo dois que vieram do Paran\u00e1 para buscar a carga. Em uma a\u00e7\u00e3o r\u00e1pida e coordenada, policiais militares do 9\u00ba Batalh\u00e3o do Interior de S\u00e3o Paulo apreenderam 148 quilos de maconha e prenderam tr\u00eas homens\u2026","rel":"","context":"Em &quot;Echapor\u00e3&quot;","block_context":{"text":"Echapor\u00e3","link":"https:\/\/diariodegarca.com\/?cat=9098997"},"img":{"alt_text":"","src":"https:\/\/i0.wp.com\/diariodegarca.com\/wp-content\/uploads\/2025\/08\/na-data-de-ontem-4-por-volta-das-08h40min-policiais-militares-do-9o-batalhao-de-policia-mil.webp?fit=901%2C1200&ssl=1&resize=350%2C200","width":350,"height":200,"srcset":"https:\/\/i0.wp.com\/diariodegarca.com\/wp-content\/uploads\/2025\/08\/na-data-de-ontem-4-por-volta-das-08h40min-policiais-militares-do-9o-batalhao-de-policia-mil.webp?fit=901%2C1200&ssl=1&resize=350%2C200 1x, https:\/\/i0.wp.com\/diariodegarca.com\/wp-content\/uploads\/2025\/08\/na-data-de-ontem-4-por-volta-das-08h40min-policiais-militares-do-9o-batalhao-de-policia-mil.webp?fit=901%2C1200&ssl=1&resize=525%2C300 1.5x, https:\/\/i0.wp.com\/diariodegarca.com\/wp-content\/uploads\/2025\/08\/na-data-de-ontem-4-por-volta-das-08h40min-policiais-militares-do-9o-batalhao-de-policia-mil.webp?fit=901%2C1200&ssl=1&resize=700%2C400 2x"},"classes":[]},{"id":2623,"url":"https:\/\/diariodegarca.com\/?p=2623","url_meta":{"origin":2567,"position":5},"title":"Homem \u00e9 preso por furto qualificado em Echapor\u00e3; objetos furtados s\u00e3o recuperados","author":"Di\u00e1rio de Gar\u00e7a","date":"13 de mar\u00e7o de 2025","format":false,"excerpt":"Nesta quinta-feira, dia 13 de mar\u00e7o, equipes de Radiopatrulhamento do 9\u00ba Batalh\u00e3o de Pol\u00edcia Militar do Interior esclareceram um caso de furto qualificado ocorrido em uma loja de departamentos na cidade de Echapor\u00e3. O autor do crime foi preso em sua resid\u00eancia, e parte dos objetos furtados foi recuperada.\u00a0\u00a0O crime\u2026","rel":"","context":"Em &quot;Brasil&quot;","block_context":{"text":"Brasil","link":"https:\/\/diariodegarca.com\/?cat=38185"},"img":{"alt_text":"","src":"","width":0,"height":0},"classes":[]}],"_links":{"self":[{"href":"https:\/\/diariodegarca.com\/index.php?rest_route=\/wp\/v2\/posts\/2567","targetHints":{"allow":["GET"]}}],"collection":[{"href":"https:\/\/diariodegarca.com\/index.php?rest_route=\/wp\/v2\/posts"}],"about":[{"href":"https:\/\/diariodegarca.com\/index.php?rest_route=\/wp\/v2\/types\/post"}],"author":[{"embeddable":true,"href":"https:\/\/diariodegarca.com\/index.php?rest_route=\/wp\/v2\/users\/260896546"}],"replies":[{"embeddable":true,"href":"https:\/\/diariodegarca.com\/index.php?rest_route=%2Fwp%2Fv2%2Fcomments&post=2567"}],"version-history":[{"count":0,"href":"https:\/\/diariodegarca.com\/index.php?rest_route=\/wp\/v2\/posts\/2567\/revisions"}],"wp:attachment":[{"href":"https:\/\/diariodegarca.com\/index.php?rest_route=%2Fwp%2Fv2%2Fmedia&parent=2567"}],"wp:term":[{"taxonomy":"category","embeddable":true,"href":"https:\/\/diariodegarca.com\/index.php?rest_route=%2Fwp%2Fv2%2Fcategories&post=2567"},{"taxonomy":"post_tag","embeddable":true,"href":"https:\/\/diariodegarca.com\/index.php?rest_route=%2Fwp%2Fv2%2Ftags&post=2567"}],"curies":[{"name":"wp","href":"https:\/\/api.w.org\/{rel}","templated":true}]}}