{"id":2572,"date":"2025-03-21T13:30:00","date_gmt":"2025-03-21T13:30:00","guid":{"rendered":"https:\/\/diariodegarca.com\/2025\/03\/21\/agua-da-chuva-em-regioes-agricolas-contem-agrotoxicos-e-representa-risco-a-saude-alerta-estudo-da-unicamp\/"},"modified":"2025-03-21T13:30:00","modified_gmt":"2025-03-21T13:30:00","slug":"agua-da-chuva-em-regioes-agricolas-contem-agrotoxicos-e-representa-risco-a-saude-alerta-estudo-da-unicamp","status":"publish","type":"post","link":"https:\/\/diariodegarca.com\/?p=2572","title":{"rendered":"\u00c1gua da chuva em regi\u00f5es agr\u00edcolas cont\u00e9m agrot\u00f3xicos e representa risco \u00e0 sa\u00fade, alerta estudo da Unicamp"},"content":{"rendered":"<div>\n  <a href=\"https:\/\/blogger.googleusercontent.com\/img\/a\/AVvXsEgVZrLENo3fyWlnSYykRQmkcgjDaf9Fx5w4w23yduPyKtP62-T7mt0-24Ch92DrKo3BucVVbMc02UlG3ZFzgUYZnfIOi7DSnkQKD3M7L3ndgYV1cminCLOrO09Fm2QgdX2OFI35CwUbB9B07QWuBfech6cEJBKCx5f5qZtY-1XBlfLz8U2cYgsJxQ-CiaE\"><br \/>\n    <img decoding=\"async\" border=\"0\" src=\"https:\/\/blogger.googleusercontent.com\/img\/a\/AVvXsEgVZrLENo3fyWlnSYykRQmkcgjDaf9Fx5w4w23yduPyKtP62-T7mt0-24Ch92DrKo3BucVVbMc02UlG3ZFzgUYZnfIOi7DSnkQKD3M7L3ndgYV1cminCLOrO09Fm2QgdX2OFI35CwUbB9B07QWuBfech6cEJBKCx5f5qZtY-1XBlfLz8U2cYgsJxQ-CiaE\" width=\"400\"><br \/>\n  <\/a>\n<\/div>\n<p><\/p>\n<div><\/div>\n<div>Pesquisadores da Universidade Estadual de Campinas (Unicamp) revelaram que a \u00e1gua da <b>chuva em \u00e1reas agr\u00edcolas pode ser uma fonte<\/b> significativa de contamina\u00e7\u00e3o por agrot\u00f3xicos, tornando-a <b>impr\u00f3pria para consumo humano<\/b>. O estudo, publicado na revista <b>Chemosphere<\/b>\u00a0em mar\u00e7o de 2025, analisou amostras coletadas em tr\u00eas cidades do estado de S\u00e3o Paulo: Campinas, Brotas e a capital paulista. Os resultados mostraram que Campinas apresentou a maior concentra\u00e7\u00e3o de agrot\u00f3xicos, com 701 microgramas por metro quadrado (\u00b5g\/m\u00b2), seguida por Brotas (680 \u00b5g\/m\u00b2) e S\u00e3o Paulo (223 \u00b5g\/m\u00b2).\u00a0\u00a0<\/div>\n<div><\/div>\n<div>A pesquisa, realizada entre agosto de 2019 e setembro de 2021, utilizou um sistema de coleta composto por um tubo de PVC de 1 metro, um funil de vidro e uma garrafa de vidro \u00e2mbar de 1 litro. As amostras foram coletadas em uma fazenda experimental em Brotas e em quintais residenciais nas outras duas cidades. Os dados indicaram uma correla\u00e7\u00e3o direta entre a quantidade de agrot\u00f3xicos encontrados e a extens\u00e3o das \u00e1reas agr\u00edcolas em cada munic\u00edpio. Campinas, por exemplo, tem quase metade de seus 795 quil\u00f4metros quadrados (km\u00b2) dedicados ao cultivo, enquanto Brotas e S\u00e3o Paulo t\u00eam 30% e 7% de suas \u00e1reas ocupadas por lavouras, respectivamente.\u00a0\u00a0<\/div>\n<div><\/div>\n<div><b>Entre os 14 agrot\u00f3xicos identificados<\/b>, destacou-se a presen\u00e7a do <b>herbicida atrazina<\/b>, que, <b>apesar de proibido, foi detectado em todas as amostras<\/b> nas tr\u00eas cidades. Al\u00e9m disso, dois herbicidas e um fungicida representaram riscos significativos para a vida aqu\u00e1tica, j\u00e1 que a \u00e1gua da chuva \u00e9 uma das principais fontes de abastecimento dos rios.\u00a0\u00a0<\/div>\n<div><\/div>\n<div>Os pesquisadores alertam para os perigos da ingest\u00e3o de \u00e1gua da chuva, especialmente em regi\u00f5es agr\u00edcolas, e refor\u00e7am a necessidade de pol\u00edticas p\u00fablicas que monitorem e reduzam o uso de agrot\u00f3xicos, al\u00e9m de promover pr\u00e1ticas agr\u00edcolas mais sustent\u00e1veis.\u00a0\u00a0<\/div>\n<div><\/div>\n<div><b>Fonte<\/b>:<\/div>\n<div><a href=\"https:\/\/revistapesquisa.fapesp.br\/agua-da-chuva-com-pesticidas\/?utm_source=instagram&amp;utm_medium=social&amp;utm_campaign=Ed349\">Revista FAPESP<\/a><\/div>\n","protected":false},"excerpt":{"rendered":"<p>Pesquisadores da Universidade Estadual de Campinas (Unicamp) revelaram que a \u00e1gua da chuva em \u00e1reas agr\u00edcolas pode ser uma fonte significativa de contamina\u00e7\u00e3o por agrot\u00f3xicos, tornando-a impr\u00f3pria para consumo humano. O estudo, publicado na revista Chemosphere\u00a0em mar\u00e7o de 2025, analisou amostras coletadas em tr\u00eas cidades do estado de S\u00e3o Paulo: Campinas, Brotas e a capital [&hellip;]<\/p>\n","protected":false},"author":260896546,"featured_media":0,"comment_status":"open","ping_status":"open","sticky":false,"template":"","format":"standard","meta":{"_monsterinsights_skip_tracking":false,"advanced_seo_description":"","jetpack_seo_html_title":"","jetpack_seo_noindex":false,"jetpack_seo_schema_type":"","_jetpack_newsletter_access":"","_jetpack_dont_email_post_to_subs":false,"_jetpack_newsletter_tier_id":0,"_jetpack_memberships_contains_paywalled_content":false,"_wpcom_ai_launchpad_first_post":false,"_jetpack_feature_clip_id":0,"_jetpack_memberships_contains_paid_content":false,"footnotes":"","jetpack_publicize_message":"{title}\n\n{excerpt}\n\n{url}","jetpack_publicize_feature_enabled":true,"jetpack_social_post_already_shared":false,"jetpack_social_options":{"image_generator_settings":{"template":"fullscreen","default_image_id":0,"font":"","enabled":false},"version":2},"_wpas_customize_per_network":false,"jetpack_post_was_ever_published":false},"categories":[38185],"tags":[781171799,781171791],"class_list":["post-2572","post","type-post","status-publish","format-standard","hentry","category-brasil","tag-agricultura","tag-ciencia"],"jetpack_publicize_connections":[],"jetpack_featured_media_url":"","jetpack_likes_enabled":true,"jetpack_sharing_enabled":true,"jetpack_shortlink":"https:\/\/wp.me\/pgitne-Fu","jetpack-related-posts":[{"id":2950,"url":"https:\/\/diariodegarca.com\/?p=2950","url_meta":{"origin":2572,"position":0},"title":"Unicamp oferece 16 cursos on-line gratuitos em diversas \u00e1reas","author":"Di\u00e1rio de Gar\u00e7a","date":"27 de janeiro de 2025","format":false,"excerpt":"A Universidade Estadual de Campinas (Unicamp) est\u00e1 disponibilizando gratuitamente 16 cursos online para quem busca ampliar conhecimentos em \u00e1reas como programa\u00e7\u00e3o Android, edi\u00e7\u00e3o e tratamento de imagens, al\u00e9m de biologia investigativa. Os cursos s\u00e3o oferecidos pelo Grupo Gestor de Tecnologias Educacionais (GGTE) e contam com uma metodologia din\u00e2mica que combina\u2026","rel":"","context":"Em &quot;Brasil&quot;","block_context":{"text":"Brasil","link":"https:\/\/diariodegarca.com\/?cat=38185"},"img":{"alt_text":"","src":"","width":0,"height":0},"classes":[]},{"id":2819,"url":"https:\/\/diariodegarca.com\/?p=2819","url_meta":{"origin":2572,"position":1},"title":"Prefeitura de Ubirajara oferece curso gratuito sobre uso correto de agrot\u00f3xicos","author":"Di\u00e1rio de Gar\u00e7a","date":"14 de fevereiro de 2025","format":false,"excerpt":"A Secretaria de Meio Ambiente e Agricultura promove o curso presencial e gratuito \"Seguran\u00e7a no Uso Correto de Agrot\u00f3xicos\", alinhado \u00e0 Norma Regulamentadora NR 31.7. \ud83d\udc69\u200d\ud83c\udf3e P\u00fablico-alvo: Agricultores, trabalhadores rurais e demais interessados \ud83c\udfaf Objetivo: Capacitar para o uso seguro de agrot\u00f3xicos, reduzindo riscos e promovendo boas pr\u00e1ticas agr\u00edcolas \ud83d\udccc\u2026","rel":"","context":"Em &quot;Brasil&quot;","block_context":{"text":"Brasil","link":"https:\/\/diariodegarca.com\/?cat=38185"},"img":{"alt_text":"","src":"","width":0,"height":0},"classes":[]},{"id":10059,"url":"https:\/\/diariodegarca.com\/?p=10059","url_meta":{"origin":2572,"position":2},"title":"Sindicato Rural de Gar\u00e7a oferece curso de seguran\u00e7a no uso de agrot\u00f3xicos","author":"Di\u00e1rio de Gar\u00e7a","date":"15 de janeiro de 2026","format":false,"excerpt":"Capacita\u00e7\u00e3o para trabalhadores rurais busca reduzir acidentes e promover a sa\u00fade no campo, com certifica\u00e7\u00e3o conforme norma NR 31.7. Produtores rurais, funcion\u00e1rios e trabalhadores do setor agropecu\u00e1rio t\u00eam uma oportunidade para se capacitar em uma das \u00e1reas mais sens\u00edveis da atividade no campo. O Sindicato Rural de Gar\u00e7a, em parceria\u2026","rel":"","context":"Em &quot;Curso&quot;","block_context":{"text":"Curso","link":"https:\/\/diariodegarca.com\/?cat=36947"},"img":{"alt_text":"","src":"https:\/\/i0.wp.com\/diariodegarca.com\/wp-content\/uploads\/2026\/01\/portrait-female-gardener-holding-sprayer-greenhouse.jpg?fit=1200%2C800&ssl=1&resize=350%2C200","width":350,"height":200,"srcset":"https:\/\/i0.wp.com\/diariodegarca.com\/wp-content\/uploads\/2026\/01\/portrait-female-gardener-holding-sprayer-greenhouse.jpg?fit=1200%2C800&ssl=1&resize=350%2C200 1x, https:\/\/i0.wp.com\/diariodegarca.com\/wp-content\/uploads\/2026\/01\/portrait-female-gardener-holding-sprayer-greenhouse.jpg?fit=1200%2C800&ssl=1&resize=525%2C300 1.5x, https:\/\/i0.wp.com\/diariodegarca.com\/wp-content\/uploads\/2026\/01\/portrait-female-gardener-holding-sprayer-greenhouse.jpg?fit=1200%2C800&ssl=1&resize=700%2C400 2x, https:\/\/i0.wp.com\/diariodegarca.com\/wp-content\/uploads\/2026\/01\/portrait-female-gardener-holding-sprayer-greenhouse.jpg?fit=1200%2C800&ssl=1&resize=1050%2C600 3x"},"classes":[]},{"id":2865,"url":"https:\/\/diariodegarca.com\/?p=2865","url_meta":{"origin":2572,"position":3},"title":"Idec volta a divulgar pesquisa que encontrou agrot\u00f3xicos em ultraprocessados; biscoito maisena Marilan lidera ranking de contamina\u00e7\u00e3o","author":"Di\u00e1rio de Gar\u00e7a","date":"10 de fevereiro de 2025","format":false,"excerpt":"O Instituto Brasileiro de Defesa do Consumidor (Idec) voltou a divulgar em suas redes sociais os alarmantes resultados da pesquisa Tem Veneno Nesse Pacote, originalmente publicada em maio de 2024. O estudo revelou a presen\u00e7a de res\u00edduos de agrot\u00f3xicos em metade dos alimentos ultraprocessados analisados. O relat\u00f3rio completo pode ser\u2026","rel":"","context":"Em &quot;Brasil&quot;","block_context":{"text":"Brasil","link":"https:\/\/diariodegarca.com\/?cat=38185"},"img":{"alt_text":"","src":"","width":0,"height":0},"classes":[]},{"id":2517,"url":"https:\/\/diariodegarca.com\/?p=2517","url_meta":{"origin":2572,"position":4},"title":"Brasileiro recebe &#034;Nobel do Meio Ambiente&#034; por pesquisas na Amaz\u00f4nia","author":"Di\u00e1rio de Gar\u00e7a","date":"31 de mar\u00e7o de 2025","format":false,"excerpt":"O antrop\u00f3logo e professor Eduardo Brond\u00edzio, especialista em antropologia ambiental na Universidade de Indiana, nos Estados Unidos, foi anunciado como vencedor do Pr\u00eamio Tyler 2025, uma das mais prestigiadas honrarias do mundo na \u00e1rea ambiental. Ele compartilhar\u00e1 o reconhecimento com a ecologista argentina Sandra D\u00edaz. A cerim\u00f4nia de premia\u00e7\u00e3o acontecer\u00e1\u2026","rel":"","context":"Em &quot;Brasil&quot;","block_context":{"text":"Brasil","link":"https:\/\/diariodegarca.com\/?cat=38185"},"img":{"alt_text":"","src":"https:\/\/i0.wp.com\/blogger.googleusercontent.com\/img\/b\/R29vZ2xl\/AVvXsEjp7FX4qVyJGrrEAi0LHyplS-oXBIkxFxTFc6ZzzQ6vj_2zgw1I-9hm2_OLTNdAcJBeunBZC8C27tssiFXHn4o07MmCZVJApHFRCobyMZhPtvqX968Hpjy5wLzgDgUL57YnrxXEaIfVkf4uErbQIYcJlierGRZNuly6dLp9O6ZEEtHbQTdy10eM-S7t1o4\/w400-h239\/premioeduardo.webp?resize=350%2C200&ssl=1","width":350,"height":200},"classes":[]},{"id":5747,"url":"https:\/\/diariodegarca.com\/?p=5747","url_meta":{"origin":2572,"position":5},"title":"&#8220;Vacina para plantas&#8221;: fungo refor\u00e7a defesa da cana-de-a\u00e7\u00facar e reduz necessidade de agrot\u00f3xicos","author":"Di\u00e1rio de Gar\u00e7a","date":"18 de agosto de 2025","format":false,"excerpt":"Pesquisa da USP revela que fungo estimula resist\u00eancia natural da planta e atrai inimigos naturais de pragas, promovendo controle biol\u00f3gico mais eficiente. Um estudo da Escola Superior de Agricultura Luiz de Queiroz (Esalq\/USP) descobriu que o fungo\u00a0Metarhizium robertsii\u00a0pode funcionar como uma esp\u00e9cie de \"vacina\" para a cana-de-a\u00e7\u00facar, fortalecendo suas defesas\u2026","rel":"","context":"Em &quot;Brasil&quot;","block_context":{"text":"Brasil","link":"https:\/\/diariodegarca.com\/?cat=38185"},"img":{"alt_text":"","src":"https:\/\/i0.wp.com\/diariodegarca.com\/wp-content\/uploads\/2025\/08\/20250714_vacina-plantas.jpg?fit=1200%2C630&ssl=1&resize=350%2C200","width":350,"height":200,"srcset":"https:\/\/i0.wp.com\/diariodegarca.com\/wp-content\/uploads\/2025\/08\/20250714_vacina-plantas.jpg?fit=1200%2C630&ssl=1&resize=350%2C200 1x, https:\/\/i0.wp.com\/diariodegarca.com\/wp-content\/uploads\/2025\/08\/20250714_vacina-plantas.jpg?fit=1200%2C630&ssl=1&resize=525%2C300 1.5x, https:\/\/i0.wp.com\/diariodegarca.com\/wp-content\/uploads\/2025\/08\/20250714_vacina-plantas.jpg?fit=1200%2C630&ssl=1&resize=700%2C400 2x, https:\/\/i0.wp.com\/diariodegarca.com\/wp-content\/uploads\/2025\/08\/20250714_vacina-plantas.jpg?fit=1200%2C630&ssl=1&resize=1050%2C600 3x"},"classes":[]}],"_links":{"self":[{"href":"https:\/\/diariodegarca.com\/index.php?rest_route=\/wp\/v2\/posts\/2572","targetHints":{"allow":["GET"]}}],"collection":[{"href":"https:\/\/diariodegarca.com\/index.php?rest_route=\/wp\/v2\/posts"}],"about":[{"href":"https:\/\/diariodegarca.com\/index.php?rest_route=\/wp\/v2\/types\/post"}],"author":[{"embeddable":true,"href":"https:\/\/diariodegarca.com\/index.php?rest_route=\/wp\/v2\/users\/260896546"}],"replies":[{"embeddable":true,"href":"https:\/\/diariodegarca.com\/index.php?rest_route=%2Fwp%2Fv2%2Fcomments&post=2572"}],"version-history":[{"count":0,"href":"https:\/\/diariodegarca.com\/index.php?rest_route=\/wp\/v2\/posts\/2572\/revisions"}],"wp:attachment":[{"href":"https:\/\/diariodegarca.com\/index.php?rest_route=%2Fwp%2Fv2%2Fmedia&parent=2572"}],"wp:term":[{"taxonomy":"category","embeddable":true,"href":"https:\/\/diariodegarca.com\/index.php?rest_route=%2Fwp%2Fv2%2Fcategories&post=2572"},{"taxonomy":"post_tag","embeddable":true,"href":"https:\/\/diariodegarca.com\/index.php?rest_route=%2Fwp%2Fv2%2Ftags&post=2572"}],"curies":[{"name":"wp","href":"https:\/\/api.w.org\/{rel}","templated":true}]}}