{"id":2576,"date":"2025-03-21T12:11:00","date_gmt":"2025-03-21T12:11:00","guid":{"rendered":"https:\/\/diariodegarca.com\/2025\/03\/21\/oficina-imagens-proibidas-discute-censura-e-cinema-em-evento-gratuito-em-marilia\/"},"modified":"2025-03-21T12:11:00","modified_gmt":"2025-03-21T12:11:00","slug":"oficina-imagens-proibidas-discute-censura-e-cinema-em-evento-gratuito-em-marilia","status":"publish","type":"post","link":"https:\/\/diariodegarca.com\/?p=2576","title":{"rendered":"Oficina &#034;Imagens Proibidas&#034; discute censura e cinema em evento gratuito em Mar\u00edlia"},"content":{"rendered":"<div class=\"separator\" style=\"clear: both;text-align: center\">\n  <a href=\"https:\/\/blogger.googleusercontent.com\/img\/a\/AVvXsEj-lvd_cfrHncnJMNfT5n5bbZiOP6OPIy8xv12MdUpj-rbN47_OLZtdN1X5fdQNzJbLuk6oqOlt4RWuHV_a9KNWc81gUp-CrYKvySt4AoH9Mzp-QmI_p2jJsXx9Inm9lFOro7A9eDQV_9HLeAIeeG5R0hdtKbhfDyeuloPnoOyPY6Pehyvihe98hNS5IdE\" style=\"margin-left: 1em;margin-right: 1em\"><br \/>\n    <img decoding=\"async\" border=\"0\" src=\"https:\/\/blogger.googleusercontent.com\/img\/a\/AVvXsEj-lvd_cfrHncnJMNfT5n5bbZiOP6OPIy8xv12MdUpj-rbN47_OLZtdN1X5fdQNzJbLuk6oqOlt4RWuHV_a9KNWc81gUp-CrYKvySt4AoH9Mzp-QmI_p2jJsXx9Inm9lFOro7A9eDQV_9HLeAIeeG5R0hdtKbhfDyeuloPnoOyPY6Pehyvihe98hNS5IdE\" width=\"400\"><br \/>\n  <\/a>\n<\/div>\n<p><\/p>\n<div><\/div>\n<div>A Secretaria da Cultura de Mar\u00edlia, em parceria com o Pontos MIS, promove no dia 21 de mar\u00e7o a oficina &#8220;Imagens Proibidas&#8221;, ministrada pelo m\u00fasico, produtor e pesquisador Lu\u00eds Carlos Pavan. O evento, que acontece na Sala de Proje\u00e7\u00e3o do CCM &#8220;Em\u00edlio Pedutti Filho&#8221;, no Complexo Cultural (Av. Sampaio Vidal, 245 &#8211; Centro, Piso Superior), tem como objetivo explorar a rela\u00e7\u00e3o entre o cinema e a censura ao longo da hist\u00f3ria.\u00a0\u00a0<\/div>\n<div><\/div>\n<div>Com in\u00edcio \u00e0s 18h30 e dura\u00e7\u00e3o de 4 horas, a oficina \u00e9 gratuita e oferece 30 vagas para participantes a partir de 14 anos. As inscri\u00e7\u00f5es podem ser feitas pelo telefone (14) 98100-0517, das 08h30 \u00e0s 17h, exceto \u00e0s quintas-feiras, quando o atendimento ocorre das 13h \u00e0s 17h30.\u00a0\u00a0<\/div>\n<div><\/div>\n<div>A oficina abordar\u00e1 a censura como um mecanismo de controle da liberdade de express\u00e3o, seja por meio de leis expl\u00edcitas ou pr\u00e1ticas impl\u00edcitas, como em regimes ditatoriais. O cinema, desde seu surgimento no final do s\u00e9culo XIX, tem sido um campo de constantes embates entre a liberdade art\u00edstica e as restri\u00e7\u00f5es impostas por grupos de poder. A atividade prop\u00f5e um panorama hist\u00f3rico dessa rela\u00e7\u00e3o, contextualizando-a com o atual cen\u00e1rio de investimentos em produ\u00e7\u00e3o audiovisual e a crescente demanda por conte\u00fado nacional nos canais de exibi\u00e7\u00e3o.\u00a0\u00a0<\/div>\n<div><\/div>\n<div>Lu\u00eds Carlos Pavan, oficineiro respons\u00e1vel, \u00e9 um nome reconhecido no cen\u00e1rio cultural brasileiro. Com experi\u00eancia no cineclubismo paulistano, ele atuou como divulgador e programador nos Cineclubes Bexiga e Oscarito. Al\u00e9m disso, Pavan \u00e9 conhecido por suas trilhas sonoras para cinema mudo e por ministrar cursos e oficinas em institui\u00e7\u00f5es como SESC, Cinemateca e Caixa Cultural. Atualmente, desenvolve pesquisas e programa\u00e7\u00f5es para o Cine Mococa\/SP e trabalha com artistas como Guinga, M\u00f4nica Salmaso e Esperanza Spalding.\u00a0\u00a0<\/div>\n","protected":false},"excerpt":{"rendered":"<p>A Secretaria da Cultura de Mar\u00edlia, em parceria com o Pontos MIS, promove no dia 21 de mar\u00e7o a oficina &#8220;Imagens Proibidas&#8221;, ministrada pelo m\u00fasico, produtor e pesquisador Lu\u00eds Carlos Pavan. O evento, que acontece na Sala de Proje\u00e7\u00e3o do CCM &#8220;Em\u00edlio Pedutti Filho&#8221;, no Complexo Cultural (Av. Sampaio Vidal, 245 &#8211; Centro, Piso Superior), [&hellip;]<\/p>\n","protected":false},"author":260896546,"featured_media":0,"comment_status":"open","ping_status":"open","sticky":false,"template":"","format":"standard","meta":{"_monsterinsights_skip_tracking":false,"advanced_seo_description":"","jetpack_seo_html_title":"","jetpack_seo_noindex":false,"jetpack_seo_schema_type":"","_jetpack_newsletter_access":"","_jetpack_dont_email_post_to_subs":false,"_jetpack_newsletter_tier_id":0,"_jetpack_memberships_contains_paywalled_content":false,"_wpcom_ai_launchpad_first_post":false,"_jetpack_feature_clip_id":0,"_jetpack_memberships_contains_paid_content":false,"footnotes":"","jetpack_publicize_message":"{title}\n\n{excerpt}\n\n{url}","jetpack_publicize_feature_enabled":true,"jetpack_social_post_already_shared":false,"jetpack_social_options":{"image_generator_settings":{"template":"fullscreen","default_image_id":0,"font":"","enabled":false},"version":2},"_wpas_customize_per_network":false,"jetpack_post_was_ever_published":false},"categories":[38185],"tags":[781171790,69028],"class_list":["post-2576","post","type-post","status-publish","format-standard","hentry","category-brasil","tag-cultura","tag-oficina"],"jetpack_publicize_connections":[],"jetpack_likes_enabled":true,"jetpack_sharing_enabled":true,"jetpack_shortlink":"https:\/\/wp.me\/pgitne-Fy","jetpack-related-posts":[{"id":2174,"url":"https:\/\/diariodegarca.com\/?p=2174","url_meta":{"origin":2576,"position":0},"title":"Mar\u00edlia ter\u00e1 Festival Liter\u00e1rio de 16 a 18 de maio","author":"Di\u00e1rio de Gar\u00e7a","date":"8 de maio de 2025","format":false,"excerpt":"O\u00a0Festival Liter\u00e1rio de Mar\u00edlia (FLIM)\u00a0acontece\u00a0em maio com uma programa\u00e7\u00e3o diversificada, reunindo literatura, teatro, cinema, oficinas criativas e debates. O evento ser\u00e1 de\u00a016 a 18 de maio, com atividades na\u00a0Biblioteca Municipal, Teatro Municipal e Clube de Cinema de Mar\u00edlia.Destaque para as inscri\u00e7\u00f5es em\u00a0oficinas, que come\u00e7am a ser preenchidas no\u00a0s\u00e1bado, dia 17\u2026","rel":"","context":"Em &quot;Brasil&quot;","block_context":{"text":"Brasil","link":"https:\/\/diariodegarca.com\/?cat=38185"},"img":{"alt_text":"","src":"https:\/\/i0.wp.com\/blogger.googleusercontent.com\/img\/b\/R29vZ2xl\/AVvXsEjrIRsp4uw9UVzgf-Bikt7GXCQOJznTmqJvj9IDtgnpQ0-6ya-pJL6KqG7G-V9Qk5h-YxxblvE0bmZbfnCFiWmv2-LKZTGGSf1lRmvWG5pEsZCm676SJ_2rFPDtSvOwB1-IA96w5t7_DYQlVVPqxz8T3-Ma03VRn8WYLM7I7J0DdN5ibC-fZt44EFQ1FLY\/w400-h400\/WhatsApp%20Image%202025-05-07%20at%2013.21.25.jpeg?resize=350%2C200&ssl=1","width":350,"height":200},"classes":[]},{"id":8902,"url":"https:\/\/diariodegarca.com\/?p=8902","url_meta":{"origin":2576,"position":1},"title":"Oficina gratuita em Mar\u00edlia ensina a produzir curtas-metragens com recursos limitados","author":"Andreza Sega","date":"22 de novembro de 2025","format":false,"excerpt":"Ministrada pelo cineasta Cristiano Anechini, a forma\u00e7\u00e3o de dois dias percorre toda a jornada criativa, do roteiro \u00e0 finaliza\u00e7\u00e3o, democratizando o acesso \u00e0 produ\u00e7\u00e3o audiovisual. Para aspirantes a cineastas e entusiastas do cinema, surge uma oportunidade de aprender os fundamentos da s\u00e9tima arte com oficina promovida pela Alumiar Filmes, Kannon\u2026","rel":"","context":"Em &quot;Cinema&quot;","block_context":{"text":"Cinema","link":"https:\/\/diariodegarca.com\/?cat=597"},"img":{"alt_text":"","src":"https:\/\/i0.wp.com\/diariodegarca.com\/wp-content\/uploads\/2025\/11\/um-cinegrafista-gravando-uma-cerimonia-de-casamento-usando-camera-em-um-tripe.jpg?fit=1200%2C675&ssl=1&resize=350%2C200","width":350,"height":200,"srcset":"https:\/\/i0.wp.com\/diariodegarca.com\/wp-content\/uploads\/2025\/11\/um-cinegrafista-gravando-uma-cerimonia-de-casamento-usando-camera-em-um-tripe.jpg?fit=1200%2C675&ssl=1&resize=350%2C200 1x, https:\/\/i0.wp.com\/diariodegarca.com\/wp-content\/uploads\/2025\/11\/um-cinegrafista-gravando-uma-cerimonia-de-casamento-usando-camera-em-um-tripe.jpg?fit=1200%2C675&ssl=1&resize=525%2C300 1.5x, https:\/\/i0.wp.com\/diariodegarca.com\/wp-content\/uploads\/2025\/11\/um-cinegrafista-gravando-uma-cerimonia-de-casamento-usando-camera-em-um-tripe.jpg?fit=1200%2C675&ssl=1&resize=700%2C400 2x, https:\/\/i0.wp.com\/diariodegarca.com\/wp-content\/uploads\/2025\/11\/um-cinegrafista-gravando-uma-cerimonia-de-casamento-usando-camera-em-um-tripe.jpg?fit=1200%2C675&ssl=1&resize=1050%2C600 3x"},"classes":[]},{"id":5572,"url":"https:\/\/diariodegarca.com\/?p=5572","url_meta":{"origin":2576,"position":2},"title":"Pontos MIS oferece oficina gratuita &#8220;Cinema com Celular&#8221; em Mar\u00edlia","author":"Di\u00e1rio de Gar\u00e7a","date":"14 de agosto de 2025","format":false,"excerpt":"Atividade ser\u00e1 ministrada pelo cineasta Ralph Friedericks e ensinar\u00e1 t\u00e9cnicas para produzir curtas-metragens utilizando smartphones. O Pontos MIS, programa de difus\u00e3o cultural do Museu da Imagem e do Som de S\u00e3o Paulo, promove em Mar\u00edlia a oficina gratuita\u00a0\"Cinema com Celular\", no dia\u00a029 de agosto, \u00e0s\u00a018h30. A atividade ser\u00e1 realizada na\u00a0Sala\u2026","rel":"","context":"Em &quot;Cultura&quot;","block_context":{"text":"Cultura","link":"https:\/\/diariodegarca.com\/?cat=2367"},"img":{"alt_text":"","src":"https:\/\/i0.wp.com\/diariodegarca.com\/wp-content\/uploads\/2025\/08\/ralph-friedericks_pontos-mis-500x250-1.jpg?fit=500%2C250&ssl=1&resize=350%2C200","width":350,"height":200},"classes":[]},{"id":2403,"url":"https:\/\/diariodegarca.com\/?p=2403","url_meta":{"origin":2576,"position":3},"title":"Primeira Mostra Cine Fogueira celebra o cinema regional no Vale da Gra\u00e7a","author":"Di\u00e1rio de Gar\u00e7a","date":"11 de abril de 2025","format":false,"excerpt":"\u00a0No feriado prolongado de P\u00e1scoa e Tiradentes, de 18 a 21 de abril, o Vale da Gra\u00e7a, em Vera Cruz, recebe a\u00a0Primeira Mostra Cine Fogueira, um evento exclusivo para h\u00f3spedes e acampantes do local. Com 24 filmes de cinco cidades do interior paulista \u2014\u00a0Assis, Bauru, Gar\u00e7a, Mar\u00edlia e Rio Claro\u00a0\u2014\u2026","rel":"","context":"Em &quot;Brasil&quot;","block_context":{"text":"Brasil","link":"https:\/\/diariodegarca.com\/?cat=38185"},"img":{"alt_text":"","src":"https:\/\/i0.wp.com\/blogger.googleusercontent.com\/img\/b\/R29vZ2xl\/AVvXsEhhs22H5laML8gHt5CquaaOtLa3dvW-JcurU8jOk8uCdcXpVMD6i2HvRz_raLITbfTlG-MB4MICEc5obvpdLNdGZ7C4wFb_YBc-g7g1gSPlnbqWxxmm1c7iEat-5sl-5DxSFH4guk-LMBr7_kEtxfkZdDvvD8HPADNrv5gqCNoRBnDKCdZ3jGnuBFpNd-k\/s320\/WhatsApp%20Image%202025-04-11%20at%2010.03.00.jpeg?resize=350%2C200&ssl=1","width":350,"height":200},"classes":[]},{"id":6529,"url":"https:\/\/diariodegarca.com\/?p=6529","url_meta":{"origin":2576,"position":4},"title":"Oficina de dublagem acontece em Mar\u00edlia e Gar\u00e7a gratuitamente","author":"Di\u00e1rio de Gar\u00e7a","date":"9 de setembro de 2025","format":false,"excerpt":"Eventos presenciais ser\u00e3o ministrados pelo especialista \u00cdtalo Yuri. O curso abordar\u00e1 t\u00e9cnicas de capta\u00e7\u00e3o e edi\u00e7\u00e3o de \u00e1udio para dublagem de forma pr\u00e1tica e acess\u00edvel. Inscri\u00e7\u00f5es est\u00e3o abertas para as duas cidades. A arte de dar vida e novas emo\u00e7\u00f5es a cenas de cinema atrav\u00e9s da voz est\u00e1 ao alcance\u2026","rel":"","context":"Em &quot;Cinema&quot;","block_context":{"text":"Cinema","link":"https:\/\/diariodegarca.com\/?cat=597"},"img":{"alt_text":"","src":"https:\/\/i0.wp.com\/diariodegarca.com\/wp-content\/uploads\/2025\/09\/italoyuri-e1569554093729-273x300-1.jpg?fit=273%2C300&ssl=1&resize=350%2C200","width":350,"height":200},"classes":[]},{"id":6350,"url":"https:\/\/diariodegarca.com\/?p=6350","url_meta":{"origin":2576,"position":5},"title":"Festival de Cinema de Mar\u00edlia 2025: confira a programa\u00e7\u00e3o completa","author":"Di\u00e1rio de Gar\u00e7a","date":"4 de setembro de 2025","format":false,"excerpt":"Entre 5 e 13 de setembro, a cidade sedia uma das mostras audiovisuais mais tradicionais do pa\u00eds, com exibi\u00e7\u00f5es de longas e curtas, oficinas, debates e a competitiva premia\u00e7\u00e3o do Trof\u00e9u Curumim. O Festival de Cinema de Mar\u00edlia se prepara para mais uma edi\u00e7\u00e3o, refor\u00e7ando seu lugar como um dos\u2026","rel":"","context":"Em &quot;Cinema&quot;","block_context":{"text":"Cinema","link":"https:\/\/diariodegarca.com\/?cat=597"},"img":{"alt_text":"","src":"https:\/\/i0.wp.com\/diariodegarca.com\/wp-content\/uploads\/2025\/09\/captura-de-tela-2025-09-04-133911.jpg?fit=878%2C520&ssl=1&resize=350%2C200","width":350,"height":200,"srcset":"https:\/\/i0.wp.com\/diariodegarca.com\/wp-content\/uploads\/2025\/09\/captura-de-tela-2025-09-04-133911.jpg?fit=878%2C520&ssl=1&resize=350%2C200 1x, https:\/\/i0.wp.com\/diariodegarca.com\/wp-content\/uploads\/2025\/09\/captura-de-tela-2025-09-04-133911.jpg?fit=878%2C520&ssl=1&resize=525%2C300 1.5x, https:\/\/i0.wp.com\/diariodegarca.com\/wp-content\/uploads\/2025\/09\/captura-de-tela-2025-09-04-133911.jpg?fit=878%2C520&ssl=1&resize=700%2C400 2x"},"classes":[]}],"jetpack_featured_media_url":"","_links":{"self":[{"href":"https:\/\/diariodegarca.com\/index.php?rest_route=\/wp\/v2\/posts\/2576","targetHints":{"allow":["GET"]}}],"collection":[{"href":"https:\/\/diariodegarca.com\/index.php?rest_route=\/wp\/v2\/posts"}],"about":[{"href":"https:\/\/diariodegarca.com\/index.php?rest_route=\/wp\/v2\/types\/post"}],"author":[{"embeddable":true,"href":"https:\/\/diariodegarca.com\/index.php?rest_route=\/wp\/v2\/users\/260896546"}],"replies":[{"embeddable":true,"href":"https:\/\/diariodegarca.com\/index.php?rest_route=%2Fwp%2Fv2%2Fcomments&post=2576"}],"version-history":[{"count":0,"href":"https:\/\/diariodegarca.com\/index.php?rest_route=\/wp\/v2\/posts\/2576\/revisions"}],"wp:attachment":[{"href":"https:\/\/diariodegarca.com\/index.php?rest_route=%2Fwp%2Fv2%2Fmedia&parent=2576"}],"wp:term":[{"taxonomy":"category","embeddable":true,"href":"https:\/\/diariodegarca.com\/index.php?rest_route=%2Fwp%2Fv2%2Fcategories&post=2576"},{"taxonomy":"post_tag","embeddable":true,"href":"https:\/\/diariodegarca.com\/index.php?rest_route=%2Fwp%2Fv2%2Ftags&post=2576"}],"curies":[{"name":"wp","href":"https:\/\/api.w.org\/{rel}","templated":true}]}}