{"id":2586,"date":"2025-03-20T14:56:00","date_gmt":"2025-03-20T14:56:00","guid":{"rendered":"https:\/\/diariodegarca.com\/2025\/03\/20\/julio-mesquita-oferece-curso-gratuito-de-fabricacao-de-ovos-de-pascoa-e-bombons\/"},"modified":"2025-03-20T14:56:00","modified_gmt":"2025-03-20T14:56:00","slug":"julio-mesquita-oferece-curso-gratuito-de-fabricacao-de-ovos-de-pascoa-e-bombons","status":"publish","type":"post","link":"https:\/\/diariodegarca.com\/?p=2586","title":{"rendered":"J\u00falio Mesquita oferece curso gratuito de fabrica\u00e7\u00e3o de ovos de P\u00e1scoa e bombons"},"content":{"rendered":"<p><div class=\"separator\" style=\"clear: both;text-align: center\">\n  <a href=\"https:\/\/blogger.googleusercontent.com\/img\/a\/AVvXsEjFSjrBrS7KTPl6BtVtj1jqfmIZ8KoLI_3Txw6AiPGdNFv_c8pTLOilKCwcMN4r0j5y6r2yVungyGqw1BJ99YExcDUcZuEjsZEDPhWS8EbO8s_ZXPVp1PygOzEVL0FYuvn0fxwFp4BT3_lcyrQrUpky9ygpKmsZ_vfEVtMDj2qki1z9CIQ64ztJMjKwbLY\" style=\"margin-left: 1em;margin-right: 1em\"><br \/>\n    <img decoding=\"async\" border=\"0\" src=\"https:\/\/blogger.googleusercontent.com\/img\/a\/AVvXsEjFSjrBrS7KTPl6BtVtj1jqfmIZ8KoLI_3Txw6AiPGdNFv_c8pTLOilKCwcMN4r0j5y6r2yVungyGqw1BJ99YExcDUcZuEjsZEDPhWS8EbO8s_ZXPVp1PygOzEVL0FYuvn0fxwFp4BT3_lcyrQrUpky9ygpKmsZ_vfEVtMDj2qki1z9CIQ64ztJMjKwbLY\" width=\"400\"><br \/>\n  <\/a>\n<\/div>\n<\/p>\n<p>A Prefeitura de J\u00falio Mesquita, em parceria com o SEBRAE, abriu inscri\u00e7\u00f5es para um curso gratuito e presencial de fabrica\u00e7\u00e3o de ovos de P\u00e1scoa e bombons. A capacita\u00e7\u00e3o \u00e9 uma oportunidade para quem deseja aprender novas habilidades e aumentar a renda com a venda de chocolates durante o per\u00edodo pascal.<\/p>\n<p>Al\u00e9m do aprendizado t\u00e9cnico, os participantes receber\u00e3o orienta\u00e7\u00f5es sobre planejamento de recursos e estrat\u00e9gias de vendas, fundamentais para transformar a produ\u00e7\u00e3o artesanal em um neg\u00f3cio lucrativo.<\/p>\n<h2><strong>Detalhes do curso<\/strong><\/h2>\n<p>\ud83d\udcc5 <strong>Datas:<\/strong> 02, 03, 07, 08, 09, 10 e 11 de abril de 2025<br \/>\n\u23f0 <strong>Hor\u00e1rio:<\/strong> 18h30 \u00e0s 22h00<br \/>\n\ud83d\udccd <strong>Local:<\/strong> Fundo Social de J\u00falio Mesquita (Rua Jorge Moraes de Barros, n\u00ba 901)<br \/>\n\ud83d\udcdd <strong>Inscri\u00e7\u00f5es:<\/strong> Devem ser feitas antecipadamente no Fundo Social. Vagas limitadas.<\/p>\n<h2><strong>O que voc\u00ea vai aprender?<\/strong><\/h2>\n<p>\u2714\ufe0f Produ\u00e7\u00e3o de ovos de P\u00e1scoa e bombons<br \/>\n\u2714\ufe0f Planejamento de mat\u00e9rias-primas e insumos<br \/>\n\u2714\ufe0f Uso correto de equipamentos e utens\u00edlios<br \/>\n\u2714\ufe0f Controle de qualidade e normas de higiene<br \/>\n\u2714\ufe0f T\u00e9cnicas de decora\u00e7\u00e3o e embalagem<br \/>\n\u2714\ufe0f Estrat\u00e9gias de venda para aumentar o faturamento<\/p>\n<p>\ud83d\udd14 <strong>Garanta sua vaga e aproveite essa oportunidade para transformar talento em renda!<\/strong><\/p>\n","protected":false},"excerpt":{"rendered":"<p>A Prefeitura de J\u00falio Mesquita, em parceria com o SEBRAE, abriu inscri\u00e7\u00f5es para um curso gratuito e presencial de fabrica\u00e7\u00e3o de ovos de P\u00e1scoa e bombons. A capacita\u00e7\u00e3o \u00e9 uma oportunidade para quem deseja aprender novas habilidades e aumentar a renda com a venda de chocolates durante o per\u00edodo pascal. Al\u00e9m do aprendizado t\u00e9cnico, os [&hellip;]<\/p>\n","protected":false},"author":260896546,"featured_media":0,"comment_status":"open","ping_status":"open","sticky":false,"template":"","format":"standard","meta":{"_crdt_document":"","_monsterinsights_skip_tracking":false,"_monsterinsights_sitenote_active":false,"_monsterinsights_sitenote_note":"","_monsterinsights_sitenote_category":0,"advanced_seo_description":"","jetpack_seo_html_title":"","jetpack_seo_noindex":false,"_jetpack_newsletter_access":"","_jetpack_dont_email_post_to_subs":false,"_jetpack_newsletter_tier_id":0,"_jetpack_memberships_contains_paywalled_content":false,"_jetpack_memberships_contains_paid_content":false,"footnotes":"","jetpack_publicize_message":"","jetpack_publicize_feature_enabled":true,"jetpack_social_post_already_shared":false,"jetpack_social_options":{"image_generator_settings":{"template":"fullscreen","default_image_id":0,"font":"","enabled":false},"version":2},"_wpas_customize_per_network":false,"jetpack_post_was_ever_published":false},"categories":[38185],"tags":[781171826,69028],"class_list":["post-2586","post","type-post","status-publish","format-standard","hentry","category-brasil","tag-julio-mesquita","tag-oficina"],"jetpack_publicize_connections":[],"jetpack_featured_media_url":"","jetpack_likes_enabled":true,"jetpack_sharing_enabled":true,"jetpack_shortlink":"https:\/\/wp.me\/pgitne-FI","jetpack-related-posts":[{"id":3057,"url":"https:\/\/diariodegarca.com\/?p=3057","url_meta":{"origin":2586,"position":0},"title":"Semana do MEI em J\u00falio Mesquita oferece curso presencial para impulsionar neg\u00f3cios","author":"Di\u00e1rio de Gar\u00e7a","date":"21 de maio de 2025","format":false,"excerpt":"Evento gratuito oferecido pelo Sebrae e Prefeitura traz dicas pr\u00e1ticas para atrair mais clientes e refor\u00e7a a import\u00e2ncia da regulariza\u00e7\u00e3o antes do prazo da declara\u00e7\u00e3o anual. A Prefeitura de J\u00falio Mesquita e o Sebrae promovem, no dia\u00a028 de maio, o curso presencial\u00a0\u201cFa\u00e7a a divulga\u00e7\u00e3o certa e atraia mais clientes!\u201d, direcionado\u2026","rel":"","context":"Em &quot;Curso&quot;","block_context":{"text":"Curso","link":"https:\/\/diariodegarca.com\/?cat=36947"},"img":{"alt_text":"","src":"","width":0,"height":0},"classes":[]},{"id":5830,"url":"https:\/\/diariodegarca.com\/?p=5830","url_meta":{"origin":2586,"position":1},"title":"J\u00falio Mesquita oferece curso presencial e gratuito de Mec\u00e2nica de Motos","author":"Di\u00e1rio de Gar\u00e7a","date":"22 de agosto de 2025","format":false,"excerpt":"Iniciativa do Fundo Social de SP, em parceria com a prefeitura, oferece qualifica\u00e7\u00e3o profissional para maiores de 18 anos, visando a inser\u00e7\u00e3o no mercado de trabalho e o empreendedorismo. A cidade de J\u00falio Mesquita foi inclu\u00edda no roteiro do programa \u201cCaminho da Capacita\u00e7\u00e3o \u2013 Transformando vidas com educa\u00e7\u00e3o e oportunidades\u201d.\u2026","rel":"","context":"Em &quot;Curso&quot;","block_context":{"text":"Curso","link":"https:\/\/diariodegarca.com\/?cat=36947"},"img":{"alt_text":"","src":"https:\/\/i0.wp.com\/diariodegarca.com\/wp-content\/uploads\/2025\/08\/moto-personalizada-em-pe-na-oficina.jpg?fit=1200%2C800&ssl=1&resize=350%2C200","width":350,"height":200,"srcset":"https:\/\/i0.wp.com\/diariodegarca.com\/wp-content\/uploads\/2025\/08\/moto-personalizada-em-pe-na-oficina.jpg?fit=1200%2C800&ssl=1&resize=350%2C200 1x, https:\/\/i0.wp.com\/diariodegarca.com\/wp-content\/uploads\/2025\/08\/moto-personalizada-em-pe-na-oficina.jpg?fit=1200%2C800&ssl=1&resize=525%2C300 1.5x, https:\/\/i0.wp.com\/diariodegarca.com\/wp-content\/uploads\/2025\/08\/moto-personalizada-em-pe-na-oficina.jpg?fit=1200%2C800&ssl=1&resize=700%2C400 2x, https:\/\/i0.wp.com\/diariodegarca.com\/wp-content\/uploads\/2025\/08\/moto-personalizada-em-pe-na-oficina.jpg?fit=1200%2C800&ssl=1&resize=1050%2C600 3x"},"classes":[]},{"id":8633,"url":"https:\/\/diariodegarca.com\/?p=8633","url_meta":{"origin":2586,"position":2},"title":"J\u00falio Mesquita recebe oficina gratuita de Bonecos de Mamulengos na ter\u00e7a-feira","author":"Andreza Sega","date":"10 de novembro de 2025","format":false,"excerpt":"Atividade com o artista Vin\u00edcius Alexandre, o Guita, encerra a programa\u00e7\u00e3o do projeto Alinhavando Redes de Bibliotecas na cidade, promovendo uma imers\u00e3o nas tradi\u00e7\u00f5es da cultura popular. A cena cultural de\u00a0J\u00falio Mesquita\u00a0recebe, nesta ter\u00e7a-feira, 18 de novembro, \u00e0s 8h30, uma atividade especial que resgata uma das mais ricas tradi\u00e7\u00f5es do\u2026","rel":"","context":"Em &quot;Cultura&quot;","block_context":{"text":"Cultura","link":"https:\/\/diariodegarca.com\/?cat=2367"},"img":{"alt_text":"","src":"https:\/\/i0.wp.com\/diariodegarca.com\/wp-content\/uploads\/2025\/11\/Oficina-de-bonecos-de-mamulengos_Vinicius-Andrade-credito_divulgacao-2-e1762806867976.jpg?fit=1200%2C670&ssl=1&resize=350%2C200","width":350,"height":200,"srcset":"https:\/\/i0.wp.com\/diariodegarca.com\/wp-content\/uploads\/2025\/11\/Oficina-de-bonecos-de-mamulengos_Vinicius-Andrade-credito_divulgacao-2-e1762806867976.jpg?fit=1200%2C670&ssl=1&resize=350%2C200 1x, https:\/\/i0.wp.com\/diariodegarca.com\/wp-content\/uploads\/2025\/11\/Oficina-de-bonecos-de-mamulengos_Vinicius-Andrade-credito_divulgacao-2-e1762806867976.jpg?fit=1200%2C670&ssl=1&resize=525%2C300 1.5x, https:\/\/i0.wp.com\/diariodegarca.com\/wp-content\/uploads\/2025\/11\/Oficina-de-bonecos-de-mamulengos_Vinicius-Andrade-credito_divulgacao-2-e1762806867976.jpg?fit=1200%2C670&ssl=1&resize=700%2C400 2x, https:\/\/i0.wp.com\/diariodegarca.com\/wp-content\/uploads\/2025\/11\/Oficina-de-bonecos-de-mamulengos_Vinicius-Andrade-credito_divulgacao-2-e1762806867976.jpg?fit=1200%2C670&ssl=1&resize=1050%2C600 3x"},"classes":[]},{"id":4592,"url":"https:\/\/diariodegarca.com\/?p=4592","url_meta":{"origin":2586,"position":3},"title":"J\u00falio Mesquita promove curso sobre sa\u00fade materno-infantil","author":"Di\u00e1rio de Gar\u00e7a","date":"9 de julho de 2025","format":false,"excerpt":"Capacita\u00e7\u00e3o gratuita abordar\u00e1 temas como: pr\u00e9-natal, aleitamento materno e desengasgo em beb\u00eas. A Prefeitura de J\u00falio Mesquita realizar\u00e1 no dia\u00a023 de julho, quarta-feira, \u00e0s\u00a013h, um evento pr\u00e1tico voltado para a sa\u00fade de gestantes, lactantes e beb\u00eas. Com tr\u00eas m\u00f3dulos ministrados pela enfermeira\u00a0Beatriz de Oliveira, a iniciativa visa esclarecer d\u00favidas frequentes\u2026","rel":"","context":"Em &quot;J\u00falio Mesquita&quot;","block_context":{"text":"J\u00falio Mesquita","link":"https:\/\/diariodegarca.com\/?cat=5925410"},"img":{"alt_text":"","src":"https:\/\/i0.wp.com\/diariodegarca.com\/wp-content\/uploads\/2025\/07\/periodo-pos-natal-com-mae-e-filho.jpg?fit=1200%2C800&ssl=1&resize=350%2C200","width":350,"height":200,"srcset":"https:\/\/i0.wp.com\/diariodegarca.com\/wp-content\/uploads\/2025\/07\/periodo-pos-natal-com-mae-e-filho.jpg?fit=1200%2C800&ssl=1&resize=350%2C200 1x, https:\/\/i0.wp.com\/diariodegarca.com\/wp-content\/uploads\/2025\/07\/periodo-pos-natal-com-mae-e-filho.jpg?fit=1200%2C800&ssl=1&resize=525%2C300 1.5x, https:\/\/i0.wp.com\/diariodegarca.com\/wp-content\/uploads\/2025\/07\/periodo-pos-natal-com-mae-e-filho.jpg?fit=1200%2C800&ssl=1&resize=700%2C400 2x, https:\/\/i0.wp.com\/diariodegarca.com\/wp-content\/uploads\/2025\/07\/periodo-pos-natal-com-mae-e-filho.jpg?fit=1200%2C800&ssl=1&resize=1050%2C600 3x"},"classes":[]},{"id":2305,"url":"https:\/\/diariodegarca.com\/?p=2305","url_meta":{"origin":2586,"position":4},"title":"Coelhos n\u00e3o s\u00e3o brinquedo: especialistas alertam para abandono ap\u00f3s a P\u00e1scoa","author":"Di\u00e1rio de Gar\u00e7a","date":"20 de abril de 2025","format":false,"excerpt":"ONGs e veterin\u00e1rios chamam aten\u00e7\u00e3o para o aumento de aquisi\u00e7\u00f5es por impulso e os riscos do abandono de coelhos ap\u00f3s o feriado. Animal exige cuidados, acompanhamento e n\u00e3o deve ser presenteado como enfeite. Presentear coelhos vivos na P\u00e1scoa pode parecer um gesto carinhoso, mas esconde riscos s\u00e9rios para os animais.\u2026","rel":"","context":"Em &quot;Brasil&quot;","block_context":{"text":"Brasil","link":"https:\/\/diariodegarca.com\/?cat=38185"},"img":{"alt_text":"","src":"","width":0,"height":0},"classes":[]},{"id":2649,"url":"https:\/\/diariodegarca.com\/?p=2649","url_meta":{"origin":2586,"position":5},"title":"Aedes aegypti: avan\u00e7o dos casos de dengue e chikungunya na regi\u00e3o refor\u00e7a necessidade de combate ao mosquito","author":"Di\u00e1rio de Gar\u00e7a","date":"11 de mar\u00e7o de 2025","format":false,"excerpt":"foto divulga\u00e7\u00e3o: Prefeitura de Mar\u00edliaO mosquito Aedes aegypti\u00a0continua sendo um grave problema de sa\u00fade p\u00fablica em todo o Brasil, e na regi\u00e3o de Mar\u00edlia a situa\u00e7\u00e3o n\u00e3o \u00e9 diferente. O mosquito, que encontra nas \u00e1reas urbanas um ambiente prop\u00edcio para sua prolifera\u00e7\u00e3o, \u00e9 o principal transmissor da dengue, chikungunya, zika\u2026","rel":"","context":"Em &quot;Brasil&quot;","block_context":{"text":"Brasil","link":"https:\/\/diariodegarca.com\/?cat=38185"},"img":{"alt_text":"","src":"https:\/\/i0.wp.com\/blogger.googleusercontent.com\/img\/b\/R29vZ2xl\/AVvXsEibthfS0k9_Glvz81XXQ-jbLq4RUHJWzBvcTbYaiheFxxpsWfBHlqE5Q6RDW9s1cqN9Aj4-uuXbXHcmV-Fen4h2UqlZPVuR4kxfBNjLCuo195m5fqSTVCQ-vi5MnhyphenhyphenQWOf8Yg6NKR4cvyM7J6_ceaq8_-OzVGk7gPqP-D-ohKM-VXDvxMiwqk59iBzp06o\/s320\/OIP.jpeg?resize=350%2C200&ssl=1","width":350,"height":200},"classes":[]}],"_links":{"self":[{"href":"https:\/\/diariodegarca.com\/index.php?rest_route=\/wp\/v2\/posts\/2586","targetHints":{"allow":["GET"]}}],"collection":[{"href":"https:\/\/diariodegarca.com\/index.php?rest_route=\/wp\/v2\/posts"}],"about":[{"href":"https:\/\/diariodegarca.com\/index.php?rest_route=\/wp\/v2\/types\/post"}],"author":[{"embeddable":true,"href":"https:\/\/diariodegarca.com\/index.php?rest_route=\/wp\/v2\/users\/260896546"}],"replies":[{"embeddable":true,"href":"https:\/\/diariodegarca.com\/index.php?rest_route=%2Fwp%2Fv2%2Fcomments&post=2586"}],"version-history":[{"count":0,"href":"https:\/\/diariodegarca.com\/index.php?rest_route=\/wp\/v2\/posts\/2586\/revisions"}],"wp:attachment":[{"href":"https:\/\/diariodegarca.com\/index.php?rest_route=%2Fwp%2Fv2%2Fmedia&parent=2586"}],"wp:term":[{"taxonomy":"category","embeddable":true,"href":"https:\/\/diariodegarca.com\/index.php?rest_route=%2Fwp%2Fv2%2Fcategories&post=2586"},{"taxonomy":"post_tag","embeddable":true,"href":"https:\/\/diariodegarca.com\/index.php?rest_route=%2Fwp%2Fv2%2Ftags&post=2586"}],"curies":[{"name":"wp","href":"https:\/\/api.w.org\/{rel}","templated":true}]}}