{"id":2604,"date":"2025-03-18T12:08:00","date_gmt":"2025-03-18T12:08:00","guid":{"rendered":"https:\/\/diariodegarca.com\/2025\/03\/18\/tupa-sedia-forum-de-desenvolvimento-com-palestras-de-cortella-e-maurren-maggi\/"},"modified":"2025-03-18T12:08:00","modified_gmt":"2025-03-18T12:08:00","slug":"tupa-sedia-forum-de-desenvolvimento-com-palestras-de-cortella-e-maurren-maggi","status":"publish","type":"post","link":"https:\/\/diariodegarca.com\/?p=2604","title":{"rendered":"Tup\u00e3 sedia f\u00f3rum de desenvolvimento com palestras de Cortella e Maurren Maggi"},"content":{"rendered":"<div class=\"separator\" style=\"clear: both;text-align: center\">\n  <a href=\"https:\/\/blogger.googleusercontent.com\/img\/a\/AVvXsEiL3rXsRPWCKTyMo-lboemB3dyZjhKbb4uZUy1WwITC0nk_cNmqxHhZJSc0j56iYgk9UIiZYrnZuRwQ82hjYeV9P2xfPnr2bdogvGqK28YnT0rxGY3O251w86IUICVkztP0-shsYOZmOnaRvlXAwAZj34m21-vljXT0zfPYIMRh2Lkx-5M0R2k1kh7Cgys\" style=\"margin-left: 1em;margin-right: 1em\"><br \/>\n    <img decoding=\"async\" border=\"0\" src=\"https:\/\/blogger.googleusercontent.com\/img\/a\/AVvXsEiL3rXsRPWCKTyMo-lboemB3dyZjhKbb4uZUy1WwITC0nk_cNmqxHhZJSc0j56iYgk9UIiZYrnZuRwQ82hjYeV9P2xfPnr2bdogvGqK28YnT0rxGY3O251w86IUICVkztP0-shsYOZmOnaRvlXAwAZj34m21-vljXT0zfPYIMRh2Lkx-5M0R2k1kh7Cgys\" width=\"400\"><br \/>\n  <\/a>\n<\/div>\n<div>\n<div><\/div>\n<div>A Est\u00e2ncia Tur\u00edstica de Tup\u00e3 se prepara para sediar o XXII F\u00f3rum de Debates para o Desenvolvimento de Tup\u00e3, um evento que promete movimentar a cidade com reflex\u00f5es e discuss\u00f5es estrat\u00e9gicas sobre inova\u00e7\u00e3o, empreendedorismo e desenvolvimento humano. O encontro, que ocorrer\u00e1 <b>entre os dias 20 e 22 de maio<\/b>, contar\u00e1 com a presen\u00e7a de personalidades renomadas, como o fil\u00f3sofo Mario Sergio Cortella, a medalhista ol\u00edmpica Maurren Higa Maggi e o jornalista Ivan Mor\u00e9.<\/div>\n<div><\/div>\n<div>\n<div class=\"separator\" style=\"clear: both;text-align: center\">\n  <a href=\"https:\/\/blogger.googleusercontent.com\/img\/a\/AVvXsEhukBrTwO_x5xOPXuKOPkROeosN0dze3zZAzHUgX3wr09m_RnxJ0jSthJ2IBDhZYnkEhYiVr5ZQaxfJUZ1G2SBIn4X9_n8YR1iYCNuAn7aAlv92GEZ_jpyGEQzZ1Ty2Ti0VHiUqnH4YH9sOk2Jz1L9LTZX1HR6DtuBXvz0mn6vv6yaoinrgeu_XmiL80iE\" style=\"margin-left: 1em;margin-right: 1em\"><br \/>\n    <img decoding=\"async\" border=\"0\" src=\"https:\/\/blogger.googleusercontent.com\/img\/a\/AVvXsEhukBrTwO_x5xOPXuKOPkROeosN0dze3zZAzHUgX3wr09m_RnxJ0jSthJ2IBDhZYnkEhYiVr5ZQaxfJUZ1G2SBIn4X9_n8YR1iYCNuAn7aAlv92GEZ_jpyGEQzZ1Ty2Ti0VHiUqnH4YH9sOk2Jz1L9LTZX1HR6DtuBXvz0mn6vv6yaoinrgeu_XmiL80iE\" width=\"400\"><br \/>\n  <\/a>\n<\/div>\n<p><\/div>\n<div>No dia 21 de maio, o p\u00fablico ter\u00e1 a oportunidade de acompanhar a palestra de Mario Sergio Cortella, refer\u00eancia nacional em temas como educa\u00e7\u00e3o, \u00e9tica e desenvolvimento humano. Com uma trajet\u00f3ria marcada por obras que inspiram profissionais de diversas \u00e1reas, Cortella trar\u00e1 reflex\u00f5es sobre os desafios e oportunidades para o crescimento pessoal e coletivo.<\/div>\n<div><\/div>\n<div>J\u00e1 no dia 20 de maio, a atleta Maurren Higa Maggi, primeira mulher brasileira a conquistar uma medalha de ouro em provas individuais nos Jogos Ol\u00edmpicos, compartilhar\u00e1 sua hist\u00f3ria de supera\u00e7\u00e3o e sucesso no esporte. Sua palestra promete inspirar os participantes a enfrentar desafios e buscar excel\u00eancia em suas trajet\u00f3rias.<\/div>\n<div><\/div>\n<div>Fechando a programa\u00e7\u00e3o de destaques, no dia 22 de maio, o jornalista Ivan Mor\u00e9 levar\u00e1 ao palco sua experi\u00eancia no mundo da comunica\u00e7\u00e3o e do jornalismo esportivo. Com uma carreira consolidada em grandes ve\u00edculos da televis\u00e3o brasileira, ele abordar\u00e1 temas como empreendedorismo, inova\u00e7\u00e3o e os bastidores da cobertura de eventos esportivos.<\/div>\n<div><\/div>\n<div>Al\u00e9m dessas atra\u00e7\u00f5es, o f\u00f3rum contar\u00e1 com pain\u00e9is e debates que reunir\u00e3o especialistas de diversas \u00e1reas, promovendo um di\u00e1logo rico e plural sobre o futuro de Tup\u00e3 e da regi\u00e3o. Apesar de ainda n\u00e3o terem sido divulgadas as informa\u00e7\u00f5es sobre inscri\u00e7\u00f5es, o evento j\u00e1 se destaca como uma oportunidade \u00fanica para profissionais, estudantes e interessados em desenvolvimento pessoal e coletivo.<\/div>\n<\/div>\n","protected":false},"excerpt":{"rendered":"<p>A Est\u00e2ncia Tur\u00edstica de Tup\u00e3 se prepara para sediar o XXII F\u00f3rum de Debates para o Desenvolvimento de Tup\u00e3, um evento que promete movimentar a cidade com reflex\u00f5es e discuss\u00f5es estrat\u00e9gicas sobre inova\u00e7\u00e3o, empreendedorismo e desenvolvimento humano. O encontro, que ocorrer\u00e1 entre os dias 20 e 22 de maio, contar\u00e1 com a presen\u00e7a de personalidades [&hellip;]<\/p>\n","protected":false},"author":260896546,"featured_media":0,"comment_status":"open","ping_status":"open","sticky":false,"template":"","format":"standard","meta":{"_crdt_document":"","_monsterinsights_skip_tracking":false,"_monsterinsights_sitenote_active":false,"_monsterinsights_sitenote_note":"","_monsterinsights_sitenote_category":0,"advanced_seo_description":"","jetpack_seo_html_title":"","jetpack_seo_noindex":false,"_jetpack_newsletter_access":"","_jetpack_dont_email_post_to_subs":false,"_jetpack_newsletter_tier_id":0,"_jetpack_memberships_contains_paywalled_content":false,"_jetpack_memberships_contains_paid_content":false,"footnotes":"","jetpack_publicize_message":"","jetpack_publicize_feature_enabled":true,"jetpack_social_post_already_shared":false,"jetpack_social_options":{"image_generator_settings":{"template":"fullscreen","default_image_id":0,"font":"","enabled":false},"version":2},"_wpas_customize_per_network":false,"jetpack_post_was_ever_published":false},"categories":[38185],"tags":[980901,410667,2099801],"class_list":["post-2604","post","type-post","status-publish","format-standard","hentry","category-brasil","tag-desenvolvimento-economico","tag-palestra","tag-tupa"],"jetpack_publicize_connections":[],"jetpack_featured_media_url":"","jetpack_likes_enabled":true,"jetpack_sharing_enabled":true,"jetpack_shortlink":"https:\/\/wp.me\/pgitne-G0","jetpack-related-posts":[{"id":8604,"url":"https:\/\/diariodegarca.com\/?p=8604","url_meta":{"origin":2604,"position":0},"title":"CultSP PRO oferece semana especial cultural de qualifica\u00e7\u00e3o com palestras online gratuitas","author":"Andreza Sega","date":"10 de novembro de 2025","format":false,"excerpt":"A Semana Especial do CULTSP PRO, de 10 a 17 de novembro, oferece palestras online gratuitas sobre economia criativa, abordando temas como audiovisual, games e literatura, com foco no desenvolvimento profissional.","rel":"","context":"Em &quot;Cultura&quot;","block_context":{"text":"Cultura","link":"https:\/\/diariodegarca.com\/?cat=2367"},"img":{"alt_text":"","src":"https:\/\/i0.wp.com\/diariodegarca.com\/wp-content\/uploads\/2025\/11\/grupo-de-amigos-planejando-uma-viagem-em-um-cafe.jpg?fit=1200%2C800&ssl=1&resize=350%2C200","width":350,"height":200,"srcset":"https:\/\/i0.wp.com\/diariodegarca.com\/wp-content\/uploads\/2025\/11\/grupo-de-amigos-planejando-uma-viagem-em-um-cafe.jpg?fit=1200%2C800&ssl=1&resize=350%2C200 1x, https:\/\/i0.wp.com\/diariodegarca.com\/wp-content\/uploads\/2025\/11\/grupo-de-amigos-planejando-uma-viagem-em-um-cafe.jpg?fit=1200%2C800&ssl=1&resize=525%2C300 1.5x, https:\/\/i0.wp.com\/diariodegarca.com\/wp-content\/uploads\/2025\/11\/grupo-de-amigos-planejando-uma-viagem-em-um-cafe.jpg?fit=1200%2C800&ssl=1&resize=700%2C400 2x, https:\/\/i0.wp.com\/diariodegarca.com\/wp-content\/uploads\/2025\/11\/grupo-de-amigos-planejando-uma-viagem-em-um-cafe.jpg?fit=1200%2C800&ssl=1&resize=1050%2C600 3x"},"classes":[]},{"id":2852,"url":"https:\/\/diariodegarca.com\/?p=2852","url_meta":{"origin":2604,"position":1},"title":"Sa\u00fade de Gar\u00e7a promove semana de conscientiza\u00e7\u00e3o e preven\u00e7\u00e3o \u00e0 gravidez na adolesc\u00eancia","author":"Di\u00e1rio de Gar\u00e7a","date":"12 de fevereiro de 2025","format":false,"excerpt":"A gravidez na adolesc\u00eancia \u00e9 um tema que demanda aten\u00e7\u00e3o e a\u00e7\u00e3o coletiva. Reconhecendo a import\u00e2ncia de abordar esse assunto de forma preventiva e educativa, a Prefeitura de Gar\u00e7a, por meio da Secretaria de Sa\u00fade, em parceria com a SBCD (Sociedade Beneficente de Combate \u00e0s Doen\u00e7as) e a AHBB (Associa\u00e7\u00e3o\u2026","rel":"","context":"Em &quot;Brasil&quot;","block_context":{"text":"Brasil","link":"https:\/\/diariodegarca.com\/?cat=38185"},"img":{"alt_text":"","src":"","width":0,"height":0},"classes":[]},{"id":7909,"url":"https:\/\/diariodegarca.com\/?p=7909","url_meta":{"origin":2604,"position":2},"title":"Especialistas discutem a influ\u00eancia do intestino na sa\u00fade integral em palestra gratuita em Gar\u00e7a","author":"Andreza Sega","date":"21 de outubro de 2025","format":false,"excerpt":"Evento sobre Medicina Integrativa abordar\u00e1 a rela\u00e7\u00e3o entre o microbioma intestinal, sistema imunol\u00f3gico, sa\u00fade mental e hormonal, com foco em condi\u00e7\u00f5es como TEA e TDAH. A Cl\u00ednica de Especialidades Saber promover\u00e1, no dia 6 de novembro, uma palestra gratuita sobre os princ\u00edpios e benef\u00edcios da Medicina Integrativa. O evento, que\u2026","rel":"","context":"Em &quot;Eventos&quot;","block_context":{"text":"Eventos","link":"https:\/\/diariodegarca.com\/?cat=2366"},"img":{"alt_text":"","src":"https:\/\/i0.wp.com\/diariodegarca.com\/wp-content\/uploads\/2025\/10\/jovem-morena-em-pe-sobre-fundo-azul-com-mao-no-estomago-porque-indigestao-doenca-dolorosa-se-sentindo-mal-conceito-de-dor.jpg?fit=1200%2C800&ssl=1&resize=350%2C200","width":350,"height":200,"srcset":"https:\/\/i0.wp.com\/diariodegarca.com\/wp-content\/uploads\/2025\/10\/jovem-morena-em-pe-sobre-fundo-azul-com-mao-no-estomago-porque-indigestao-doenca-dolorosa-se-sentindo-mal-conceito-de-dor.jpg?fit=1200%2C800&ssl=1&resize=350%2C200 1x, https:\/\/i0.wp.com\/diariodegarca.com\/wp-content\/uploads\/2025\/10\/jovem-morena-em-pe-sobre-fundo-azul-com-mao-no-estomago-porque-indigestao-doenca-dolorosa-se-sentindo-mal-conceito-de-dor.jpg?fit=1200%2C800&ssl=1&resize=525%2C300 1.5x, https:\/\/i0.wp.com\/diariodegarca.com\/wp-content\/uploads\/2025\/10\/jovem-morena-em-pe-sobre-fundo-azul-com-mao-no-estomago-porque-indigestao-doenca-dolorosa-se-sentindo-mal-conceito-de-dor.jpg?fit=1200%2C800&ssl=1&resize=700%2C400 2x, https:\/\/i0.wp.com\/diariodegarca.com\/wp-content\/uploads\/2025\/10\/jovem-morena-em-pe-sobre-fundo-azul-com-mao-no-estomago-porque-indigestao-doenca-dolorosa-se-sentindo-mal-conceito-de-dor.jpg?fit=1200%2C800&ssl=1&resize=1050%2C600 3x"},"classes":[]},{"id":2664,"url":"https:\/\/diariodegarca.com\/?p=2664","url_meta":{"origin":2604,"position":3},"title":"Startup Day: o maior movimento de inova\u00e7\u00e3o do Brasil chega a Gar\u00e7a","author":"Di\u00e1rio de Gar\u00e7a","date":"9 de mar\u00e7o de 2025","format":false,"excerpt":"No pr\u00f3ximo s\u00e1bado, 22 de mar\u00e7o, a cidade de Gar\u00e7a\u00a0receber\u00e1 um dos eventos mais aguardados do ecossistema de inova\u00e7\u00e3o e empreendedorismo: o Startup Day.\u00a0O evento, que promete reunir empreendedores, especialistas e entusiastas da \u00e1rea, tem como objetivo conectar ideias, inspirar neg\u00f3cios e impulsionar o desenvolvimento econ\u00f4mico regional.\u00a0\u00a0Com uma programa\u00e7\u00e3o din\u00e2mica\u2026","rel":"","context":"Em &quot;Brasil&quot;","block_context":{"text":"Brasil","link":"https:\/\/diariodegarca.com\/?cat=38185"},"img":{"alt_text":"","src":"","width":0,"height":0},"classes":[]},{"id":5713,"url":"https:\/\/diariodegarca.com\/?p=5713","url_meta":{"origin":2604,"position":4},"title":"&#8220;Agosto Lil\u00e1s&#8221; chega a Alvinl\u00e2ndia com palestra sobre viol\u00eancia dom\u00e9stica e ferramentas de prote\u00e7\u00e3o","author":"Di\u00e1rio de Gar\u00e7a","date":"17 de agosto de 2025","format":false,"excerpt":"Investigadora Elaine Oliveira e Pol\u00edcia Militar orientam mulheres sobre preven\u00e7\u00e3o, aplicativo SOS Mulher e Cabine Lil\u00e1s. Na noite de sexta-feira,\u00a015 de agosto, Alvinl\u00e2ndia recebeu uma edi\u00e7\u00e3o da campanha\u00a0\"Agosto Lil\u00e1s\", com uma palestra ministrada pela\u00a0investigadora da Pol\u00edcia Civil e vereadora de Gar\u00e7a, Elaine Oliveira, em parceria com a\u00a0Pol\u00edcia Militar. O evento,\u2026","rel":"","context":"Em &quot;Alvinl\u00e2ndia&quot;","block_context":{"text":"Alvinl\u00e2ndia","link":"https:\/\/diariodegarca.com\/?cat=32102633"},"img":{"alt_text":"","src":"https:\/\/i0.wp.com\/diariodegarca.com\/wp-content\/uploads\/2025\/08\/97b11998-6e54-4fc4-9159-c620a80a593e.jpg?fit=900%2C1200&ssl=1&resize=350%2C200","width":350,"height":200,"srcset":"https:\/\/i0.wp.com\/diariodegarca.com\/wp-content\/uploads\/2025\/08\/97b11998-6e54-4fc4-9159-c620a80a593e.jpg?fit=900%2C1200&ssl=1&resize=350%2C200 1x, https:\/\/i0.wp.com\/diariodegarca.com\/wp-content\/uploads\/2025\/08\/97b11998-6e54-4fc4-9159-c620a80a593e.jpg?fit=900%2C1200&ssl=1&resize=525%2C300 1.5x, https:\/\/i0.wp.com\/diariodegarca.com\/wp-content\/uploads\/2025\/08\/97b11998-6e54-4fc4-9159-c620a80a593e.jpg?fit=900%2C1200&ssl=1&resize=700%2C400 2x"},"classes":[]},{"id":5682,"url":"https:\/\/diariodegarca.com\/?p=5682","url_meta":{"origin":2604,"position":5},"title":"&#8220;Agosto Lil\u00e1s&#8221; leva conscientiza\u00e7\u00e3o sobre viol\u00eancia dom\u00e9stica a Lup\u00e9rcio, G\u00e1lia e Gar\u00e7a","author":"Di\u00e1rio de Gar\u00e7a","date":"15 de agosto de 2025","format":false,"excerpt":"Palestras da Pol\u00edcia Militar e da Pol\u00edcia Civil orientam mulheres sobre o aplicativo SOS Mulher; Opera\u00e7\u00e3o Shamar prende 8 homens por crimes de viol\u00eancia ou relacionados a pens\u00e3o aliment\u00edcia na regi\u00e3o. Nos munic\u00edpios de Lup\u00e9rcio e G\u00e1lia, a Pol\u00edcia Militar, representada pelos comandantes Subtenente PM Rog\u00e9rio Mecenero e 1\u00ba Sgt\u2026","rel":"","context":"Em &quot;Campanha mensal&quot;","block_context":{"text":"Campanha mensal","link":"https:\/\/diariodegarca.com\/?cat=582590134"},"img":{"alt_text":"","src":"https:\/\/i0.wp.com\/diariodegarca.com\/wp-content\/uploads\/2025\/08\/whatsapp-image-2025-08-15-at-17.47.04.jpeg?fit=1080%2C1074&ssl=1&resize=350%2C200","width":350,"height":200,"srcset":"https:\/\/i0.wp.com\/diariodegarca.com\/wp-content\/uploads\/2025\/08\/whatsapp-image-2025-08-15-at-17.47.04.jpeg?fit=1080%2C1074&ssl=1&resize=350%2C200 1x, https:\/\/i0.wp.com\/diariodegarca.com\/wp-content\/uploads\/2025\/08\/whatsapp-image-2025-08-15-at-17.47.04.jpeg?fit=1080%2C1074&ssl=1&resize=525%2C300 1.5x, https:\/\/i0.wp.com\/diariodegarca.com\/wp-content\/uploads\/2025\/08\/whatsapp-image-2025-08-15-at-17.47.04.jpeg?fit=1080%2C1074&ssl=1&resize=700%2C400 2x, https:\/\/i0.wp.com\/diariodegarca.com\/wp-content\/uploads\/2025\/08\/whatsapp-image-2025-08-15-at-17.47.04.jpeg?fit=1080%2C1074&ssl=1&resize=1050%2C600 3x"},"classes":[]}],"_links":{"self":[{"href":"https:\/\/diariodegarca.com\/index.php?rest_route=\/wp\/v2\/posts\/2604","targetHints":{"allow":["GET"]}}],"collection":[{"href":"https:\/\/diariodegarca.com\/index.php?rest_route=\/wp\/v2\/posts"}],"about":[{"href":"https:\/\/diariodegarca.com\/index.php?rest_route=\/wp\/v2\/types\/post"}],"author":[{"embeddable":true,"href":"https:\/\/diariodegarca.com\/index.php?rest_route=\/wp\/v2\/users\/260896546"}],"replies":[{"embeddable":true,"href":"https:\/\/diariodegarca.com\/index.php?rest_route=%2Fwp%2Fv2%2Fcomments&post=2604"}],"version-history":[{"count":0,"href":"https:\/\/diariodegarca.com\/index.php?rest_route=\/wp\/v2\/posts\/2604\/revisions"}],"wp:attachment":[{"href":"https:\/\/diariodegarca.com\/index.php?rest_route=%2Fwp%2Fv2%2Fmedia&parent=2604"}],"wp:term":[{"taxonomy":"category","embeddable":true,"href":"https:\/\/diariodegarca.com\/index.php?rest_route=%2Fwp%2Fv2%2Fcategories&post=2604"},{"taxonomy":"post_tag","embeddable":true,"href":"https:\/\/diariodegarca.com\/index.php?rest_route=%2Fwp%2Fv2%2Ftags&post=2604"}],"curies":[{"name":"wp","href":"https:\/\/api.w.org\/{rel}","templated":true}]}}