{"id":2606,"date":"2025-03-17T22:05:00","date_gmt":"2025-03-17T22:05:00","guid":{"rendered":"https:\/\/diariodegarca.com\/2025\/03\/17\/secretarios-de-jau-viram-reus-por-destruicao-de-4-hectares-de-area-de-preservacao-permanente\/"},"modified":"2025-03-17T22:05:00","modified_gmt":"2025-03-17T22:05:00","slug":"secretarios-de-jau-viram-reus-por-destruicao-de-4-hectares-de-area-de-preservacao-permanente","status":"publish","type":"post","link":"https:\/\/diariodegarca.com\/?p=2606","title":{"rendered":"Secret\u00e1rios de Ja\u00fa viram r\u00e9us por destrui\u00e7\u00e3o de 4 hectares de \u00e1rea de preserva\u00e7\u00e3o permanente"},"content":{"rendered":"<div>\n<div class=\"separator\" style=\"clear: both;text-align: center\">\n  <a href=\"https:\/\/blogger.googleusercontent.com\/img\/a\/AVvXsEherUgvLug1_E3Zu2wtQ1hfouKLKGf3bhi0dnwmSuviui_gIf9bbcXVBBP9L2sAgytNSDX34KQvLlHQjheLdGWbyPH06nS1W96oaRwDc1yv4i8jzLH9yKlHnx8U5zaomfPEbxeBa3VOEepdmJyIGEPBO8e6yxxLhNqXQZs0lGIcg55d014URa4KO164IUQ\" style=\"margin-left: 1em;margin-right: 1em\"><br \/>\n    <img decoding=\"async\" border=\"0\" src=\"https:\/\/blogger.googleusercontent.com\/img\/a\/AVvXsEherUgvLug1_E3Zu2wtQ1hfouKLKGf3bhi0dnwmSuviui_gIf9bbcXVBBP9L2sAgytNSDX34KQvLlHQjheLdGWbyPH06nS1W96oaRwDc1yv4i8jzLH9yKlHnx8U5zaomfPEbxeBa3VOEepdmJyIGEPBO8e6yxxLhNqXQZs0lGIcg55d014URa4KO164IUQ\" width=\"400\"><br \/>\n  <\/a>\n<\/div>\n<p><\/div>\n<div>Os secret\u00e1rios municipais de Ja\u00fa, Giovani Fabr\u00edcio (Meio Ambiente) e Neto Leonelli (Planejamento Urban\u00edstico), foram formalmente acusados pelo Minist\u00e9rio P\u00fablico (MP) do Meio Ambiente por destru\u00edrem quase 4 hectares de \u00c1rea de Preserva\u00e7\u00e3o Permanente (APP) \u00e0s margens do Rio Ja\u00fa. A a\u00e7\u00e3o judicial, que os torna r\u00e9us, foi movida ap\u00f3s investiga\u00e7\u00e3o que apontou a erradica\u00e7\u00e3o de vegeta\u00e7\u00e3o nativa entre 2023 e 2024, sob o pretexto de desobstruir a passagem de \u00e1gua e evitar enchentes.\u00a0\u00a0<\/div>\n<div><\/div>\n<div>\n<div>\n  <a href=\"https:\/\/blogger.googleusercontent.com\/img\/a\/AVvXsEgfAm2KMIk7bFxgixvL5sIRnX6oYtpgHN6Wd8P6t5QL85oTZ1kVsC9c0VWenPD4Sh9hBIkNh33Csvw5WoIqHUOoEHkYEhtPkxlX25uQ20dnQUK-zr1ZOTVTFv8opvAHLr-yzh9VWfBZ9rnOlVaiS-Md5T_AVvzEZEHib8Jv8WE7xC-EwgfnmkEXQ2Ll_s0\"><br \/>\n    <img decoding=\"async\" border=\"0\" src=\"https:\/\/blogger.googleusercontent.com\/img\/a\/AVvXsEgfAm2KMIk7bFxgixvL5sIRnX6oYtpgHN6Wd8P6t5QL85oTZ1kVsC9c0VWenPD4Sh9hBIkNh33Csvw5WoIqHUOoEHkYEhtPkxlX25uQ20dnQUK-zr1ZOTVTFv8opvAHLr-yzh9VWfBZ9rnOlVaiS-Md5T_AVvzEZEHib8Jv8WE7xC-EwgfnmkEXQ2Ll_s0\" width=\"400\"><br \/>\n  <\/a>\n<\/div>\n<p><\/div>\n<div>De acordo com o MP, o crime ambiental foi cometido com o uso de motoserras e draga, sem a licen\u00e7a ambiental obrigat\u00f3ria ou qualquer plano de manejo. O servi\u00e7o, executado por uma empresa contratada pela prefeitura ao custo de R$ 1,9 milh\u00e3o, eliminou uma \u00e1rea equivalente a cinco campos de futebol. O promotor Luiz Fernando Rossetto, respons\u00e1vel pelo caso, solicitou um inqu\u00e9rito policial, cujo relat\u00f3rio final foi integralmente acatado pela Justi\u00e7a.\u00a0\u00a0<\/div>\n<div><\/div>\n<div>Os secret\u00e1rios ter\u00e3o 10 dias, a partir da notifica\u00e7\u00e3o, para apresentar sua defesa. A Procuradoria-Geral do Munic\u00edpio de Ja\u00fa informou, por meio de nota, que ainda n\u00e3o foi notificada sobre a a\u00e7\u00e3o penal em andamento.\u00a0\u00a0<\/div>\n<div><\/div>\n<div><b>Fonte<\/b>:\u00a0<\/div>\n<div><a href=\"https:\/\/horahnoticia.com.br\/acusados-de-destruir-quase-4-hectares-de-app-em-jau-secretarios-viram-reus-em-acao-judicial\/\">Hora H<\/a><\/div>\n","protected":false},"excerpt":{"rendered":"<p>Os secret\u00e1rios municipais de Ja\u00fa, Giovani Fabr\u00edcio (Meio Ambiente) e Neto Leonelli (Planejamento Urban\u00edstico), foram formalmente acusados pelo Minist\u00e9rio P\u00fablico (MP) do Meio Ambiente por destru\u00edrem quase 4 hectares de \u00c1rea de Preserva\u00e7\u00e3o Permanente (APP) \u00e0s margens do Rio Ja\u00fa. A a\u00e7\u00e3o judicial, que os torna r\u00e9us, foi movida ap\u00f3s investiga\u00e7\u00e3o que apontou a erradica\u00e7\u00e3o [&hellip;]<\/p>\n","protected":false},"author":260896546,"featured_media":0,"comment_status":"open","ping_status":"open","sticky":false,"template":"","format":"standard","meta":{"_monsterinsights_skip_tracking":false,"advanced_seo_description":"","jetpack_seo_html_title":"","jetpack_seo_noindex":false,"jetpack_seo_schema_type":"","_jetpack_newsletter_access":"","_jetpack_dont_email_post_to_subs":false,"_jetpack_newsletter_tier_id":0,"_jetpack_memberships_contains_paywalled_content":false,"_wpcom_ai_launchpad_first_post":false,"_jetpack_feature_clip_id":0,"_jetpack_memberships_contains_paid_content":false,"footnotes":"","jetpack_publicize_message":"{title}\n\n{excerpt}\n\n{url}","jetpack_publicize_feature_enabled":true,"jetpack_social_post_already_shared":false,"jetpack_social_options":{"image_generator_settings":{"template":"fullscreen","default_image_id":0,"font":"","enabled":false},"version":2},"_wpas_customize_per_network":false,"jetpack_post_was_ever_published":false},"categories":[38185],"tags":[2095731,781171796],"class_list":["post-2606","post","type-post","status-publish","format-standard","hentry","category-brasil","tag-jau","tag-meio-ambiente"],"jetpack_publicize_connections":[],"jetpack_likes_enabled":true,"jetpack_sharing_enabled":true,"jetpack_shortlink":"https:\/\/wp.me\/pgitne-G2","jetpack-related-posts":[{"id":2810,"url":"https:\/\/diariodegarca.com\/?p=2810","url_meta":{"origin":2606,"position":0},"title":"Luto no Futebol Paulista: Gabriel Pop\u00f3, jogador do XV de Ja\u00fa, morre por mal s\u00fabito","author":"Di\u00e1rio de Gar\u00e7a","date":"16 de fevereiro de 2025","format":false,"excerpt":"Aqui est\u00e1 a sua mat\u00e9ria com uma diagrama\u00e7\u00e3o mais organizada, destacando informa\u00e7\u00f5es importantes para facilitar a leitura: Mar\u00edlia Chora\u00a0 O futebol paulista e a cidade de Mar\u00edlia est\u00e3o de luto. Neste domingo, o atleta Gabriel Prot\u00e1sio, conhecido como Pop\u00f3, de 26 anos, morreu ap\u00f3s sofrer um mal s\u00fabito na concentra\u00e7\u00e3o\u2026","rel":"","context":"Em &quot;Brasil&quot;","block_context":{"text":"Brasil","link":"https:\/\/diariodegarca.com\/?cat=38185"},"img":{"alt_text":"","src":"","width":0,"height":0},"classes":[]},{"id":2761,"url":"https:\/\/diariodegarca.com\/?p=2761","url_meta":{"origin":2606,"position":1},"title":"Lions Clube de Gar\u00e7a doa gelatinas para auxiliar crian\u00e7as em tratamento de c\u00e2ncer em Ja\u00fa","author":"Di\u00e1rio de Gar\u00e7a","date":"24 de fevereiro de 2025","format":false,"excerpt":"Entre janeiro e fevereiro, o Lions Clube de Gar\u00e7a mobilizou a popula\u00e7\u00e3o em uma campanha solid\u00e1ria para arrecadar gelatinas, destinadas a crian\u00e7as em tratamento oncol\u00f3gico no Hospital Amaral Carvalho, em Ja\u00fa. A iniciativa resultou na entrega das doa\u00e7\u00f5es \u00e0 Casa de Apoio aos Pacientes com C\u00e2ncer de Gar\u00e7a, institui\u00e7\u00e3o onde\u2026","rel":"","context":"Em &quot;Brasil&quot;","block_context":{"text":"Brasil","link":"https:\/\/diariodegarca.com\/?cat=38185"},"img":{"alt_text":"","src":"","width":0,"height":0},"classes":[]},{"id":9672,"url":"https:\/\/diariodegarca.com\/?p=9672","url_meta":{"origin":2606,"position":2},"title":"ANP flagra irregularidades em postos de SP e apreende combust\u00edveis fora do padr\u00e3o","author":"Di\u00e1rio de Gar\u00e7a","date":"23 de dezembro de 2025","format":false,"excerpt":"Opera\u00e7\u00f5es de fiscaliza\u00e7\u00e3o em 15 estados entre 8 e 19 de dezembro resultaram em autua\u00e7\u00f5es, interdi\u00e7\u00f5es e apreens\u00f5es, com destaque para um mega caso em Goi\u00e1s e falhas recorrentes na qualidade dos combust\u00edveis e na seguran\u00e7a das instala\u00e7\u00f5es. A Ag\u00eancia Nacional do Petr\u00f3leo, G\u00e1s Natural e Biocombust\u00edveis (ANP) divulgou nesta\u2026","rel":"","context":"Em &quot;Bauru&quot;","block_context":{"text":"Bauru","link":"https:\/\/diariodegarca.com\/?cat=1357691"},"img":{"alt_text":"","src":"https:\/\/i0.wp.com\/diariodegarca.com\/wp-content\/uploads\/2025\/12\/anp.png?fit=768%2C395&ssl=1&resize=350%2C200","width":350,"height":200,"srcset":"https:\/\/i0.wp.com\/diariodegarca.com\/wp-content\/uploads\/2025\/12\/anp.png?fit=768%2C395&ssl=1&resize=350%2C200 1x, https:\/\/i0.wp.com\/diariodegarca.com\/wp-content\/uploads\/2025\/12\/anp.png?fit=768%2C395&ssl=1&resize=525%2C300 1.5x, https:\/\/i0.wp.com\/diariodegarca.com\/wp-content\/uploads\/2025\/12\/anp.png?fit=768%2C395&ssl=1&resize=700%2C400 2x"},"classes":[]},{"id":2690,"url":"https:\/\/diariodegarca.com\/?p=2690","url_meta":{"origin":2606,"position":3},"title":"Times de Gar\u00e7a ficam de fora da Copa Record Interior e Copa Bom Senso","author":"Di\u00e1rio de Gar\u00e7a","date":"6 de mar\u00e7o de 2025","format":false,"excerpt":"Em uma decis\u00e3o que pegou a comunidade esportiva de surpresa, a cidade de Gar\u00e7a n\u00e3o estar\u00e1 presente em duas das principais competi\u00e7\u00f5es de futsal do interior paulista: Copa Record Interior Paulista (Regi\u00e3o Bauru) e Copa Bom Senso. O per\u00edodo de inscri\u00e7\u00f5es para ambos os torneios j\u00e1 foi encerrado, e a\u2026","rel":"","context":"Em &quot;Brasil&quot;","block_context":{"text":"Brasil","link":"https:\/\/diariodegarca.com\/?cat=38185"},"img":{"alt_text":"","src":"","width":0,"height":0},"classes":[]},{"id":3697,"url":"https:\/\/diariodegarca.com\/?p=3697","url_meta":{"origin":2606,"position":4},"title":"ANP intensifica fiscaliza\u00e7\u00e3o de combust\u00edveis","author":"Di\u00e1rio de Gar\u00e7a","date":"4 de junho de 2025","format":false,"excerpt":"A\u00e7\u00f5es identificaram postos irregulares, interdi\u00e7\u00f5es e autua\u00e7\u00f5es por fraudes em bombas e falta de documenta\u00e7\u00e3o Entre os dias 26 e 29 de maio, a Ag\u00eancia Nacional do Petr\u00f3leo, G\u00e1s Natural e Biocombust\u00edveis (ANP) realizou opera\u00e7\u00f5es de fiscaliza\u00e7\u00e3o em 13 unidades da Federa\u00e7\u00e3o, com destaque para a participa\u00e7\u00e3o na\u00a0Opera\u00e7\u00e3o \u00c1gata, uma\u2026","rel":"","context":"Em &quot;Fiscaliza\u00e7\u00e3o&quot;","block_context":{"text":"Fiscaliza\u00e7\u00e3o","link":"https:\/\/diariodegarca.com\/?cat=1192752"},"img":{"alt_text":"","src":"","width":0,"height":0},"classes":[]},{"id":5451,"url":"https:\/\/diariodegarca.com\/?p=5451","url_meta":{"origin":2606,"position":5},"title":"Regi\u00e3o de Bauru e Mar\u00edlia registra quase 500 acidentes com escorpi\u00f5es por m\u00eas; saiba como se proteger","author":"Di\u00e1rio de Gar\u00e7a","date":"9 de agosto de 2025","format":false,"excerpt":"Aumento de casos exige aten\u00e7\u00e3o e medidas preventivas. Dados da Secretaria de Estado da Sa\u00fade de S\u00e3o Paulo (SES-SP) revelam um cen\u00e1rio preocupante: apenas em 2025, j\u00e1 foram registrados\u00a024.366 acidentes com escorpi\u00f5es\u00a0no estado, com uma morte confirmada. Nas regi\u00f5es de Bauru e Mar\u00edlia, os n\u00fameros s\u00e3o alarmantes, somando\u00a03.455 ocorr\u00eancias\u00a0este ano,\u2026","rel":"","context":"Em &quot;Bauru&quot;","block_context":{"text":"Bauru","link":"https:\/\/diariodegarca.com\/?cat=1357691"},"img":{"alt_text":"","src":"https:\/\/i0.wp.com\/diariodegarca.com\/wp-content\/uploads\/2025\/08\/escorpiao-hottentotta-com-babys-no-corpo-vista-frontal-escorpiao-hottentotta-em-folhas-verdes.jpg?fit=1200%2C800&ssl=1&resize=350%2C200","width":350,"height":200,"srcset":"https:\/\/i0.wp.com\/diariodegarca.com\/wp-content\/uploads\/2025\/08\/escorpiao-hottentotta-com-babys-no-corpo-vista-frontal-escorpiao-hottentotta-em-folhas-verdes.jpg?fit=1200%2C800&ssl=1&resize=350%2C200 1x, https:\/\/i0.wp.com\/diariodegarca.com\/wp-content\/uploads\/2025\/08\/escorpiao-hottentotta-com-babys-no-corpo-vista-frontal-escorpiao-hottentotta-em-folhas-verdes.jpg?fit=1200%2C800&ssl=1&resize=525%2C300 1.5x, https:\/\/i0.wp.com\/diariodegarca.com\/wp-content\/uploads\/2025\/08\/escorpiao-hottentotta-com-babys-no-corpo-vista-frontal-escorpiao-hottentotta-em-folhas-verdes.jpg?fit=1200%2C800&ssl=1&resize=700%2C400 2x, https:\/\/i0.wp.com\/diariodegarca.com\/wp-content\/uploads\/2025\/08\/escorpiao-hottentotta-com-babys-no-corpo-vista-frontal-escorpiao-hottentotta-em-folhas-verdes.jpg?fit=1200%2C800&ssl=1&resize=1050%2C600 3x"},"classes":[]}],"jetpack_featured_media_url":"","_links":{"self":[{"href":"https:\/\/diariodegarca.com\/index.php?rest_route=\/wp\/v2\/posts\/2606","targetHints":{"allow":["GET"]}}],"collection":[{"href":"https:\/\/diariodegarca.com\/index.php?rest_route=\/wp\/v2\/posts"}],"about":[{"href":"https:\/\/diariodegarca.com\/index.php?rest_route=\/wp\/v2\/types\/post"}],"author":[{"embeddable":true,"href":"https:\/\/diariodegarca.com\/index.php?rest_route=\/wp\/v2\/users\/260896546"}],"replies":[{"embeddable":true,"href":"https:\/\/diariodegarca.com\/index.php?rest_route=%2Fwp%2Fv2%2Fcomments&post=2606"}],"version-history":[{"count":0,"href":"https:\/\/diariodegarca.com\/index.php?rest_route=\/wp\/v2\/posts\/2606\/revisions"}],"wp:attachment":[{"href":"https:\/\/diariodegarca.com\/index.php?rest_route=%2Fwp%2Fv2%2Fmedia&parent=2606"}],"wp:term":[{"taxonomy":"category","embeddable":true,"href":"https:\/\/diariodegarca.com\/index.php?rest_route=%2Fwp%2Fv2%2Fcategories&post=2606"},{"taxonomy":"post_tag","embeddable":true,"href":"https:\/\/diariodegarca.com\/index.php?rest_route=%2Fwp%2Fv2%2Ftags&post=2606"}],"curies":[{"name":"wp","href":"https:\/\/api.w.org\/{rel}","templated":true}]}}