{"id":2609,"date":"2025-03-17T18:04:00","date_gmt":"2025-03-17T18:04:00","guid":{"rendered":"https:\/\/diariodegarca.com\/2025\/03\/17\/governo-oferece-pos-graduacao-para-profissionais-da-seguranca-publica-na-modalidade-online\/"},"modified":"2025-03-17T18:04:00","modified_gmt":"2025-03-17T18:04:00","slug":"governo-oferece-pos-graduacao-para-profissionais-da-seguranca-publica-na-modalidade-online","status":"publish","type":"post","link":"https:\/\/diariodegarca.com\/?p=2609","title":{"rendered":"Governo oferece p\u00f3s-gradua\u00e7\u00e3o para profissionais da seguran\u00e7a p\u00fablica na modalidade online"},"content":{"rendered":"<div>\n<div class=\"separator\" style=\"clear: both;text-align: center\">\n  <a href=\"https:\/\/blogger.googleusercontent.com\/img\/a\/AVvXsEint83HO1sujXOviGIU5J5iahanlxLzExbqSPqTB6CRvFXmDc1onyDU0Iutpr3b14XoBZacyszTUFUS8fG7PGHzENCCqHbENklVHsTzNKUngH5Gmo-4W3gpjIT8crsqJzO1g2S3Gz1BLHxgEHZh1yyr26r9jv1OIwaiArtfxawHi1YP5F--oM4s8VINmd4\" style=\"margin-left: 1em;margin-right: 1em\"><br \/>\n    <img decoding=\"async\" border=\"0\" src=\"https:\/\/blogger.googleusercontent.com\/img\/a\/AVvXsEint83HO1sujXOviGIU5J5iahanlxLzExbqSPqTB6CRvFXmDc1onyDU0Iutpr3b14XoBZacyszTUFUS8fG7PGHzENCCqHbENklVHsTzNKUngH5Gmo-4W3gpjIT8crsqJzO1g2S3Gz1BLHxgEHZh1yyr26r9jv1OIwaiArtfxawHi1YP5F--oM4s8VINmd4\" width=\"400\"><br \/>\n  <\/a>\n<\/div>\n<p><\/div>\n<div>O Minist\u00e9rio da Justi\u00e7a e Seguran\u00e7a P\u00fablica, em parceria com universidades federais, est\u00e1 com inscri\u00e7\u00f5es abertas para dois cursos de p\u00f3s-gradua\u00e7\u00e3o \u00e0 dist\u00e2ncia voltados para profissionais da \u00e1rea de seguran\u00e7a. As forma\u00e7\u00f5es t\u00eam como objetivo aprimorar o atendimento \u00e0 popula\u00e7\u00e3o e oferecer ferramentas atualizadas para o exerc\u00edcio profissional.\u00a0\u00a0<\/div>\n<div><\/div>\n<div>\ud83c\udf93 <b>P\u00f3s-gradua\u00e7\u00e3o em Seguran\u00e7a P\u00fablica e Pol\u00edticas sobre Drogas<\/b>\u00a0<\/div>\n<div>Certificada pela Universidade Federal de Juiz de Fora (UFJF), o curso <b>tem dura\u00e7\u00e3o de 14 meses e oferece 225 vagas.<\/b> O p\u00fablico-alvo inclui policiais militares e civis, peritos da Pol\u00edcia T\u00e9cnico-Cient\u00edfica, guardas municipais e policiais rodovi\u00e1rios federais. As <b>inscri\u00e7\u00f5es v\u00e3o at\u00e9 28 de mar\u00e7o<\/b> e podem ser feitas no site <a href=\"http:\/\/sistemascead.ufjf.br\">sistemascead.ufjf.br<\/a><span>.\u00a0\u00a0<\/span><\/div>\n<div><\/div>\n<div>\ud83c\udf93 <b>P\u00f3s-gradua\u00e7\u00e3o em Prote\u00e7\u00e3o de Pessoas Vulnerabilizadas<\/b><\/div>\n<div>Certificada pela Universidade Federal da Bahia (UFBA), a forma\u00e7\u00e3o tamb\u00e9m tem <b>dura\u00e7\u00e3o de 14 meses e oferece 200 vagas<\/b>. O curso \u00e9 direcionado a policiais militares e civis, peritos da Pol\u00edcia T\u00e9cnico-Cient\u00edfica, bombeiros militares e guardas municipais. As <b>inscri\u00e7\u00f5es seguem at\u00e9 30 de mar\u00e7o<\/b> no site <a href=\"http:\/\/progesp.ufba.br\">progesp.ufba.br<\/a>.\u00a0\u00a0<\/div>\n<div><\/div>\n<div>Ambas as forma\u00e7\u00f5es s\u00e3o gratuitas e visam capacitar os profissionais para atuar de forma mais eficiente em situa\u00e7\u00f5es que exigem aten\u00e7\u00e3o especial, como o combate ao tr\u00e1fico de drogas e a prote\u00e7\u00e3o de grupos vulner\u00e1veis. Demais profissionais da seguran\u00e7a p\u00fablica poder\u00e3o concorrer \u00e0s vagas remanescentes ap\u00f3s o per\u00edodo priorit\u00e1rio de inscri\u00e7\u00f5es.\u00a0\u00a0<\/div>\n<div><\/div>\n<div>Para mais informa\u00e7\u00f5es, os interessados podem acessar o site do Minist\u00e9rio da Justi\u00e7a e Seguran\u00e7a P\u00fablica: <a href=\"http:\/\/gov.br\/mj\">gov.br\/mj<\/a>.\u00a0\u00a0<\/div>\n","protected":false},"excerpt":{"rendered":"<p>O Minist\u00e9rio da Justi\u00e7a e Seguran\u00e7a P\u00fablica, em parceria com universidades federais, est\u00e1 com inscri\u00e7\u00f5es abertas para dois cursos de p\u00f3s-gradua\u00e7\u00e3o \u00e0 dist\u00e2ncia voltados para profissionais da \u00e1rea de seguran\u00e7a. As forma\u00e7\u00f5es t\u00eam como objetivo aprimorar o atendimento \u00e0 popula\u00e7\u00e3o e oferecer ferramentas atualizadas para o exerc\u00edcio profissional.\u00a0\u00a0 \ud83c\udf93 P\u00f3s-gradua\u00e7\u00e3o em Seguran\u00e7a P\u00fablica e Pol\u00edticas [&hellip;]<\/p>\n","protected":false},"author":260896546,"featured_media":0,"comment_status":"open","ping_status":"open","sticky":false,"template":"","format":"standard","meta":{"_crdt_document":"","_monsterinsights_skip_tracking":false,"_monsterinsights_sitenote_active":false,"_monsterinsights_sitenote_note":"","_monsterinsights_sitenote_category":0,"advanced_seo_description":"","jetpack_seo_html_title":"","jetpack_seo_noindex":false,"_jetpack_newsletter_access":"","_jetpack_dont_email_post_to_subs":false,"_jetpack_newsletter_tier_id":0,"_jetpack_memberships_contains_paywalled_content":false,"_jetpack_memberships_contains_paid_content":false,"footnotes":"","jetpack_publicize_message":"","jetpack_publicize_feature_enabled":true,"jetpack_social_post_already_shared":false,"jetpack_social_options":{"image_generator_settings":{"template":"fullscreen","default_image_id":0,"font":"","enabled":false},"version":2},"_wpas_customize_per_network":false,"jetpack_post_was_ever_published":false},"categories":[38185],"tags":[781171800,781171797,1036487],"class_list":["post-2609","post","type-post","status-publish","format-standard","hentry","category-brasil","tag-curso","tag-educacao","tag-seguranca-publica"],"jetpack_publicize_connections":[],"jetpack_featured_media_url":"","jetpack_likes_enabled":true,"jetpack_sharing_enabled":true,"jetpack_shortlink":"https:\/\/wp.me\/pgitne-G5","jetpack-related-posts":[{"id":2701,"url":"https:\/\/diariodegarca.com\/?p=2701","url_meta":{"origin":2609,"position":0},"title":"UFS abre inscri\u00e7\u00f5es para curso de extens\u00e3o em Educa\u00e7\u00e3o para Rela\u00e7\u00f5es \u00c9tnico-Raciais e Quilombolas","author":"Di\u00e1rio de Gar\u00e7a","date":"4 de mar\u00e7o de 2025","format":false,"excerpt":"A\u00a0Universidade Federal de Sergipe (UFS), por meio do\u00a0Centro de Educa\u00e7\u00e3o Superior a Dist\u00e2ncia (CESAD), em parceria com a\u00a0Universidade Aberta do Brasil (UAB), lan\u00e7ou o\u00a0Edital n\u00ba 12\/2025, que abre inscri\u00e7\u00f5es para o curso de extens\u00e3o\u00a0\"Forma\u00e7\u00e3o para Doc\u00eancia e Gest\u00e3o para a Educa\u00e7\u00e3o das Rela\u00e7\u00f5es \u00c9tnico-Raciais e Quilombolas\".O curso \u00e9 gratuito, realizado\u2026","rel":"","context":"Em &quot;Brasil&quot;","block_context":{"text":"Brasil","link":"https:\/\/diariodegarca.com\/?cat=38185"},"img":{"alt_text":"","src":"","width":0,"height":0},"classes":[]},{"id":3000,"url":"https:\/\/diariodegarca.com\/?p=3000","url_meta":{"origin":2609,"position":1},"title":"Curso de Especializa\u00e7\u00e3o em Intelig\u00eancia e Inova\u00e7\u00e3o no Enfrentamento ao Crime Organizado","author":"Di\u00e1rio de Gar\u00e7a","date":"18 de janeiro de 2025","format":false,"excerpt":"O Minist\u00e9rio da Justi\u00e7a e Seguran\u00e7a P\u00fablica (MJSP), em parceria com a Universidade Federal de Santa Catarina (UFSC), oferece 250 vagas para o curso de especializa\u00e7\u00e3o lato sensu em Intelig\u00eancia e Inova\u00e7\u00e3o aplicadas no Enfrentamento ao Crime Organizado.Informa\u00e7\u00f5es Principais\ud83d\udccc Modalidade: Educa\u00e7\u00e3o a dist\u00e2ncia (EaD), com 360 horas divididas entre aulas\u2026","rel":"","context":"Em &quot;Brasil&quot;","block_context":{"text":"Brasil","link":"https:\/\/diariodegarca.com\/?cat=38185"},"img":{"alt_text":"","src":"","width":0,"height":0},"classes":[]},{"id":4366,"url":"https:\/\/diariodegarca.com\/?p=4366","url_meta":{"origin":2609,"position":2},"title":"Univesp disponibiliza mais de 500 mil vagas gratuitas em cursos on-line de capacita\u00e7\u00e3o profissional","author":"Di\u00e1rio de Gar\u00e7a","date":"2 de julho de 2025","format":false,"excerpt":"Programa Oportunidade J\u00e1 oferece forma\u00e7\u00e3o nas \u00e1reas de tecnologia, turismo, voluntariado, soft skills e muito mais; vagas s\u00e3o acess\u00edveis a todos os interessados A Universidade Virtual do Estado de S\u00e3o Paulo (Univesp) deu in\u00edcio \u00e0 segunda edi\u00e7\u00e3o do Programa Oportunidade J\u00e1, iniciativa que oferece mais de 500 mil vagas gratuitas\u2026","rel":"","context":"Em &quot;Curso&quot;","block_context":{"text":"Curso","link":"https:\/\/diariodegarca.com\/?cat=36947"},"img":{"alt_text":"","src":"","width":0,"height":0},"classes":[]},{"id":2259,"url":"https:\/\/diariodegarca.com\/?p=2259","url_meta":{"origin":2609,"position":3},"title":"FGV oferece curso para uso \u00e9tico e pr\u00e1tico de IA","author":"Di\u00e1rio de Gar\u00e7a","date":"27 de abril de 2025","format":false,"excerpt":"A Funda\u00e7\u00e3o Getulio Vargas (FGV) lan\u00e7ou o curso \u201cIA como Ferramenta de Aprendizagem e Pesquisa\u201d, uma iniciativa online e gratuita que busca capacitar estudantes e profissionais para o uso estrat\u00e9gico da intelig\u00eancia artificial em ambientes acad\u00eamicos e cient\u00edficos.\u00a0Com carga hor\u00e1ria de 15 horas, o programa combina teoria e pr\u00e1tica, explorando\u2026","rel":"","context":"Em &quot;Brasil&quot;","block_context":{"text":"Brasil","link":"https:\/\/diariodegarca.com\/?cat=38185"},"img":{"alt_text":"","src":"","width":0,"height":0},"classes":[]},{"id":2207,"url":"https:\/\/diariodegarca.com\/?p=2207","url_meta":{"origin":2609,"position":4},"title":"Fiocruz abre inscri\u00e7\u00f5es para curso gratuito de Escrita Cient\u00edfica em formato EAD","author":"Di\u00e1rio de Gar\u00e7a","date":"4 de maio de 2025","format":false,"excerpt":"O Instituto Nacional de Controle de Qualidade em Sa\u00fade (INCQS\/Fiocruz) est\u00e1 com inscri\u00e7\u00f5es abertas para o curso de Escrita Cient\u00edfica, voltado para profissionais e p\u00f3s-graduandos da \u00e1rea de sa\u00fade e afins.\u00a0Com carga hor\u00e1ria de 40 horas, sendo 12h s\u00edncronas e 28h ass\u00edncronas, a capacita\u00e7\u00e3o ocorrer\u00e1 entre 19 de maio e\u2026","rel":"","context":"Em &quot;Brasil&quot;","block_context":{"text":"Brasil","link":"https:\/\/diariodegarca.com\/?cat=38185"},"img":{"alt_text":"","src":"","width":0,"height":0},"classes":[]},{"id":2557,"url":"https:\/\/diariodegarca.com\/?p=2557","url_meta":{"origin":2609,"position":5},"title":"UESC abre inscri\u00e7\u00f5es para l\u00f3s-gradua\u00e7\u00e3o EaD em ensino de Filosofia","author":"Di\u00e1rio de Gar\u00e7a","date":"24 de mar\u00e7o de 2025","format":false,"excerpt":"A Universidade Estadual de Santa Cruz (UESC) est\u00e1 com inscri\u00e7\u00f5es abertas para o curso de P\u00f3s-Gradua\u00e7\u00e3o Lato Sensu em Ensino de Filosofia no Ensino M\u00e9dio, na modalidade Educa\u00e7\u00e3o a Dist\u00e2ncia (EaD). Com 150 vagas dispon\u00edveis em seis polos na Bahia, a especializa\u00e7\u00e3o \u00e9 destinada a professores da educa\u00e7\u00e3o b\u00e1sica que\u2026","rel":"","context":"Em &quot;Brasil&quot;","block_context":{"text":"Brasil","link":"https:\/\/diariodegarca.com\/?cat=38185"},"img":{"alt_text":"","src":"","width":0,"height":0},"classes":[]}],"_links":{"self":[{"href":"https:\/\/diariodegarca.com\/index.php?rest_route=\/wp\/v2\/posts\/2609","targetHints":{"allow":["GET"]}}],"collection":[{"href":"https:\/\/diariodegarca.com\/index.php?rest_route=\/wp\/v2\/posts"}],"about":[{"href":"https:\/\/diariodegarca.com\/index.php?rest_route=\/wp\/v2\/types\/post"}],"author":[{"embeddable":true,"href":"https:\/\/diariodegarca.com\/index.php?rest_route=\/wp\/v2\/users\/260896546"}],"replies":[{"embeddable":true,"href":"https:\/\/diariodegarca.com\/index.php?rest_route=%2Fwp%2Fv2%2Fcomments&post=2609"}],"version-history":[{"count":0,"href":"https:\/\/diariodegarca.com\/index.php?rest_route=\/wp\/v2\/posts\/2609\/revisions"}],"wp:attachment":[{"href":"https:\/\/diariodegarca.com\/index.php?rest_route=%2Fwp%2Fv2%2Fmedia&parent=2609"}],"wp:term":[{"taxonomy":"category","embeddable":true,"href":"https:\/\/diariodegarca.com\/index.php?rest_route=%2Fwp%2Fv2%2Fcategories&post=2609"},{"taxonomy":"post_tag","embeddable":true,"href":"https:\/\/diariodegarca.com\/index.php?rest_route=%2Fwp%2Fv2%2Ftags&post=2609"}],"curies":[{"name":"wp","href":"https:\/\/api.w.org\/{rel}","templated":true}]}}