{"id":2610,"date":"2025-03-17T17:39:00","date_gmt":"2025-03-17T17:39:00","guid":{"rendered":"https:\/\/diariodegarca.com\/2025\/03\/17\/numero-de-alunos-com-boa-leitura-cresce-57-em-um-ano-segundo-dados-do-governo-estadual\/"},"modified":"2025-03-17T17:39:00","modified_gmt":"2025-03-17T17:39:00","slug":"numero-de-alunos-com-boa-leitura-cresce-57-em-um-ano-segundo-dados-do-governo-estadual","status":"publish","type":"post","link":"https:\/\/diariodegarca.com\/?p=2610","title":{"rendered":"N\u00famero de alunos com boa leitura cresce 57% em um ano segundo dados do Governo Estadual"},"content":{"rendered":"<div>\n<div class=\"separator\" style=\"clear: both;text-align: center\">\n  <a href=\"https:\/\/blogger.googleusercontent.com\/img\/a\/AVvXsEg5NE-Czfa8z3tsGapU5YM8hQ4ft85lQnToGtPmc8JShnZh9RCqYn7Xxb6w_ilqCuuHxiUvrxTVJ6gQD7rrFVzwxX4VUmqLjKnQAcQ0K-6ZyufNvtGQtjjnamiGQr0hbhVANTmZFPSk2L3cawmxeT51HMkYJxaBHtaowZMmbfYPvE38NSrx8uuwqdzL1vQ\" style=\"margin-left: 1em;margin-right: 1em\"><br \/>\n    <img decoding=\"async\" border=\"0\" src=\"https:\/\/blogger.googleusercontent.com\/img\/a\/AVvXsEg5NE-Czfa8z3tsGapU5YM8hQ4ft85lQnToGtPmc8JShnZh9RCqYn7Xxb6w_ilqCuuHxiUvrxTVJ6gQD7rrFVzwxX4VUmqLjKnQAcQ0K-6ZyufNvtGQtjjnamiGQr0hbhVANTmZFPSk2L3cawmxeT51HMkYJxaBHtaowZMmbfYPvE38NSrx8uuwqdzL1vQ\" width=\"400\"><br \/>\n  <\/a>\n<\/div>\n<p><\/div>\n<div>Em um ano, o Governo do Estado de S\u00e3o Paulo registrou um salto significativo no desempenho de estudantes do 2\u00ba ano do Ensino Fundamental na rede p\u00fablica. Dados da Avalia\u00e7\u00e3o de Flu\u00eancia Leitora, aplicada pela Secretaria da Educa\u00e7\u00e3o (Seduc-SP), mostram que o n\u00famero de crian\u00e7as com leitura adequada aumentou 57% entre o primeiro e o segundo semestre de 2024. Paralelamente, o percentual de pr\u00e9-leitores \u2014 aqueles com dificuldades na leitura \u2014 caiu pela metade.\u00a0\u00a0<\/div>\n<div><\/div>\n<div>A avalia\u00e7\u00e3o, realizada em mar\u00e7o e novembro de 2024, envolveu mais de 370 mil alunos da rede estadual e de 642 munic\u00edpios parceiros do programa <b>Alfabetiza Juntos<\/b>, lan\u00e7ado em mar\u00e7o de 2023. A meta \u00e9 atingir 90% de crian\u00e7as leitoras at\u00e9 o fim de 2026. Para isso, o governo investiu R$ 300 milh\u00f5es no ano passado, oferecendo forma\u00e7\u00e3o continuada a professores, material did\u00e1tico padronizado e acesso a plataformas de leitura.\u00a0\u00a0<\/div>\n<div><\/div>\n<div>Todas as cidades paulistas, com exce\u00e7\u00e3o da capital e Campinas, aderiram ao programa no ano passado, essas \u00faltimas passam a integra-lo neste ano.<\/div>\n<div><\/div>\n<div><b>Resultados expressivos<\/b>\u00a0\u00a0<\/div>\n<div>Na primeira avalia\u00e7\u00e3o de 2024, 48% dos alunos (181.586) eram considerados leitores iniciantes ou fluentes. No segundo semestre, esse n\u00famero subiu para 77% (286.676). J\u00e1 o percentual de estudantes no n\u00edvel mais cr\u00edtico de pr\u00e9-leitura caiu de 15% para 5%.\u00a0\u00a0<\/div>\n<div><\/div>\n<div>A flu\u00eancia leitora \u00e9 medida pela capacidade de ler palavras, pseudopalavras e textos com precis\u00e3o, fluidez e ritmo adequados. Leitores fluentes conseguem ler entre 45 e 60 palavras por minuto, com 97% de precis\u00e3o.\u00a0\u00a0<\/div>\n<div><\/div>\n<div><b>Impacto nos munic\u00edpios<\/b><\/div>\n<div>O avan\u00e7o tamb\u00e9m refletiu no desempenho dos munic\u00edpios. O \u00cdndice de Flu\u00eancia Leitora (IFL), que classifica as cidades em sete faixas, mostrou que 459 munic\u00edpios alcan\u00e7aram a segunda faixa mais alta (entre 6,0 e 7,99). Al\u00e9m disso, nenhuma cidade ficou nas tr\u00eas piores faixas na segunda avalia\u00e7\u00e3o.\u00a0\u00a0<\/div>\n<div><\/div>\n<div><b>Programa Alfabetiza Juntos SP<\/b><\/div>\n<div>O programa, desenvolvido em parceria com a Undime-SP e organiza\u00e7\u00f5es como Funda\u00e7\u00e3o Lemann e Instituto Natura, permite que os munic\u00edpios adotem um ou mais pilares, como forma\u00e7\u00e3o de professores, material did\u00e1tico e avalia\u00e7\u00f5es. A ades\u00e3o \u00e9 volunt\u00e1ria e n\u00e3o exige contrapartida financeira.\u00a0\u00a0<\/div>\n<div><\/div>\n<div>Segundo o secret\u00e1rio da Educa\u00e7\u00e3o, Renato Feder, o avan\u00e7o \u00e9 fruto do esfor\u00e7o conjunto entre estado e munic\u00edpios. \u201cA participa\u00e7\u00e3o de quase 100% das cidades mostra que a colabora\u00e7\u00e3o pode reverter problemas hist\u00f3ricos na educa\u00e7\u00e3o p\u00fablica\u201d, afirmou.\u00a0<\/div>\n","protected":false},"excerpt":{"rendered":"<p>Em um ano, o Governo do Estado de S\u00e3o Paulo registrou um salto significativo no desempenho de estudantes do 2\u00ba ano do Ensino Fundamental na rede p\u00fablica. Dados da Avalia\u00e7\u00e3o de Flu\u00eancia Leitora, aplicada pela Secretaria da Educa\u00e7\u00e3o (Seduc-SP), mostram que o n\u00famero de crian\u00e7as com leitura adequada aumentou 57% entre o primeiro e o [&hellip;]<\/p>\n","protected":false},"author":260896546,"featured_media":0,"comment_status":"open","ping_status":"open","sticky":false,"template":"","format":"standard","meta":{"_crdt_document":"","_monsterinsights_skip_tracking":false,"_monsterinsights_sitenote_active":false,"_monsterinsights_sitenote_note":"","_monsterinsights_sitenote_category":0,"advanced_seo_description":"","jetpack_seo_html_title":"","jetpack_seo_noindex":false,"_jetpack_newsletter_access":"","_jetpack_dont_email_post_to_subs":false,"_jetpack_newsletter_tier_id":0,"_jetpack_memberships_contains_paywalled_content":false,"_jetpack_memberships_contains_paid_content":false,"footnotes":"","jetpack_publicize_message":"","jetpack_publicize_feature_enabled":true,"jetpack_social_post_already_shared":false,"jetpack_social_options":{"image_generator_settings":{"template":"fullscreen","default_image_id":0,"font":"","enabled":false},"version":2},"_wpas_customize_per_network":false,"jetpack_post_was_ever_published":false},"categories":[38185],"tags":[781171797],"class_list":["post-2610","post","type-post","status-publish","format-standard","hentry","category-brasil","tag-educacao"],"jetpack_publicize_connections":[],"jetpack_featured_media_url":"","jetpack_likes_enabled":true,"jetpack_sharing_enabled":true,"jetpack_shortlink":"https:\/\/wp.me\/pgitne-G6","jetpack-related-posts":[{"id":2738,"url":"https:\/\/diariodegarca.com\/?p=2738","url_meta":{"origin":2610,"position":0},"title":"Inscri\u00e7\u00f5es abertas para curso online de Forma\u00e7\u00e3o de Mediadores de Leitura","author":"Di\u00e1rio de Gar\u00e7a","date":"27 de fevereiro de 2025","format":false,"excerpt":"\u00a0\u00a0 A Escola Virtual de Governo, em parceria com o Minist\u00e9rio da Cultura e a Enap (Escola Nacional de Administra\u00e7\u00e3o P\u00fablica), est\u00e1 com inscri\u00e7\u00f5es abertas para o curso Forma\u00e7\u00e3o de Mediadores de Leitura.\u00a0A iniciativa, totalmente gratuita e online, tem como objetivo capacitar profissionais e interessados na promo\u00e7\u00e3o da leitura como\u2026","rel":"","context":"Em &quot;Brasil&quot;","block_context":{"text":"Brasil","link":"https:\/\/diariodegarca.com\/?cat=38185"},"img":{"alt_text":"","src":"","width":0,"height":0},"classes":[]},{"id":2539,"url":"https:\/\/diariodegarca.com\/?p=2539","url_meta":{"origin":2610,"position":1},"title":"Clube de Leitura Online da IFSC divulga calend\u00e1rio 2025","author":"Di\u00e1rio de Gar\u00e7a","date":"27 de mar\u00e7o de 2025","format":false,"excerpt":"Para quem deseja participar de um clube do livro mas n\u00e3o tem disponibilidade para encontros presenciais, o Instituto Federal de Santa Catarina (IFSC), em parceria com a Universidade do Estado de Santa Catarina (Udesc), oferece uma solu\u00e7\u00e3o ideal: o Clube de Leitura Sem Censura, com debates mensais realizados de forma\u2026","rel":"","context":"Em &quot;Brasil&quot;","block_context":{"text":"Brasil","link":"https:\/\/diariodegarca.com\/?cat=38185"},"img":{"alt_text":"","src":"","width":0,"height":0},"classes":[]},{"id":6800,"url":"https:\/\/diariodegarca.com\/?p=6800","url_meta":{"origin":2610,"position":2},"title":"Lucian\u00f3polis \u00e9 alertada pelo Tribunal de Contas por descontrole fiscal e falhas na educa\u00e7\u00e3o","author":"Di\u00e1rio de Gar\u00e7a","date":"16 de setembro de 2025","format":false,"excerpt":"Prefeitura acumula notifica\u00e7\u00f5es graves excesso de gastos com pessoal, descumprimento de metas or\u00e7ament\u00e1rias e aplica\u00e7\u00e3o irregular de verbas do FUNDEB j\u00e1 no in\u00edcio de sua gest\u00e3o. O Tribunal de Contas do Estado de S\u00e3o Paulo (TCE-SP) emitiu um conjunto de alertas \u00e0 Prefeitura Municipal de Lucian\u00f3polis, comandada pelo prefeito Ademir\u2026","rel":"","context":"Em &quot;Fiscaliza\u00e7\u00e3o&quot;","block_context":{"text":"Fiscaliza\u00e7\u00e3o","link":"https:\/\/diariodegarca.com\/?cat=1192752"},"img":{"alt_text":"","src":"https:\/\/i0.wp.com\/diariodegarca.com\/wp-content\/uploads\/2025\/09\/481483375_980698084197967_1913898112313955426_n-e1758023889649.jpg?fit=1200%2C527&ssl=1&resize=350%2C200","width":350,"height":200,"srcset":"https:\/\/i0.wp.com\/diariodegarca.com\/wp-content\/uploads\/2025\/09\/481483375_980698084197967_1913898112313955426_n-e1758023889649.jpg?fit=1200%2C527&ssl=1&resize=350%2C200 1x, https:\/\/i0.wp.com\/diariodegarca.com\/wp-content\/uploads\/2025\/09\/481483375_980698084197967_1913898112313955426_n-e1758023889649.jpg?fit=1200%2C527&ssl=1&resize=525%2C300 1.5x, https:\/\/i0.wp.com\/diariodegarca.com\/wp-content\/uploads\/2025\/09\/481483375_980698084197967_1913898112313955426_n-e1758023889649.jpg?fit=1200%2C527&ssl=1&resize=700%2C400 2x, https:\/\/i0.wp.com\/diariodegarca.com\/wp-content\/uploads\/2025\/09\/481483375_980698084197967_1913898112313955426_n-e1758023889649.jpg?fit=1200%2C527&ssl=1&resize=1050%2C600 3x"},"classes":[]},{"id":2982,"url":"https:\/\/diariodegarca.com\/?p=2982","url_meta":{"origin":2610,"position":3},"title":"SisEB abre pr\u00e9-inscri\u00e7\u00f5es para curso EaD de Media\u00e7\u00e3o de Clubes de Leitura","author":"Di\u00e1rio de Gar\u00e7a","date":"21 de janeiro de 2025","format":false,"excerpt":"O Sistema Estadual de Bibliotecas P\u00fablicas de S\u00e3o Paulo (SisEB) est\u00e1 com pr\u00e9-inscri\u00e7\u00f5es abertas para o curso de Media\u00e7\u00e3o de Clubes de Leitura. Essa capacita\u00e7\u00e3o on-line, que combina teoria, pr\u00e1tica e metodologia dial\u00f3gica, \u00e9 voltada para quem deseja mediar clubes de leitura e fomentar o amor pelos livros.Informa\u00e7\u00f5es principaisPr\u00e9-inscri\u00e7\u00f5es: at\u00e9\u2026","rel":"","context":"Em &quot;Brasil&quot;","block_context":{"text":"Brasil","link":"https:\/\/diariodegarca.com\/?cat=38185"},"img":{"alt_text":"","src":"https:\/\/i0.wp.com\/blogger.googleusercontent.com\/img\/b\/R29vZ2xl\/AVvXsEhAVu_WJdeSRrVpJJ3NzYwGXF2wv-eMqa5OqDAB7lwdzs_gL8IeKZlHJmUBeXN5qlA0uzzKG-evZx8waqJ_4mEhMQoN7eGqszIjSJsqEp6IfDFaoAli4gU2UjLsCRsKhLWCoPXAu3Gz_bgr0nerg8Xy6-9gkXAmy0jYY4KCSV1aUpCv4_1DUhZBU5i1DSU\/s320\/1.jpg?resize=350%2C200&ssl=1","width":350,"height":200},"classes":[]},{"id":6775,"url":"https:\/\/diariodegarca.com\/?p=6775","url_meta":{"origin":2610,"position":4},"title":"TCE emite s\u00e9rie de alertas \u00e0 Prefeitura de Vera Cruz por descumprimento fiscal e da educa\u00e7\u00e3o","author":"Di\u00e1rio de Gar\u00e7a","date":"15 de setembro de 2025","format":false,"excerpt":"Munic\u00edpio recebeu notifica\u00e7\u00f5es ao longo do primeiro semestre de 2025 por entrega tardia de documentos, descumprimento de metas fiscais, gastos excessivos com despesas correntes e aplica\u00e7\u00e3o insuficiente de recursos no ensino. O Tribunal de Contas do Estado de S\u00e3o Paulo (TCESP) emitiu uma sequ\u00eancia de notifica\u00e7\u00f5es de alerta \u00e0 Prefeitura\u2026","rel":"","context":"Em &quot;Fiscaliza\u00e7\u00e3o&quot;","block_context":{"text":"Fiscaliza\u00e7\u00e3o","link":"https:\/\/diariodegarca.com\/?cat=1192752"},"img":{"alt_text":"","src":"https:\/\/i0.wp.com\/diariodegarca.com\/wp-content\/uploads\/2025\/09\/a4z4e5m3.jpg?fit=800%2C500&ssl=1&resize=350%2C200","width":350,"height":200,"srcset":"https:\/\/i0.wp.com\/diariodegarca.com\/wp-content\/uploads\/2025\/09\/a4z4e5m3.jpg?fit=800%2C500&ssl=1&resize=350%2C200 1x, https:\/\/i0.wp.com\/diariodegarca.com\/wp-content\/uploads\/2025\/09\/a4z4e5m3.jpg?fit=800%2C500&ssl=1&resize=525%2C300 1.5x, https:\/\/i0.wp.com\/diariodegarca.com\/wp-content\/uploads\/2025\/09\/a4z4e5m3.jpg?fit=800%2C500&ssl=1&resize=700%2C400 2x"},"classes":[]},{"id":2611,"url":"https:\/\/diariodegarca.com\/?p=2611","url_meta":{"origin":2610,"position":5},"title":"Clube de Leitura da Biblioteca de Gar\u00e7a discute obra de Gabriel Garc\u00eda M\u00e1rquez em abril","author":"Di\u00e1rio de Gar\u00e7a","date":"17 de mar\u00e7o de 2025","format":false,"excerpt":"No dia 7 de abril, \u00e0s 19h, o Clube de Leitura da Biblioteca P\u00fablica Municipal \u201cDr. Rafael Paes de Barros\u201d, em Gar\u00e7a, se reunir\u00e1 para debater a obra \u201cEm agosto nos vemos\u201d, do escritor colombiano Gabriel Garc\u00eda M\u00e1rquez. O encontro, que acontece mensalmente, promove a troca de ideias e reflex\u00f5es\u2026","rel":"","context":"Em &quot;Brasil&quot;","block_context":{"text":"Brasil","link":"https:\/\/diariodegarca.com\/?cat=38185"},"img":{"alt_text":"","src":"","width":0,"height":0},"classes":[]}],"_links":{"self":[{"href":"https:\/\/diariodegarca.com\/index.php?rest_route=\/wp\/v2\/posts\/2610","targetHints":{"allow":["GET"]}}],"collection":[{"href":"https:\/\/diariodegarca.com\/index.php?rest_route=\/wp\/v2\/posts"}],"about":[{"href":"https:\/\/diariodegarca.com\/index.php?rest_route=\/wp\/v2\/types\/post"}],"author":[{"embeddable":true,"href":"https:\/\/diariodegarca.com\/index.php?rest_route=\/wp\/v2\/users\/260896546"}],"replies":[{"embeddable":true,"href":"https:\/\/diariodegarca.com\/index.php?rest_route=%2Fwp%2Fv2%2Fcomments&post=2610"}],"version-history":[{"count":0,"href":"https:\/\/diariodegarca.com\/index.php?rest_route=\/wp\/v2\/posts\/2610\/revisions"}],"wp:attachment":[{"href":"https:\/\/diariodegarca.com\/index.php?rest_route=%2Fwp%2Fv2%2Fmedia&parent=2610"}],"wp:term":[{"taxonomy":"category","embeddable":true,"href":"https:\/\/diariodegarca.com\/index.php?rest_route=%2Fwp%2Fv2%2Fcategories&post=2610"},{"taxonomy":"post_tag","embeddable":true,"href":"https:\/\/diariodegarca.com\/index.php?rest_route=%2Fwp%2Fv2%2Ftags&post=2610"}],"curies":[{"name":"wp","href":"https:\/\/api.w.org\/{rel}","templated":true}]}}