{"id":2621,"date":"2025-03-14T18:40:00","date_gmt":"2025-03-14T18:40:00","guid":{"rendered":"https:\/\/diariodegarca.com\/2025\/03\/14\/acig-amplia-acesso-ao-mercado-de-trabalho-com-banco-de-curriculos\/"},"modified":"2025-03-14T18:40:00","modified_gmt":"2025-03-14T18:40:00","slug":"acig-amplia-acesso-ao-mercado-de-trabalho-com-banco-de-curriculos","status":"publish","type":"post","link":"https:\/\/diariodegarca.com\/?p=2621","title":{"rendered":"ACIG amplia acesso ao mercado de trabalho com Banco de Curr\u00edculos"},"content":{"rendered":"<p><div class=\"separator\" style=\"clear: both;text-align: center\">\n  <a href=\"https:\/\/blogger.googleusercontent.com\/img\/a\/AVvXsEhKx-bosza8-m1rbF-41oaLi2V6nGTohf_joJsaoGR9nqpl-TKD1o6OjZw6hXrSJQcmb54_mHp6Isxn3NDAaGQRgLgf-PoOiEMussR0Jyr1UbQoarha-6ruCqDlHKa98fWAgedhmO_2vHVX-XYHGdHVRGcx1YA1s8sYBIZwpwsXJkApDSIkVk0Umf6KI_Q\" style=\"margin-left: 1em;margin-right: 1em\"><br \/>\n    <img decoding=\"async\" border=\"0\" src=\"https:\/\/blogger.googleusercontent.com\/img\/a\/AVvXsEhKx-bosza8-m1rbF-41oaLi2V6nGTohf_joJsaoGR9nqpl-TKD1o6OjZw6hXrSJQcmb54_mHp6Isxn3NDAaGQRgLgf-PoOiEMussR0Jyr1UbQoarha-6ruCqDlHKa98fWAgedhmO_2vHVX-XYHGdHVRGcx1YA1s8sYBIZwpwsXJkApDSIkVk0Umf6KI_Q\" width=\"400\"><br \/>\n  <\/a>\n<\/div>\n<p><\/p>\n<p>A Associa\u00e7\u00e3o Comercial e Industrial de Gar\u00e7a (ACIG) n\u00e3o se destaca apenas pelos servi\u00e7os oferecidos aos associados, mas tamb\u00e9m pelo papel fundamental na conex\u00e3o entre empresas e profissionais. Por meio do <strong>Instituto de Talentos<\/strong> e do <strong>Banco de Curr\u00edculos<\/strong>, a entidade promove a inclus\u00e3o social e facilita a inser\u00e7\u00e3o no mercado de trabalho.<\/p>\n<h2><strong>Banco de Curr\u00edculos: oportunidade para empresas e profissionais<\/strong><\/h2>\n<p>O <strong>Banco de Curr\u00edculos<\/strong> da ACIG \u00e9 uma plataforma gratuita que auxilia tanto candidatos em busca de emprego quanto empresas que precisam divulgar vagas. Os interessados podem cadastrar seus curr\u00edculos sem custos, enquanto os associados da ACIG podem divulgar oportunidades de trabalho de forma gratuita.<\/p>\n<p>Com um sistema eficiente de capta\u00e7\u00e3o de vagas e encaminhamento de profissionais, a ACIG recebe curr\u00edculos diretamente em sua sede ou pelo e-mail <strong><a href=\"mailto:vagas@garcaonline.com.br\">vagas@garcaonline.com.br<\/a><\/strong>. Somente na \u00faltima semana, cinco novas oportunidades foram abertas, incluindo est\u00e1gios e contrata\u00e7\u00f5es via CLT, evidenciando a crescente demanda por talentos qualificados na regi\u00e3o.<\/p>\n<h2><strong>Facilidade na contrata\u00e7\u00e3o de estagi\u00e1rios<\/strong><\/h2>\n<p>Al\u00e9m do Banco de Curr\u00edculos, a ACIG tamb\u00e9m apoia empresas que desejam contratar estagi\u00e1rios. O suporte inclui orienta\u00e7\u00f5es sobre como desenvolver novos talentos sem v\u00ednculo empregat\u00edcio, proporcionando aprendizado tanto para os estudantes quanto para as empresas.<\/p>\n<blockquote>\n<p><em>&#8220;O mercado de trabalho \u00e9 din\u00e2mico, e muitas empresas ainda enfrentam dificuldades para encontrar profissionais qualificados. Nosso papel tamb\u00e9m \u00e9 facilitar esse processo, conectando empresas e candidatos para preencher as vagas existentes&#8221;<\/em>, destaca <strong>F\u00e1bio Raniel<\/strong>, presidente da ACIG.<\/p>\n<\/blockquote>\n<h2><strong>Como participar?<\/strong><\/h2>\n<p>Interessados podem se cadastrar e enviar curr\u00edculos presencialmente na sede da ACIG, localizada na <strong>Avenida Rafael Paes de Barros, 347<\/strong>, de segunda a sexta-feira, das <strong>8h \u00e0s 18h<\/strong>. Empresas que desejam divulgar vagas tamb\u00e9m podem entrar em contato pelo e-mail informado.<\/p>\n<p>Este servi\u00e7o representa uma excelente oportunidade tanto para quem busca ingressar no mercado de trabalho quanto para empresas que necessitam de profissionais capacitados para crescer.<\/p>\n","protected":false},"excerpt":{"rendered":"<p>A Associa\u00e7\u00e3o Comercial e Industrial de Gar\u00e7a (ACIG) n\u00e3o se destaca apenas pelos servi\u00e7os oferecidos aos associados, mas tamb\u00e9m pelo papel fundamental na conex\u00e3o entre empresas e profissionais. Por meio do Instituto de Talentos e do Banco de Curr\u00edculos, a entidade promove a inclus\u00e3o social e facilita a inser\u00e7\u00e3o no mercado de trabalho. Banco de [&hellip;]<\/p>\n","protected":false},"author":260896546,"featured_media":0,"comment_status":"open","ping_status":"open","sticky":false,"template":"","format":"standard","meta":{"_monsterinsights_skip_tracking":false,"advanced_seo_description":"","jetpack_seo_html_title":"","jetpack_seo_noindex":false,"jetpack_seo_schema_type":"","_jetpack_newsletter_access":"","_jetpack_dont_email_post_to_subs":false,"_jetpack_newsletter_tier_id":0,"_jetpack_memberships_contains_paywalled_content":false,"_wpcom_ai_launchpad_first_post":false,"_jetpack_feature_clip_id":0,"_jetpack_memberships_contains_paid_content":false,"footnotes":"","jetpack_publicize_message":"{title}\n\n{excerpt}\n\n{url}","jetpack_publicize_feature_enabled":true,"jetpack_social_post_already_shared":false,"jetpack_social_options":{"image_generator_settings":{"template":"fullscreen","default_image_id":0,"font":"","enabled":false},"version":2},"_wpas_customize_per_network":false,"jetpack_post_was_ever_published":false},"categories":[38185],"tags":[781171801,781171807],"class_list":["post-2621","post","type-post","status-publish","format-standard","hentry","category-brasil","tag-brasil","tag-vagas"],"jetpack_publicize_connections":[],"jetpack_likes_enabled":true,"jetpack_sharing_enabled":true,"jetpack_shortlink":"https:\/\/wp.me\/pgitne-Gh","jetpack-related-posts":[{"id":2510,"url":"https:\/\/diariodegarca.com\/?p=2510","url_meta":{"origin":2621,"position":0},"title":"ACIG divulga abertura de vagas em diferentes \u00e1reas","author":"Di\u00e1rio de Gar\u00e7a","date":"1 de abril de 2025","format":false,"excerpt":"A Associa\u00e7\u00e3o Comercial e Industrial de Gar\u00e7a (ACIG) anunciou novas oportunidades de emprego em diferentes setores, abrangendo tanto profissionais qualificados quanto estudantes em busca de experi\u00eancia. Os interessados devem se inscrever pelo e-mail vagas@garcaonline.com.br, informando a vaga pretendida no campo \"assunto\" do e-mail.Confira as oportunidades:Operador de m\u00e1quina pl\u00e1sticaRequisitos: Experi\u00eancia em\u2026","rel":"","context":"Em &quot;Brasil&quot;","block_context":{"text":"Brasil","link":"https:\/\/diariodegarca.com\/?cat=38185"},"img":{"alt_text":"","src":"https:\/\/i0.wp.com\/blogger.googleusercontent.com\/img\/b\/R29vZ2xl\/AVvXsEjHVeMPdlYzZ3o0AG4772gQMKzzSa0Fzipzt_qqmEUo_3Zq_gXSdtIv2Q_xFmRyO1Ft29QFu6-lkfAvHlYg8hYT-EXlr4WjQzUTvELH-nqTcrt0JKOsGKQXl91HAMuFTw4iZEXVnk9OxE0M8fHko9Kc_4eZbjzh9R6CMWhB-yeQF5Q-__2qzMrjeaUtJ0Q\/s320\/african-american-financial-advisor-going-through-paperwork-with-her-clients-while-having-meeting-office.jpg?resize=350%2C200&ssl=1","width":350,"height":200},"classes":[]},{"id":2970,"url":"https:\/\/diariodegarca.com\/?p=2970","url_meta":{"origin":2621,"position":1},"title":"Secretaria de Desenvolvimento Econ\u00f4mico tem altera\u00e7\u00e3o de parte dos seus servi\u00e7os para pr\u00e9dio da ACIG","author":"Di\u00e1rio de Gar\u00e7a","date":"23 de janeiro de 2025","format":false,"excerpt":"A Prefeitura de Gar\u00e7a comunicou altera\u00e7\u00f5es no local e no hor\u00e1rio de atendimento da Secretaria de Desenvolvimento Econ\u00f4mico e Turismo. A maior parte dos servi\u00e7os passar\u00e3o a ser realizados no pr\u00e9dio da ACIG, na avenida Doutor Rafael Paes de Barros, 347. As mudan\u00e7as j\u00e1 est\u00e3o em vigor.Confira os detalhes: 1.\u2026","rel":"","context":"Em &quot;Brasil&quot;","block_context":{"text":"Brasil","link":"https:\/\/diariodegarca.com\/?cat=38185"},"img":{"alt_text":"","src":"","width":0,"height":0},"classes":[]},{"id":2753,"url":"https:\/\/diariodegarca.com\/?p=2753","url_meta":{"origin":2621,"position":2},"title":"Definida a data da FITEC 2025: Espa\u00e7os para expositores j\u00e1 est\u00e3o sendo comercializados","author":"Di\u00e1rio de Gar\u00e7a","date":"25 de fevereiro de 2025","format":false,"excerpt":"A data da FITEC 2025, tradicional feira de tecnologia de Gar\u00e7a, foi oficialmente definida para os dias 25 e 26 de setembro. O evento, que acontecer\u00e1 no Gr\u00eamio Teatral Leopoldo Fr\u00f3es, das 9h \u00e0s 22h, j\u00e1 est\u00e1 com os espa\u00e7os para expositores em fase de comercializa\u00e7\u00e3o. Empresas, startups e institui\u00e7\u00f5es\u2026","rel":"","context":"Em &quot;Brasil&quot;","block_context":{"text":"Brasil","link":"https:\/\/diariodegarca.com\/?cat=38185"},"img":{"alt_text":"","src":"","width":0,"height":0},"classes":[]},{"id":2607,"url":"https:\/\/diariodegarca.com\/?p=2607","url_meta":{"origin":2621,"position":3},"title":"Gar\u00e7a ter\u00e1 curso presencial e gratuito de t\u00e9cnicas de venda para empres\u00e1rios de vestu\u00e1rio","author":"Di\u00e1rio de Gar\u00e7a","date":"17 de mar\u00e7o de 2025","format":false,"excerpt":"Empres\u00e1rios do setor de vestu\u00e1rio em Gar\u00e7a ter\u00e3o uma oportunidade \u00fanica para aprimorar suas estrat\u00e9gias de vendas. O Sebrae, em parceria com a Prefeitura de Gar\u00e7a, promover\u00e1 o curso \"Aprenda T\u00e9cnicas de Visual Merchandising para Varejo de Moda\", que acontecer\u00e1 presencialmente entre os dias 09 e 30 de abril, na\u2026","rel":"","context":"Em &quot;Brasil&quot;","block_context":{"text":"Brasil","link":"https:\/\/diariodegarca.com\/?cat=38185"},"img":{"alt_text":"","src":"","width":0,"height":0},"classes":[]},{"id":5772,"url":"https:\/\/diariodegarca.com\/?p=5772","url_meta":{"origin":2621,"position":4},"title":"Bate-papo em Gar\u00e7a discute inclus\u00e3o e direitos da pessoa com defici\u00eancia","author":"Di\u00e1rio de Gar\u00e7a","date":"19 de agosto de 2025","format":false,"excerpt":"Evento gratuito na ACIG re\u00fane especialista em direitos humanos para debate sobre transforma\u00e7\u00e3o social e pol\u00edticas inclusivas. No pr\u00f3ximo dia 20 de agosto, quarta-feira, a cidade de Gar\u00e7a sediar\u00e1 um bate-papo especial com\u00a0Marcos da Costa, atual Secret\u00e1rio de Estado dos Direitos da Pessoa com Defici\u00eancia de S\u00e3o Paulo. O evento,\u2026","rel":"","context":"Em &quot;Gar\u00e7a&quot;","block_context":{"text":"Gar\u00e7a","link":"https:\/\/diariodegarca.com\/?cat=781171664"},"img":{"alt_text":"","src":"https:\/\/i0.wp.com\/diariodegarca.com\/wp-content\/uploads\/2025\/08\/marcos-da-costa.jpg?fit=600%2C399&ssl=1&resize=350%2C200","width":350,"height":200,"srcset":"https:\/\/i0.wp.com\/diariodegarca.com\/wp-content\/uploads\/2025\/08\/marcos-da-costa.jpg?fit=600%2C399&ssl=1&resize=350%2C200 1x, https:\/\/i0.wp.com\/diariodegarca.com\/wp-content\/uploads\/2025\/08\/marcos-da-costa.jpg?fit=600%2C399&ssl=1&resize=525%2C300 1.5x"},"classes":[]},{"id":2756,"url":"https:\/\/diariodegarca.com\/?p=2756","url_meta":{"origin":2621,"position":5},"title":"Gar\u00e7a oferece curso gratuito de pizzas artesanais com t\u00e9cnicas profissionais","author":"Di\u00e1rio de Gar\u00e7a","date":"25 de fevereiro de 2025","format":false,"excerpt":"\u00a0\u00a0 A Prefeitura de Gar\u00e7a, por meio da Secretaria de Desenvolvimento Econ\u00f4mico e Turismo, em parceria com o SEBRAE, abre inscri\u00e7\u00f5es para o curso \u201cPrepare e venda pizzas doces e salgadas\u201d, uma oportunidade para empreendedores e entusiastas da gastronomia dominarem t\u00e9cnicas de produ\u00e7\u00e3o, seguran\u00e7a alimentar e gest\u00e3o de neg\u00f3cios.\u00a0Com aulas\u2026","rel":"","context":"Em &quot;Brasil&quot;","block_context":{"text":"Brasil","link":"https:\/\/diariodegarca.com\/?cat=38185"},"img":{"alt_text":"","src":"","width":0,"height":0},"classes":[]}],"jetpack_featured_media_url":"","_links":{"self":[{"href":"https:\/\/diariodegarca.com\/index.php?rest_route=\/wp\/v2\/posts\/2621","targetHints":{"allow":["GET"]}}],"collection":[{"href":"https:\/\/diariodegarca.com\/index.php?rest_route=\/wp\/v2\/posts"}],"about":[{"href":"https:\/\/diariodegarca.com\/index.php?rest_route=\/wp\/v2\/types\/post"}],"author":[{"embeddable":true,"href":"https:\/\/diariodegarca.com\/index.php?rest_route=\/wp\/v2\/users\/260896546"}],"replies":[{"embeddable":true,"href":"https:\/\/diariodegarca.com\/index.php?rest_route=%2Fwp%2Fv2%2Fcomments&post=2621"}],"version-history":[{"count":0,"href":"https:\/\/diariodegarca.com\/index.php?rest_route=\/wp\/v2\/posts\/2621\/revisions"}],"wp:attachment":[{"href":"https:\/\/diariodegarca.com\/index.php?rest_route=%2Fwp%2Fv2%2Fmedia&parent=2621"}],"wp:term":[{"taxonomy":"category","embeddable":true,"href":"https:\/\/diariodegarca.com\/index.php?rest_route=%2Fwp%2Fv2%2Fcategories&post=2621"},{"taxonomy":"post_tag","embeddable":true,"href":"https:\/\/diariodegarca.com\/index.php?rest_route=%2Fwp%2Fv2%2Ftags&post=2621"}],"curies":[{"name":"wp","href":"https:\/\/api.w.org\/{rel}","templated":true}]}}