{"id":2623,"date":"2025-03-13T20:51:00","date_gmt":"2025-03-13T20:51:00","guid":{"rendered":"https:\/\/diariodegarca.com\/2025\/03\/13\/homem-e-preso-por-furto-qualificado-em-echapora-objetos-furtados-sao-recuperados\/"},"modified":"2025-03-13T20:51:00","modified_gmt":"2025-03-13T20:51:00","slug":"homem-e-preso-por-furto-qualificado-em-echapora-objetos-furtados-sao-recuperados","status":"publish","type":"post","link":"https:\/\/diariodegarca.com\/?p=2623","title":{"rendered":"Homem \u00e9 preso por furto qualificado em Echapor\u00e3; objetos furtados s\u00e3o recuperados"},"content":{"rendered":"<div class=\"separator\" style=\"clear: both;text-align: center\">\n  <a href=\"https:\/\/blogger.googleusercontent.com\/img\/a\/AVvXsEj5Zw04aD4_WI4Z17MDQCeqrbpLSONkxGY6NNW7Df5uD7KMXGg_qq0xP2XY1XzKjo-BgBGw0euo74K-fqtkzA4cTrLi9nDgqWyDnrLOirnzghqJSEqEJdYblLVGa6L8U3Hw76KBvHywfj6I8ctfYk2C-5x5AHKqydtLR9egdbEcafRgPWLXUoL10ohmxaM\" style=\"margin-left: 1em;margin-right: 1em\"><br \/>\n    <img decoding=\"async\" border=\"0\" src=\"https:\/\/blogger.googleusercontent.com\/img\/a\/AVvXsEj5Zw04aD4_WI4Z17MDQCeqrbpLSONkxGY6NNW7Df5uD7KMXGg_qq0xP2XY1XzKjo-BgBGw0euo74K-fqtkzA4cTrLi9nDgqWyDnrLOirnzghqJSEqEJdYblLVGa6L8U3Hw76KBvHywfj6I8ctfYk2C-5x5AHKqydtLR9egdbEcafRgPWLXUoL10ohmxaM\" width=\"400\"><br \/>\n  <\/a>\n<\/div>\n<p><\/p>\n<div><\/div>\n<div>Nesta quinta-feira, dia 13 de mar\u00e7o, equipes de Radiopatrulhamento do 9\u00ba Batalh\u00e3o de Pol\u00edcia Militar do Interior esclareceram um caso de furto qualificado ocorrido em uma loja de departamentos na cidade de Echapor\u00e3. O autor do crime foi preso em sua resid\u00eancia, e parte dos objetos furtados foi recuperada.\u00a0\u00a0<\/div>\n<div><\/div>\n<div>O crime ocorreu durante a madrugada, quando foram subtra\u00eddos quatro celulares e R$ 6.500 em dinheiro. Ap\u00f3s receberem a den\u00fancia, os policiais iniciaram dilig\u00eancias que levaram \u00e0 identifica\u00e7\u00e3o e localiza\u00e7\u00e3o do suspeito.<\/div>\n<div><\/div>\n<div>Durante buscas em sua resid\u00eancia, o homem confessou a autoria do furto. Foram apreendidos dois celulares, R$ 5.111 em dinheiro e documentos.\u00a0\u00a0<\/div>\n<div><\/div>\n<div>O indiv\u00edduo foi apresentado na delegacia da cidade e permaneceu preso, \u00e0 disposi\u00e7\u00e3o da Justi\u00e7a.\u00a0<\/div>\n","protected":false},"excerpt":{"rendered":"<p>Nesta quinta-feira, dia 13 de mar\u00e7o, equipes de Radiopatrulhamento do 9\u00ba Batalh\u00e3o de Pol\u00edcia Militar do Interior esclareceram um caso de furto qualificado ocorrido em uma loja de departamentos na cidade de Echapor\u00e3. O autor do crime foi preso em sua resid\u00eancia, e parte dos objetos furtados foi recuperada.\u00a0\u00a0 O crime ocorreu durante a madrugada, [&hellip;]<\/p>\n","protected":false},"author":260896546,"featured_media":0,"comment_status":"open","ping_status":"open","sticky":false,"template":"","format":"standard","meta":{"_crdt_document":"","_monsterinsights_skip_tracking":false,"_monsterinsights_sitenote_active":false,"_monsterinsights_sitenote_note":"","_monsterinsights_sitenote_category":0,"advanced_seo_description":"","jetpack_seo_html_title":"","jetpack_seo_noindex":false,"_jetpack_newsletter_access":"","_jetpack_dont_email_post_to_subs":false,"_jetpack_newsletter_tier_id":0,"_jetpack_memberships_contains_paywalled_content":false,"_jetpack_memberships_contains_paid_content":false,"footnotes":"","jetpack_publicize_message":"","jetpack_publicize_feature_enabled":true,"jetpack_social_post_already_shared":false,"jetpack_social_options":{"image_generator_settings":{"template":"fullscreen","default_image_id":0,"font":"","enabled":false},"version":2},"_wpas_customize_per_network":false,"jetpack_post_was_ever_published":false},"categories":[38185],"tags":[781171829,1036487],"class_list":["post-2623","post","type-post","status-publish","format-standard","hentry","category-brasil","tag-echapora","tag-seguranca-publica"],"jetpack_publicize_connections":[],"jetpack_featured_media_url":"","jetpack_likes_enabled":true,"jetpack_sharing_enabled":true,"jetpack_shortlink":"https:\/\/wp.me\/pgitne-Gj","jetpack-related-posts":[{"id":7769,"url":"https:\/\/diariodegarca.com\/?p=7769","url_meta":{"origin":2623,"position":0},"title":"Idoso \u00e9 agredido e tem sua bicicleta roubada em Echapor\u00e3","author":"Andreza Sega","date":"17 de outubro de 2025","format":false,"excerpt":"Policiais militares localizaram e prenderam o suspeito no quintal de sua casa, onde a bicicleta furtada e o canivete usado no crime foram recuperados. Um homem foi preso em flagrante na tarde desta quinta-feira, 16 de outubro, na cidade de Echapor\u00e3, acusado de agredir um idoso e roubar a bicicleta\u2026","rel":"","context":"Em &quot;Echapor\u00e3&quot;","block_context":{"text":"Echapor\u00e3","link":"https:\/\/diariodegarca.com\/?cat=9098997"},"img":{"alt_text":"","src":"https:\/\/i0.wp.com\/diariodegarca.com\/wp-content\/uploads\/2025\/10\/WhatsApp-Image-2025-10-17-at-09.53.42-e1760706447706.jpeg?fit=1200%2C700&ssl=1&resize=350%2C200","width":350,"height":200,"srcset":"https:\/\/i0.wp.com\/diariodegarca.com\/wp-content\/uploads\/2025\/10\/WhatsApp-Image-2025-10-17-at-09.53.42-e1760706447706.jpeg?fit=1200%2C700&ssl=1&resize=350%2C200 1x, https:\/\/i0.wp.com\/diariodegarca.com\/wp-content\/uploads\/2025\/10\/WhatsApp-Image-2025-10-17-at-09.53.42-e1760706447706.jpeg?fit=1200%2C700&ssl=1&resize=525%2C300 1.5x, https:\/\/i0.wp.com\/diariodegarca.com\/wp-content\/uploads\/2025\/10\/WhatsApp-Image-2025-10-17-at-09.53.42-e1760706447706.jpeg?fit=1200%2C700&ssl=1&resize=700%2C400 2x, https:\/\/i0.wp.com\/diariodegarca.com\/wp-content\/uploads\/2025\/10\/WhatsApp-Image-2025-10-17-at-09.53.42-e1760706447706.jpeg?fit=1200%2C700&ssl=1&resize=1050%2C600 3x"},"classes":[]},{"id":2741,"url":"https:\/\/diariodegarca.com\/?p=2741","url_meta":{"origin":2623,"position":1},"title":"Homem procurado por crime de persegui\u00e7\u00e3o \u00e9 preso durante patrulhamento em Echapor\u00e3","author":"Di\u00e1rio de Gar\u00e7a","date":"26 de fevereiro de 2025","format":false,"excerpt":"Na quarta-feira, dia 26 de fevereiro, equipes do 9\u00ba Batalh\u00e3o de Pol\u00edcia Militar do Interior prenderam um homem que estava com mandado de pris\u00e3o em aberto por crime de persegui\u00e7\u00e3o, previsto no artigo 147 da Lei 14.132\/21. A abordagem ocorreu por volta das 9h, durante o patrulhamento de rotina na\u2026","rel":"","context":"Em &quot;Brasil&quot;","block_context":{"text":"Brasil","link":"https:\/\/diariodegarca.com\/?cat=38185"},"img":{"alt_text":"","src":"","width":0,"height":0},"classes":[]},{"id":4097,"url":"https:\/\/diariodegarca.com\/?p=4097","url_meta":{"origin":2623,"position":2},"title":"Pol\u00edcia Militar registra pris\u00f5es por viol\u00eancia em Echapor\u00e3 e Mar\u00edlia","author":"Di\u00e1rio de Gar\u00e7a","date":"19 de junho de 2025","format":false,"excerpt":"Homem \u00e9 detido por tentativa de homic\u00eddio ap\u00f3s disparos em bar; em outro caso, agressor \u00e9 preso por les\u00e3o corporal e amea\u00e7a contra companheira. No interior paulista, o\u00a09\u00ba Batalh\u00e3o de Pol\u00edcia Militar do Interior (9\u00ba BPM\/I)\u00a0registrou dois casos graves de viol\u00eancia nas cidades de\u00a0Echapor\u00e3 e Mar\u00edlia, resultando na pris\u00e3o dos\u2026","rel":"","context":"Em &quot;Echapor\u00e3&quot;","block_context":{"text":"Echapor\u00e3","link":"https:\/\/diariodegarca.com\/?cat=9098997"},"img":{"alt_text":"","src":"","width":0,"height":0},"classes":[]},{"id":6813,"url":"https:\/\/diariodegarca.com\/?p=6813","url_meta":{"origin":2623,"position":3},"title":"Em Echapor\u00e3, PM apreende de celular furtado e autua homem por recepta\u00e7\u00e3o","author":"Di\u00e1rio de Gar\u00e7a","date":"16 de setembro de 2025","format":false,"excerpt":"Ap\u00f3s tentativa de fuga, homem \u00e9 abordado por militares do 9\u00ba BPMI; consulta a sistemas policiais identificou que o aparelho em sua posse tinha registro de furto. Um flagrante de recepta\u00e7\u00e3o foi registrado pela Pol\u00edcia Militar na tarde de segunda-feira, 15 de setembro, no munic\u00edpio de Echapor\u00e3. Durante um patrulhamento\u2026","rel":"","context":"Em &quot;Echapor\u00e3&quot;","block_context":{"text":"Echapor\u00e3","link":"https:\/\/diariodegarca.com\/?cat=9098997"},"img":{"alt_text":"","src":"https:\/\/i0.wp.com\/diariodegarca.com\/wp-content\/uploads\/2025\/08\/531576471_1211820540966016_232558562964173725_n.jpg?fit=490%2C325&ssl=1&resize=350%2C200","width":350,"height":200},"classes":[]},{"id":2971,"url":"https:\/\/diariodegarca.com\/?p=2971","url_meta":{"origin":2623,"position":4},"title":"Pol\u00edcia Militar captura homem procurado por furto em Echapor\u00e3","author":"Di\u00e1rio de Gar\u00e7a","date":"23 de janeiro de 2025","format":false,"excerpt":"Na manh\u00e3 desta quinta-feira, 23 de janeiro, a Pol\u00edcia Militar, por meio de equipes do 9\u00ba Batalh\u00e3o de Pol\u00edcia Militar do Interior, efetuou a pris\u00e3o de um homem que estava sendo procurado pela Justi\u00e7a pelo crime de furto, no munic\u00edpio de Echapor\u00e3.A abordagem aconteceu por volta das 8h, durante patrulhamento\u2026","rel":"","context":"Em &quot;Brasil&quot;","block_context":{"text":"Brasil","link":"https:\/\/diariodegarca.com\/?cat=38185"},"img":{"alt_text":"","src":"","width":0,"height":0},"classes":[]},{"id":2683,"url":"https:\/\/diariodegarca.com\/?p=2683","url_meta":{"origin":2623,"position":5},"title":"Dois homens s\u00e3o presos por furto em resid\u00eancia na cidade de Gar\u00e7a","author":"Di\u00e1rio de Gar\u00e7a","date":"7 de mar\u00e7o de 2025","format":false,"excerpt":"Na noite desta quinta-feira, equipes do 9\u00ba Batalh\u00e3o de Pol\u00edcia Militar do Interior prenderam dois homens acusados de furtar uma resid\u00eancia na cidade de Gar\u00e7a. O fato ocorreu por volta das 23h, quando a pol\u00edcia recebeu uma chamada via 190 informando sobre dois indiv\u00edduos suspeitos carregando um botij\u00e3o de g\u00e1s.\u00a0As\u2026","rel":"","context":"Em &quot;Brasil&quot;","block_context":{"text":"Brasil","link":"https:\/\/diariodegarca.com\/?cat=38185"},"img":{"alt_text":"","src":"","width":0,"height":0},"classes":[]}],"_links":{"self":[{"href":"https:\/\/diariodegarca.com\/index.php?rest_route=\/wp\/v2\/posts\/2623","targetHints":{"allow":["GET"]}}],"collection":[{"href":"https:\/\/diariodegarca.com\/index.php?rest_route=\/wp\/v2\/posts"}],"about":[{"href":"https:\/\/diariodegarca.com\/index.php?rest_route=\/wp\/v2\/types\/post"}],"author":[{"embeddable":true,"href":"https:\/\/diariodegarca.com\/index.php?rest_route=\/wp\/v2\/users\/260896546"}],"replies":[{"embeddable":true,"href":"https:\/\/diariodegarca.com\/index.php?rest_route=%2Fwp%2Fv2%2Fcomments&post=2623"}],"version-history":[{"count":0,"href":"https:\/\/diariodegarca.com\/index.php?rest_route=\/wp\/v2\/posts\/2623\/revisions"}],"wp:attachment":[{"href":"https:\/\/diariodegarca.com\/index.php?rest_route=%2Fwp%2Fv2%2Fmedia&parent=2623"}],"wp:term":[{"taxonomy":"category","embeddable":true,"href":"https:\/\/diariodegarca.com\/index.php?rest_route=%2Fwp%2Fv2%2Fcategories&post=2623"},{"taxonomy":"post_tag","embeddable":true,"href":"https:\/\/diariodegarca.com\/index.php?rest_route=%2Fwp%2Fv2%2Ftags&post=2623"}],"curies":[{"name":"wp","href":"https:\/\/api.w.org\/{rel}","templated":true}]}}