{"id":2631,"date":"2025-03-13T00:35:00","date_gmt":"2025-03-13T00:35:00","guid":{"rendered":"https:\/\/diariodegarca.com\/2025\/03\/13\/gatinhos-conheca-os-quatro-felinos-disponiveis-para-adocao-responsavel\/"},"modified":"2025-03-13T00:35:00","modified_gmt":"2025-03-13T00:35:00","slug":"gatinhos-conheca-os-quatro-felinos-disponiveis-para-adocao-responsavel","status":"publish","type":"post","link":"https:\/\/diariodegarca.com\/?p=2631","title":{"rendered":"Gatinhos: conhe\u00e7a os quatro felinos dispon\u00edveis para ado\u00e7\u00e3o respons\u00e1vel"},"content":{"rendered":"<div>O site <a href=\"http:\/\/adoteumgatinhogarca.com\">adoteumgatinhogarca.com<\/a> publicou quatro gatinhos que foram resgatados das ruas e agora aguardam por uma fam\u00edlia amorosa para cada um. Entre eles, h\u00e1 um jovem siam\u00eas de olhos azuis hipnotizantes e tr\u00eas filhotes de pelagem negra, cada um com suas particularidades encantadoras. Todos foram acolhidos pela volunt\u00e1ria Ana Beatriz, que dedica seu tempo e cuidado para garantir que esses felinos tenham uma segunda chance.<\/div>\n<div><\/div>\n<div>Ana Beatriz refor\u00e7a a import\u00e2ncia da ado\u00e7\u00e3o respons\u00e1vel, destacando a necessidade de manter os gatinhos longe do acesso \u00e0 rua, garantindo sua seguran\u00e7a e bem-estar. Al\u00e9m disso, ela orienta que os tr\u00eas filhotes devem ser castrados ap\u00f3s completarem seis meses de vida, enquanto o siam\u00eas, j\u00e1 castrado de prefer\u00eancia dever\u00e1 ser &#8220;filho \u00fanico&#8221;.<\/div>\n<div><\/div>\n<div>Interessados em conhecer melhor os gatinhos ou adotar um deles podem entrar em contato diretamente com Ana Beatriz pelo telefone <b>(14) 99157-6330<\/b>.<\/div>\n<div><\/div>\n<div><a href=\"https:\/\/i0.wp.com\/blogger.googleusercontent.com\/img\/b\/R29vZ2xl\/AVvXsEiWYp05gE1Hjt46v-BzPuV0G82VMwPghF0N637GWVVqPJotlPIximTiDrvu0IG8Rj3wr7gn9HUHx8sd5_uDhtmurvFJU9zVTZvrJMc_cQ7xuKq8GmyEnui0PVpAeHPY__r0zVB25CGJEo46V_R0ITxv56Y32qq8HTkHgNxrGewS1KVePeFp0smp_nyi1NY\/s900\/IMG-20250312-WA0153.jpg?ssl=1\"><img data-recalc-dims=\"1\" loading=\"lazy\" decoding=\"async\" border=\"0\" height=\"320\" src=\"https:\/\/i0.wp.com\/blogger.googleusercontent.com\/img\/b\/R29vZ2xl\/AVvXsEiWYp05gE1Hjt46v-BzPuV0G82VMwPghF0N637GWVVqPJotlPIximTiDrvu0IG8Rj3wr7gn9HUHx8sd5_uDhtmurvFJU9zVTZvrJMc_cQ7xuKq8GmyEnui0PVpAeHPY__r0zVB25CGJEo46V_R0ITxv56Y32qq8HTkHgNxrGewS1KVePeFp0smp_nyi1NY\/s320\/IMG-20250312-WA0153.jpg?resize=252%2C320&#038;ssl=1\" width=\"252\"><\/a><\/div>\n<div><b>Gatinho Preto<\/b><\/div>\n<div>Este gatinho \u00e9 todo preto, com uma pelagem brilhante que lembra uma miniatura de pantera. Macho, ele \u00e9 cheio de energia e curiosidade, sempre explorando o ambiente ao seu redor. Seus olhos expressivos e sua postura ativa mostram que ele est\u00e1 pronto para conquistar um lar com sua personalidade vibrante e carinhosa.<\/div>\n<div><\/div>\n<div><a href=\"https:\/\/i0.wp.com\/blogger.googleusercontent.com\/img\/b\/R29vZ2xl\/AVvXsEgGxXFgUpoS-gL7hfO2ksUNBuKBXtfR6fIbzP-DB0LbnnIkDCpEaex3VHU3AOGhUbVX4P-94UadBShW3kPDRNziqy2o3o08O6mEVbtFGJSZKoBvZnI4vlQe8MeDRUdxqG6qf8BhX7HnC0iJg7E3vtq1u92R9m28nUew0qYYs2lR11GLgbmBeXv5GVdN32A\/s1056\/IMG-20250312-WA0152.jpg?ssl=1\"><img data-recalc-dims=\"1\" loading=\"lazy\" decoding=\"async\" border=\"0\" height=\"320\" src=\"https:\/\/i0.wp.com\/blogger.googleusercontent.com\/img\/b\/R29vZ2xl\/AVvXsEgGxXFgUpoS-gL7hfO2ksUNBuKBXtfR6fIbzP-DB0LbnnIkDCpEaex3VHU3AOGhUbVX4P-94UadBShW3kPDRNziqy2o3o08O6mEVbtFGJSZKoBvZnI4vlQe8MeDRUdxqG6qf8BhX7HnC0iJg7E3vtq1u92R9m28nUew0qYYs2lR11GLgbmBeXv5GVdN32A\/s320\/IMG-20250312-WA0152.jpg?resize=272%2C320&#038;ssl=1\" width=\"272\"><\/a><\/div>\n<div><b>Gatinho Preto e Branco<\/b><\/div>\n<div>Com a maior parte do pelo preto e um charmoso peito branco, este gatinho macho \u00e9 o mais elegante do trio. Sua apar\u00eancia \u00fanica combina com um temperamento d\u00f3cil e brincalh\u00e3o. Ele adora interagir com humanos e se d\u00e1 muito bem com seus irm\u00e3os, sempre pronto para um carinho ou uma brincadeira.<\/div>\n<div><\/div>\n<div><a href=\"https:\/\/i0.wp.com\/blogger.googleusercontent.com\/img\/b\/R29vZ2xl\/AVvXsEgAdswdM-2fwOvlOKX3c07EzfAwgtDlGbfw9XbLY5Ppa6wwcf2cOmBpFtItjHjfmNkMHdSNz69hk3fpQl1Xudm74wFT4M68L9k2Rh_dfMWU7t0weWRBn4Z6NadoLyDTQWrk0IWQWLlaNsIcF8ia67HN_22HsD99Icn5_NJfATf-C3KNNmenaenh25ZCcQ8\/s1128\/IMG-20250312-WA0151.jpg?ssl=1\"><img data-recalc-dims=\"1\" loading=\"lazy\" decoding=\"async\" border=\"0\" height=\"320\" src=\"https:\/\/i0.wp.com\/blogger.googleusercontent.com\/img\/b\/R29vZ2xl\/AVvXsEgAdswdM-2fwOvlOKX3c07EzfAwgtDlGbfw9XbLY5Ppa6wwcf2cOmBpFtItjHjfmNkMHdSNz69hk3fpQl1Xudm74wFT4M68L9k2Rh_dfMWU7t0weWRBn4Z6NadoLyDTQWrk0IWQWLlaNsIcF8ia67HN_22HsD99Icn5_NJfATf-C3KNNmenaenh25ZCcQ8\/s320\/IMG-20250312-WA0151.jpg?resize=243%2C320&#038;ssl=1\" width=\"243\"><\/a><\/div>\n<p><\/p>\n<div><\/div>\n<div><b>Gatinha Tartaruga<\/b><\/div>\n<div>A \u00fanica menina do grupo, esta gatinha tem uma pelagem tricolor, no padr\u00e3o tartaruguinha, que a torna ainda mais especial. Ela \u00e9 carinhosa, meiga e tem um olhar que derrete cora\u00e7\u00f5es. Apesar de ser a mais tranquila do trio, ela adora brincar e se mostra muito soci\u00e1vel, tanto com humanos quanto com seus irm\u00e3os.<\/div>\n<div><\/div>\n<div>\n<div class=\"separator\" style=\"clear: both;text-align: center\">\n  <a href=\"https:\/\/blogger.googleusercontent.com\/img\/a\/AVvXsEiCVNK65CN1xjP8HKUcb37jJ4RkfNPbv25HFkPFYViDmw701b9XEgRrKHeeDOLOQqygcr6RzLzkb0IM1TjQ919ZWLHXnsjUmuAAoonD_0N4NpL0EMuLOT6F8akw2JtsPCw3PmvbMbW6RG7fMM8-6ySAyKMXVYm2RlY6tzNGv31sgY0Pz4LiWY4Al3xkULE\" style=\"margin-left: 1em;margin-right: 1em\"><br \/>\n    <img decoding=\"async\" border=\"0\" src=\"https:\/\/blogger.googleusercontent.com\/img\/a\/AVvXsEiCVNK65CN1xjP8HKUcb37jJ4RkfNPbv25HFkPFYViDmw701b9XEgRrKHeeDOLOQqygcr6RzLzkb0IM1TjQ919ZWLHXnsjUmuAAoonD_0N4NpL0EMuLOT6F8akw2JtsPCw3PmvbMbW6RG7fMM8-6ySAyKMXVYm2RlY6tzNGv31sgY0Pz4LiWY4Al3xkULE\" width=\"400\"><br \/>\n  <\/a>\n<\/div>\n<p><\/div>\n<div><b>Siam\u00eas<\/b><\/div>\n<div>Um gato siam\u00eas de olhos azuis hipnotizantes e olhar meigo, este jovem j\u00e1 castrado conquista \u00e0 primeira vista. Ele \u00e9 d\u00f3cil e afetuoso com humanos, mas, por enquanto, n\u00e3o demonstra boa intera\u00e7\u00e3o com outros animais. Por isso, o ideal \u00e9 que ele seja o \u00fanico pet do lar ou que os adotantes estejam dispostos a mediar, com paci\u00eancia e cuidado, a poss\u00edvel inclus\u00e3o de outro gatinho no futuro.<\/div>\n<div><\/div>\n<div>Adotar um pet \u00e9 um gesto de amor que transforma vidas. E esses quatro felinos, com suas hist\u00f3rias e personalidades encantadoras, est\u00e3o prontos para conquistar um lugar especial em um novo lar. Quem sabe, ao conhec\u00ea-los, n\u00e3o surge a vontade de levar para casa n\u00e3o apenas um, mas dois ou at\u00e9 tr\u00eas novos membros da fam\u00edlia?<\/div>\n<div><\/div>\n","protected":false},"excerpt":{"rendered":"<p>O site adoteumgatinhogarca.com publicou quatro gatinhos que foram resgatados das ruas e agora aguardam por uma fam\u00edlia amorosa para cada um. Entre eles, h\u00e1 um jovem siam\u00eas de olhos azuis hipnotizantes e tr\u00eas filhotes de pelagem negra, cada um com suas particularidades encantadoras. Todos foram acolhidos pela volunt\u00e1ria Ana Beatriz, que dedica seu tempo e [&hellip;]<\/p>\n","protected":false},"author":260896546,"featured_media":0,"comment_status":"open","ping_status":"open","sticky":false,"template":"","format":"standard","meta":{"_crdt_document":"","_monsterinsights_skip_tracking":false,"_monsterinsights_sitenote_active":false,"_monsterinsights_sitenote_note":"","_monsterinsights_sitenote_category":0,"advanced_seo_description":"","jetpack_seo_html_title":"","jetpack_seo_noindex":false,"_jetpack_newsletter_access":"","_jetpack_dont_email_post_to_subs":false,"_jetpack_newsletter_tier_id":0,"_jetpack_memberships_contains_paywalled_content":false,"_jetpack_memberships_contains_paid_content":false,"footnotes":"","jetpack_publicize_message":"","jetpack_publicize_feature_enabled":true,"jetpack_social_post_already_shared":false,"jetpack_social_options":{"image_generator_settings":{"template":"fullscreen","default_image_id":0,"font":"","enabled":false},"version":2},"_wpas_customize_per_network":false,"jetpack_post_was_ever_published":false},"categories":[38185],"tags":[781171801,781171833],"class_list":["post-2631","post","type-post","status-publish","format-standard","hentry","category-brasil","tag-brasil","tag-causa-animal"],"jetpack_publicize_connections":[],"jetpack_featured_media_url":"","jetpack_likes_enabled":true,"jetpack_sharing_enabled":true,"jetpack_shortlink":"https:\/\/wp.me\/pgitne-Gr","jetpack-related-posts":[{"id":2697,"url":"https:\/\/diariodegarca.com\/?p=2697","url_meta":{"origin":2631,"position":0},"title":"Quatro filhotes abandonados precisam de um lar respons\u00e1vel","author":"Di\u00e1rio de Gar\u00e7a","date":"5 de mar\u00e7o de 2025","format":false,"excerpt":"No dia 28 de fevereiro, a Funda\u00e7\u00e3o EcoBrasil foi surpreendida por um ato de abandono: quatro gatinhos foram deixados no port\u00e3o da institui\u00e7\u00e3o, sem qualquer cuidado ou explica\u00e7\u00e3o. Apesar da situa\u00e7\u00e3o delicada, a equipe agiu rapidamente e constatou que os filhotes, embora muito jovens, est\u00e3o saud\u00e1veis. Agora, ap\u00f3s os primeiros\u2026","rel":"","context":"Em &quot;Brasil&quot;","block_context":{"text":"Brasil","link":"https:\/\/diariodegarca.com\/?cat=38185"},"img":{"alt_text":"","src":"","width":0,"height":0},"classes":[]},{"id":2686,"url":"https:\/\/diariodegarca.com\/?p=2686","url_meta":{"origin":2631,"position":1},"title":"Gatinhos para ado\u00e7\u00e3o respons\u00e1vel em Gar\u00e7a","author":"Di\u00e1rio de Gar\u00e7a","date":"7 de mar\u00e7o de 2025","format":false,"excerpt":"ATUALIZA\u00c7\u00c3O: OS DOIS ANIMAIS FORAM ADOTADOS.Dois filhotes de gato est\u00e3o em busca de um lar amoroso em Gar\u00e7a. Ambos s\u00e3o machos, j\u00e1 se alimentam de ra\u00e7\u00e3o e utilizam a caixinha de areia sozinhos. Ainda n\u00e3o foram castrados, pois s\u00e3o muito novos, mas precisam de uma ado\u00e7\u00e3o respons\u00e1vel que garanta esse\u2026","rel":"","context":"Em &quot;Brasil&quot;","block_context":{"text":"Brasil","link":"https:\/\/diariodegarca.com\/?cat=38185"},"img":{"alt_text":"","src":"","width":0,"height":0},"classes":[]},{"id":4223,"url":"https:\/\/diariodegarca.com\/?p=4223","url_meta":{"origin":2631,"position":2},"title":"Gatinhos buscam lares amorosos em \u00c1lvaro de Carvalho","author":"Di\u00e1rio de Gar\u00e7a","date":"24 de junho de 2025","format":false,"excerpt":"Grupo de ado\u00e7\u00e3o facilita encontro entre animais resgatados e futuros tutores na regi\u00e3o de Gar\u00e7a Julia Bonato, membro do grupo\u00a0\"Animais perdidos ou para ado\u00e7\u00e3o - Gar\u00e7a\", compartilhou uma oportunidade para quem deseja adotar um felino. Seis gatinhos saud\u00e1veis \u2014 cinco f\u00eameas e um macho \u2014 aguardam por fam\u00edlias respons\u00e1veis em\u2026","rel":"","context":"Em &quot;\u00c1lvaro de Carvalho&quot;","block_context":{"text":"\u00c1lvaro de Carvalho","link":"https:\/\/diariodegarca.com\/?cat=29815376"},"img":{"alt_text":"","src":"https:\/\/i0.wp.com\/diariodegarca.com\/wp-content\/uploads\/2025\/06\/design-sem-nome-2.png?fit=1200%2C838&ssl=1&resize=350%2C200","width":350,"height":200,"srcset":"https:\/\/i0.wp.com\/diariodegarca.com\/wp-content\/uploads\/2025\/06\/design-sem-nome-2.png?fit=1200%2C838&ssl=1&resize=350%2C200 1x, https:\/\/i0.wp.com\/diariodegarca.com\/wp-content\/uploads\/2025\/06\/design-sem-nome-2.png?fit=1200%2C838&ssl=1&resize=525%2C300 1.5x, https:\/\/i0.wp.com\/diariodegarca.com\/wp-content\/uploads\/2025\/06\/design-sem-nome-2.png?fit=1200%2C838&ssl=1&resize=700%2C400 2x, https:\/\/i0.wp.com\/diariodegarca.com\/wp-content\/uploads\/2025\/06\/design-sem-nome-2.png?fit=1200%2C838&ssl=1&resize=1050%2C600 3x"},"classes":[]},{"id":2122,"url":"https:\/\/diariodegarca.com\/?p=2122","url_meta":{"origin":2631,"position":3},"title":"C\u00e3es e gatos est\u00e3o dispon\u00edveis para ado\u00e7\u00e3o respons\u00e1vel em Gar\u00e7a","author":"Di\u00e1rio de Gar\u00e7a","date":"13 de maio de 2025","format":false,"excerpt":"Em um esfor\u00e7o volunt\u00e1rio para proteger e garantir o bem-estar dos animais no munic\u00edpio de Gar\u00e7a, o projeto\u00a0\"Adote Um Animal Gar\u00e7a\"\u00a0tem se destacado como uma iniciativa fundamental para conectar animais resgatados e futuros tutores.\u00a0Desde sua cria\u00e7\u00e3o, em mar\u00e7o deste ano,\u00a022 gatos e 17 cachorros\u00a0j\u00e1 encontraram lares amorosos, com a ajuda\u2026","rel":"","context":"Em &quot;Brasil&quot;","block_context":{"text":"Brasil","link":"https:\/\/diariodegarca.com\/?cat=38185"},"img":{"alt_text":"","src":"https:\/\/i0.wp.com\/blogger.googleusercontent.com\/img\/b\/R29vZ2xl\/AVvXsEhXI0RpF5aExwhzmr82sm3zX5FflDlsItblePJaeScbFSlDuYOvr3ZZbQ2FWaeAEjcvf0xOYiKHUqsC_av2GegOro4l7v-gLvvzzk328be93NMREvRiLGeP6t1-QOoEUr1JYkThJnCK_vIgF7xJa3reK3rId88CKHFaKHlRCrV6_RyT2NOxwpV2kb0B4LU\/s320\/gato.jpg?resize=350%2C200&ssl=1","width":350,"height":200},"classes":[]},{"id":2380,"url":"https:\/\/diariodegarca.com\/?p=2380","url_meta":{"origin":2631,"position":4},"title":"Ado\u00e7\u00e3o: 30 pets, entre c\u00e3es e gatos, buscam um lar em Gar\u00e7a","author":"Di\u00e1rio de Gar\u00e7a","date":"13 de abril de 2025","format":false,"excerpt":"\u00a0 Em meio a tantas patinhas ansiosas por cuidado, o site adoteumanimalgarca.blogspot.com abre as portas para uma corrente de solidariedade: 16 c\u00e3es e 14 gatos aguardam ado\u00e7\u00e3o, cada um com uma hist\u00f3ria que merece ser reescrita com afeto.Para os amantes de gatos, h\u00e1 uma paleta de cores: rajados, pretos e\u2026","rel":"","context":"Em &quot;Brasil&quot;","block_context":{"text":"Brasil","link":"https:\/\/diariodegarca.com\/?cat=38185"},"img":{"alt_text":"","src":"","width":0,"height":0},"classes":[]},{"id":2847,"url":"https:\/\/diariodegarca.com\/?p=2847","url_meta":{"origin":2631,"position":5},"title":"Gatinhos dispon\u00edveis para ado\u00e7\u00e3o respons\u00e1vel \ud83d\udc3e","author":"Di\u00e1rio de Gar\u00e7a","date":"12 de fevereiro de 2025","format":false,"excerpt":"Na pr\u00f3xima segunda-feira, dia 17 de fevereiro, \u00e9 comemorado o Dia Mundial do Gato \ud83d\udc31, uma data especial para celebrar esses felinos que conquistam cora\u00e7\u00f5es com sua personalidade \u00fanica, charme e carinho.\u00a0Embora conhecidos pela sua independ\u00eancia, os gatos tamb\u00e9m s\u00e3o extremamente d\u00f3ceis e apegados aos seus tutores, desmistificando a ideia\u2026","rel":"","context":"Em &quot;Brasil&quot;","block_context":{"text":"Brasil","link":"https:\/\/diariodegarca.com\/?cat=38185"},"img":{"alt_text":"","src":"","width":0,"height":0},"classes":[]}],"_links":{"self":[{"href":"https:\/\/diariodegarca.com\/index.php?rest_route=\/wp\/v2\/posts\/2631","targetHints":{"allow":["GET"]}}],"collection":[{"href":"https:\/\/diariodegarca.com\/index.php?rest_route=\/wp\/v2\/posts"}],"about":[{"href":"https:\/\/diariodegarca.com\/index.php?rest_route=\/wp\/v2\/types\/post"}],"author":[{"embeddable":true,"href":"https:\/\/diariodegarca.com\/index.php?rest_route=\/wp\/v2\/users\/260896546"}],"replies":[{"embeddable":true,"href":"https:\/\/diariodegarca.com\/index.php?rest_route=%2Fwp%2Fv2%2Fcomments&post=2631"}],"version-history":[{"count":0,"href":"https:\/\/diariodegarca.com\/index.php?rest_route=\/wp\/v2\/posts\/2631\/revisions"}],"wp:attachment":[{"href":"https:\/\/diariodegarca.com\/index.php?rest_route=%2Fwp%2Fv2%2Fmedia&parent=2631"}],"wp:term":[{"taxonomy":"category","embeddable":true,"href":"https:\/\/diariodegarca.com\/index.php?rest_route=%2Fwp%2Fv2%2Fcategories&post=2631"},{"taxonomy":"post_tag","embeddable":true,"href":"https:\/\/diariodegarca.com\/index.php?rest_route=%2Fwp%2Fv2%2Ftags&post=2631"}],"curies":[{"name":"wp","href":"https:\/\/api.w.org\/{rel}","templated":true}]}}