{"id":2658,"date":"2025-03-10T19:38:00","date_gmt":"2025-03-10T19:38:00","guid":{"rendered":"https:\/\/diariodegarca.com\/2025\/03\/10\/sistema-nacional-de-identificacao-de-caes-e-gatos-esta-sendo-implantado-este-ano\/"},"modified":"2025-03-10T19:38:00","modified_gmt":"2025-03-10T19:38:00","slug":"sistema-nacional-de-identificacao-de-caes-e-gatos-esta-sendo-implantado-este-ano","status":"publish","type":"post","link":"https:\/\/diariodegarca.com\/?p=2658","title":{"rendered":"Sistema Nacional de Identifica\u00e7\u00e3o de C\u00e3es e Gatos est\u00e1 sendo implantado este ano"},"content":{"rendered":"<\/p>\n<div>\n  <a href=\"https:\/\/blogger.googleusercontent.com\/img\/a\/AVvXsEiDRrpdjBiX5wwPak9-HaCX-ExAyqLxR8iYGDHVPC5rsYWyXVkscotmiCwd8Wuu9gPA7ThcoOzy0o1KWZg4jQSWifOkzCAs-8dUJ0gtPkkIb9hMkeL_vrQQwPxFRew7pRFIpj_WAPyHUA0B4JSMmqBE6COtqlm7aR5P8IBNC2X4RatsPnn-F0ZagJ82kD4\"><br \/>\n    <img decoding=\"async\" border=\"0\" src=\"https:\/\/blogger.googleusercontent.com\/img\/a\/AVvXsEiDRrpdjBiX5wwPak9-HaCX-ExAyqLxR8iYGDHVPC5rsYWyXVkscotmiCwd8Wuu9gPA7ThcoOzy0o1KWZg4jQSWifOkzCAs-8dUJ0gtPkkIb9hMkeL_vrQQwPxFRew7pRFIpj_WAPyHUA0B4JSMmqBE6COtqlm7aR5P8IBNC2X4RatsPnn-F0ZagJ82kD4\" width=\"400\"><br \/>\n  <\/a>\n<\/div>\n<p><\/p>\n<p>A partir deste ano, o Brasil conta com uma nova ferramenta para promover a guarda respons\u00e1vel e combater o abandono e os maus-tratos de animais. O <strong>Sistema Nacional de Identifica\u00e7\u00e3o de C\u00e3es e Gatos<\/strong>, criado com base na <strong>Lei n\u00ba 15.046\/2024<\/strong>, j\u00e1 est\u00e1 em fase de implementa\u00e7\u00e3o.<\/p>\n<p>Desenvolvido pelo <strong>Minist\u00e9rio do Meio Ambiente e Mudan\u00e7a do Clima<\/strong>, com apoio do <strong>Conselho Federal de Medicina Veterin\u00e1ria<\/strong>, o sistema centraliza informa\u00e7\u00f5es sobre os animais e seus respons\u00e1veis em um \u00fanico banco de dados nacional.<\/p>\n<h2><strong>Cadastro gratuito e acess\u00edvel<\/strong><\/h2>\n<p>O cadastro estar\u00e1 dispon\u00edvel no portal do Governo Federal (<strong>gov.br<\/strong>) e ser\u00e1\u00a0<strong>gratuito<\/strong>. Para tutores de animais dom\u00e9sticos, a ades\u00e3o ser\u00e1\u00a0<strong>volunt\u00e1ria<\/strong>, enquanto <strong>ONGs e munic\u00edpios que recebem verbas p\u00fablicas para mutir\u00f5es de castra\u00e7\u00e3o<\/strong> ter\u00e3o a obriga\u00e7\u00e3o de registrar os animais sob seus cuidados.<\/p>\n<p>A proposta unifica dados, evitando cadastros repetidos e permitindo atualiza\u00e7\u00f5es simples, como mudan\u00e7as de endere\u00e7o ou troca de tutor.<\/p>\n<h2><strong>Como os munic\u00edpios podem aderir ao sistema?<\/strong><\/h2>\n<p>Os munic\u00edpios desempenham um papel essencial na implementa\u00e7\u00e3o do <strong>Cadastro Nacional de Animais Dom\u00e9sticos<\/strong> e do <strong>Sistema Nacional de Identifica\u00e7\u00e3o de C\u00e3es e Gatos<\/strong>, especialmente aqueles que recebem recursos p\u00fablicos para programas de controle populacional e castra\u00e7\u00e3o.<\/p>\n<p>Embora as diretrizes exatas de ades\u00e3o ainda estejam sendo finalizadas, alguns pontos j\u00e1 s\u00e3o conhecidos:<\/p>\n<h3><strong>1. Obrigatoriedade para munic\u00edpios que recebem verbas p\u00fablicas<\/strong><\/h3>\n<p>\ud83d\udccc Munic\u00edpios que recebem verbas federais para <strong>mutir\u00f5es de castra\u00e7\u00e3o e outras a\u00e7\u00f5es de controle populacional<\/strong> precisar\u00e3o integrar seus dados ao sistema nacional.<br \/>\n\ud83d\udccc Para aderir, ser\u00e1 necess\u00e1rio estabelecer <strong>conv\u00eanios ou parcerias com o governo federal<\/strong>, seguindo orienta\u00e7\u00f5es que ser\u00e3o divulgadas pelo Minist\u00e9rio do Meio Ambiente e Mudan\u00e7a do Clima.<\/p>\n<h3><strong>2. Integra\u00e7\u00e3o de sistemas municipais<\/strong><\/h3>\n<p>\ud83d\udccc Cidades que j\u00e1 possuem <strong>cadastros pr\u00f3prios de animais<\/strong> poder\u00e3o integr\u00e1-los ao sistema nacional, evitando duplica\u00e7\u00e3o de dados.<br \/>\n\ud83d\udccc Os munic\u00edpios precisar\u00e3o garantir que seus sistemas locais sejam compat\u00edveis com o novo banco de dados nacional.<\/p>\n<h3><strong>3. Acesso via portal gov.br<\/strong><\/h3>\n<p>\ud83d\udccc O cadastro ser\u00e1 realizado atrav\u00e9s da plataforma <strong>gov.br<\/strong>, onde os munic\u00edpios dever\u00e3o se cadastrar e seguir diretrizes espec\u00edficas para a inclus\u00e3o de dados.<br \/>\n\ud83d\udccc \u00c9 esperado que o governo federal disponibilize <strong>treinamentos e manuais t\u00e9cnicos<\/strong> para orientar os gestores municipais.<\/p>\n<h3><strong>4. Apoio de m\u00e9dicos-veterin\u00e1rios e ONGs<\/strong><\/h3>\n<p>\ud83d\udccc Munic\u00edpios poder\u00e3o firmar parcerias com <strong>m\u00e9dicos-veterin\u00e1rios e ONGs<\/strong> para garantir a coleta e atualiza\u00e7\u00e3o de dados sobre os animais cadastrados.<br \/>\n\ud83d\udccc Esses profissionais ter\u00e3o um papel fundamental na conscientiza\u00e7\u00e3o da popula\u00e7\u00e3o sobre a import\u00e2ncia do sistema.<\/p>\n<h3><strong>5. Divulga\u00e7\u00e3o de diretrizes espec\u00edficas<\/strong><\/h3>\n<p>\ud83d\udccc \u00c0 medida que o sistema for sendo implementado, o governo federal publicar\u00e1 <strong>novas diretrizes<\/strong> sobre como os munic\u00edpios devem aderir.<br \/>\n\ud83d\udccc As atualiza\u00e7\u00f5es estar\u00e3o dispon\u00edveis no portal gov.br e em comunicados oficiais do Minist\u00e9rio do Meio Ambiente e Mudan\u00e7a do Clima.<\/p>\n<h3><strong>6. Benef\u00edcios para os munic\u00edpios<\/strong><\/h3>\n<p>\ud83d\udccc Um banco de dados nacional facilitar\u00e1 <strong>o controle populacional de c\u00e3es e gatos<\/strong>, auxiliando no combate ao abandono e aos maus-tratos.<br \/>\n\ud83d\udccc A identifica\u00e7\u00e3o dos animais permitir\u00e1 um <strong>resgate mais \u00e1gil<\/strong> de pets perdidos e melhor fiscaliza\u00e7\u00e3o de criadouros e tutores.<br \/>\n\ud83d\udccc Munic\u00edpios integrados ao sistema podem ter <strong>prioridade no recebimento de verbas federais<\/strong> para projetos de prote\u00e7\u00e3o animal.<\/p>\n<h3><strong>Fase de desenvolvimento\u00a0<\/strong><\/h3>\n<p>Enquanto o sistema ainda est\u00e1 em fase de desenvolvimento, recomenda-se que os munic\u00edpios acompanhem as atualiza\u00e7\u00f5es no portal do Governo Federal e mantenham contato com o <strong>Minist\u00e9rio do Meio Ambiente e Mudan\u00e7a do Clima<\/strong> para obter orienta\u00e7\u00f5es detalhadas. A ades\u00e3o ao sistema ser\u00e1 um passo essencial para garantir mais seguran\u00e7a e bem-estar para os animais em todo o pa\u00eds.<\/p>\n<h2><strong>Quais informa\u00e7\u00f5es estar\u00e3o no cadastro nacional?<\/strong><\/h2>\n<p>O sistema reunir\u00e1 dados tanto do tutor quanto do animal:<\/p>\n<p>\ud83d\udd39 <strong>Tutor:<\/strong> nome, RG, CPF e endere\u00e7o.<br \/>\n\ud83d\udd39 <strong>Animal:<\/strong> ra\u00e7a, sexo, idade presumida, vacinas, hist\u00f3rico de doen\u00e7as e microchipagem (se houver).<\/p>\n<p>Os tutores poder\u00e3o atualizar o cadastro em casos de venda, doa\u00e7\u00e3o ou \u00f3bito do animal. Al\u00e9m disso, <strong>ONGs, cl\u00ednicas veterin\u00e1rias e m\u00e9dicos-veterin\u00e1rios aut\u00f4nomos<\/strong> tamb\u00e9m poder\u00e3o inserir informa\u00e7\u00f5es sobre vacina\u00e7\u00e3o, castra\u00e7\u00e3o e doen\u00e7as.<\/p>\n<h2><strong>Carteira de identidade animal e QR Code<\/strong><\/h2>\n<p>Ap\u00f3s o cadastro, ser\u00e1 poss\u00edvel emitir uma <strong>carteira de identidade do animal<\/strong> e um <strong>QR Code<\/strong> para ser anexado \u00e0 coleira. Em caso de perda, a leitura do c\u00f3digo exibir\u00e1 o nome do pet e os dados de contato do tutor, sem expor informa\u00e7\u00f5es sens\u00edveis como endere\u00e7o ou documentos pessoais.<\/p>\n<h2><strong>Microchipagem: um complemento ao sistema<\/strong><\/h2>\n<p>Embora <strong>n\u00e3o seja obrigat\u00f3ria<\/strong> para o cadastro, a microchipagem poder\u00e1 ser informada no sistema. Segundo a m\u00e9dica-veterin\u00e1ria <strong>Mariana Moraes Dionysio de Souza<\/strong>, do <strong>CRMV-SP<\/strong>, a tecnologia funciona como um &#8220;c\u00f3digo de barras&#8221; sob a pele do animal, mas a falta de um banco de dados unificado dificultava a localiza\u00e7\u00e3o de tutores. Agora, com o sistema nacional, esse problema ser\u00e1 solucionado.<\/p>\n<p>A m\u00e9dica-veterin\u00e1ria <strong>Ana Helena Pagotto Stuginski<\/strong>, secret\u00e1ria-geral do <strong>CRMV-SP<\/strong>, destaca que o cadastro tamb\u00e9m trar\u00e1 benef\u00edcios para os profissionais da \u00e1rea.<\/p>\n<blockquote>\n<p>&#8220;Com um banco de dados unificado, ser\u00e1 mais f\u00e1cil localizar tutores de animais perdidos ou abandonados, reduzindo a press\u00e3o sobre cl\u00ednicas veterin\u00e1rias e profissionais, que frequentemente arcam com custos e sobrecarga emocional nessas situa\u00e7\u00f5es.&#8221;<\/p>\n<\/blockquote>\n<h2><strong>O papel dos m\u00e9dicos-veterin\u00e1rios<\/strong><\/h2>\n<p>Os veterin\u00e1rios ter\u00e3o um papel fundamental na implementa\u00e7\u00e3o do sistema, orientando tutores e refor\u00e7ando a import\u00e2ncia do cadastro. Al\u00e9m disso, poder\u00e3o acompanhar o hist\u00f3rico de vacinas e tratamentos, facilitando diagn\u00f3sticos e atendimentos.<\/p>\n","protected":false},"excerpt":{"rendered":"<p>A partir deste ano, o Brasil conta com uma nova ferramenta para promover a guarda respons\u00e1vel e combater o abandono e os maus-tratos de animais. O Sistema Nacional de Identifica\u00e7\u00e3o de C\u00e3es e Gatos, criado com base na Lei n\u00ba 15.046\/2024, j\u00e1 est\u00e1 em fase de implementa\u00e7\u00e3o. Desenvolvido pelo Minist\u00e9rio do Meio Ambiente e Mudan\u00e7a [&hellip;]<\/p>\n","protected":false},"author":260896546,"featured_media":0,"comment_status":"open","ping_status":"open","sticky":false,"template":"","format":"standard","meta":{"_crdt_document":"","_monsterinsights_skip_tracking":false,"_monsterinsights_sitenote_active":false,"_monsterinsights_sitenote_note":"","_monsterinsights_sitenote_category":0,"advanced_seo_description":"","jetpack_seo_html_title":"","jetpack_seo_noindex":false,"_jetpack_newsletter_access":"","_jetpack_dont_email_post_to_subs":false,"_jetpack_newsletter_tier_id":0,"_jetpack_memberships_contains_paywalled_content":false,"_jetpack_memberships_contains_paid_content":false,"footnotes":"","jetpack_publicize_message":"","jetpack_publicize_feature_enabled":true,"jetpack_social_post_already_shared":false,"jetpack_social_options":{"image_generator_settings":{"template":"fullscreen","default_image_id":0,"font":"","enabled":false},"version":2},"_wpas_customize_per_network":false,"jetpack_post_was_ever_published":false},"categories":[38185],"tags":[781171833,781171787],"class_list":["post-2658","post","type-post","status-publish","format-standard","hentry","category-brasil","tag-causa-animal","tag-tecnologia"],"jetpack_publicize_connections":[],"jetpack_featured_media_url":"","jetpack_likes_enabled":true,"jetpack_sharing_enabled":true,"jetpack_shortlink":"https:\/\/wp.me\/pgitne-GS","jetpack-related-posts":[{"id":2355,"url":"https:\/\/diariodegarca.com\/?p=2355","url_meta":{"origin":2658,"position":0},"title":"Governo lan\u00e7ar\u00e1 Programa Nacional de Prote\u00e7\u00e3o e Identifica\u00e7\u00e3o de C\u00e3es e Gatos amanh\u00e3","author":"Di\u00e1rio de Gar\u00e7a","date":"16 de abril de 2025","format":false,"excerpt":"Na pr\u00f3xima quinta-feira, dia 17 de abril, o presidente Luiz In\u00e1cio Lula da Silva assinar\u00e1 o decreto que institui o\u00a0Programa Nacional de Prote\u00e7\u00e3o e Manejo Populacional \u00c9tico de C\u00e3es e Gatos (ProPatinhas), marcando tamb\u00e9m o lan\u00e7amento oficial do\u00a0Sistema Nacional de Identifica\u00e7\u00e3o de C\u00e3es e Gatos (SinPatinhas). A iniciativa tem como\u2026","rel":"","context":"Em &quot;Brasil&quot;","block_context":{"text":"Brasil","link":"https:\/\/diariodegarca.com\/?cat=38185"},"img":{"alt_text":"","src":"https:\/\/i0.wp.com\/blogger.googleusercontent.com\/img\/b\/R29vZ2xl\/AVvXsEjhtJtesQyel8YS1G3hgW2wv8oG6YhxHBWx4tkmM8DQ3XlIlXrOMiODCPsNyMLY4JxfRs4o1RYPKAvLokcxgWznt1E1FAo8FivZKUl8U8qpwjPm9v-X0PMQCgYN8qY0RDv14Vsca-ph8Mhf3vb-i-EBdAWL9rFTIKQBC7XqT7TLK5YLngoglhhXU1LEZ2Q\/s320\/smiley-woman-playing-shelter-with-dog-waiting-be-adopted.jpg?resize=350%2C200&ssl=1","width":350,"height":200},"classes":[]},{"id":2577,"url":"https:\/\/diariodegarca.com\/?p=2577","url_meta":{"origin":2658,"position":1},"title":"C\u00e2mara celebra aprova\u00e7\u00e3o de trabalhos do vereador Marcelo Miranda em Congresso de Geriatria","author":"Di\u00e1rio de Gar\u00e7a","date":"20 de mar\u00e7o de 2025","format":false,"excerpt":"Na segunda-feira, 17 de mar\u00e7o, durante a 7\u00aa sess\u00e3o ordin\u00e1ria da C\u00e2mara Municipal de Gar\u00e7a, o vereador e m\u00e9dico Marcelo Miranda foi homenageado pela aprova\u00e7\u00e3o de tr\u00eas trabalhos cient\u00edficos que ser\u00e3o apresentados no Congresso Brasileiro de Geriatria, em abril. A sess\u00e3o tamb\u00e9m abordou um requerimento do pr\u00f3prio Miranda sobre a\u2026","rel":"","context":"Em &quot;Brasil&quot;","block_context":{"text":"Brasil","link":"https:\/\/diariodegarca.com\/?cat=38185"},"img":{"alt_text":"","src":"https:\/\/i0.wp.com\/blogger.googleusercontent.com\/img\/b\/R29vZ2xl\/AVvXsEikmWmog0PVSDndVMrEvGmnYOJ-p0mJ-v6wKk9z-y79Z-8SZEdTarri9Ee3x8Y1aRQaX4KUOh5umqowuFobFtjzn19LCu6aam59R8uoSHzlPjrW1lzwivg9y1AiWFKVqL18mdjvKQ2OiCIt7sgWXdi61EXajNo5fF419oFHylK9EbPTIGDWp7Y2Zl7ikP0\/s320\/Captura%20de%20tela%202025-03-20%20195519.jpg?resize=350%2C200&ssl=1","width":350,"height":200},"classes":[]},{"id":2332,"url":"https:\/\/diariodegarca.com\/?p=2332","url_meta":{"origin":2658,"position":2},"title":"ProPatinhas e SinPatinhas: Governo Federal lan\u00e7a programa pioneiro para prote\u00e7\u00e3o de c\u00e3es e gatos","author":"Di\u00e1rio de Gar\u00e7a","date":"17 de abril de 2025","format":false,"excerpt":"Nesta quinta-feira, dia 17 de abril, o Governo Federal deu um passo hist\u00f3rico na defesa dos animais com o lan\u00e7amento do\u00a0Programa Nacional de Prote\u00e7\u00e3o e Manejo Populacional \u00c9tico de C\u00e3es e Gatos (ProPatinhas)\u00a0e do\u00a0Sistema de Cadastro Nacional de Animais Dom\u00e9sticos (SinPatinhas). As iniciativas, coordenadas pelo\u00a0Minist\u00e9rio do Meio Ambiente e Mudan\u00e7a\u2026","rel":"","context":"Em &quot;Brasil&quot;","block_context":{"text":"Brasil","link":"https:\/\/diariodegarca.com\/?cat=38185"},"img":{"alt_text":"","src":"https:\/\/i0.wp.com\/blogger.googleusercontent.com\/img\/b\/R29vZ2xl\/AVvXsEgs8WMwifJGuum8PS_UR1-RPhico2Z-_YPtzVQDLoE6U8KvYU48yFYFnYjO5KVDAHeBpjBHAX2Mk4uFwRA1wT66BnhKqQJ13T2YglzVP3lDAG1Zv4TSwXgBi_9N0kirBD9_7UmDMsVw6olX6EugNznStvkhOD3qB_XZN-IfatlpuDzHoHrLJTF25VJ2Sik\/s320\/54458589055_be6a99e4b8_c.jpg?resize=350%2C200&ssl=1","width":350,"height":200},"classes":[]},{"id":2122,"url":"https:\/\/diariodegarca.com\/?p=2122","url_meta":{"origin":2658,"position":3},"title":"C\u00e3es e gatos est\u00e3o dispon\u00edveis para ado\u00e7\u00e3o respons\u00e1vel em Gar\u00e7a","author":"Di\u00e1rio de Gar\u00e7a","date":"13 de maio de 2025","format":false,"excerpt":"Em um esfor\u00e7o volunt\u00e1rio para proteger e garantir o bem-estar dos animais no munic\u00edpio de Gar\u00e7a, o projeto\u00a0\"Adote Um Animal Gar\u00e7a\"\u00a0tem se destacado como uma iniciativa fundamental para conectar animais resgatados e futuros tutores.\u00a0Desde sua cria\u00e7\u00e3o, em mar\u00e7o deste ano,\u00a022 gatos e 17 cachorros\u00a0j\u00e1 encontraram lares amorosos, com a ajuda\u2026","rel":"","context":"Em &quot;Brasil&quot;","block_context":{"text":"Brasil","link":"https:\/\/diariodegarca.com\/?cat=38185"},"img":{"alt_text":"","src":"https:\/\/i0.wp.com\/blogger.googleusercontent.com\/img\/b\/R29vZ2xl\/AVvXsEhXI0RpF5aExwhzmr82sm3zX5FflDlsItblePJaeScbFSlDuYOvr3ZZbQ2FWaeAEjcvf0xOYiKHUqsC_av2GegOro4l7v-gLvvzzk328be93NMREvRiLGeP6t1-QOoEUr1JYkThJnCK_vIgF7xJa3reK3rId88CKHFaKHlRCrV6_RyT2NOxwpV2kb0B4LU\/s320\/gato.jpg?resize=350%2C200&ssl=1","width":350,"height":200},"classes":[]},{"id":2484,"url":"https:\/\/diariodegarca.com\/?p=2484","url_meta":{"origin":2658,"position":4},"title":"Abril Laranja: M\u00eas de Conscientiza\u00e7\u00e3o e Combate \u00e0 Crueldade Animal","author":"Di\u00e1rio de Gar\u00e7a","date":"3 de abril de 2025","format":false,"excerpt":"O\u00a0Abril Laranja\u00a0\u00e9 uma campanha nacional dedicada \u00e0 preven\u00e7\u00e3o e ao combate da crueldade contra animais. Criada para conscientizar a sociedade sobre os direitos dos animais e promover a\u00e7\u00f5es de prote\u00e7\u00e3o, a iniciativa refor\u00e7a a import\u00e2ncia da den\u00fancia de maus-tratos e destaca avan\u00e7os legais, como a\u00a0Lei n\u00ba 14.064\/2020, que prev\u00ea pena\u2026","rel":"","context":"Em &quot;Brasil&quot;","block_context":{"text":"Brasil","link":"https:\/\/diariodegarca.com\/?cat=38185"},"img":{"alt_text":"","src":"https:\/\/i0.wp.com\/blogger.googleusercontent.com\/img\/b\/R29vZ2xl\/AVvXsEideOc_41mJQz4HZ1iyeuF9LE3ILML6sjo_SOGymUxPoCsaSF6Vg7MEbM7Ks_9NG9PMohwg2QCyXNFoUeyqwxD1R5o3zxF4w0f_5-2Kwe4SOUZIUp1X9O7OfkaVdsugskfl3p5ZpJtnFkX4teVqndFHDN6xWFK_3RcqZhbK9ViZNYt9SKk-kyV6tOM2dhs\/s320\/Abril%20Laranja%20%281%29.png?resize=350%2C200&ssl=1","width":350,"height":200},"classes":[]},{"id":2293,"url":"https:\/\/diariodegarca.com\/?p=2293","url_meta":{"origin":2658,"position":5},"title":"Chocolate: um perigo fatal para c\u00e3es e gatos","author":"Di\u00e1rio de Gar\u00e7a","date":"21 de abril de 2025","format":false,"excerpt":"Um doce para humanos, mas um risco para pets! Embora seja um dos alimentos mais queridos entre as pessoas, o chocolate pode ser extremamente perigoso \u2014 e at\u00e9 fatal \u2014 para c\u00e3es e gatos. O motivo est\u00e1 na presen\u00e7a de duas subst\u00e2ncias t\u00f3xicas para os animais: teobromina e cafe\u00edna, ambas\u2026","rel":"","context":"Em &quot;Brasil&quot;","block_context":{"text":"Brasil","link":"https:\/\/diariodegarca.com\/?cat=38185"},"img":{"alt_text":"","src":"","width":0,"height":0},"classes":[]}],"_links":{"self":[{"href":"https:\/\/diariodegarca.com\/index.php?rest_route=\/wp\/v2\/posts\/2658","targetHints":{"allow":["GET"]}}],"collection":[{"href":"https:\/\/diariodegarca.com\/index.php?rest_route=\/wp\/v2\/posts"}],"about":[{"href":"https:\/\/diariodegarca.com\/index.php?rest_route=\/wp\/v2\/types\/post"}],"author":[{"embeddable":true,"href":"https:\/\/diariodegarca.com\/index.php?rest_route=\/wp\/v2\/users\/260896546"}],"replies":[{"embeddable":true,"href":"https:\/\/diariodegarca.com\/index.php?rest_route=%2Fwp%2Fv2%2Fcomments&post=2658"}],"version-history":[{"count":0,"href":"https:\/\/diariodegarca.com\/index.php?rest_route=\/wp\/v2\/posts\/2658\/revisions"}],"wp:attachment":[{"href":"https:\/\/diariodegarca.com\/index.php?rest_route=%2Fwp%2Fv2%2Fmedia&parent=2658"}],"wp:term":[{"taxonomy":"category","embeddable":true,"href":"https:\/\/diariodegarca.com\/index.php?rest_route=%2Fwp%2Fv2%2Fcategories&post=2658"},{"taxonomy":"post_tag","embeddable":true,"href":"https:\/\/diariodegarca.com\/index.php?rest_route=%2Fwp%2Fv2%2Ftags&post=2658"}],"curies":[{"name":"wp","href":"https:\/\/api.w.org\/{rel}","templated":true}]}}