{"id":2659,"date":"2025-03-10T16:47:00","date_gmt":"2025-03-10T16:47:00","guid":{"rendered":"https:\/\/diariodegarca.com\/2025\/03\/10\/fiocruz-e-saude-lancam-curso-para-enfrentar-violencia-de-genero-e-feminicidio\/"},"modified":"2025-03-10T16:47:00","modified_gmt":"2025-03-10T16:47:00","slug":"fiocruz-e-saude-lancam-curso-para-enfrentar-violencia-de-genero-e-feminicidio","status":"publish","type":"post","link":"https:\/\/diariodegarca.com\/?p=2659","title":{"rendered":"Fiocruz e Sa\u00fade lan\u00e7am curso para enfrentar viol\u00eancia de g\u00eanero e feminic\u00eddio"},"content":{"rendered":"<div class=\"separator\" style=\"clear: both;text-align: center\">\n  <a href=\"https:\/\/blogger.googleusercontent.com\/img\/a\/AVvXsEjix0b8xv3Iz_bOMXxrcgYkAa-Tue7IqF0FOgPrY4Uj_IIbUZCj8DfF-E5iQbSIUkXMkQaV3jCzpYr_r7KY8aFT-9oO7glTZqR14G_iY0e-ig8QJs02Amo5jY15wlxkZy-29RPcb8fgawijkuWpUVAP1Emn666_tGbXiTgLDkLwpcX8F5oU-GfX0pBjBck\" style=\"margin-left: 1em;margin-right: 1em\"><br \/>\n    <img decoding=\"async\" border=\"0\" src=\"https:\/\/blogger.googleusercontent.com\/img\/a\/AVvXsEjix0b8xv3Iz_bOMXxrcgYkAa-Tue7IqF0FOgPrY4Uj_IIbUZCj8DfF-E5iQbSIUkXMkQaV3jCzpYr_r7KY8aFT-9oO7glTZqR14G_iY0e-ig8QJs02Amo5jY15wlxkZy-29RPcb8fgawijkuWpUVAP1Emn666_tGbXiTgLDkLwpcX8F5oU-GfX0pBjBck\" width=\"400\"><br \/>\n  <\/a>\n<\/div>\n<p><\/p>\n<div><\/div>\n<div>O Minist\u00e9rio da Sa\u00fade, em parceria com a Fiocruz Bras\u00edlia, acaba de lan\u00e7ar o curso \u201c<b>Quebre o Sil\u00eancio: enfrentando a viol\u00eancia de g\u00eanero e o feminic\u00eddio<\/b>\u201d. A iniciativa tem como objetivo qualificar a aten\u00e7\u00e3o oferecida na Rede de Aten\u00e7\u00e3o Psicossocial (RAPS), por meio de a\u00e7\u00f5es de educa\u00e7\u00e3o permanente para profissionais da rede. O foco \u00e9 ampliar a compreens\u00e3o sobre quest\u00f5es de g\u00eanero e sexualidade, com \u00eanfase no enfrentamento ao feminic\u00eddio e \u00e0 viol\u00eancia contra mulheres cis e trans.\u00a0\u00a0<\/div>\n<div><\/div>\n<div>Voltado para trabalhadores da RAPS de n\u00edvel m\u00e9dio e superior, especialmente aqueles atuantes nos Centros de Aten\u00e7\u00e3o Psicossocial (CAPS), o curso busca sensibilizar os profissionais sobre como marcadores raciais e de g\u00eanero influenciam na produ\u00e7\u00e3o do sofrimento ps\u00edquico. Al\u00e9m disso, a forma\u00e7\u00e3o aborda o impacto do racismo e da viol\u00eancia de g\u00eanero no processo sa\u00fade-doen\u00e7a das mulheres.\u00a0\u00a0<\/div>\n<div><\/div>\n<div>A iniciativa \u00e9 fruto de uma colabora\u00e7\u00e3o entre o N\u00facleo de Sa\u00fade Mental, \u00c1lcool e Outras Drogas (Nusmad) da Fiocruz Bras\u00edlia e o Departamento de Sa\u00fade Mental, \u00c1lcool e Outras Drogas (Desmad) do Minist\u00e9rio da Sa\u00fade. Com <b>carga hor\u00e1ria de 60 horas e cinco mil vagas dispon\u00edveis<\/b>, o curso \u00e9 uma oportunidade<b> para profissionais da sa\u00fade<\/b> aprofundarem seus conhecimentos e pr\u00e1ticas no <b>acolhimento a v\u00edtimas de viol\u00eancia<\/b>.\u00a0\u00a0<\/div>\n<div><\/div>\n<div>As <b>inscri\u00e7\u00f5es<\/b> podem ser realizadas <b>at\u00e9 o dia 08 de abril<\/b>, por meio do link: <a href=\"https:\/\/www.fiocruzbrasilia.fiocruz.br\/novo-curso-aborda-a-violencia-de-genero-e-o-feminicidio\/\">www.fiocruzbrasilia.fiocruz.br\/novo-curso-aborda-a-violencia-de-genero-e-o-feminicidio\/<\/a>.<span style=\"letter-spacing: 0.2px\">\u00a0\u00a0<\/span><\/div>\n<div><\/div>\n","protected":false},"excerpt":{"rendered":"<p>O Minist\u00e9rio da Sa\u00fade, em parceria com a Fiocruz Bras\u00edlia, acaba de lan\u00e7ar o curso \u201cQuebre o Sil\u00eancio: enfrentando a viol\u00eancia de g\u00eanero e o feminic\u00eddio\u201d. A iniciativa tem como objetivo qualificar a aten\u00e7\u00e3o oferecida na Rede de Aten\u00e7\u00e3o Psicossocial (RAPS), por meio de a\u00e7\u00f5es de educa\u00e7\u00e3o permanente para profissionais da rede. O foco \u00e9 [&hellip;]<\/p>\n","protected":false},"author":260896546,"featured_media":0,"comment_status":"open","ping_status":"open","sticky":false,"template":"","format":"standard","meta":{"_crdt_document":"","_monsterinsights_skip_tracking":false,"_monsterinsights_sitenote_active":false,"_monsterinsights_sitenote_note":"","_monsterinsights_sitenote_category":0,"advanced_seo_description":"","jetpack_seo_html_title":"","jetpack_seo_noindex":false,"_jetpack_newsletter_access":"","_jetpack_dont_email_post_to_subs":false,"_jetpack_newsletter_tier_id":0,"_jetpack_memberships_contains_paywalled_content":false,"_jetpack_memberships_contains_paid_content":false,"footnotes":"","jetpack_publicize_message":"","jetpack_publicize_feature_enabled":true,"jetpack_social_post_already_shared":false,"jetpack_social_options":{"image_generator_settings":{"template":"fullscreen","default_image_id":0,"font":"","enabled":false},"version":2},"_wpas_customize_per_network":false,"jetpack_post_was_ever_published":false},"categories":[38185],"tags":[781171800,781171802],"class_list":["post-2659","post","type-post","status-publish","format-standard","hentry","category-brasil","tag-curso","tag-saude"],"jetpack_publicize_connections":[],"jetpack_featured_media_url":"","jetpack_likes_enabled":true,"jetpack_sharing_enabled":true,"jetpack_shortlink":"https:\/\/wp.me\/pgitne-GT","jetpack-related-posts":[{"id":2221,"url":"https:\/\/diariodegarca.com\/?p=2221","url_meta":{"origin":2659,"position":0},"title":"Sa\u00fade oferta curso e webin\u00e1rio para fortalecer pol\u00edticas de equidade e sa\u00fade integral","author":"Di\u00e1rio de Gar\u00e7a","date":"2 de maio de 2025","format":false,"excerpt":"O Minist\u00e9rio da Sa\u00fade, por meio da Pol\u00edtica Nacional de Pr\u00e1ticas Integrativas e Complementares no SUS (PNPIC), realiza no dia 6 de maio, \u00e0s 14h, o webin\u00e1rio \u201cPr\u00e1ticas Integrativas e Complementares em Sa\u00fade \u2013 Cuidado e Promo\u00e7\u00e3o da Sa\u00fade na APS\u201d. A transmiss\u00e3o ser\u00e1 ao vivo pelo canal do DATASUS\u2026","rel":"","context":"Em &quot;Brasil&quot;","block_context":{"text":"Brasil","link":"https:\/\/diariodegarca.com\/?cat=38185"},"img":{"alt_text":"","src":"","width":0,"height":0},"classes":[]},{"id":2144,"url":"https:\/\/diariodegarca.com\/?p=2144","url_meta":{"origin":2659,"position":1},"title":"Fiocruz oferece curso gratuito sobre Sa\u00fade \u00danica","author":"Di\u00e1rio de Gar\u00e7a","date":"10 de maio de 2025","format":false,"excerpt":"Quer entender melhor como a sa\u00fade humana, animal e ambiental est\u00e3o interligadas? Est\u00e3o abertas as inscri\u00e7\u00f5es para o curso online e gratuito \u201cIntrodu\u00e7\u00e3o a Uma S\u00f3 Sa\u00fade\u201d, promovido pela Funda\u00e7\u00e3o Oswaldo Cruz (Fiocruz) em parceria com o Minist\u00e9rio da Sa\u00fade e o Minist\u00e9rio da Educa\u00e7\u00e3o.\u00a0\u00a0A forma\u00e7\u00e3o tem como objetivo difundir\u2026","rel":"","context":"Em &quot;Brasil&quot;","block_context":{"text":"Brasil","link":"https:\/\/diariodegarca.com\/?cat=38185"},"img":{"alt_text":"","src":"","width":0,"height":0},"classes":[]},{"id":2776,"url":"https:\/\/diariodegarca.com\/?p=2776","url_meta":{"origin":2659,"position":2},"title":"Fiocruz oferece curso gratuito sobre preven\u00e7\u00e3o de doen\u00e7as cr\u00f4nicas n\u00e3o transmiss\u00edveis","author":"Di\u00e1rio de Gar\u00e7a","date":"20 de fevereiro de 2025","format":false,"excerpt":"A Escola Nacional de Sa\u00fade P\u00fablica da Fiocruz (ENSP\/Fiocruz), por meio do Centro de Estudos sobre Tabaco e Sa\u00fade (Cetab) e da Coordena\u00e7\u00e3o de Desenvolvimento de Educa\u00e7\u00e3o a Dist\u00e2ncia (CDEAD), est\u00e1 com inscri\u00e7\u00f5es abertas para o curso \u201cEstrat\u00e9gias de Preven\u00e7\u00e3o das Doen\u00e7as Cr\u00f4nicas N\u00e3o Transmiss\u00edveis\u201d.\u00a0A forma\u00e7\u00e3o, gratuita e totalmente online,\u2026","rel":"","context":"Em &quot;Brasil&quot;","block_context":{"text":"Brasil","link":"https:\/\/diariodegarca.com\/?cat=38185"},"img":{"alt_text":"","src":"","width":0,"height":0},"classes":[]},{"id":2739,"url":"https:\/\/diariodegarca.com\/?p=2739","url_meta":{"origin":2659,"position":3},"title":"Fiocruz abre inscri\u00e7\u00f5es para curso de autocuidado e preven\u00e7\u00e3o de doen\u00e7as cr\u00f4nicas","author":"Di\u00e1rio de Gar\u00e7a","date":"27 de fevereiro de 2025","format":false,"excerpt":"\u00a0 A Funda\u00e7\u00e3o Oswaldo Cruz (Fiocruz) est\u00e1 com inscri\u00e7\u00f5es abertas para a 3\u00aa edi\u00e7\u00e3o do curso \u2018Autocuidado em sa\u00fade e a Literacia para a promo\u00e7\u00e3o da sa\u00fade e a preven\u00e7\u00e3o das doen\u00e7as cr\u00f4nicas na Aten\u00e7\u00e3o Prim\u00e1ria \u00e0 Sa\u00fade\u2019.A forma\u00e7\u00e3o, realizada em parceria com o Minist\u00e9rio da Sa\u00fade, \u00e9 online, gratuita\u2026","rel":"","context":"Em &quot;Brasil&quot;","block_context":{"text":"Brasil","link":"https:\/\/diariodegarca.com\/?cat=38185"},"img":{"alt_text":"","src":"","width":0,"height":0},"classes":[]},{"id":2698,"url":"https:\/\/diariodegarca.com\/?p=2698","url_meta":{"origin":2659,"position":4},"title":"Minist\u00e9rio da Sa\u00fade e Fiocruz lan\u00e7am segunda edi\u00e7\u00e3o do curso sobre testes r\u00e1pidos para HIV, S\u00edfilis e Hepatites B e C","author":"Di\u00e1rio de Gar\u00e7a","date":"5 de mar\u00e7o de 2025","format":false,"excerpt":"As Infec\u00e7\u00f5es Sexualmente Transmiss\u00edveis (ISTs) representam um desafio significativo para a sa\u00fade p\u00fablica, impactando diretamente a qualidade de vida e a sa\u00fade sexual e reprodutiva da popula\u00e7\u00e3o. O diagn\u00f3stico precoce e preciso, aliado ao tratamento adequado, \u00e9 fundamental para interromper a cadeia de transmiss\u00e3o e prevenir complica\u00e7\u00f5es. Para capacitar profissionais\u2026","rel":"","context":"Em &quot;Brasil&quot;","block_context":{"text":"Brasil","link":"https:\/\/diariodegarca.com\/?cat=38185"},"img":{"alt_text":"","src":"","width":0,"height":0},"classes":[]},{"id":9305,"url":"https:\/\/diariodegarca.com\/?p=9305","url_meta":{"origin":2659,"position":5},"title":"Tentativa de feminic\u00eddio em Gar\u00e7a vira alerta na C\u00e2mara: &#8220;N\u00e3o saiam sozinhas&#8221;, orienta vereadora","author":"Andreza Sega","date":"3 de dezembro de 2025","format":false,"excerpt":"Elaine Oliveira (PSD), que tamb\u00e9m trabalha na Delegacia da Mulher, fez apelo por informa\u00e7\u00f5es durante sess\u00e3o da C\u00e2mara; presidente Raquel Sartori (PL) refor\u00e7ou canais de den\u00fancia. Um crime brutal ocorrido no \u00faltimo fim de semana foi um dos temas debatidos no Grande Expediente na C\u00e2mara Municipal de Gar\u00e7a. Na noite\u2026","rel":"","context":"Em &quot;Gar\u00e7a&quot;","block_context":{"text":"Gar\u00e7a","link":"https:\/\/diariodegarca.com\/?cat=781171664"},"img":{"alt_text":"","src":"https:\/\/i0.wp.com\/diariodegarca.com\/wp-content\/uploads\/2025\/12\/elaine-oliveira.jpg?fit=705%2C340&ssl=1&resize=350%2C200","width":350,"height":200,"srcset":"https:\/\/i0.wp.com\/diariodegarca.com\/wp-content\/uploads\/2025\/12\/elaine-oliveira.jpg?fit=705%2C340&ssl=1&resize=350%2C200 1x, https:\/\/i0.wp.com\/diariodegarca.com\/wp-content\/uploads\/2025\/12\/elaine-oliveira.jpg?fit=705%2C340&ssl=1&resize=525%2C300 1.5x, https:\/\/i0.wp.com\/diariodegarca.com\/wp-content\/uploads\/2025\/12\/elaine-oliveira.jpg?fit=705%2C340&ssl=1&resize=700%2C400 2x"},"classes":[]}],"_links":{"self":[{"href":"https:\/\/diariodegarca.com\/index.php?rest_route=\/wp\/v2\/posts\/2659","targetHints":{"allow":["GET"]}}],"collection":[{"href":"https:\/\/diariodegarca.com\/index.php?rest_route=\/wp\/v2\/posts"}],"about":[{"href":"https:\/\/diariodegarca.com\/index.php?rest_route=\/wp\/v2\/types\/post"}],"author":[{"embeddable":true,"href":"https:\/\/diariodegarca.com\/index.php?rest_route=\/wp\/v2\/users\/260896546"}],"replies":[{"embeddable":true,"href":"https:\/\/diariodegarca.com\/index.php?rest_route=%2Fwp%2Fv2%2Fcomments&post=2659"}],"version-history":[{"count":0,"href":"https:\/\/diariodegarca.com\/index.php?rest_route=\/wp\/v2\/posts\/2659\/revisions"}],"wp:attachment":[{"href":"https:\/\/diariodegarca.com\/index.php?rest_route=%2Fwp%2Fv2%2Fmedia&parent=2659"}],"wp:term":[{"taxonomy":"category","embeddable":true,"href":"https:\/\/diariodegarca.com\/index.php?rest_route=%2Fwp%2Fv2%2Fcategories&post=2659"},{"taxonomy":"post_tag","embeddable":true,"href":"https:\/\/diariodegarca.com\/index.php?rest_route=%2Fwp%2Fv2%2Ftags&post=2659"}],"curies":[{"name":"wp","href":"https:\/\/api.w.org\/{rel}","templated":true}]}}