{"id":2698,"date":"2025-03-05T15:00:00","date_gmt":"2025-03-05T15:00:00","guid":{"rendered":"https:\/\/diariodegarca.com\/2025\/03\/05\/ministerio-da-saude-e-fiocruz-lancam-segunda-edicao-do-curso-sobre-testes-rapidos-para-hiv-sifilis-e-hepatites-b-e-c\/"},"modified":"2025-03-05T15:00:00","modified_gmt":"2025-03-05T15:00:00","slug":"ministerio-da-saude-e-fiocruz-lancam-segunda-edicao-do-curso-sobre-testes-rapidos-para-hiv-sifilis-e-hepatites-b-e-c","status":"publish","type":"post","link":"https:\/\/diariodegarca.com\/?p=2698","title":{"rendered":"Minist\u00e9rio da Sa\u00fade e Fiocruz lan\u00e7am segunda edi\u00e7\u00e3o do curso sobre testes r\u00e1pidos para HIV, S\u00edfilis e Hepatites B e C"},"content":{"rendered":"<div>\n<div class=\"separator\" style=\"clear: both;text-align: center\">\n  <a href=\"https:\/\/blogger.googleusercontent.com\/img\/a\/AVvXsEirhd4lTd8-R25O74UfD6iTWSgDPXhDMU2zhfZ9BhgxLRH98GifuH0mTtSoOQnf2zEosobl46ljeY0ludk4PixbHeCKdowHu7sUYAg34_1g4aVrF-CbzPVsVf-hVerdHeViGCQ4GVBdaBzILFgmXImnMDm4bm4ZwQPJP4u2261JLVw3GshJwLpfJF_sdYI\" style=\"margin-left: 1em;margin-right: 1em\"><br \/>\n    <img decoding=\"async\" border=\"0\" src=\"https:\/\/blogger.googleusercontent.com\/img\/a\/AVvXsEirhd4lTd8-R25O74UfD6iTWSgDPXhDMU2zhfZ9BhgxLRH98GifuH0mTtSoOQnf2zEosobl46ljeY0ludk4PixbHeCKdowHu7sUYAg34_1g4aVrF-CbzPVsVf-hVerdHeViGCQ4GVBdaBzILFgmXImnMDm4bm4ZwQPJP4u2261JLVw3GshJwLpfJF_sdYI\" width=\"400\"><br \/>\n  <\/a>\n<\/div>\n<p><\/div>\n<div>\n<p>As Infec\u00e7\u00f5es Sexualmente Transmiss\u00edveis (ISTs) representam um desafio significativo para a sa\u00fade p\u00fablica, impactando diretamente a qualidade de vida e a sa\u00fade sexual e reprodutiva da popula\u00e7\u00e3o. O diagn\u00f3stico precoce e preciso, aliado ao tratamento adequado, \u00e9 fundamental para interromper a cadeia de transmiss\u00e3o e prevenir complica\u00e7\u00f5es.<\/p>\n<p>Para capacitar profissionais de sa\u00fade e ampliar o conhecimento sobre o tema, o <strong>Minist\u00e9rio da Sa\u00fade<\/strong>, em parceria com a <strong>Fiocruz<\/strong>, lan\u00e7a a segunda edi\u00e7\u00e3o do curso <strong>&#8220;Utiliza\u00e7\u00e3o dos testes r\u00e1pidos no diagn\u00f3stico da infec\u00e7\u00e3o pelo HIV, da S\u00edfilis e das Hepatites B e C&#8221;<\/strong>.<\/p>\n<h2><strong>Sobre o curso<\/strong><\/h2>\n<p>\u2714 <strong>Modalidade<\/strong>: Online, gratuito e autoinstrucional<br \/>\n\u2714 <strong>Carga hor\u00e1ria<\/strong>: 20 horas<br \/>\n\u2714 <strong>P\u00fablico-alvo<\/strong>: Profissionais de sa\u00fade e interessados no diagn\u00f3stico de ISTs no SUS<br \/>\n\u2714 <strong>Estrutura<\/strong>: 6 m\u00f3dulos, incluindo guias oficiais, interpreta\u00e7\u00e3o de testes e encaminhamento de pacientes<\/p>\n<p>O curso j\u00e1 capacitou cerca de <strong>40 mil estudantes<\/strong> e foi atualizado para oferecer um conte\u00fado ainda mais completo e alinhado \u00e0s diretrizes do <strong>Sistema \u00danico de Sa\u00fade (SUS)<\/strong>.<\/p>\n<h2><strong>Conte\u00fado program\u00e1tico<\/strong><\/h2>\n<p>\ud83d\udccc <strong>M\u00f3dulo 1<\/strong>: Guia pr\u00e1tico para execu\u00e7\u00e3o de testes r\u00e1pidos<br \/>\n\ud83d\udccc <strong>M\u00f3dulo 2<\/strong>: Testes r\u00e1pidos para Infec\u00e7\u00e3o pelo HIV<br \/>\n\ud83d\udccc <strong>M\u00f3dulo 3<\/strong>: Testes r\u00e1pidos para S\u00edfilis<br \/>\n\ud83d\udccc <strong>M\u00f3dulo 4<\/strong>: Testes r\u00e1pidos para Hepatite B<br \/>\n\ud83d\udccc <strong>M\u00f3dulo 5<\/strong>: Testes r\u00e1pidos para Hepatite C<br \/>\n\ud83d\udccc <strong>M\u00f3dulo 6<\/strong>: Testes r\u00e1pidos para detec\u00e7\u00e3o simult\u00e2nea de anticorpos anti-HIV-1\/2 e anticorpos trepon\u00eamicos (TR Duo HIV\/S\u00edfilis)<\/p>\n<h2><strong>Por que participar?<\/strong><\/h2>\n<p>\u2705 Atualize-se sobre diretrizes nacionais e recomenda\u00e7\u00f5es t\u00e9cnicas<br \/>\n\u2705 Aprenda a realizar e interpretar testes r\u00e1pidos com seguran\u00e7a<br \/>\n\u2705 Garanta atendimento de qualidade aos pacientes no SUS<\/p>\n<p><strong>T\u00e2nia Fonseca<\/strong>, coordenadora da forma\u00e7\u00e3o pela <strong>Fiocruz<\/strong>, destaca a import\u00e2ncia da capacita\u00e7\u00e3o cont\u00ednua:<br \/>\n<em>&#8220;Estar atualizado sobre os testes dispon\u00edveis garante que os exames sejam realizados com padr\u00e3o de qualidade em qualquer local do pa\u00eds, al\u00e9m de manter os profissionais sempre capacitados para oferecer um atendimento seguro e eficiente.&#8221;<\/em><\/p>\n<h2><strong>\ud83d\udd17 Inscreva-se agora!<\/strong><\/h2>\n<p>Acesse o link abaixo e fa\u00e7a sua inscri\u00e7\u00e3o gratuita:<br \/>\n\u27a1 <strong><a href=\"https:\/\/campusvirtual.fiocruz.br\/gestordecursos\/login\/\">https:\/\/campusvirtual.fiocruz.br\/gestordecursos\/login\/<\/a><\/strong><\/p>\n<\/div>\n","protected":false},"excerpt":{"rendered":"<p>As Infec\u00e7\u00f5es Sexualmente Transmiss\u00edveis (ISTs) representam um desafio significativo para a sa\u00fade p\u00fablica, impactando diretamente a qualidade de vida e a sa\u00fade sexual e reprodutiva da popula\u00e7\u00e3o. O diagn\u00f3stico precoce e preciso, aliado ao tratamento adequado, \u00e9 fundamental para interromper a cadeia de transmiss\u00e3o e prevenir complica\u00e7\u00f5es. Para capacitar profissionais de sa\u00fade e ampliar o [&hellip;]<\/p>\n","protected":false},"author":260896546,"featured_media":0,"comment_status":"open","ping_status":"open","sticky":false,"template":"","format":"standard","meta":{"_crdt_document":"","_monsterinsights_skip_tracking":false,"_monsterinsights_sitenote_active":false,"_monsterinsights_sitenote_note":"","_monsterinsights_sitenote_category":0,"advanced_seo_description":"","jetpack_seo_html_title":"","jetpack_seo_noindex":false,"_jetpack_newsletter_access":"","_jetpack_dont_email_post_to_subs":false,"_jetpack_newsletter_tier_id":0,"_jetpack_memberships_contains_paywalled_content":false,"_jetpack_memberships_contains_paid_content":false,"footnotes":"","jetpack_publicize_message":"","jetpack_publicize_feature_enabled":true,"jetpack_social_post_already_shared":false,"jetpack_social_options":{"image_generator_settings":{"template":"fullscreen","default_image_id":0,"font":"","enabled":false},"version":2},"_wpas_customize_per_network":false,"jetpack_post_was_ever_published":false},"categories":[38185],"tags":[781171800,781171802],"class_list":["post-2698","post","type-post","status-publish","format-standard","hentry","category-brasil","tag-curso","tag-saude"],"jetpack_publicize_connections":[],"jetpack_featured_media_url":"","jetpack_likes_enabled":true,"jetpack_sharing_enabled":true,"jetpack_shortlink":"https:\/\/wp.me\/pgitne-Hw","jetpack-related-posts":[{"id":5366,"url":"https:\/\/diariodegarca.com\/?p=5366","url_meta":{"origin":2698,"position":0},"title":"Curso gratuito e online promove sa\u00fade e direitos da popula\u00e7\u00e3o LGBTQIA+","author":"Di\u00e1rio de Gar\u00e7a","date":"7 de agosto de 2025","format":false,"excerpt":"Iniciativa do Minist\u00e9rio dos Direitos Humanos e da Cidadania e ENAP oferece forma\u00e7\u00e3o com certifica\u00e7\u00e3o para atendimento humanizado e inclusivo. O\u00a0Minist\u00e9rio dos Direitos Humanos e da Cidadania (MDHC), em parceria com a\u00a0Escola Nacional de Administra\u00e7\u00e3o P\u00fablica (ENAP), est\u00e1 com inscri\u00e7\u00f5es abertas para o curso\u00a0\"Promo\u00e7\u00e3o da Sa\u00fade das Pessoas LGBTQIA+\". Totalmente\u00a0gratuito,\u2026","rel":"","context":"Em &quot;Curso&quot;","block_context":{"text":"Curso","link":"https:\/\/diariodegarca.com\/?cat=36947"},"img":{"alt_text":"","src":"https:\/\/i0.wp.com\/diariodegarca.com\/wp-content\/uploads\/2025\/08\/smiley-medico-e-paciente-plano-medio.jpg?fit=1200%2C798&ssl=1&resize=350%2C200","width":350,"height":200,"srcset":"https:\/\/i0.wp.com\/diariodegarca.com\/wp-content\/uploads\/2025\/08\/smiley-medico-e-paciente-plano-medio.jpg?fit=1200%2C798&ssl=1&resize=350%2C200 1x, https:\/\/i0.wp.com\/diariodegarca.com\/wp-content\/uploads\/2025\/08\/smiley-medico-e-paciente-plano-medio.jpg?fit=1200%2C798&ssl=1&resize=525%2C300 1.5x, https:\/\/i0.wp.com\/diariodegarca.com\/wp-content\/uploads\/2025\/08\/smiley-medico-e-paciente-plano-medio.jpg?fit=1200%2C798&ssl=1&resize=700%2C400 2x, https:\/\/i0.wp.com\/diariodegarca.com\/wp-content\/uploads\/2025\/08\/smiley-medico-e-paciente-plano-medio.jpg?fit=1200%2C798&ssl=1&resize=1050%2C600 3x"},"classes":[]},{"id":2659,"url":"https:\/\/diariodegarca.com\/?p=2659","url_meta":{"origin":2698,"position":1},"title":"Fiocruz e Sa\u00fade lan\u00e7am curso para enfrentar viol\u00eancia de g\u00eanero e feminic\u00eddio","author":"Di\u00e1rio de Gar\u00e7a","date":"10 de mar\u00e7o de 2025","format":false,"excerpt":"O Minist\u00e9rio da Sa\u00fade, em parceria com a Fiocruz Bras\u00edlia, acaba de lan\u00e7ar o curso \u201cQuebre o Sil\u00eancio: enfrentando a viol\u00eancia de g\u00eanero e o feminic\u00eddio\u201d. A iniciativa tem como objetivo qualificar a aten\u00e7\u00e3o oferecida na Rede de Aten\u00e7\u00e3o Psicossocial (RAPS), por meio de a\u00e7\u00f5es de educa\u00e7\u00e3o permanente para profissionais\u2026","rel":"","context":"Em &quot;Brasil&quot;","block_context":{"text":"Brasil","link":"https:\/\/diariodegarca.com\/?cat=38185"},"img":{"alt_text":"","src":"","width":0,"height":0},"classes":[]},{"id":2360,"url":"https:\/\/diariodegarca.com\/?p=2360","url_meta":{"origin":2698,"position":2},"title":"ENDICA oferece cursos EaD gratuitos sobre prote\u00e7\u00e3o infantil","author":"Di\u00e1rio de Gar\u00e7a","date":"15 de abril de 2025","format":false,"excerpt":"O\u00a0Minist\u00e9rio dos Direitos Humanos e da Cidadania (MDHC), por meio da\u00a0Escola Nacional dos Direitos da Crian\u00e7a e do Adolescente (ENDICA), est\u00e1 com inscri\u00e7\u00f5es abertas para diversos cursos na modalidade\u00a0Ensino a Dist\u00e2ncia (EaD). As forma\u00e7\u00f5es,\u00a0totalmente online e gratuitas, abordam temas essenciais para a garantia dos direitos de crian\u00e7as e adolescentes, com\u2026","rel":"","context":"Em &quot;Brasil&quot;","block_context":{"text":"Brasil","link":"https:\/\/diariodegarca.com\/?cat=38185"},"img":{"alt_text":"","src":"https:\/\/i0.wp.com\/blogger.googleusercontent.com\/img\/b\/R29vZ2xl\/AVvXsEjaf2t9gdHh_n7MkYdviAMLT-nUwIQUdfTynTV0h5x-j-CJJS7fD6wIx4JMtzsyZEoOCyWQhCj40qvicge-Ew_MkQVBjqkAc8uzxEoOGOfZPwGmrAqUiMWQnzQPP7M51B_xbZdWzIbZU6gAVKW19J7RmTYwJDgIXMtFiyOUDyAp6z7Y9ClgFmUNicm047A\/s320\/smiley-kids-putting-their-hands-each-other.jpg?resize=350%2C200&ssl=1","width":350,"height":200},"classes":[]},{"id":2657,"url":"https:\/\/diariodegarca.com\/?p=2657","url_meta":{"origin":2698,"position":3},"title":"Mar\u00e7o Lil\u00e1s: m\u00eas de conscientiza\u00e7\u00e3o e combate ao c\u00e2ncer do colo do \u00fatero","author":"Di\u00e1rio de Gar\u00e7a","date":"10 de mar\u00e7o de 2025","format":false,"excerpt":"O Mar\u00e7o Lil\u00e1s \u00e9 uma campanha essencial para a sa\u00fade da mulher, destacando a preven\u00e7\u00e3o, o diagn\u00f3stico precoce e o tratamento do c\u00e2ncer do colo do \u00fatero. A iniciativa busca alertar a popula\u00e7\u00e3o sobre essa doen\u00e7a, que ainda \u00e9 uma das principais causas de morte por c\u00e2ncer entre mulheres no\u2026","rel":"","context":"Em &quot;Brasil&quot;","block_context":{"text":"Brasil","link":"https:\/\/diariodegarca.com\/?cat=38185"},"img":{"alt_text":"","src":"","width":0,"height":0},"classes":[]},{"id":2108,"url":"https:\/\/diariodegarca.com\/?p=2108","url_meta":{"origin":2698,"position":4},"title":"Maio Laranja: m\u00eas de combate ao abuso e \u00e0 explora\u00e7\u00e3o sexual infantil","author":"Di\u00e1rio de Gar\u00e7a","date":"14 de maio de 2025","format":false,"excerpt":"Campanha alerta para a import\u00e2ncia da preven\u00e7\u00e3o, identifica\u00e7\u00e3o e den\u00fancia de viol\u00eancias contra crian\u00e7as e adolescentes.O\u00a0Maio Laranja\u00a0\u00e9 uma campanha nacional dedicada ao enfrentamento do abuso e da explora\u00e7\u00e3o sexual de crian\u00e7as e adolescentes. A iniciativa visa conscientizar a sociedade sobre a gravidade do problema, que muitas vezes ocorre de forma\u2026","rel":"","context":"Em &quot;Brasil&quot;","block_context":{"text":"Brasil","link":"https:\/\/diariodegarca.com\/?cat=38185"},"img":{"alt_text":"","src":"https:\/\/i0.wp.com\/blogger.googleusercontent.com\/img\/b\/R29vZ2xl\/AVvXsEgsJBUmOTlX7zlYjNI5pT7a6mZQx_pAVZdIFGJ_0tcbyZYJC-wf7Kd3t2ikOz-D9hr12Hp9us4y-OVuv7ADKYGSs3X7wL7geC0g84uekG5J7ZHFGfSrZBSqPYT43U2V0D4aVcENpVunJZRQvhrAVJ6gjpdBEnwVWJ7bqQTMJca1A8zU0USmIflhLSE0NHM\/s320\/medium-shot-girl-being-abused-portrait.jpg?resize=350%2C200&ssl=1","width":350,"height":200},"classes":[]},{"id":6398,"url":"https:\/\/diariodegarca.com\/?p=6398","url_meta":{"origin":2698,"position":5},"title":"Anvisa alerta para riscos do uso recreativo de medicamentos para disfun\u00e7\u00e3o er\u00e9til","author":"Di\u00e1rio de Gar\u00e7a","date":"5 de setembro de 2025","format":false,"excerpt":"Ag\u00eancia refor\u00e7a que subst\u00e2ncias como sildenafila e tadalafila, encontradas irregularmente em gomas e suplementos, s\u00e3o de venda controlada e seu uso indiscriminado pode levar a infarto, AVC e at\u00e9 depend\u00eancia psicol\u00f3gica. A Ag\u00eancia Nacional de Vigil\u00e2ncia Sanit\u00e1ria (Anvisa) emitiu um alerta de sa\u00fade p\u00fablica nesta sexta-feira, 5 de setembro, sobre\u2026","rel":"","context":"Em &quot;Brasil&quot;","block_context":{"text":"Brasil","link":"https:\/\/diariodegarca.com\/?cat=38185"},"img":{"alt_text":"","src":"https:\/\/i0.wp.com\/diariodegarca.com\/wp-content\/uploads\/2025\/09\/retrato-de-um-homem-feliz-tomando-uma-capsula-vermelha.jpg?fit=1200%2C800&ssl=1&resize=350%2C200","width":350,"height":200,"srcset":"https:\/\/i0.wp.com\/diariodegarca.com\/wp-content\/uploads\/2025\/09\/retrato-de-um-homem-feliz-tomando-uma-capsula-vermelha.jpg?fit=1200%2C800&ssl=1&resize=350%2C200 1x, https:\/\/i0.wp.com\/diariodegarca.com\/wp-content\/uploads\/2025\/09\/retrato-de-um-homem-feliz-tomando-uma-capsula-vermelha.jpg?fit=1200%2C800&ssl=1&resize=525%2C300 1.5x, https:\/\/i0.wp.com\/diariodegarca.com\/wp-content\/uploads\/2025\/09\/retrato-de-um-homem-feliz-tomando-uma-capsula-vermelha.jpg?fit=1200%2C800&ssl=1&resize=700%2C400 2x, https:\/\/i0.wp.com\/diariodegarca.com\/wp-content\/uploads\/2025\/09\/retrato-de-um-homem-feliz-tomando-uma-capsula-vermelha.jpg?fit=1200%2C800&ssl=1&resize=1050%2C600 3x"},"classes":[]}],"_links":{"self":[{"href":"https:\/\/diariodegarca.com\/index.php?rest_route=\/wp\/v2\/posts\/2698","targetHints":{"allow":["GET"]}}],"collection":[{"href":"https:\/\/diariodegarca.com\/index.php?rest_route=\/wp\/v2\/posts"}],"about":[{"href":"https:\/\/diariodegarca.com\/index.php?rest_route=\/wp\/v2\/types\/post"}],"author":[{"embeddable":true,"href":"https:\/\/diariodegarca.com\/index.php?rest_route=\/wp\/v2\/users\/260896546"}],"replies":[{"embeddable":true,"href":"https:\/\/diariodegarca.com\/index.php?rest_route=%2Fwp%2Fv2%2Fcomments&post=2698"}],"version-history":[{"count":0,"href":"https:\/\/diariodegarca.com\/index.php?rest_route=\/wp\/v2\/posts\/2698\/revisions"}],"wp:attachment":[{"href":"https:\/\/diariodegarca.com\/index.php?rest_route=%2Fwp%2Fv2%2Fmedia&parent=2698"}],"wp:term":[{"taxonomy":"category","embeddable":true,"href":"https:\/\/diariodegarca.com\/index.php?rest_route=%2Fwp%2Fv2%2Fcategories&post=2698"},{"taxonomy":"post_tag","embeddable":true,"href":"https:\/\/diariodegarca.com\/index.php?rest_route=%2Fwp%2Fv2%2Ftags&post=2698"}],"curies":[{"name":"wp","href":"https:\/\/api.w.org\/{rel}","templated":true}]}}