{"id":2699,"date":"2025-03-05T13:31:00","date_gmt":"2025-03-05T13:31:00","guid":{"rendered":"https:\/\/diariodegarca.com\/2025\/03\/05\/inscricoes-abertas-curso-gratuito-de-informatica-basica-on-line\/"},"modified":"2025-03-05T13:31:00","modified_gmt":"2025-03-05T13:31:00","slug":"inscricoes-abertas-curso-gratuito-de-informatica-basica-on-line","status":"publish","type":"post","link":"https:\/\/diariodegarca.com\/?p=2699","title":{"rendered":"Inscri\u00e7\u00f5es abertas: curso gratuito de inform\u00e1tica b\u00e1sica on-line"},"content":{"rendered":"<p><div class=\"separator\" style=\"clear: both;text-align: center\">\n  <a href=\"https:\/\/blogger.googleusercontent.com\/img\/a\/AVvXsEitdv6VccmlMmLC5Eii_77tZ0vkzyrvBdhmnIDJ41UT0eeQbChBhSJRmme0W2sy1NcN6V4C5ZvCDxxLk2p9t7oYbu8cjem1RZqVPsSfhqAb450g7XND_IzHR_sBrKAurGz59Mr3JxkmWx7cKE-8sj_cCyEo-ekiXDTKhLoi9iR4Zn65K9TZmAipiIreu0U\" style=\"margin-left: 1em;margin-right: 1em\"><br \/>\n    <img decoding=\"async\" border=\"0\" src=\"https:\/\/blogger.googleusercontent.com\/img\/a\/AVvXsEitdv6VccmlMmLC5Eii_77tZ0vkzyrvBdhmnIDJ41UT0eeQbChBhSJRmme0W2sy1NcN6V4C5ZvCDxxLk2p9t7oYbu8cjem1RZqVPsSfhqAb450g7XND_IzHR_sBrKAurGz59Mr3JxkmWx7cKE-8sj_cCyEo-ekiXDTKhLoi9iR4Zn65K9TZmAipiIreu0U\" width=\"400\"><br \/>\n  <\/a>\n<\/div>\n<p><\/p>\n<p>O Instituto Federal de Educa\u00e7\u00e3o, Ci\u00eancia e Tecnologia do Sul de Minas Gerais (IFSULDEMINAS) \u2013 Campus Muzambinho est\u00e1 com inscri\u00e7\u00f5es abertas para o <strong>Curso de Forma\u00e7\u00e3o Inicial e Continuada (FIC) em Inform\u00e1tica B\u00e1sica<\/strong>, na modalidade <strong>Educa\u00e7\u00e3o a Dist\u00e2ncia (EaD)<\/strong>.<\/p>\n<p>O curso, totalmente gratuito, tem como objetivo capacitar alunos e membros da comunidade no uso de ferramentas b\u00e1sicas de inform\u00e1tica.<\/p>\n<h2><strong>Detalhes do Curso<\/strong><\/h2>\n<ul>\n<li><strong>Modalidade:<\/strong> Educa\u00e7\u00e3o a Dist\u00e2ncia (EaD)<\/li>\n<li><strong>Carga hor\u00e1ria:<\/strong> 20 horas<\/li>\n<li><strong>Vagas dispon\u00edveis:<\/strong> 100<\/li>\n<li><strong>Aulas ao vivo:<\/strong> Realizadas via Google Meet<\/li>\n<li><strong>Certifica\u00e7\u00e3o:<\/strong> Para participantes com rendimento m\u00ednimo de 60% nas avalia\u00e7\u00f5es<\/li>\n<\/ul>\n<h2><strong>Inscri\u00e7\u00f5es e datas importantes<\/strong><\/h2>\n<ul>\n<li><strong>Per\u00edodo de Inscri\u00e7\u00e3o:<\/strong> 28\/02\/2025 a 11\/03\/2025<\/li>\n<li><strong>Resultado Parcial:<\/strong> 12\/03\/2025<\/li>\n<li><strong>Per\u00edodo para Recursos:<\/strong> At\u00e9 12h do dia 13\/03\/2025<\/li>\n<li><strong>Divulga\u00e7\u00e3o do Resultado Final:<\/strong> 14\/03\/2025<\/li>\n<li><strong>In\u00edcio das Aulas:<\/strong> 17\/03\/2025<\/li>\n<\/ul>\n<h2><strong>Quem Pode Participar?<\/strong><\/h2>\n<p>Podem se inscrever <strong>alunos e membros da comunidade<\/strong>, desde que atendam aos seguintes requisitos:<\/p>\n<p>\u2714 <strong>Ter idade m\u00ednima de 12 anos<\/strong><br \/>\n\u2714 <strong>Ser alfabetizado<\/strong><br \/>\n\u2714 <strong>Possuir acesso \u00e0 internet<\/strong><\/p>\n<p>Al\u00e9m disso, <strong>50% das vagas<\/strong> ser\u00e3o destinadas \u00e0 comunidade externa, ou seja, pessoas sem v\u00ednculo direto com o campus.<\/p>\n<h2><strong>Como se Inscrever?<\/strong><\/h2>\n<p>As inscri\u00e7\u00f5es devem ser feitas <strong>exclusivamente online<\/strong>, no site do IFSULDEMINAS:<\/p>\n<p>\u27a1 <a href=\"https:\/\/suap.ifsuldeminas.edu.br\/inscricoesfic\/efetuar_inscricao\/2052\/\"><strong>Clique aqui para se inscrever<\/strong><\/a><\/p>\n<p>\u26a0 <strong>Aten\u00e7\u00e3o:<\/strong> Cada candidato pode se inscrever apenas uma vez. Se houver mais inscritos do que vagas dispon\u00edveis, a sele\u00e7\u00e3o ser\u00e1 feita por <strong>ordem de inscri\u00e7\u00e3o<\/strong>.<\/p>\n<h2><strong>Acesse o Edital Completo<\/strong><\/h2>\n<p>Para conferir todos os detalhes sobre o curso, crit\u00e9rios de sele\u00e7\u00e3o e outras informa\u00e7\u00f5es, acesse o edital completo no link abaixo:<\/p>\n<p>\ud83d\udd17 <strong><a href=\"https:\/\/www.muz.ifsuldeminas.edu.br\/attachments\/article\/6099\/EDITAL%2520N%25C2%25BA25_2025_Processo_Seletivo_Curso_FIC_Inform%25C3%25A1tica_B%25C3%25A1sica.pdf\">Edital completo para download<\/a>\u00a0<\/strong><\/p>\n<h2><strong>Certifica\u00e7\u00e3o e contato<\/strong><\/h2>\n<p>Os certificados ser\u00e3o emitidos em at\u00e9 <strong>90 dias<\/strong> ap\u00f3s a conclus\u00e3o do curso para aqueles que atingirem o rendimento m\u00ednimo exigido.<\/p>\n<p>Para mais informa\u00e7\u00f5es, entre em contato pelo e-mail: <strong><a href=\"mailto:cgex@muz.ifsuldeminas.edu.br\">cgex@muz.ifsuldeminas.edu.br<\/a><\/strong>.<\/p>\n<p>Essa \u00e9 uma excelente oportunidade para aprimorar seus conhecimentos em inform\u00e1tica e melhorar sua qualifica\u00e7\u00e3o profissional.<\/p>\n","protected":false},"excerpt":{"rendered":"<p>O Instituto Federal de Educa\u00e7\u00e3o, Ci\u00eancia e Tecnologia do Sul de Minas Gerais (IFSULDEMINAS) \u2013 Campus Muzambinho est\u00e1 com inscri\u00e7\u00f5es abertas para o Curso de Forma\u00e7\u00e3o Inicial e Continuada (FIC) em Inform\u00e1tica B\u00e1sica, na modalidade Educa\u00e7\u00e3o a Dist\u00e2ncia (EaD). O curso, totalmente gratuito, tem como objetivo capacitar alunos e membros da comunidade no uso de [&hellip;]<\/p>\n","protected":false},"author":260896546,"featured_media":0,"comment_status":"open","ping_status":"open","sticky":false,"template":"","format":"standard","meta":{"_crdt_document":"","_monsterinsights_skip_tracking":false,"_monsterinsights_sitenote_active":false,"_monsterinsights_sitenote_note":"","_monsterinsights_sitenote_category":0,"advanced_seo_description":"","jetpack_seo_html_title":"","jetpack_seo_noindex":false,"_jetpack_newsletter_access":"","_jetpack_dont_email_post_to_subs":false,"_jetpack_newsletter_tier_id":0,"_jetpack_memberships_contains_paywalled_content":false,"_jetpack_memberships_contains_paid_content":false,"footnotes":"","jetpack_publicize_message":"","jetpack_publicize_feature_enabled":true,"jetpack_social_post_already_shared":false,"jetpack_social_options":{"image_generator_settings":{"template":"fullscreen","default_image_id":0,"font":"","enabled":false},"version":2},"_wpas_customize_per_network":false,"jetpack_post_was_ever_published":false},"categories":[38185],"tags":[781171800],"class_list":["post-2699","post","type-post","status-publish","format-standard","hentry","category-brasil","tag-curso"],"jetpack_publicize_connections":[],"jetpack_featured_media_url":"","jetpack_likes_enabled":true,"jetpack_sharing_enabled":true,"jetpack_shortlink":"https:\/\/wp.me\/pgitne-Hx","jetpack-related-posts":[{"id":6902,"url":"https:\/\/diariodegarca.com\/?p=6902","url_meta":{"origin":2699,"position":0},"title":"Mar\u00edlia oferta cursos presenciais de Inform\u00e1tica B\u00e1sica e Auxiliar de RH","author":"Di\u00e1rio de Gar\u00e7a","date":"19 de setembro de 2025","format":false,"excerpt":"Inscri\u00e7\u00f5es para as capacita\u00e7\u00f5es come\u00e7am na pr\u00f3xima segunda-feira, 22, e seguem at\u00e9 3 de outubro; vagas s\u00e3o limitadas. O Centro Profissionalizante Municipal de Mar\u00edlia (Ceprom) est\u00e1 com inscri\u00e7\u00f5es abertas para dois cursos profissionalizantes gratuitos e presenciais: Inform\u00e1tica B\u00e1sica e Auxiliar de Recursos Humanos. As oportunidades s\u00e3o voltadas para quem busca\u2026","rel":"","context":"Em &quot;Curso&quot;","block_context":{"text":"Curso","link":"https:\/\/diariodegarca.com\/?cat=36947"},"img":{"alt_text":"","src":"https:\/\/i0.wp.com\/diariodegarca.com\/wp-content\/uploads\/2025\/09\/estudantes-universitarios-de-diferentes-etnias-lotando.jpg?fit=1200%2C800&ssl=1&resize=350%2C200","width":350,"height":200,"srcset":"https:\/\/i0.wp.com\/diariodegarca.com\/wp-content\/uploads\/2025\/09\/estudantes-universitarios-de-diferentes-etnias-lotando.jpg?fit=1200%2C800&ssl=1&resize=350%2C200 1x, https:\/\/i0.wp.com\/diariodegarca.com\/wp-content\/uploads\/2025\/09\/estudantes-universitarios-de-diferentes-etnias-lotando.jpg?fit=1200%2C800&ssl=1&resize=525%2C300 1.5x, https:\/\/i0.wp.com\/diariodegarca.com\/wp-content\/uploads\/2025\/09\/estudantes-universitarios-de-diferentes-etnias-lotando.jpg?fit=1200%2C800&ssl=1&resize=700%2C400 2x, https:\/\/i0.wp.com\/diariodegarca.com\/wp-content\/uploads\/2025\/09\/estudantes-universitarios-de-diferentes-etnias-lotando.jpg?fit=1200%2C800&ssl=1&resize=1050%2C600 3x"},"classes":[]},{"id":4713,"url":"https:\/\/diariodegarca.com\/?p=4713","url_meta":{"origin":2699,"position":1},"title":"Abertas inscri\u00e7\u00f5es para mais de 400 cursos online gratuitos oferecidos pelo IFRS","author":"Di\u00e1rio de Gar\u00e7a","date":"16 de julho de 2025","format":false,"excerpt":"Idiomas, inform\u00e1tica, gest\u00e3o, educa\u00e7\u00e3o, sa\u00fade e outras \u00e1reas do conhecimento s\u00e3o contempladas. Para se inscrever, basta ter conta de e-mail e CPF. As cargas hor\u00e1rias dos cursos variam de 20 a 200 horas.\u00a0 As novas turmas de cursos online de curta dura\u00e7\u00e3o oferecidas pelo Instituto Federal de Educa\u00e7\u00e3o, Ci\u00eancia e\u2026","rel":"","context":"Em &quot;Curso&quot;","block_context":{"text":"Curso","link":"https:\/\/diariodegarca.com\/?cat=36947"},"img":{"alt_text":"","src":"","width":0,"height":0},"classes":[]},{"id":2562,"url":"https:\/\/diariodegarca.com\/?p=2562","url_meta":{"origin":2699,"position":2},"title":"UFSC abre inscri\u00e7\u00f5es para curso gratuito sobre educa\u00e7\u00e3o \u00e9tnico-racial","author":"Di\u00e1rio de Gar\u00e7a","date":"22 de mar\u00e7o de 2025","format":false,"excerpt":"A Universidade Federal de Santa Catarina (UFSC), por meio da Universidade Aberta do Brasil (UAB), est\u00e1 com inscri\u00e7\u00f5es abertas para o Curso de Extens\u00e3o Forma\u00e7\u00e3o para Doc\u00eancia e Gest\u00e3o para a Educa\u00e7\u00e3o das Rela\u00e7\u00f5es \u00c9tnico-Raciais e Quilombolas. A capacita\u00e7\u00e3o \u00e9 totalmente gratuita e online, voltada para educadores e profissionais da\u2026","rel":"","context":"Em &quot;Brasil&quot;","block_context":{"text":"Brasil","link":"https:\/\/diariodegarca.com\/?cat=38185"},"img":{"alt_text":"","src":"","width":0,"height":0},"classes":[]},{"id":2785,"url":"https:\/\/diariodegarca.com\/?p=2785","url_meta":{"origin":2699,"position":3},"title":"Curso gratuito de Acessibilidade Cultural da Universidade Afrolatinas est\u00e1 com inscri\u00e7\u00f5es abertas","author":"Di\u00e1rio de Gar\u00e7a","date":"19 de fevereiro de 2025","format":false,"excerpt":"A Universidade Afrolatinas abriu inscri\u00e7\u00f5es para o curso Jornada de Acessibilidade Cultural, uma forma\u00e7\u00e3o 100% online e gratuita que promove debates sobre inclus\u00e3o, tecnologias assistivas e interseccionalidade.\u00a0Com inscri\u00e7\u00f5es abertas at\u00e9\u00a021 de fevereiro, o curso \u00e9 voltado para agentes culturais, educadores, artistas e todos os interessados em pol\u00edticas de diversidade. O\u2026","rel":"","context":"Em &quot;Brasil&quot;","block_context":{"text":"Brasil","link":"https:\/\/diariodegarca.com\/?cat=38185"},"img":{"alt_text":"","src":"","width":0,"height":0},"classes":[]},{"id":2701,"url":"https:\/\/diariodegarca.com\/?p=2701","url_meta":{"origin":2699,"position":4},"title":"UFS abre inscri\u00e7\u00f5es para curso de extens\u00e3o em Educa\u00e7\u00e3o para Rela\u00e7\u00f5es \u00c9tnico-Raciais e Quilombolas","author":"Di\u00e1rio de Gar\u00e7a","date":"4 de mar\u00e7o de 2025","format":false,"excerpt":"A\u00a0Universidade Federal de Sergipe (UFS), por meio do\u00a0Centro de Educa\u00e7\u00e3o Superior a Dist\u00e2ncia (CESAD), em parceria com a\u00a0Universidade Aberta do Brasil (UAB), lan\u00e7ou o\u00a0Edital n\u00ba 12\/2025, que abre inscri\u00e7\u00f5es para o curso de extens\u00e3o\u00a0\"Forma\u00e7\u00e3o para Doc\u00eancia e Gest\u00e3o para a Educa\u00e7\u00e3o das Rela\u00e7\u00f5es \u00c9tnico-Raciais e Quilombolas\".O curso \u00e9 gratuito, realizado\u2026","rel":"","context":"Em &quot;Brasil&quot;","block_context":{"text":"Brasil","link":"https:\/\/diariodegarca.com\/?cat=38185"},"img":{"alt_text":"","src":"","width":0,"height":0},"classes":[]},{"id":2973,"url":"https:\/\/diariodegarca.com\/?p=2973","url_meta":{"origin":2699,"position":5},"title":"SEST SENAT oferece curso gratuito de Ingl\u00eas B\u00e1sico para profissionais que buscam destaque no mercado","author":"Di\u00e1rio de Gar\u00e7a","date":"23 de janeiro de 2025","format":false,"excerpt":"O SEST SENAT est\u00e1 com inscri\u00e7\u00f5es abertas para o Curso de Ingl\u00eas B\u00e1sico, uma oportunidade para profissionais que desejam aprimorar suas compet\u00eancias e aumentar sua empregabilidade.\u00a0A forma\u00e7\u00e3o \u00e9 100% online, gratuita e voltada para o aprendizado pr\u00e1tico do idioma, ideal para quem atua em \u00e1reas como log\u00edstica, transporte, atendimento ao\u2026","rel":"","context":"Em &quot;Brasil&quot;","block_context":{"text":"Brasil","link":"https:\/\/diariodegarca.com\/?cat=38185"},"img":{"alt_text":"","src":"","width":0,"height":0},"classes":[]}],"_links":{"self":[{"href":"https:\/\/diariodegarca.com\/index.php?rest_route=\/wp\/v2\/posts\/2699","targetHints":{"allow":["GET"]}}],"collection":[{"href":"https:\/\/diariodegarca.com\/index.php?rest_route=\/wp\/v2\/posts"}],"about":[{"href":"https:\/\/diariodegarca.com\/index.php?rest_route=\/wp\/v2\/types\/post"}],"author":[{"embeddable":true,"href":"https:\/\/diariodegarca.com\/index.php?rest_route=\/wp\/v2\/users\/260896546"}],"replies":[{"embeddable":true,"href":"https:\/\/diariodegarca.com\/index.php?rest_route=%2Fwp%2Fv2%2Fcomments&post=2699"}],"version-history":[{"count":0,"href":"https:\/\/diariodegarca.com\/index.php?rest_route=\/wp\/v2\/posts\/2699\/revisions"}],"wp:attachment":[{"href":"https:\/\/diariodegarca.com\/index.php?rest_route=%2Fwp%2Fv2%2Fmedia&parent=2699"}],"wp:term":[{"taxonomy":"category","embeddable":true,"href":"https:\/\/diariodegarca.com\/index.php?rest_route=%2Fwp%2Fv2%2Fcategories&post=2699"},{"taxonomy":"post_tag","embeddable":true,"href":"https:\/\/diariodegarca.com\/index.php?rest_route=%2Fwp%2Fv2%2Ftags&post=2699"}],"curies":[{"name":"wp","href":"https:\/\/api.w.org\/{rel}","templated":true}]}}