{"id":2700,"date":"2025-03-05T00:05:00","date_gmt":"2025-03-05T00:05:00","guid":{"rendered":"https:\/\/diariodegarca.com\/2025\/03\/05\/curso-de-organizador-de-festas-e-eventos-sera-oferecido-pela-plataforma-da-prefeitura-de-marilia\/"},"modified":"2025-03-05T00:05:00","modified_gmt":"2025-03-05T00:05:00","slug":"curso-de-organizador-de-festas-e-eventos-sera-oferecido-pela-plataforma-da-prefeitura-de-marilia","status":"publish","type":"post","link":"https:\/\/diariodegarca.com\/?p=2700","title":{"rendered":"Curso de Organizador de Festas e Eventos ser\u00e1 oferecido pela plataforma da Prefeitura de Mar\u00edlia"},"content":{"rendered":"<div>\n<div class=\"separator\" style=\"clear: both;text-align: center\">\n  <a href=\"https:\/\/blogger.googleusercontent.com\/img\/a\/AVvXsEhGpvE6QZ9u76L6iSDgjoBUjahvEOcaYsKSqO1Ocd15gDiLvFbKoAFY54w0hBZ5KRjCvo6Y4Fjza--jUG3QGwQaqSQE2Gnxs5zTiFXGvOSOlf26yxmLnTC7jtbaA_teXD0yPQH_G6JvCbjpt9EAnAK_k7YSUw-vems3Uhe5ZIByx2_AKixhbU8vlB6gAB8\" style=\"margin-left: 1em;margin-right: 1em\"><br \/>\n    <img decoding=\"async\" border=\"0\" src=\"https:\/\/blogger.googleusercontent.com\/img\/a\/AVvXsEhGpvE6QZ9u76L6iSDgjoBUjahvEOcaYsKSqO1Ocd15gDiLvFbKoAFY54w0hBZ5KRjCvo6Y4Fjza--jUG3QGwQaqSQE2Gnxs5zTiFXGvOSOlf26yxmLnTC7jtbaA_teXD0yPQH_G6JvCbjpt9EAnAK_k7YSUw-vems3Uhe5ZIByx2_AKixhbU8vlB6gAB8\" width=\"400\"><br \/>\n  <\/a>\n<\/div>\n<p><\/div>\n<div>A Prefeitura de Mar\u00edlia, por meio do CEPROM (Centro Profissionalizante de Mar\u00edlia), <b>abrir\u00e1 no dia 06 de mar\u00e7o de 2025<\/b>\u00a0as inscri\u00e7\u00f5es para o curso gratuito de \u201c<b>Organizador de Festas e Eventos<\/b>\u201d. As inscri\u00e7\u00f5es seguem dispon\u00edveis at\u00e9 o dia 20 de abril.\u00a0<\/div>\n<div><\/div>\n<div>O curso, que tem <b>dura\u00e7\u00e3o de 40 horas<\/b>, ser\u00e1 realizado na modalidade <b>EaD<\/b> (Ensino a Dist\u00e2ncia), permitindo maior flexibilidade para os participantes.<\/div>\n<div><\/div>\n<div>Para se inscrever, \u00e9 necess\u00e1rio ter 18 anos ou mais e possuir o ensino fundamental completo.\u00a0<\/div>\n<div><\/div>\n<div>Os interessados poder\u00e3o efetivar a inscri\u00e7\u00e3o e iniciar o curso imediatamente ap\u00f3s a confirma\u00e7\u00e3o. As inscri\u00e7\u00f5es devem ser realizadas atrav\u00e9s do site <a href=\"http:\/\/ead.marilia.sp.gov.br\">ead.marilia.sp.gov.br<\/a>.<\/div>\n<div><\/div>\n<div>O CEPROM, localizado na Avenida Nelson Spielmann, 159, em Mar\u00edlia, \u00e9 respons\u00e1vel por oferecer capacita\u00e7\u00e3o profissional gratuita \u00e0 popula\u00e7\u00e3o, contribuindo para o desenvolvimento econ\u00f4mico e social da regi\u00e3o.\u00a0<\/div>\n<div><\/div>\n<div>Para mais informa\u00e7\u00f5es, os interessados podem entrar em contato pelo telefone (14) 98195-0319.<\/div>\n","protected":false},"excerpt":{"rendered":"<p>A Prefeitura de Mar\u00edlia, por meio do CEPROM (Centro Profissionalizante de Mar\u00edlia), abrir\u00e1 no dia 06 de mar\u00e7o de 2025\u00a0as inscri\u00e7\u00f5es para o curso gratuito de \u201cOrganizador de Festas e Eventos\u201d. As inscri\u00e7\u00f5es seguem dispon\u00edveis at\u00e9 o dia 20 de abril.\u00a0 O curso, que tem dura\u00e7\u00e3o de 40 horas, ser\u00e1 realizado na modalidade EaD (Ensino [&hellip;]<\/p>\n","protected":false},"author":260896546,"featured_media":0,"comment_status":"open","ping_status":"open","sticky":false,"template":"","format":"standard","meta":{"_crdt_document":"","_monsterinsights_skip_tracking":false,"_monsterinsights_sitenote_active":false,"_monsterinsights_sitenote_note":"","_monsterinsights_sitenote_category":0,"advanced_seo_description":"","jetpack_seo_html_title":"","jetpack_seo_noindex":false,"_jetpack_newsletter_access":"","_jetpack_dont_email_post_to_subs":false,"_jetpack_newsletter_tier_id":0,"_jetpack_memberships_contains_paywalled_content":false,"_jetpack_memberships_contains_paid_content":false,"footnotes":"","jetpack_publicize_message":"","jetpack_publicize_feature_enabled":true,"jetpack_social_post_already_shared":false,"jetpack_social_options":{"image_generator_settings":{"template":"fullscreen","default_image_id":0,"font":"","enabled":false},"version":2},"_wpas_customize_per_network":false,"jetpack_post_was_ever_published":false},"categories":[38185],"tags":[781171800,222752],"class_list":["post-2700","post","type-post","status-publish","format-standard","hentry","category-brasil","tag-curso","tag-marilia"],"jetpack_publicize_connections":[],"jetpack_featured_media_url":"","jetpack_likes_enabled":true,"jetpack_sharing_enabled":true,"jetpack_shortlink":"https:\/\/wp.me\/pgitne-Hy","jetpack-related-posts":[{"id":5186,"url":"https:\/\/diariodegarca.com\/?p=5186","url_meta":{"origin":2700,"position":0},"title":"Mar\u00edlia abre inscri\u00e7\u00f5es EaD para Almoxarife e Estoquista","author":"Di\u00e1rio de Gar\u00e7a","date":"1 de agosto de 2025","format":false,"excerpt":"Capacita\u00e7\u00e3o prepara profissionais para atuar no controle de estoques e almoxarifados, com inscri\u00e7\u00f5es abertas at\u00e9 19 de setembro. O\u00a0Centro de Promo\u00e7\u00e3o Social Municipal (CEPROM), vinculado \u00e0 Prefeitura de Mar\u00edlia, est\u00e1 com inscri\u00e7\u00f5es abertas para o\u00a0curso gratuito de Almoxarife e Estoquista\u00a0na modalidade\u00a0Ensino a Dist\u00e2ncia (EaD). As vagas est\u00e3o dispon\u00edveis a partir\u2026","rel":"","context":"Em &quot;Curso&quot;","block_context":{"text":"Curso","link":"https:\/\/diariodegarca.com\/?cat=36947"},"img":{"alt_text":"","src":"https:\/\/i0.wp.com\/diariodegarca.com\/wp-content\/uploads\/2025\/07\/jovem-estudando-em-uma-biblioteca-usando-um-laptop-e1753989221767.jpg?fit=1191%2C1200&ssl=1&resize=350%2C200","width":350,"height":200,"srcset":"https:\/\/i0.wp.com\/diariodegarca.com\/wp-content\/uploads\/2025\/07\/jovem-estudando-em-uma-biblioteca-usando-um-laptop-e1753989221767.jpg?fit=1191%2C1200&ssl=1&resize=350%2C200 1x, https:\/\/i0.wp.com\/diariodegarca.com\/wp-content\/uploads\/2025\/07\/jovem-estudando-em-uma-biblioteca-usando-um-laptop-e1753989221767.jpg?fit=1191%2C1200&ssl=1&resize=525%2C300 1.5x, https:\/\/i0.wp.com\/diariodegarca.com\/wp-content\/uploads\/2025\/07\/jovem-estudando-em-uma-biblioteca-usando-um-laptop-e1753989221767.jpg?fit=1191%2C1200&ssl=1&resize=700%2C400 2x, https:\/\/i0.wp.com\/diariodegarca.com\/wp-content\/uploads\/2025\/07\/jovem-estudando-em-uma-biblioteca-usando-um-laptop-e1753989221767.jpg?fit=1191%2C1200&ssl=1&resize=1050%2C600 3x"},"classes":[]},{"id":4871,"url":"https:\/\/diariodegarca.com\/?p=4871","url_meta":{"origin":2700,"position":1},"title":"Mar\u00edlia abre inscri\u00e7\u00f5es para curso gratuito de Almoxarifado on-line","author":"Di\u00e1rio de Gar\u00e7a","date":"22 de julho de 2025","format":false,"excerpt":"Capacita\u00e7\u00e3o profissional visa preparar alunos para gest\u00e3o de estoques e log\u00edstica; inscri\u00e7\u00f5es come\u00e7am em 4 de agosto. O Centro Profissionalizante Municipal de Mar\u00edlia (CEPROM), vinculado \u00e0 Secretaria de Assist\u00eancia Social e Cidadania, abrir\u00e1 inscri\u00e7\u00f5es para o curso\u00a0Almoxarifado, na modalidade Educa\u00e7\u00e3o a Dist\u00e2ncia (EaD). O objetivo \u00e9 capacitar profissionais para atuar\u2026","rel":"","context":"Em &quot;Curso&quot;","block_context":{"text":"Curso","link":"https:\/\/diariodegarca.com\/?cat=36947"},"img":{"alt_text":"","src":"https:\/\/i0.wp.com\/diariodegarca.com\/wp-content\/uploads\/2025\/07\/homem-tiro-medio-carregando-item-de-madeira.jpg?fit=1200%2C800&ssl=1&resize=350%2C200","width":350,"height":200,"srcset":"https:\/\/i0.wp.com\/diariodegarca.com\/wp-content\/uploads\/2025\/07\/homem-tiro-medio-carregando-item-de-madeira.jpg?fit=1200%2C800&ssl=1&resize=350%2C200 1x, https:\/\/i0.wp.com\/diariodegarca.com\/wp-content\/uploads\/2025\/07\/homem-tiro-medio-carregando-item-de-madeira.jpg?fit=1200%2C800&ssl=1&resize=525%2C300 1.5x, https:\/\/i0.wp.com\/diariodegarca.com\/wp-content\/uploads\/2025\/07\/homem-tiro-medio-carregando-item-de-madeira.jpg?fit=1200%2C800&ssl=1&resize=700%2C400 2x, https:\/\/i0.wp.com\/diariodegarca.com\/wp-content\/uploads\/2025\/07\/homem-tiro-medio-carregando-item-de-madeira.jpg?fit=1200%2C800&ssl=1&resize=1050%2C600 3x"},"classes":[]},{"id":2247,"url":"https:\/\/diariodegarca.com\/?p=2247","url_meta":{"origin":2700,"position":2},"title":"Oportunidades de emprego e est\u00e1gio na regi\u00e3o de Mar\u00edlia","author":"Di\u00e1rio de Gar\u00e7a","date":"29 de abril de 2025","format":false,"excerpt":"O CEPROM (Centro Profissionalizante) de Mar\u00edlia divulgou uma s\u00e9rie de vagas para profissionais e estudantes em diferentes \u00e1reas, abrangendo cidades como Mar\u00edlia, Pomp\u00e9ia, e Paul\u00f3polis. J\u00e1 a Prefeitura Municipal de Lup\u00e9rcio divulgou uma vaga de est\u00e1gio.\u00a0Confira as oportunidades dispon\u00edveis:1. Est\u00e1gio em Ensino M\u00e9dioLocal:\u00a0Mar\u00edlia - Rua Dr. Pr\u00f3spero Cec\u00edlio Coimbra, 330Entrevistas:\u00a0Ter\u00e7as\u2026","rel":"","context":"Em &quot;Brasil&quot;","block_context":{"text":"Brasil","link":"https:\/\/diariodegarca.com\/?cat=38185"},"img":{"alt_text":"","src":"https:\/\/i0.wp.com\/blogger.googleusercontent.com\/img\/b\/R29vZ2xl\/AVvXsEjuPiYXxTXBbB-T4ZY3dXq_3lTCb6XHluVYyvNc-fklZzP1S1dSqZ1jyDJQiJSmtpMwbDkkTt0DAvMhVKC4gm3sTtpcS8nX1bVtTKxKERxllBqF-Zk4zc9ZKv5WoWTD_ziypP07Iv5PDdRy6dJoaXyHxzjdvFmFX7PQCudUSIhimvQPH3rA8CjQ-uVhryk\/s320\/full-shot-men-high-five-office.jpg?resize=350%2C200&ssl=1","width":350,"height":200},"classes":[]},{"id":6529,"url":"https:\/\/diariodegarca.com\/?p=6529","url_meta":{"origin":2700,"position":3},"title":"Oficina de dublagem acontece em Mar\u00edlia e Gar\u00e7a gratuitamente","author":"Di\u00e1rio de Gar\u00e7a","date":"9 de setembro de 2025","format":false,"excerpt":"Eventos presenciais ser\u00e3o ministrados pelo especialista \u00cdtalo Yuri. O curso abordar\u00e1 t\u00e9cnicas de capta\u00e7\u00e3o e edi\u00e7\u00e3o de \u00e1udio para dublagem de forma pr\u00e1tica e acess\u00edvel. Inscri\u00e7\u00f5es est\u00e3o abertas para as duas cidades. A arte de dar vida e novas emo\u00e7\u00f5es a cenas de cinema atrav\u00e9s da voz est\u00e1 ao alcance\u2026","rel":"","context":"Em &quot;Cinema&quot;","block_context":{"text":"Cinema","link":"https:\/\/diariodegarca.com\/?cat=597"},"img":{"alt_text":"","src":"https:\/\/i0.wp.com\/diariodegarca.com\/wp-content\/uploads\/2025\/09\/italoyuri-e1569554093729-273x300-1.jpg?fit=273%2C300&ssl=1&resize=350%2C200","width":350,"height":200},"classes":[]},{"id":2508,"url":"https:\/\/diariodegarca.com\/?p=2508","url_meta":{"origin":2700,"position":4},"title":"Mar\u00edlia oferece cursos presenciais de Inform\u00e1tica B\u00e1sica e Cuidador de Idosos","author":"Di\u00e1rio de Gar\u00e7a","date":"1 de abril de 2025","format":false,"excerpt":"O\u00a0Centro Profissionalizante Municipal de Mar\u00edlia (CEPROM), vinculado \u00e0\u00a0Prefeitura de Mar\u00edlia, abre inscri\u00e7\u00f5es para dois cursos gratuitos e presenciais a partir de hoje, ter\u00e7a-feira,\u00a01\u00ba de abril:\u00a0Inform\u00e1tica B\u00e1sica\u00a0e\u00a0Cuidador de Idosos. As vagas s\u00e3o limitadas, e as inscri\u00e7\u00f5es seguem at\u00e9\u00a011 de abril, diretamente no CEPROM.Os cursos t\u00eam dura\u00e7\u00e3o de\u00a040 horas, ser\u00e3o realizados de\u2026","rel":"","context":"Em &quot;Brasil&quot;","block_context":{"text":"Brasil","link":"https:\/\/diariodegarca.com\/?cat=38185"},"img":{"alt_text":"","src":"https:\/\/i0.wp.com\/blogger.googleusercontent.com\/img\/b\/R29vZ2xl\/AVvXsEie-EBFuaT9Fk_ehavEquKVA8XycOqhYsOCbdWRVMYY_fRaP1FRFjzWLUPg9ETrMDU8JMFgDZKbJgWhh0zf-bn4_D4txySrIAMeqf34lQzplogyzXXcI0Mf-N1ey97CnMlM1UQCmhFy893x6bxs_-e7MzHpBCUUlSOjgFgjDElYevwjgxcd6uGVGIa9i1A\/s320\/closeup-support-hands.jpg?resize=350%2C200&ssl=1","width":350,"height":200},"classes":[]},{"id":2313,"url":"https:\/\/diariodegarca.com\/?p=2313","url_meta":{"origin":2700,"position":5},"title":"Mar\u00edlia oferece curso gratuito de Cuidador Infantil na Modalidade EaD","author":"Di\u00e1rio de Gar\u00e7a","date":"19 de abril de 2025","format":false,"excerpt":"A Prefeitura de Mar\u00edlia, por meio do CEPROM (Centro Profissionalizante Municipal de Mar\u00edlia), abrir\u00e1 inscri\u00e7\u00f5es para o curso gratuito de Cuidador Infantil.\u00a0As inscri\u00e7\u00f5es podem ser realizadas de 22 de abril a 8 de junho, e o in\u00edcio das aulas ocorre imediatamente ap\u00f3s a confirma\u00e7\u00e3o da matr\u00edcula. Com dura\u00e7\u00e3o de 40\u2026","rel":"","context":"Em &quot;Brasil&quot;","block_context":{"text":"Brasil","link":"https:\/\/diariodegarca.com\/?cat=38185"},"img":{"alt_text":"","src":"","width":0,"height":0},"classes":[]}],"_links":{"self":[{"href":"https:\/\/diariodegarca.com\/index.php?rest_route=\/wp\/v2\/posts\/2700","targetHints":{"allow":["GET"]}}],"collection":[{"href":"https:\/\/diariodegarca.com\/index.php?rest_route=\/wp\/v2\/posts"}],"about":[{"href":"https:\/\/diariodegarca.com\/index.php?rest_route=\/wp\/v2\/types\/post"}],"author":[{"embeddable":true,"href":"https:\/\/diariodegarca.com\/index.php?rest_route=\/wp\/v2\/users\/260896546"}],"replies":[{"embeddable":true,"href":"https:\/\/diariodegarca.com\/index.php?rest_route=%2Fwp%2Fv2%2Fcomments&post=2700"}],"version-history":[{"count":0,"href":"https:\/\/diariodegarca.com\/index.php?rest_route=\/wp\/v2\/posts\/2700\/revisions"}],"wp:attachment":[{"href":"https:\/\/diariodegarca.com\/index.php?rest_route=%2Fwp%2Fv2%2Fmedia&parent=2700"}],"wp:term":[{"taxonomy":"category","embeddable":true,"href":"https:\/\/diariodegarca.com\/index.php?rest_route=%2Fwp%2Fv2%2Fcategories&post=2700"},{"taxonomy":"post_tag","embeddable":true,"href":"https:\/\/diariodegarca.com\/index.php?rest_route=%2Fwp%2Fv2%2Ftags&post=2700"}],"curies":[{"name":"wp","href":"https:\/\/api.w.org\/{rel}","templated":true}]}}