{"id":2705,"date":"2025-03-03T23:18:00","date_gmt":"2025-03-03T23:18:00","guid":{"rendered":"https:\/\/diariodegarca.com\/2025\/03\/03\/pat-de-garca-abre-vagas-para-soldador-e-departamento-de-compras\/"},"modified":"2025-03-03T23:18:00","modified_gmt":"2025-03-03T23:18:00","slug":"pat-de-garca-abre-vagas-para-soldador-e-departamento-de-compras","status":"publish","type":"post","link":"https:\/\/diariodegarca.com\/?p=2705","title":{"rendered":"PAT de Gar\u00e7a abre vagas para Soldador e Departamento de Compras"},"content":{"rendered":"<div>\n<div class=\"separator\" style=\"clear: both;text-align: center\">\n  <a href=\"https:\/\/blogger.googleusercontent.com\/img\/a\/AVvXsEgVb7ps5GQ3EYH3ySrBw4NSifnqsrVqt0fzjLX9Xb66eXBeERDBFOOVbQCT-IlcKOVqPGs55Nq1Otqlc7rsZuFMt4_aOqb6GA8BQRFvVguHdLBuLqPFaqsyEPK9YTPP8LAqulhDXL8oMwDIz6Et6_RpO9WYsqTAVzSz4u1pvkhTgFOQspnPRegAFGOadXc\" style=\"margin-left: 1em;margin-right: 1em\"><br \/>\n    <img decoding=\"async\" border=\"0\" src=\"https:\/\/blogger.googleusercontent.com\/img\/a\/AVvXsEgVb7ps5GQ3EYH3ySrBw4NSifnqsrVqt0fzjLX9Xb66eXBeERDBFOOVbQCT-IlcKOVqPGs55Nq1Otqlc7rsZuFMt4_aOqb6GA8BQRFvVguHdLBuLqPFaqsyEPK9YTPP8LAqulhDXL8oMwDIz6Et6_RpO9WYsqTAVzSz4u1pvkhTgFOQspnPRegAFGOadXc\" width=\"400\"><br \/>\n  <\/a>\n<\/div>\n<p><\/div>\n<p>O Posto de Atendimento ao Trabalhador (PAT) de Gar\u00e7a est\u00e1 com duas oportunidades de emprego abertas para profissionais qualificados. As vagas dispon\u00edveis s\u00e3o para as fun\u00e7\u00f5es de Soldador e para atuar no Departamento de Compras. Ambas as oportunidades est\u00e3o com inscri\u00e7\u00f5es abertas e oferecem remunera\u00e7\u00e3o a combinar, conforme informa\u00e7\u00f5es divulgadas pelo PAT.<\/p>\n<div><\/div>\n<div>A vaga para Soldador est\u00e1 dispon\u00edvel para candidatos com experi\u00eancia comprovada na fun\u00e7\u00e3o. As inscri\u00e7\u00f5es se encerram no dia 7 de mar\u00e7o. A empresa contratante n\u00e3o foi divulgada, mas as atribui\u00e7\u00f5es exigidas s\u00e3o pertinentes \u00e0 fun\u00e7\u00e3o, conforme descrito no an\u00fancio.<\/div>\n<div><\/div>\n<div>J\u00e1 a vaga para o Departamento de Compras exige profissionais com experi\u00eancia na \u00e1rea. O candidato selecionado ser\u00e1 respons\u00e1vel por atividades como compra de produtos, contrata\u00e7\u00e3o de servi\u00e7os, administra\u00e7\u00e3o de estoques, sele\u00e7\u00e3o de fornecedores, negocia\u00e7\u00e3o eficaz, cota\u00e7\u00e3o de or\u00e7amentos, emiss\u00e3o de ordens de compra e manuten\u00e7\u00e3o de estoques abastecidos. O hor\u00e1rio de trabalho \u00e9 de segunda a sexta-feira, das 8h \u00e0s 18h, com duas horas de intervalo para almo\u00e7o, e aos s\u00e1bados, das 8h \u00e0s 12h. As inscri\u00e7\u00f5es de curr\u00edculos v\u00e3o ate o dia 10 de mar\u00e7o.<\/div>\n<div><\/div>\n<div>Ambas as vagas oferecem benef\u00edcios limitados, com apenas a cesta b\u00e1sica confirmada at\u00e9 o momento.<\/div>\n<div><\/div>\n<div>As inscri\u00e7\u00f5es devem ser realizadas exclusivamente pelo site <a href=\"https:\/\/www.emprega.garca.sp.gov.br\">https:\/\/www.emprega.garca.sp.gov.br<\/a>. O candidato deve fazer login, localizar a vaga desejada, clicar em &#8220;detalhes&#8221; e submeter sua candidatura. \u00c9 fundamental preencher todas as informa\u00e7\u00f5es do curr\u00edculo durante a inscri\u00e7\u00e3o, pois isso aumenta as chances de ser chamado para uma entrevista.\u00a0\u00a0<\/div>\n<div><\/div>\n<div>Essas oportunidades s\u00e3o ideais para quem busca recoloca\u00e7\u00e3o profissional. Fique atento aos prazos e n\u00e3o deixe de se inscrever!<\/div>\n","protected":false},"excerpt":{"rendered":"<p>O Posto de Atendimento ao Trabalhador (PAT) de Gar\u00e7a est\u00e1 com duas oportunidades de emprego abertas para profissionais qualificados. As vagas dispon\u00edveis s\u00e3o para as fun\u00e7\u00f5es de Soldador e para atuar no Departamento de Compras. Ambas as oportunidades est\u00e3o com inscri\u00e7\u00f5es abertas e oferecem remunera\u00e7\u00e3o a combinar, conforme informa\u00e7\u00f5es divulgadas pelo PAT. A vaga para [&hellip;]<\/p>\n","protected":false},"author":260896546,"featured_media":0,"comment_status":"open","ping_status":"open","sticky":false,"template":"","format":"standard","meta":{"_monsterinsights_skip_tracking":false,"advanced_seo_description":"","jetpack_seo_html_title":"","jetpack_seo_noindex":false,"jetpack_seo_schema_type":"","_jetpack_newsletter_access":"","_jetpack_dont_email_post_to_subs":false,"_jetpack_newsletter_tier_id":0,"_jetpack_memberships_contains_paywalled_content":false,"_wpcom_ai_launchpad_first_post":false,"_jetpack_feature_clip_id":0,"_jetpack_memberships_contains_paid_content":false,"footnotes":"","jetpack_publicize_message":"{title}\n\n{excerpt}\n\n{url}","jetpack_publicize_feature_enabled":true,"jetpack_social_post_already_shared":false,"jetpack_social_options":{"image_generator_settings":{"template":"fullscreen","default_image_id":0,"font":"","enabled":false},"version":2},"_wpas_customize_per_network":false,"jetpack_post_was_ever_published":false},"categories":[38185],"tags":[781171801,781171807],"class_list":["post-2705","post","type-post","status-publish","format-standard","hentry","category-brasil","tag-brasil","tag-vagas"],"jetpack_publicize_connections":[],"jetpack_likes_enabled":true,"jetpack_sharing_enabled":true,"jetpack_shortlink":"https:\/\/wp.me\/pgitne-HD","jetpack-related-posts":[{"id":6622,"url":"https:\/\/diariodegarca.com\/?p=6622","url_meta":{"origin":2705,"position":0},"title":"PAT de Gar\u00e7a oferta v\u00e1rias oportunidades de emprego","author":"Di\u00e1rio de Gar\u00e7a","date":"11 de setembro de 2025","format":false,"excerpt":"Interessados em Auxiliar Administrativo, Soldador, Salgadeira e outras fun\u00e7\u00f5es devem se atentar aos prazos de sele\u00e7\u00e3o, que se estendem at\u00e9 o final de setembro. O Posto de Atendimento ao Trabalhador (PAT) de Gar\u00e7a divulgou um novo leque de oportunidades para o mercado de trabalho local e regional. No total, s\u00e3o\u2026","rel":"","context":"Em &quot;Gar\u00e7a&quot;","block_context":{"text":"Gar\u00e7a","link":"https:\/\/diariodegarca.com\/?cat=781171664"},"img":{"alt_text":"","src":"https:\/\/i0.wp.com\/diariodegarca.com\/wp-content\/uploads\/2025\/07\/pessoa-de-servico-de-limpeza-profissional-usando-aspirador-de-po-no-escritorio.jpg?fit=1200%2C800&ssl=1&resize=350%2C200","width":350,"height":200,"srcset":"https:\/\/i0.wp.com\/diariodegarca.com\/wp-content\/uploads\/2025\/07\/pessoa-de-servico-de-limpeza-profissional-usando-aspirador-de-po-no-escritorio.jpg?fit=1200%2C800&ssl=1&resize=350%2C200 1x, https:\/\/i0.wp.com\/diariodegarca.com\/wp-content\/uploads\/2025\/07\/pessoa-de-servico-de-limpeza-profissional-usando-aspirador-de-po-no-escritorio.jpg?fit=1200%2C800&ssl=1&resize=525%2C300 1.5x, https:\/\/i0.wp.com\/diariodegarca.com\/wp-content\/uploads\/2025\/07\/pessoa-de-servico-de-limpeza-profissional-usando-aspirador-de-po-no-escritorio.jpg?fit=1200%2C800&ssl=1&resize=700%2C400 2x, https:\/\/i0.wp.com\/diariodegarca.com\/wp-content\/uploads\/2025\/07\/pessoa-de-servico-de-limpeza-profissional-usando-aspirador-de-po-no-escritorio.jpg?fit=1200%2C800&ssl=1&resize=1050%2C600 3x"},"classes":[]},{"id":6876,"url":"https:\/\/diariodegarca.com\/?p=6876","url_meta":{"origin":2705,"position":1},"title":"PAT de Gar\u00e7a oferece 23 vagas em setores diversificados; prazos s\u00e3o curtos","author":"Di\u00e1rio de Gar\u00e7a","date":"18 de setembro de 2025","format":false,"excerpt":"Posto de Atendimento ao Trabalhador municipal tem vagas abertas para n\u00edveis fundamental, m\u00e9dio e superior, com sal\u00e1rios de at\u00e9 R$ 4.455,00. Candidatos devem se inscrever on-line at\u00e9 as datas de encerramento de cada processo. O Posto de Atendimento ao Trabalhador (PAT) de Gar\u00e7a est\u00e1 com um leque de oportunidades abertas\u2026","rel":"","context":"Em &quot;Gar\u00e7a&quot;","block_context":{"text":"Gar\u00e7a","link":"https:\/\/diariodegarca.com\/?cat=781171664"},"img":{"alt_text":"","src":"https:\/\/i0.wp.com\/diariodegarca.com\/wp-content\/uploads\/2025\/09\/homem-sorridente-de-tiro-medio-fazendo-cafe.jpg?fit=1200%2C800&ssl=1&resize=350%2C200","width":350,"height":200,"srcset":"https:\/\/i0.wp.com\/diariodegarca.com\/wp-content\/uploads\/2025\/09\/homem-sorridente-de-tiro-medio-fazendo-cafe.jpg?fit=1200%2C800&ssl=1&resize=350%2C200 1x, https:\/\/i0.wp.com\/diariodegarca.com\/wp-content\/uploads\/2025\/09\/homem-sorridente-de-tiro-medio-fazendo-cafe.jpg?fit=1200%2C800&ssl=1&resize=525%2C300 1.5x, https:\/\/i0.wp.com\/diariodegarca.com\/wp-content\/uploads\/2025\/09\/homem-sorridente-de-tiro-medio-fazendo-cafe.jpg?fit=1200%2C800&ssl=1&resize=700%2C400 2x, https:\/\/i0.wp.com\/diariodegarca.com\/wp-content\/uploads\/2025\/09\/homem-sorridente-de-tiro-medio-fazendo-cafe.jpg?fit=1200%2C800&ssl=1&resize=1050%2C600 3x"},"classes":[]},{"id":5848,"url":"https:\/\/diariodegarca.com\/?p=5848","url_meta":{"origin":2705,"position":2},"title":"PAT de Gar\u00e7a oferta vagas e capacita\u00e7\u00e3o gratuita para operadores florestais","author":"Di\u00e1rio de Gar\u00e7a","date":"19 de agosto de 2025","format":false,"excerpt":"Oportunidades s\u00e3o ideais para quem busca recoloca\u00e7\u00e3o no mercado de trabalho. Processo seletivo para o curso de capacita\u00e7\u00e3o ocorre presencialmente na quinta-feira. O Posto de Atendimento ao Trabalhador (PAT) de Gar\u00e7a est\u00e1 com oportunidades de emprego abertas para as fun\u00e7\u00f5es de Operador de Neg\u00f3cios e Soldador. Al\u00e9m das vagas formais,\u2026","rel":"","context":"Em &quot;Curso&quot;","block_context":{"text":"Curso","link":"https:\/\/diariodegarca.com\/?cat=36947"},"img":{"alt_text":"","src":"https:\/\/i0.wp.com\/diariodegarca.com\/wp-content\/uploads\/2025\/08\/homem-usando-uma-escavadeira-para-cavar-na-luz-dia.jpg?fit=1200%2C800&ssl=1&resize=350%2C200","width":350,"height":200,"srcset":"https:\/\/i0.wp.com\/diariodegarca.com\/wp-content\/uploads\/2025\/08\/homem-usando-uma-escavadeira-para-cavar-na-luz-dia.jpg?fit=1200%2C800&ssl=1&resize=350%2C200 1x, https:\/\/i0.wp.com\/diariodegarca.com\/wp-content\/uploads\/2025\/08\/homem-usando-uma-escavadeira-para-cavar-na-luz-dia.jpg?fit=1200%2C800&ssl=1&resize=525%2C300 1.5x, https:\/\/i0.wp.com\/diariodegarca.com\/wp-content\/uploads\/2025\/08\/homem-usando-uma-escavadeira-para-cavar-na-luz-dia.jpg?fit=1200%2C800&ssl=1&resize=700%2C400 2x, https:\/\/i0.wp.com\/diariodegarca.com\/wp-content\/uploads\/2025\/08\/homem-usando-uma-escavadeira-para-cavar-na-luz-dia.jpg?fit=1200%2C800&ssl=1&resize=1050%2C600 3x"},"classes":[]},{"id":6088,"url":"https:\/\/diariodegarca.com\/?p=6088","url_meta":{"origin":2705,"position":3},"title":"PAT de Gar\u00e7a oferece vagas para soldador, vendedor e consultor de vendas","author":"Di\u00e1rio de Gar\u00e7a","date":"26 de agosto de 2025","format":false,"excerpt":"Interessados t\u00eam prazos espec\u00edficos para se candidatar; inscri\u00e7\u00f5es devem ser feitas exclusivamente online. O Posto de Atendimento ao Trabalhador (PAT) de Gar\u00e7a est\u00e1 com tr\u00eas oportunidades de emprego abertas. As vagas dispon\u00edveis s\u00e3o para as fun\u00e7\u00f5es de Soldador, Vendedor(a) e Consultor de Vendas, cada uma com requisitos, atribui\u00e7\u00f5es e prazos\u2026","rel":"","context":"Em &quot;Gar\u00e7a&quot;","block_context":{"text":"Gar\u00e7a","link":"https:\/\/diariodegarca.com\/?cat=781171664"},"img":{"alt_text":"","src":"https:\/\/i0.wp.com\/diariodegarca.com\/wp-content\/uploads\/2025\/08\/empresario-jovem-preparando-sua-loja.jpg?fit=1200%2C800&ssl=1&resize=350%2C200","width":350,"height":200,"srcset":"https:\/\/i0.wp.com\/diariodegarca.com\/wp-content\/uploads\/2025\/08\/empresario-jovem-preparando-sua-loja.jpg?fit=1200%2C800&ssl=1&resize=350%2C200 1x, https:\/\/i0.wp.com\/diariodegarca.com\/wp-content\/uploads\/2025\/08\/empresario-jovem-preparando-sua-loja.jpg?fit=1200%2C800&ssl=1&resize=525%2C300 1.5x, https:\/\/i0.wp.com\/diariodegarca.com\/wp-content\/uploads\/2025\/08\/empresario-jovem-preparando-sua-loja.jpg?fit=1200%2C800&ssl=1&resize=700%2C400 2x, https:\/\/i0.wp.com\/diariodegarca.com\/wp-content\/uploads\/2025\/08\/empresario-jovem-preparando-sua-loja.jpg?fit=1200%2C800&ssl=1&resize=1050%2C600 3x"},"classes":[]},{"id":6558,"url":"https:\/\/diariodegarca.com\/?p=6558","url_meta":{"origin":2705,"position":4},"title":"PAT de Gar\u00e7a oferece oportunidades em diversos setores","author":"Di\u00e1rio de Gar\u00e7a","date":"9 de setembro de 2025","format":false,"excerpt":"Posto de Atendimento ao Trabalhador lista vagas para soldador, salgadeira, auxiliar administrativo, consultor de vendas e auxiliar de limpeza. Inscri\u00e7\u00f5es s\u00e3o feitas exclusivamente online. O Posto de Atendimento ao Trabalhador (PAT) de Gar\u00e7a divulgou novas oportunidades de emprego. O leque de vagas \u00e9 diversificado, abrangendo setores como aliment\u00edcio, industrial, administrativo\u2026","rel":"","context":"Em &quot;Gar\u00e7a&quot;","block_context":{"text":"Gar\u00e7a","link":"https:\/\/diariodegarca.com\/?cat=781171664"},"img":{"alt_text":"","src":"https:\/\/i0.wp.com\/diariodegarca.com\/wp-content\/uploads\/2025\/07\/sorrindo-jovem-baker-masculino-amassar-massa-no-balcao-da-cozinha.jpg?fit=1200%2C801&ssl=1&resize=350%2C200","width":350,"height":200,"srcset":"https:\/\/i0.wp.com\/diariodegarca.com\/wp-content\/uploads\/2025\/07\/sorrindo-jovem-baker-masculino-amassar-massa-no-balcao-da-cozinha.jpg?fit=1200%2C801&ssl=1&resize=350%2C200 1x, https:\/\/i0.wp.com\/diariodegarca.com\/wp-content\/uploads\/2025\/07\/sorrindo-jovem-baker-masculino-amassar-massa-no-balcao-da-cozinha.jpg?fit=1200%2C801&ssl=1&resize=525%2C300 1.5x, https:\/\/i0.wp.com\/diariodegarca.com\/wp-content\/uploads\/2025\/07\/sorrindo-jovem-baker-masculino-amassar-massa-no-balcao-da-cozinha.jpg?fit=1200%2C801&ssl=1&resize=700%2C400 2x, https:\/\/i0.wp.com\/diariodegarca.com\/wp-content\/uploads\/2025\/07\/sorrindo-jovem-baker-masculino-amassar-massa-no-balcao-da-cozinha.jpg?fit=1200%2C801&ssl=1&resize=1050%2C600 3x"},"classes":[]},{"id":7188,"url":"https:\/\/diariodegarca.com\/?p=7188","url_meta":{"origin":2705,"position":5},"title":"PAT de Gar\u00e7a oferta mais de 35 vagas de emprego com sal\u00e1rios de at\u00e9 R$ 4,4 mil","author":"Di\u00e1rio de Gar\u00e7a","date":"26 de setembro de 2025","format":false,"excerpt":"Oportunidades para diversos n\u00edveis de escolaridade incluem vagas em vendas, teleatendimento, ind\u00fastria e farm\u00e1cia; inscri\u00e7\u00f5es devem ser feitas online at\u00e9 o fim de setembro. O Posto de Atendimento ao Trabalhador (PAT) de Gar\u00e7a registrou a abertura de mais de 35 vagas de emprego em diversas \u00e1reas. As oportunidades s\u00e3o para\u2026","rel":"","context":"Em &quot;Gar\u00e7a&quot;","block_context":{"text":"Gar\u00e7a","link":"https:\/\/diariodegarca.com\/?cat=781171664"},"img":{"alt_text":"","src":"https:\/\/i0.wp.com\/diariodegarca.com\/wp-content\/uploads\/2025\/09\/farmaceutico-assistindo-um-cliente-numa-farmacia.jpg?fit=1200%2C655&ssl=1&resize=350%2C200","width":350,"height":200,"srcset":"https:\/\/i0.wp.com\/diariodegarca.com\/wp-content\/uploads\/2025\/09\/farmaceutico-assistindo-um-cliente-numa-farmacia.jpg?fit=1200%2C655&ssl=1&resize=350%2C200 1x, https:\/\/i0.wp.com\/diariodegarca.com\/wp-content\/uploads\/2025\/09\/farmaceutico-assistindo-um-cliente-numa-farmacia.jpg?fit=1200%2C655&ssl=1&resize=525%2C300 1.5x, https:\/\/i0.wp.com\/diariodegarca.com\/wp-content\/uploads\/2025\/09\/farmaceutico-assistindo-um-cliente-numa-farmacia.jpg?fit=1200%2C655&ssl=1&resize=700%2C400 2x, https:\/\/i0.wp.com\/diariodegarca.com\/wp-content\/uploads\/2025\/09\/farmaceutico-assistindo-um-cliente-numa-farmacia.jpg?fit=1200%2C655&ssl=1&resize=1050%2C600 3x"},"classes":[]}],"jetpack_featured_media_url":"","_links":{"self":[{"href":"https:\/\/diariodegarca.com\/index.php?rest_route=\/wp\/v2\/posts\/2705","targetHints":{"allow":["GET"]}}],"collection":[{"href":"https:\/\/diariodegarca.com\/index.php?rest_route=\/wp\/v2\/posts"}],"about":[{"href":"https:\/\/diariodegarca.com\/index.php?rest_route=\/wp\/v2\/types\/post"}],"author":[{"embeddable":true,"href":"https:\/\/diariodegarca.com\/index.php?rest_route=\/wp\/v2\/users\/260896546"}],"replies":[{"embeddable":true,"href":"https:\/\/diariodegarca.com\/index.php?rest_route=%2Fwp%2Fv2%2Fcomments&post=2705"}],"version-history":[{"count":0,"href":"https:\/\/diariodegarca.com\/index.php?rest_route=\/wp\/v2\/posts\/2705\/revisions"}],"wp:attachment":[{"href":"https:\/\/diariodegarca.com\/index.php?rest_route=%2Fwp%2Fv2%2Fmedia&parent=2705"}],"wp:term":[{"taxonomy":"category","embeddable":true,"href":"https:\/\/diariodegarca.com\/index.php?rest_route=%2Fwp%2Fv2%2Fcategories&post=2705"},{"taxonomy":"post_tag","embeddable":true,"href":"https:\/\/diariodegarca.com\/index.php?rest_route=%2Fwp%2Fv2%2Ftags&post=2705"}],"curies":[{"name":"wp","href":"https:\/\/api.w.org\/{rel}","templated":true}]}}