{"id":2710,"date":"2025-03-03T19:34:00","date_gmt":"2025-03-03T19:34:00","guid":{"rendered":"https:\/\/diariodegarca.com\/2025\/03\/03\/novo-site-facilita-adocao-responsavel-de-animais-em-garca\/"},"modified":"2025-03-03T19:34:00","modified_gmt":"2025-03-03T19:34:00","slug":"novo-site-facilita-adocao-responsavel-de-animais-em-garca","status":"publish","type":"post","link":"https:\/\/diariodegarca.com\/?p=2710","title":{"rendered":"Novo site facilita ado\u00e7\u00e3o respons\u00e1vel de animais em Gar\u00e7a"},"content":{"rendered":"<div>\n<div><a href=\"https:\/\/i0.wp.com\/blogger.googleusercontent.com\/img\/b\/R29vZ2xl\/AVvXsEgeUwfzVVKAGOFhrD9KHwTO9iFS45FGjSx_HNWVqratQKfGr_fRkoYhEFnwNLlgKW-OX1ysZvg5EY09JCiyCi5-eOkvGA9HWFrn0rQyoO5cA5-zlUKQTCeGM8PVj-S99F_mZCxFHoE5BImG-zAJp9SnagE3YEx0HVRAqQZeFEb0V9j_nGmTOeaKlkQ9LtY\/s1324\/Captura%20de%20tela%202025-03-03%20162452.jpg?ssl=1\"><img data-recalc-dims=\"1\" loading=\"lazy\" decoding=\"async\" border=\"0\" height=\"147\" src=\"https:\/\/i0.wp.com\/blogger.googleusercontent.com\/img\/b\/R29vZ2xl\/AVvXsEgeUwfzVVKAGOFhrD9KHwTO9iFS45FGjSx_HNWVqratQKfGr_fRkoYhEFnwNLlgKW-OX1ysZvg5EY09JCiyCi5-eOkvGA9HWFrn0rQyoO5cA5-zlUKQTCeGM8PVj-S99F_mZCxFHoE5BImG-zAJp9SnagE3YEx0HVRAqQZeFEb0V9j_nGmTOeaKlkQ9LtY\/s320\/Captura%20de%20tela%202025-03-03%20162452.jpg?resize=320%2C147&#038;ssl=1\" width=\"320\"><\/a><\/div>\n<div><\/div>\n<\/div>\n<div>\n<p>O <em>Di\u00e1rio de Gar\u00e7a<\/em>, em parceria com o perfil do Instagram <em>Ajude um Animal Gar\u00e7a<\/em> e o grupo do Facebook <em>Animais Perdidos ou para Ado\u00e7\u00e3o Gar\u00e7a<\/em>, lan\u00e7ou uma nova plataforma dedicada \u00e0 causa animal: <strong><a href=\"https:\/\/adoteumanimalgarca.blogspot.com\">adoteumanimalgarca.com<\/a><\/strong>. O site tem o objetivo de conectar animais que precisam de um lar a pessoas dispostas a adotar, tornando o processo mais acess\u00edvel e eficiente.<\/p>\n<h3><strong>Como funciona?<\/strong><\/h3>\n<p>A plataforma opera como um espa\u00e7o gratuito para a divulga\u00e7\u00e3o de animais dispon\u00edveis para ado\u00e7\u00e3o. Futuros tutores podem acessar o site, visualizar os bichinhos que aguardam por um novo lar e entrar em contato diretamente com seus cuidadores tempor\u00e1rios.<\/p>\n<p>Al\u00e9m disso, quem tem um animal para doar pode cadastr\u00e1-lo gratuitamente por meio de um formul\u00e1rio, ampliando suas chances de encontrar uma fam\u00edlia respons\u00e1vel.<\/p>\n<h3><strong>Responsabilidade e seguran\u00e7a<\/strong><\/h3>\n<p>\u00c9 importante destacar que o site atua apenas como um intermedi\u00e1rio. Os animais cadastrados permanecem sob a responsabilidade de seus tutores tempor\u00e1rios at\u00e9 a conclus\u00e3o da ado\u00e7\u00e3o. A iniciativa busca facilitar um encontro seguro e eficiente, mas n\u00e3o se responsabiliza pelos animais durante o processo.<\/p>\n<h3><strong>Participe e compartilhe!<\/strong><\/h3>\n<p>A ideia \u00e9 simples, mas poderosa: conectar quem precisa de ajuda a quem deseja ajudar. A plataforma j\u00e1 est\u00e1 no ar e pode ser acessada pelo endere\u00e7o <strong><a href=\"https:\/\/adoteumanimalgarca.blogspot.com\">adoteumanimalgarca.com<\/a><\/strong>.<\/p>\n<p>A dupla por tr\u00e1s do projeto convida a comunidade a compartilhar a iniciativa com amigos e familiares, especialmente aqueles que est\u00e3o em busca de um novo companheiro, seja ele um c\u00e3ozinho ou gatinho.<\/p>\n<\/div>\n","protected":false},"excerpt":{"rendered":"<p>O Di\u00e1rio de Gar\u00e7a, em parceria com o perfil do Instagram Ajude um Animal Gar\u00e7a e o grupo do Facebook Animais Perdidos ou para Ado\u00e7\u00e3o Gar\u00e7a, lan\u00e7ou uma nova plataforma dedicada \u00e0 causa animal: adoteumanimalgarca.com. O site tem o objetivo de conectar animais que precisam de um lar a pessoas dispostas a adotar, tornando o [&hellip;]<\/p>\n","protected":false},"author":260896546,"featured_media":0,"comment_status":"open","ping_status":"open","sticky":false,"template":"","format":"standard","meta":{"_crdt_document":"","_monsterinsights_skip_tracking":false,"_monsterinsights_sitenote_active":false,"_monsterinsights_sitenote_note":"","_monsterinsights_sitenote_category":0,"advanced_seo_description":"","jetpack_seo_html_title":"","jetpack_seo_noindex":false,"_jetpack_newsletter_access":"","_jetpack_dont_email_post_to_subs":false,"_jetpack_newsletter_tier_id":0,"_jetpack_memberships_contains_paywalled_content":false,"_jetpack_memberships_contains_paid_content":false,"footnotes":"","jetpack_publicize_message":"","jetpack_publicize_feature_enabled":true,"jetpack_social_post_already_shared":false,"jetpack_social_options":{"image_generator_settings":{"template":"fullscreen","default_image_id":0,"font":"","enabled":false},"version":2},"_wpas_customize_per_network":false,"jetpack_post_was_ever_published":false},"categories":[38185],"tags":[781171801,781171833],"class_list":["post-2710","post","type-post","status-publish","format-standard","hentry","category-brasil","tag-brasil","tag-causa-animal"],"jetpack_publicize_connections":[],"jetpack_featured_media_url":"","jetpack_likes_enabled":true,"jetpack_sharing_enabled":true,"jetpack_shortlink":"https:\/\/wp.me\/pgitne-HI","jetpack-related-posts":[{"id":5489,"url":"https:\/\/diariodegarca.com\/?p=5489","url_meta":{"origin":2710,"position":0},"title":"Agosto Dourado, Laranja e Preto: m\u00eas de sa\u00fade e conscientiza\u00e7\u00e3o animal","author":"Di\u00e1rio de Gar\u00e7a","date":"11 de agosto de 2025","format":false,"excerpt":"Campanhas destacam ado\u00e7\u00e3o respons\u00e1vel, preven\u00e7\u00e3o de doen\u00e7as e combate ao preconceito contra gatos pretos. Enquanto agosto \u00e9 amplamente conhecido por campanhas de sa\u00fade humana, como o\u00a0\"Agosto Dourado\"\u00a0(aleitamento materno), o m\u00eas tamb\u00e9m \u00e9 marcado por importantes iniciativas voltadas aos animais. ONGs, protetores independentes e cl\u00ednicas veterin\u00e1rias promovem a\u00e7\u00f5es de conscientiza\u00e7\u00e3o sobre\u2026","rel":"","context":"Em &quot;Brasil&quot;","block_context":{"text":"Brasil","link":"https:\/\/diariodegarca.com\/?cat=38185"},"img":{"alt_text":"","src":"https:\/\/i0.wp.com\/diariodegarca.com\/wp-content\/uploads\/2025\/08\/visao-de-gatos-e-caes-sendo-amigos-1.jpg?fit=1200%2C673&ssl=1&resize=350%2C200","width":350,"height":200,"srcset":"https:\/\/i0.wp.com\/diariodegarca.com\/wp-content\/uploads\/2025\/08\/visao-de-gatos-e-caes-sendo-amigos-1.jpg?fit=1200%2C673&ssl=1&resize=350%2C200 1x, https:\/\/i0.wp.com\/diariodegarca.com\/wp-content\/uploads\/2025\/08\/visao-de-gatos-e-caes-sendo-amigos-1.jpg?fit=1200%2C673&ssl=1&resize=525%2C300 1.5x, https:\/\/i0.wp.com\/diariodegarca.com\/wp-content\/uploads\/2025\/08\/visao-de-gatos-e-caes-sendo-amigos-1.jpg?fit=1200%2C673&ssl=1&resize=700%2C400 2x, https:\/\/i0.wp.com\/diariodegarca.com\/wp-content\/uploads\/2025\/08\/visao-de-gatos-e-caes-sendo-amigos-1.jpg?fit=1200%2C673&ssl=1&resize=1050%2C600 3x"},"classes":[]},{"id":2295,"url":"https:\/\/diariodegarca.com\/?p=2295","url_meta":{"origin":2710,"position":1},"title":"Cachorrinha busca um lar ou ajuda para custear hotel pet","author":"Di\u00e1rio de Gar\u00e7a","date":"20 de abril de 2025","format":false,"excerpt":"Uma cachorrinha filhote, que possu\u00eda uma fam\u00edlia, mas foi cruelmente abandonada, passou dias sob uma lixeira, dependendo da bondade de um morador que lhe oferecia comida todas as noites. Apesar da desnutri\u00e7\u00e3o e dos riscos das ruas \u2013 como atropelamentos e doen\u00e7as \u2013, a pequena mant\u00e9m um temperamento d\u00f3cil e\u2026","rel":"","context":"Em &quot;Brasil&quot;","block_context":{"text":"Brasil","link":"https:\/\/diariodegarca.com\/?cat=38185"},"img":{"alt_text":"","src":"https:\/\/i0.wp.com\/blogger.googleusercontent.com\/img\/b\/R29vZ2xl\/AVvXsEgEpKGjhGyh8GV9x1pt6SGhKYEjVKxnvrWpxUULsJvDu55d9c16y0iQnVp3Rq5726hK30cGWuTh2pDntdTYM8zmKC5IYjLqGkXNC7bSpqZocFJHTVz_Vh-fIHM_J2jMwBci7kgLU77BUGo1KFA4oXUGup8MP0HaVawViHZGcdglLkw9VtF_Ugx1mKjZwL0\/s320\/1745154651013110-0.jpg?resize=350%2C200&ssl=1","width":350,"height":200},"classes":[]},{"id":2847,"url":"https:\/\/diariodegarca.com\/?p=2847","url_meta":{"origin":2710,"position":2},"title":"Gatinhos dispon\u00edveis para ado\u00e7\u00e3o respons\u00e1vel \ud83d\udc3e","author":"Di\u00e1rio de Gar\u00e7a","date":"12 de fevereiro de 2025","format":false,"excerpt":"Na pr\u00f3xima segunda-feira, dia 17 de fevereiro, \u00e9 comemorado o Dia Mundial do Gato \ud83d\udc31, uma data especial para celebrar esses felinos que conquistam cora\u00e7\u00f5es com sua personalidade \u00fanica, charme e carinho.\u00a0Embora conhecidos pela sua independ\u00eancia, os gatos tamb\u00e9m s\u00e3o extremamente d\u00f3ceis e apegados aos seus tutores, desmistificando a ideia\u2026","rel":"","context":"Em &quot;Brasil&quot;","block_context":{"text":"Brasil","link":"https:\/\/diariodegarca.com\/?cat=38185"},"img":{"alt_text":"","src":"","width":0,"height":0},"classes":[]},{"id":2678,"url":"https:\/\/diariodegarca.com\/?p=2678","url_meta":{"origin":2710,"position":3},"title":"Plataforma amplia suporte a animais em Gar\u00e7a com novas funcionalidades","author":"Di\u00e1rio de Gar\u00e7a","date":"7 de mar\u00e7o de 2025","format":false,"excerpt":"O site Adote um Animal Gar\u00e7a, adoteumanimalgarca.com,\u00a0acaba de lan\u00e7ar novas ferramentas para refor\u00e7ar a prote\u00e7\u00e3o e o bem-estar dos animais na cidade. Al\u00e9m de conectar bichinhos resgatados a poss\u00edveis adotantes, agora a plataforma tamb\u00e9m conta com formul\u00e1rios para den\u00fancias de maus-tratos e aux\u00edlio na busca por animais perdidos.Aqueles que desejam\u2026","rel":"","context":"Em &quot;Brasil&quot;","block_context":{"text":"Brasil","link":"https:\/\/diariodegarca.com\/?cat=38185"},"img":{"alt_text":"","src":"","width":0,"height":0},"classes":[]},{"id":4223,"url":"https:\/\/diariodegarca.com\/?p=4223","url_meta":{"origin":2710,"position":4},"title":"Gatinhos buscam lares amorosos em \u00c1lvaro de Carvalho","author":"Di\u00e1rio de Gar\u00e7a","date":"24 de junho de 2025","format":false,"excerpt":"Grupo de ado\u00e7\u00e3o facilita encontro entre animais resgatados e futuros tutores na regi\u00e3o de Gar\u00e7a Julia Bonato, membro do grupo\u00a0\"Animais perdidos ou para ado\u00e7\u00e3o - Gar\u00e7a\", compartilhou uma oportunidade para quem deseja adotar um felino. Seis gatinhos saud\u00e1veis \u2014 cinco f\u00eameas e um macho \u2014 aguardam por fam\u00edlias respons\u00e1veis em\u2026","rel":"","context":"Em &quot;\u00c1lvaro de Carvalho&quot;","block_context":{"text":"\u00c1lvaro de Carvalho","link":"https:\/\/diariodegarca.com\/?cat=29815376"},"img":{"alt_text":"","src":"https:\/\/i0.wp.com\/diariodegarca.com\/wp-content\/uploads\/2025\/06\/design-sem-nome-2.png?fit=1200%2C838&ssl=1&resize=350%2C200","width":350,"height":200,"srcset":"https:\/\/i0.wp.com\/diariodegarca.com\/wp-content\/uploads\/2025\/06\/design-sem-nome-2.png?fit=1200%2C838&ssl=1&resize=350%2C200 1x, https:\/\/i0.wp.com\/diariodegarca.com\/wp-content\/uploads\/2025\/06\/design-sem-nome-2.png?fit=1200%2C838&ssl=1&resize=525%2C300 1.5x, https:\/\/i0.wp.com\/diariodegarca.com\/wp-content\/uploads\/2025\/06\/design-sem-nome-2.png?fit=1200%2C838&ssl=1&resize=700%2C400 2x, https:\/\/i0.wp.com\/diariodegarca.com\/wp-content\/uploads\/2025\/06\/design-sem-nome-2.png?fit=1200%2C838&ssl=1&resize=1050%2C600 3x"},"classes":[]},{"id":2853,"url":"https:\/\/diariodegarca.com\/?p=2853","url_meta":{"origin":2710,"position":5},"title":"Causa Animal \u00e9 destaque em programa de entrevistas na web","author":"Di\u00e1rio de Gar\u00e7a","date":"12 de fevereiro de 2025","format":false,"excerpt":"Em uma entrevista emocionante no programa Club Cast, Amanda da Costa, volunt\u00e1ria dedicada \u00e0 causa animal em Gar\u00e7a, compartilhou detalhes sobre seu trabalho volunt\u00e1rio em prol dos animais abandonados. Durante a conversa com a apresentadora M\u00e1rcia, Amanda falou sobre: \u2714\ufe0f Sua rotina alimentando duas col\u00f4nias de gatos \u2714\ufe0f A import\u00e2ncia\u2026","rel":"","context":"Em &quot;Brasil&quot;","block_context":{"text":"Brasil","link":"https:\/\/diariodegarca.com\/?cat=38185"},"img":{"alt_text":"","src":"","width":0,"height":0},"classes":[]}],"_links":{"self":[{"href":"https:\/\/diariodegarca.com\/index.php?rest_route=\/wp\/v2\/posts\/2710","targetHints":{"allow":["GET"]}}],"collection":[{"href":"https:\/\/diariodegarca.com\/index.php?rest_route=\/wp\/v2\/posts"}],"about":[{"href":"https:\/\/diariodegarca.com\/index.php?rest_route=\/wp\/v2\/types\/post"}],"author":[{"embeddable":true,"href":"https:\/\/diariodegarca.com\/index.php?rest_route=\/wp\/v2\/users\/260896546"}],"replies":[{"embeddable":true,"href":"https:\/\/diariodegarca.com\/index.php?rest_route=%2Fwp%2Fv2%2Fcomments&post=2710"}],"version-history":[{"count":0,"href":"https:\/\/diariodegarca.com\/index.php?rest_route=\/wp\/v2\/posts\/2710\/revisions"}],"wp:attachment":[{"href":"https:\/\/diariodegarca.com\/index.php?rest_route=%2Fwp%2Fv2%2Fmedia&parent=2710"}],"wp:term":[{"taxonomy":"category","embeddable":true,"href":"https:\/\/diariodegarca.com\/index.php?rest_route=%2Fwp%2Fv2%2Fcategories&post=2710"},{"taxonomy":"post_tag","embeddable":true,"href":"https:\/\/diariodegarca.com\/index.php?rest_route=%2Fwp%2Fv2%2Ftags&post=2710"}],"curies":[{"name":"wp","href":"https:\/\/api.w.org\/{rel}","templated":true}]}}