{"id":2713,"date":"2025-03-02T22:48:00","date_gmt":"2025-03-02T22:48:00","guid":{"rendered":"https:\/\/diariodegarca.com\/2025\/03\/02\/policiais-prendem-traficante-com-drogas-arma-e-municao-em-marilia\/"},"modified":"2025-03-02T22:48:00","modified_gmt":"2025-03-02T22:48:00","slug":"policiais-prendem-traficante-com-drogas-arma-e-municao-em-marilia","status":"publish","type":"post","link":"https:\/\/diariodegarca.com\/?p=2713","title":{"rendered":"Policiais prendem traficante com drogas, arma e muni\u00e7\u00e3o em Mar\u00edlia"},"content":{"rendered":"<div class=\"separator\" style=\"clear: both;text-align: center\">\n  <a href=\"https:\/\/blogger.googleusercontent.com\/img\/a\/AVvXsEhWPdPQQPvRPL22i7izHG8EneUn9BK4Zzcr0ptk2F8giH39v8Q4gLrfdSxFx5JaZ5E58h7RvtLdSfQZ7gkspg7y-T4nt_ko9Fx0ZGZBCCJxeqMCWHZSykdbu4hkF7B7wHRFViGXMZP44MO5Im3fN9UHz5fnKoYgzKVs-dEf4A3EVil1_hqbDvs6ByZ6smk\" style=\"margin-left: 1em;margin-right: 1em\"><br \/>\n    <img decoding=\"async\" border=\"0\" src=\"https:\/\/blogger.googleusercontent.com\/img\/a\/AVvXsEhWPdPQQPvRPL22i7izHG8EneUn9BK4Zzcr0ptk2F8giH39v8Q4gLrfdSxFx5JaZ5E58h7RvtLdSfQZ7gkspg7y-T4nt_ko9Fx0ZGZBCCJxeqMCWHZSykdbu4hkF7B7wHRFViGXMZP44MO5Im3fN9UHz5fnKoYgzKVs-dEf4A3EVil1_hqbDvs6ByZ6smk\" width=\"400\"><br \/>\n  <\/a>\n<\/div>\n<div><\/div>\n<div>Neste domingo, 2 de mar\u00e7o, policiais militares do 9\u00ba Batalh\u00e3o de Pol\u00edcia Militar do Interior, atuando com equipes de For\u00e7a T\u00e1tica, prenderam um indiv\u00edduo por posse ilegal de arma de fogo e tr\u00e1fico de drogas no Jardim Monte Castelo, zona sul de Mar\u00edlia.\u00a0\u00a0<\/div>\n<div><\/div>\n<div>Durante patrulhamento de rotina, os militares avistaram um homem que, ao perceber a presen\u00e7a das equipes policiais, tentou fugir, mas foi interceptado. Na abordagem, foram encontrados com ele 14 microtubos contendo coca\u00edna. Durante a entrevista, o suspeito delatou que em seu quarto havia mais drogas e uma arma de fogo.\u00a0\u00a0<\/div>\n<div><\/div>\n<div>Com a devida autoriza\u00e7\u00e3o judicial, os policiais realizaram uma busca na resid\u00eancia e encontraram 252 por\u00e7\u00f5es de coca\u00edna, 158 por\u00e7\u00f5es de crack, 169 por\u00e7\u00f5es de maconha, R$ 828,00 em dinheiro, uma pistola calibre .380 da marca Taurus municiada com 13 cartuchos intactos (com numera\u00e7\u00e3o suprimida), anota\u00e7\u00f5es referentes \u00e0 contabilidade do tr\u00e1fico de drogas e um telefone celular.\u00a0\u00a0<\/div>\n<div><\/div>\n<div>Diante das evid\u00eancias, o infrator foi preso em flagrante e encaminhado \u00e0 Central de Pol\u00edcia Judici\u00e1ria, onde aguardar\u00e1 audi\u00eancia de cust\u00f3dia.\u00a0<\/div>\n","protected":false},"excerpt":{"rendered":"<p>Neste domingo, 2 de mar\u00e7o, policiais militares do 9\u00ba Batalh\u00e3o de Pol\u00edcia Militar do Interior, atuando com equipes de For\u00e7a T\u00e1tica, prenderam um indiv\u00edduo por posse ilegal de arma de fogo e tr\u00e1fico de drogas no Jardim Monte Castelo, zona sul de Mar\u00edlia.\u00a0\u00a0 Durante patrulhamento de rotina, os militares avistaram um homem que, ao perceber [&hellip;]<\/p>\n","protected":false},"author":260896546,"featured_media":0,"comment_status":"open","ping_status":"open","sticky":false,"template":"","format":"standard","meta":{"_monsterinsights_skip_tracking":false,"advanced_seo_description":"","jetpack_seo_html_title":"","jetpack_seo_noindex":false,"jetpack_seo_schema_type":"","_jetpack_newsletter_access":"","_jetpack_dont_email_post_to_subs":false,"_jetpack_newsletter_tier_id":0,"_jetpack_memberships_contains_paywalled_content":false,"_wpcom_ai_launchpad_first_post":false,"_jetpack_feature_clip_id":0,"_jetpack_memberships_contains_paid_content":false,"footnotes":"","jetpack_publicize_message":"{title}\n\n{excerpt}\n\n{url}","jetpack_publicize_feature_enabled":true,"jetpack_social_post_already_shared":false,"jetpack_social_options":{"image_generator_settings":{"template":"fullscreen","default_image_id":0,"font":"","enabled":false},"version":2},"_wpas_customize_per_network":false,"jetpack_post_was_ever_published":false},"categories":[38185],"tags":[222752,1036487],"class_list":["post-2713","post","type-post","status-publish","format-standard","hentry","category-brasil","tag-marilia","tag-seguranca-publica"],"jetpack_publicize_connections":[],"jetpack_likes_enabled":true,"jetpack_sharing_enabled":true,"jetpack_shortlink":"https:\/\/wp.me\/pgitne-HL","jetpack-related-posts":[{"id":3861,"url":"https:\/\/diariodegarca.com\/?p=3861","url_meta":{"origin":2713,"position":0},"title":"Pol\u00edcia Militar desarticula rede de drogas e prende procurados em Mar\u00edlia e Echapor\u00e3","author":"Di\u00e1rio de Gar\u00e7a","date":"10 de junho de 2025","format":false,"excerpt":"Opera\u00e7\u00f5es da For\u00e7a T\u00e1tica resultam em apreens\u00e3o de entorpecentes, armas e captura de criminosos A Pol\u00edcia Militar do Estado de S\u00e3o Paulo segue atuando no combate ao crime, seja no enfrentamento ao tr\u00e1fico de drogas, na apreens\u00e3o de armas ilegais ou na captura de procurados pela justi\u00e7a. Opera\u00e7\u00f5es recentes do\u2026","rel":"","context":"Em &quot;Echapor\u00e3&quot;","block_context":{"text":"Echapor\u00e3","link":"https:\/\/diariodegarca.com\/?cat=9098997"},"img":{"alt_text":"","src":"","width":0,"height":0},"classes":[]},{"id":3655,"url":"https:\/\/diariodegarca.com\/?p=3655","url_meta":{"origin":2713,"position":1},"title":"Pris\u00f5es por estupro e tr\u00e1fico marcam fim de semana na regi\u00e3o","author":"Di\u00e1rio de Gar\u00e7a","date":"4 de junho de 2025","format":false,"excerpt":"A\u00e7\u00f5es do 9\u00ba Batalh\u00e3o da aconteceu nas cidades de Mar\u00edlia, Tup\u00e3 e Gar\u00e7a, com pris\u00f5es em flagrantes O 9\u00ba Batalh\u00e3o de Pol\u00edcia Militar do Interior registrou, no \u00faltimo fim de semana, ocorr\u00eancias graves em diferentes cidades da regi\u00e3o, resultando na pris\u00e3o de indiv\u00edduos por crimes como estupro, viol\u00eancia dom\u00e9stica e\u2026","rel":"","context":"Em &quot;Gar\u00e7a&quot;","block_context":{"text":"Gar\u00e7a","link":"https:\/\/diariodegarca.com\/?cat=781171664"},"img":{"alt_text":"","src":"","width":0,"height":0},"classes":[]},{"id":4618,"url":"https:\/\/diariodegarca.com\/?p=4618","url_meta":{"origin":2713,"position":2},"title":"Opera\u00e7\u00f5es da PM prendem suspeitos e apreendem drogas e arma em Tup\u00e3 e Mar\u00edlia","author":"Di\u00e1rio de Gar\u00e7a","date":"11 de julho de 2025","format":false,"excerpt":"A\u00e7\u00f5es policiais resultaram em pris\u00f5es por tr\u00e1fico, furto e recepta\u00e7\u00e3o, al\u00e9m da apreens\u00e3o de entorpecentes e uma espingarda de press\u00e3o. Com abordagens estrat\u00e9gicas e uso de intelig\u00eancia policial, as equipes do 9\u00ba Batalh\u00e3o de Pol\u00edcia Militar do Interior (9\u00ba BPM) prenderam indiv\u00edduos procurados pela Justi\u00e7a e apreenderam drogas e uma\u2026","rel":"","context":"Em &quot;Mar\u00edlia&quot;","block_context":{"text":"Mar\u00edlia","link":"https:\/\/diariodegarca.com\/?cat=683453294"},"img":{"alt_text":"","src":"","width":0,"height":0},"classes":[]},{"id":2493,"url":"https:\/\/diariodegarca.com\/?p=2493","url_meta":{"origin":2713,"position":3},"title":"Pol\u00edcia Militar prende trio e apreende grande quantidade de drogas e arma em Mar\u00edlia","author":"Di\u00e1rio de Gar\u00e7a","date":"2 de abril de 2025","format":false,"excerpt":"Na noite desta ter\u00e7a-feira, dia 1\u00ba de abril, uma a\u00e7\u00e3o do 9\u00ba Batalh\u00e3o da Pol\u00edcia Militar do Interior resultou na pris\u00e3o de dois homens e uma mulher por tr\u00e1fico de drogas em Mar\u00edlia.\u00a0A opera\u00e7\u00e3o, realizada por equipes da For\u00e7a T\u00e1tica, ocorreu por volta das 20h42 no bairro Nova Mar\u00edlia, onde\u2026","rel":"","context":"Em &quot;Brasil&quot;","block_context":{"text":"Brasil","link":"https:\/\/diariodegarca.com\/?cat=38185"},"img":{"alt_text":"","src":"","width":0,"height":0},"classes":[]},{"id":4159,"url":"https:\/\/diariodegarca.com\/?p=4159","url_meta":{"origin":2713,"position":4},"title":"A\u00e7\u00f5es policiais prendem suspeitos por roubo, furto e tr\u00e1fico em cidades da regi\u00e3o","author":"Di\u00e1rio de Gar\u00e7a","date":"23 de junho de 2025","format":false,"excerpt":"Em opera\u00e7\u00f5es realizadas no fim de semana, policiais militares do 9\u00ba Batalh\u00e3o do Interior prenderam criminosos em flagrante em Mar\u00edlia, Pomp\u00e9ia e Tup\u00e3; drogas, ve\u00edculo furtado e objetos roubados foram apreendidos. No \u00faltimo fim de semana, o\u00a09\u00ba Batalh\u00e3o de Pol\u00edcia Militar do Interior\u00a0registrou ocorr\u00eancias em diferentes cidades da regi\u00e3o, resultando\u2026","rel":"","context":"Em &quot;Mar\u00edlia&quot;","block_context":{"text":"Mar\u00edlia","link":"https:\/\/diariodegarca.com\/?cat=683453294"},"img":{"alt_text":"","src":"https:\/\/i0.wp.com\/diariodegarca.com\/wp-content\/uploads\/2025\/06\/503566608_18306010942246526_8008225824564545424_n-e1764161649475.webp?fit=1080%2C733&ssl=1&resize=350%2C200","width":350,"height":200,"srcset":"https:\/\/i0.wp.com\/diariodegarca.com\/wp-content\/uploads\/2025\/06\/503566608_18306010942246526_8008225824564545424_n-e1764161649475.webp?fit=1080%2C733&ssl=1&resize=350%2C200 1x, https:\/\/i0.wp.com\/diariodegarca.com\/wp-content\/uploads\/2025\/06\/503566608_18306010942246526_8008225824564545424_n-e1764161649475.webp?fit=1080%2C733&ssl=1&resize=525%2C300 1.5x, https:\/\/i0.wp.com\/diariodegarca.com\/wp-content\/uploads\/2025\/06\/503566608_18306010942246526_8008225824564545424_n-e1764161649475.webp?fit=1080%2C733&ssl=1&resize=700%2C400 2x, https:\/\/i0.wp.com\/diariodegarca.com\/wp-content\/uploads\/2025\/06\/503566608_18306010942246526_8008225824564545424_n-e1764161649475.webp?fit=1080%2C733&ssl=1&resize=1050%2C600 3x"},"classes":[]},{"id":4016,"url":"https:\/\/diariodegarca.com\/?p=4016","url_meta":{"origin":2713,"position":5},"title":"PM prende suspeitos e apreende drogas e armas em Gar\u00e7a, Mar\u00edlia e Pomp\u00e9ia","author":"Di\u00e1rio de Gar\u00e7a","date":"16 de junho de 2025","format":false,"excerpt":"Opera\u00e7\u00f5es policiais resultaram em pris\u00f5es por tr\u00e1fico, furto e porte ilegal de armas nas tr\u00eas cidades do interior paulista A Pol\u00edcia Militar do Estado de S\u00e3o Paulo divulgou algumas a\u00e7\u00f5es que aconteceram em cidades da regi\u00e3o nos \u00faltimos dias. As opera\u00e7\u00f5es tem como objetivo coibir delitos como tr\u00e1fico de drogas,\u2026","rel":"","context":"Em &quot;Gar\u00e7a&quot;","block_context":{"text":"Gar\u00e7a","link":"https:\/\/diariodegarca.com\/?cat=781171664"},"img":{"alt_text":"","src":"https:\/\/i0.wp.com\/diariodegarca.com\/wp-content\/uploads\/2025\/05\/500084858_18302219050246526_4028368060180630968_n-e1760650460275.webp?fit=1080%2C704&ssl=1&resize=350%2C200","width":350,"height":200,"srcset":"https:\/\/i0.wp.com\/diariodegarca.com\/wp-content\/uploads\/2025\/05\/500084858_18302219050246526_4028368060180630968_n-e1760650460275.webp?fit=1080%2C704&ssl=1&resize=350%2C200 1x, https:\/\/i0.wp.com\/diariodegarca.com\/wp-content\/uploads\/2025\/05\/500084858_18302219050246526_4028368060180630968_n-e1760650460275.webp?fit=1080%2C704&ssl=1&resize=525%2C300 1.5x, https:\/\/i0.wp.com\/diariodegarca.com\/wp-content\/uploads\/2025\/05\/500084858_18302219050246526_4028368060180630968_n-e1760650460275.webp?fit=1080%2C704&ssl=1&resize=700%2C400 2x, https:\/\/i0.wp.com\/diariodegarca.com\/wp-content\/uploads\/2025\/05\/500084858_18302219050246526_4028368060180630968_n-e1760650460275.webp?fit=1080%2C704&ssl=1&resize=1050%2C600 3x"},"classes":[]}],"jetpack_featured_media_url":"","_links":{"self":[{"href":"https:\/\/diariodegarca.com\/index.php?rest_route=\/wp\/v2\/posts\/2713","targetHints":{"allow":["GET"]}}],"collection":[{"href":"https:\/\/diariodegarca.com\/index.php?rest_route=\/wp\/v2\/posts"}],"about":[{"href":"https:\/\/diariodegarca.com\/index.php?rest_route=\/wp\/v2\/types\/post"}],"author":[{"embeddable":true,"href":"https:\/\/diariodegarca.com\/index.php?rest_route=\/wp\/v2\/users\/260896546"}],"replies":[{"embeddable":true,"href":"https:\/\/diariodegarca.com\/index.php?rest_route=%2Fwp%2Fv2%2Fcomments&post=2713"}],"version-history":[{"count":0,"href":"https:\/\/diariodegarca.com\/index.php?rest_route=\/wp\/v2\/posts\/2713\/revisions"}],"wp:attachment":[{"href":"https:\/\/diariodegarca.com\/index.php?rest_route=%2Fwp%2Fv2%2Fmedia&parent=2713"}],"wp:term":[{"taxonomy":"category","embeddable":true,"href":"https:\/\/diariodegarca.com\/index.php?rest_route=%2Fwp%2Fv2%2Fcategories&post=2713"},{"taxonomy":"post_tag","embeddable":true,"href":"https:\/\/diariodegarca.com\/index.php?rest_route=%2Fwp%2Fv2%2Ftags&post=2713"}],"curies":[{"name":"wp","href":"https:\/\/api.w.org\/{rel}","templated":true}]}}