{"id":2722,"date":"2025-03-02T11:55:00","date_gmt":"2025-03-02T11:55:00","guid":{"rendered":"https:\/\/diariodegarca.com\/2025\/03\/02\/fundacao-eco-brasil-busca-padrinhos-para-animais-carentes\/"},"modified":"2025-03-02T11:55:00","modified_gmt":"2025-03-02T11:55:00","slug":"fundacao-eco-brasil-busca-padrinhos-para-animais-carentes","status":"publish","type":"post","link":"https:\/\/diariodegarca.com\/?p=2722","title":{"rendered":"Funda\u00e7\u00e3o Eco Brasil busca padrinhos para animais carentes"},"content":{"rendered":"<div>\n  <a href=\"https:\/\/blogger.googleusercontent.com\/img\/a\/AVvXsEgtwSLLkpdpUkpN_6sKqh4Cst-n2Wiz9LPLio_CTc7ADjVafDyqTgZpSWfT3D3DKOoWe0mF5249THOjqg1E5PdOUdUe8KZbFqRDyP6wySTpj1V42UYxJH9AfsJQKu46BSlrh9zxuf4wGGXihlVApazcixKdlE5VuqWcoSJ8M6-uIuARy8auA63bVPxhbks\"><br \/>\n    <img decoding=\"async\" border=\"0\" src=\"https:\/\/blogger.googleusercontent.com\/img\/a\/AVvXsEgtwSLLkpdpUkpN_6sKqh4Cst-n2Wiz9LPLio_CTc7ADjVafDyqTgZpSWfT3D3DKOoWe0mF5249THOjqg1E5PdOUdUe8KZbFqRDyP6wySTpj1V42UYxJH9AfsJQKu46BSlrh9zxuf4wGGXihlVApazcixKdlE5VuqWcoSJ8M6-uIuARy8auA63bVPxhbks\" width=\"400\"><br \/>\n  <\/a>\n<\/div>\n<p><\/p>\n<div><\/div>\n<div>A Funda\u00e7\u00e3o Eco Brasil, institui\u00e7\u00e3o dedicada \u00e0 prote\u00e7\u00e3o e ao bem-estar de animais em situa\u00e7\u00e3o de vulnerabilidade, est\u00e1 em busca de padrinhos para os animais sob seus cuidados. A iniciativa visa garantir que c\u00e3es e gatos recebam todo o suporte necess\u00e1rio, desde alimenta\u00e7\u00e3o e cuidados veterin\u00e1rios at\u00e9 um ambiente seguro, enquanto aguardam por um lar definitivo.\u00a0\u00a0<\/div>\n<div><\/div>\n<div><b>Ser padrinho ou madrinha<\/b> significa assumir a responsabilidade financeira por um animal espec\u00edfico, <b>contribuindo mensalmente com um valor que cobre suas necessidades b\u00e1sicas<\/b>. Essa ajuda \u00e9 fundamental para manter a qualidade de vida dos animais e garantir que a institui\u00e7\u00e3o continue seu trabalho de resgate e reabilita\u00e7\u00e3o.\u00a0\u00a0<\/div>\n<div><\/div>\n<div>A Funda\u00e7\u00e3o Eco Brasil refor\u00e7a que o <b>apadrinhamento n\u00e3o exige que o padrinho leve o animal para casa<\/b>, mas sim que ele se comprometa a ser um apoio financeiro at\u00e9 que o pet seja adotado. Essa \u00e9 uma <b>oportunidade para quem deseja ajudar, mas n\u00e3o tem condi\u00e7\u00f5es de adotar<\/b> ou acolher um animal temporariamente.\u00a0\u00a0<\/div>\n<div><\/div>\n<div><b>Interessados<\/b> em se tornar padrinhos podem entrar em <b>contato diretamente com a institui\u00e7\u00e3o pelo telefone (14) 99665-5380<\/b>, informando no assunto: &#8220;<b>Gostaria de apadrinhar um animal!<\/b>&#8220;.\u00a0<\/div>\n<div><\/div>\n<div>\n<div>\n  <a href=\"https:\/\/blogger.googleusercontent.com\/img\/a\/AVvXsEjCtdbRGcG74o12t4K9P-ICPtav_5qdJ4TjYb6cwI-Yv017BQz9Ev0aPJQ5DomkFIg-kJ1y_Ut4IXuq61zib-lVlQ5U1URw0163N8z1woio9ArsaDr8IQgmPZIwIEbyaM6imq0KY22k-0x6mCkCYSW2WsS1QpSWVD7cSEan7jykxpD4tMIk9jfF9iR7pZI\"><br \/>\n    <img decoding=\"async\" border=\"0\" src=\"https:\/\/blogger.googleusercontent.com\/img\/a\/AVvXsEjCtdbRGcG74o12t4K9P-ICPtav_5qdJ4TjYb6cwI-Yv017BQz9Ev0aPJQ5DomkFIg-kJ1y_Ut4IXuq61zib-lVlQ5U1URw0163N8z1woio9ArsaDr8IQgmPZIwIEbyaM6imq0KY22k-0x6mCkCYSW2WsS1QpSWVD7cSEan7jykxpD4tMIk9jfF9iR7pZI\" width=\"400\"><br \/>\n  <\/a>\n<\/div>\n<\/div>\n<div><\/div>\n<div>Al\u00e9m disso, a Funda\u00e7\u00e3o Eco Brasil convida a todos a conhecerem mais sobre seu trabalho e os animais dispon\u00edveis para apadrinhamento ou ado\u00e7\u00e3o por meio de suas redes sociais.\u00a0<\/div>\n<div>\n<div style=\"letter-spacing: 0.2px\"><\/div>\n<div style=\"letter-spacing: 0.2px\">\ud83d\udccc Facebook:\u00a0<a href=\"https:\/\/www.facebook.com\/share\/1BVHWBJ7h2\/\">Funda\u00e7\u00e3o EcoBrasil<\/a><\/div>\n<div style=\"letter-spacing: 0.2px\">\ud83d\udccc Instagram:\u00a0<a href=\"https:\/\/www.instagram.com\/brasil_eco?igsh=MXdmNzJnYmI4MjE2Yw==\">EcoBrasil<\/a><\/div>\n<\/div>\n<div>\u00a0<\/div>\n<div>A iniciativa \u00e9 um chamado para quem acredita na causa animal e deseja contribuir de forma significativa. Cada padrinho ou madrinha faz parte de uma rede de amor e cuidado que transforma vidas, tanto dos animais quanto das pessoas que se dedicam a essa miss\u00e3o.\u00a0\u00a0<\/div>\n","protected":false},"excerpt":{"rendered":"<p>A Funda\u00e7\u00e3o Eco Brasil, institui\u00e7\u00e3o dedicada \u00e0 prote\u00e7\u00e3o e ao bem-estar de animais em situa\u00e7\u00e3o de vulnerabilidade, est\u00e1 em busca de padrinhos para os animais sob seus cuidados. A iniciativa visa garantir que c\u00e3es e gatos recebam todo o suporte necess\u00e1rio, desde alimenta\u00e7\u00e3o e cuidados veterin\u00e1rios at\u00e9 um ambiente seguro, enquanto aguardam por um lar [&hellip;]<\/p>\n","protected":false},"author":260896546,"featured_media":0,"comment_status":"open","ping_status":"open","sticky":false,"template":"","format":"standard","meta":{"_crdt_document":"","_monsterinsights_skip_tracking":false,"_monsterinsights_sitenote_active":false,"_monsterinsights_sitenote_note":"","_monsterinsights_sitenote_category":0,"advanced_seo_description":"","jetpack_seo_html_title":"","jetpack_seo_noindex":false,"_jetpack_newsletter_access":"","_jetpack_dont_email_post_to_subs":false,"_jetpack_newsletter_tier_id":0,"_jetpack_memberships_contains_paywalled_content":false,"_jetpack_memberships_contains_paid_content":false,"footnotes":"","jetpack_publicize_message":"","jetpack_publicize_feature_enabled":true,"jetpack_social_post_already_shared":false,"jetpack_social_options":{"image_generator_settings":{"template":"fullscreen","default_image_id":0,"font":"","enabled":false},"version":2},"_wpas_customize_per_network":false,"jetpack_post_was_ever_published":false},"categories":[38185],"tags":[781171801,781171833],"class_list":["post-2722","post","type-post","status-publish","format-standard","hentry","category-brasil","tag-brasil","tag-causa-animal"],"jetpack_publicize_connections":[],"jetpack_featured_media_url":"","jetpack_likes_enabled":true,"jetpack_sharing_enabled":true,"jetpack_shortlink":"https:\/\/wp.me\/pgitne-HU","jetpack-related-posts":[{"id":2847,"url":"https:\/\/diariodegarca.com\/?p=2847","url_meta":{"origin":2722,"position":0},"title":"Gatinhos dispon\u00edveis para ado\u00e7\u00e3o respons\u00e1vel \ud83d\udc3e","author":"Di\u00e1rio de Gar\u00e7a","date":"12 de fevereiro de 2025","format":false,"excerpt":"Na pr\u00f3xima segunda-feira, dia 17 de fevereiro, \u00e9 comemorado o Dia Mundial do Gato \ud83d\udc31, uma data especial para celebrar esses felinos que conquistam cora\u00e7\u00f5es com sua personalidade \u00fanica, charme e carinho.\u00a0Embora conhecidos pela sua independ\u00eancia, os gatos tamb\u00e9m s\u00e3o extremamente d\u00f3ceis e apegados aos seus tutores, desmistificando a ideia\u2026","rel":"","context":"Em &quot;Brasil&quot;","block_context":{"text":"Brasil","link":"https:\/\/diariodegarca.com\/?cat=38185"},"img":{"alt_text":"","src":"","width":0,"height":0},"classes":[]},{"id":7032,"url":"https:\/\/diariodegarca.com\/?p=7032","url_meta":{"origin":2722,"position":1},"title":"Andr\u00e9 Luiz e Eco Brasil pedem ajuda para reconstruir estruturas danificadas com vendaval","author":"Di\u00e1rio de Gar\u00e7a","date":"23 de setembro de 2025","format":false,"excerpt":"Ap\u00f3s vendaval que atingiu a cidade no dia 22 de setembro, entidades de sa\u00fade e da causa animal, que dependem de doa\u00e7\u00f5es, enfrentam preju\u00edzos e buscam apoio da comunidade para reparos urgentes. O vendaval que atingiu a cidade de Gar\u00e7a na \u00faltima segunda-feira, 22 de setembro, deixou um rastro de\u2026","rel":"","context":"Em &quot;Causa animal&quot;","block_context":{"text":"Causa animal","link":"https:\/\/diariodegarca.com\/?cat=26891317"},"img":{"alt_text":"","src":"https:\/\/i0.wp.com\/diariodegarca.com\/wp-content\/uploads\/2025\/09\/553018645_18027172259729881_2569816032001276246_n.jpg?fit=843%2C509&ssl=1&resize=350%2C200","width":350,"height":200,"srcset":"https:\/\/i0.wp.com\/diariodegarca.com\/wp-content\/uploads\/2025\/09\/553018645_18027172259729881_2569816032001276246_n.jpg?fit=843%2C509&ssl=1&resize=350%2C200 1x, https:\/\/i0.wp.com\/diariodegarca.com\/wp-content\/uploads\/2025\/09\/553018645_18027172259729881_2569816032001276246_n.jpg?fit=843%2C509&ssl=1&resize=525%2C300 1.5x, https:\/\/i0.wp.com\/diariodegarca.com\/wp-content\/uploads\/2025\/09\/553018645_18027172259729881_2569816032001276246_n.jpg?fit=843%2C509&ssl=1&resize=700%2C400 2x"},"classes":[]},{"id":5489,"url":"https:\/\/diariodegarca.com\/?p=5489","url_meta":{"origin":2722,"position":2},"title":"Agosto Dourado, Laranja e Preto: m\u00eas de sa\u00fade e conscientiza\u00e7\u00e3o animal","author":"Di\u00e1rio de Gar\u00e7a","date":"11 de agosto de 2025","format":false,"excerpt":"Campanhas destacam ado\u00e7\u00e3o respons\u00e1vel, preven\u00e7\u00e3o de doen\u00e7as e combate ao preconceito contra gatos pretos. Enquanto agosto \u00e9 amplamente conhecido por campanhas de sa\u00fade humana, como o\u00a0\"Agosto Dourado\"\u00a0(aleitamento materno), o m\u00eas tamb\u00e9m \u00e9 marcado por importantes iniciativas voltadas aos animais. ONGs, protetores independentes e cl\u00ednicas veterin\u00e1rias promovem a\u00e7\u00f5es de conscientiza\u00e7\u00e3o sobre\u2026","rel":"","context":"Em &quot;Brasil&quot;","block_context":{"text":"Brasil","link":"https:\/\/diariodegarca.com\/?cat=38185"},"img":{"alt_text":"","src":"https:\/\/i0.wp.com\/diariodegarca.com\/wp-content\/uploads\/2025\/08\/visao-de-gatos-e-caes-sendo-amigos-1.jpg?fit=1200%2C673&ssl=1&resize=350%2C200","width":350,"height":200,"srcset":"https:\/\/i0.wp.com\/diariodegarca.com\/wp-content\/uploads\/2025\/08\/visao-de-gatos-e-caes-sendo-amigos-1.jpg?fit=1200%2C673&ssl=1&resize=350%2C200 1x, https:\/\/i0.wp.com\/diariodegarca.com\/wp-content\/uploads\/2025\/08\/visao-de-gatos-e-caes-sendo-amigos-1.jpg?fit=1200%2C673&ssl=1&resize=525%2C300 1.5x, https:\/\/i0.wp.com\/diariodegarca.com\/wp-content\/uploads\/2025\/08\/visao-de-gatos-e-caes-sendo-amigos-1.jpg?fit=1200%2C673&ssl=1&resize=700%2C400 2x, https:\/\/i0.wp.com\/diariodegarca.com\/wp-content\/uploads\/2025\/08\/visao-de-gatos-e-caes-sendo-amigos-1.jpg?fit=1200%2C673&ssl=1&resize=1050%2C600 3x"},"classes":[]},{"id":2958,"url":"https:\/\/diariodegarca.com\/?p=2958","url_meta":{"origin":2722,"position":3},"title":"Adote amor e fa\u00e7a a diferen\u00e7a! \ud83d\udc3e","author":"Di\u00e1rio de Gar\u00e7a","date":"24 de janeiro de 2025","format":false,"excerpt":"A Funda\u00e7\u00e3o Eco Brasil, localizada em Gar\u00e7a\/SP, est\u00e1 cheia de amor para compartilhar. A organiza\u00e7\u00e3o est\u00e1 com filhotes de cachorro dispon\u00edveis para ado\u00e7\u00e3o e busca lares respons\u00e1veis para esses pequenos. Quem quiser adotar pode entrar em contato pelo WhatsApp 14 99665-5380 para agendar uma visita. Quem sabe o pr\u00f3ximo melhor\u2026","rel":"","context":"Em &quot;Brasil&quot;","block_context":{"text":"Brasil","link":"https:\/\/diariodegarca.com\/?cat=38185"},"img":{"alt_text":"","src":"","width":0,"height":0},"classes":[]},{"id":2697,"url":"https:\/\/diariodegarca.com\/?p=2697","url_meta":{"origin":2722,"position":4},"title":"Quatro filhotes abandonados precisam de um lar respons\u00e1vel","author":"Di\u00e1rio de Gar\u00e7a","date":"5 de mar\u00e7o de 2025","format":false,"excerpt":"No dia 28 de fevereiro, a Funda\u00e7\u00e3o EcoBrasil foi surpreendida por um ato de abandono: quatro gatinhos foram deixados no port\u00e3o da institui\u00e7\u00e3o, sem qualquer cuidado ou explica\u00e7\u00e3o. Apesar da situa\u00e7\u00e3o delicada, a equipe agiu rapidamente e constatou que os filhotes, embora muito jovens, est\u00e3o saud\u00e1veis. Agora, ap\u00f3s os primeiros\u2026","rel":"","context":"Em &quot;Brasil&quot;","block_context":{"text":"Brasil","link":"https:\/\/diariodegarca.com\/?cat=38185"},"img":{"alt_text":"","src":"","width":0,"height":0},"classes":[]},{"id":2802,"url":"https:\/\/diariodegarca.com\/?p=2802","url_meta":{"origin":2722,"position":5},"title":"Funda\u00e7\u00e3o EcoBrasil promove rifa solid\u00e1ria com Ovo de P\u00e1scoa como pr\u00eamio","author":"Di\u00e1rio de Gar\u00e7a","date":"17 de fevereiro de 2025","format":false,"excerpt":"Ajude os animais e concorra a um pr\u00eamio especial! A Funda\u00e7\u00e3o EcoBrasil, ONG dedicada \u00e0 causa animal em Gar\u00e7a\u00a0est\u00e1 promovendo uma rifa solid\u00e1ria para arrecadar fundos e realizar melhorias no espa\u00e7o da organiza\u00e7\u00e3o.\u00a0 Como participar? \u2705 Cada n\u00famero custa R$ 10,00 \u2705 O pagamento deve ser feito via PIX (CPF):\u2026","rel":"","context":"Em &quot;Brasil&quot;","block_context":{"text":"Brasil","link":"https:\/\/diariodegarca.com\/?cat=38185"},"img":{"alt_text":"","src":"","width":0,"height":0},"classes":[]}],"_links":{"self":[{"href":"https:\/\/diariodegarca.com\/index.php?rest_route=\/wp\/v2\/posts\/2722","targetHints":{"allow":["GET"]}}],"collection":[{"href":"https:\/\/diariodegarca.com\/index.php?rest_route=\/wp\/v2\/posts"}],"about":[{"href":"https:\/\/diariodegarca.com\/index.php?rest_route=\/wp\/v2\/types\/post"}],"author":[{"embeddable":true,"href":"https:\/\/diariodegarca.com\/index.php?rest_route=\/wp\/v2\/users\/260896546"}],"replies":[{"embeddable":true,"href":"https:\/\/diariodegarca.com\/index.php?rest_route=%2Fwp%2Fv2%2Fcomments&post=2722"}],"version-history":[{"count":0,"href":"https:\/\/diariodegarca.com\/index.php?rest_route=\/wp\/v2\/posts\/2722\/revisions"}],"wp:attachment":[{"href":"https:\/\/diariodegarca.com\/index.php?rest_route=%2Fwp%2Fv2%2Fmedia&parent=2722"}],"wp:term":[{"taxonomy":"category","embeddable":true,"href":"https:\/\/diariodegarca.com\/index.php?rest_route=%2Fwp%2Fv2%2Fcategories&post=2722"},{"taxonomy":"post_tag","embeddable":true,"href":"https:\/\/diariodegarca.com\/index.php?rest_route=%2Fwp%2Fv2%2Ftags&post=2722"}],"curies":[{"name":"wp","href":"https:\/\/api.w.org\/{rel}","templated":true}]}}