{"id":2731,"date":"2025-02-28T17:44:00","date_gmt":"2025-02-28T17:44:00","guid":{"rendered":"https:\/\/diariodegarca.com\/2025\/02\/28\/operacao-copao-furado-ira-combater-a-venda-de-alcool-para-menores-de-idade-em-garca\/"},"modified":"2025-02-28T17:44:00","modified_gmt":"2025-02-28T17:44:00","slug":"operacao-copao-furado-ira-combater-a-venda-de-alcool-para-menores-de-idade-em-garca","status":"publish","type":"post","link":"https:\/\/diariodegarca.com\/?p=2731","title":{"rendered":"&#034;Opera\u00e7\u00e3o Cop\u00e3o Furado&#034; ir\u00e1 combater a venda de \u00e1lcool para menores de idade em Gar\u00e7a"},"content":{"rendered":"<div class=\"separator\" style=\"clear: both;text-align: center\">\n  <a href=\"https:\/\/blogger.googleusercontent.com\/img\/a\/AVvXsEilh1iWqCWhMwE6ZZ62QJ11ZO85-KvSoSbuxpm81KSk7nemRfzUd5gfx0KEkeKfBho2zbTWRS7NNivWmU8aL54YD1chHj5QRJOIYGlInFFw3H4Ljq3m4YhmZsneCE4v5pTb7rVvuvTNYqkUjq8HGI8kIuggq3FDPapECVaeanX2PnEeKU4X1f1lQAwNSuE\" style=\"margin-left: 1em;margin-right: 1em\"><br \/>\n    <img decoding=\"async\" border=\"0\" src=\"https:\/\/blogger.googleusercontent.com\/img\/a\/AVvXsEilh1iWqCWhMwE6ZZ62QJ11ZO85-KvSoSbuxpm81KSk7nemRfzUd5gfx0KEkeKfBho2zbTWRS7NNivWmU8aL54YD1chHj5QRJOIYGlInFFw3H4Ljq3m4YhmZsneCE4v5pTb7rVvuvTNYqkUjq8HGI8kIuggq3FDPapECVaeanX2PnEeKU4X1f1lQAwNSuE\" width=\"400\"><br \/>\n  <\/a>\n<\/div>\n<p><\/p>\n<div><\/div>\n<div>\n<div>Em uma iniciativa conjunta, o Conselho Tutelar de Gar\u00e7a, a Pol\u00edcia Militar, a Pol\u00edcia Civil e diversos \u00f3rg\u00e3os da Prefeitura Municipal deram in\u00edcio \u00e0 &#8220;Opera\u00e7\u00e3o Cop\u00e3o Furado&#8221;, uma a\u00e7\u00e3o estrat\u00e9gica voltada para a prote\u00e7\u00e3o de crian\u00e7as e adolescentes contra a exposi\u00e7\u00e3o a drogas il\u00edcitas e bebidas alco\u00f3licas.\u00a0<\/div>\n<div><\/div>\n<div>A opera\u00e7\u00e3o, que ser\u00e1 realizada ao longo do ano em pontos estrat\u00e9gicos da cidade, visa coibir a venda e o consumo dessas subst\u00e2ncias por menores de idade, al\u00e9m de conscientizar a popula\u00e7\u00e3o sobre os riscos associados ao uso precoce.\u00a0\u00a0<\/div>\n<div><\/div>\n<div>A iniciativa inclui dilig\u00eancias e fiscaliza\u00e7\u00f5es em bares, adegas e outros estabelecimentos comerciais, com o objetivo de garantir o cumprimento das leis que protegem os direitos da inf\u00e2ncia e da adolesc\u00eancia. Paralelamente, ser\u00e1 distribu\u00eddo material informativo para alertar a comunidade sobre os perigos do consumo de \u00e1lcool e drogas por jovens, bem como para incentivar a den\u00fancia de casos de viola\u00e7\u00e3o desses direitos.\u00a0\u00a0<\/div>\n<div><\/div>\n<div>\n<div class=\"separator\" style=\"clear: both;text-align: center\">\n  <a href=\"https:\/\/blogger.googleusercontent.com\/img\/a\/AVvXsEhZy7Jy57lbzikRZpstBtHYBYdD9oPvRaEn4lpTZta6RVJ-ELAcg03zTnXq8_W4L8hrvrzjhWct7-c3uMJUbyWe8MEtxjJzpRSmMOATB-o1v9F_Wc22S8xTwww7gjz_WWVeNbcl8GVcJgpwSzdr5T2VTIK_qnVEe8Rg5sB0fJZn_Bxy7Xox-a-46cdPRV0\" style=\"margin-left: 1em;margin-right: 1em\"><br \/>\n    <img decoding=\"async\" border=\"0\" src=\"https:\/\/blogger.googleusercontent.com\/img\/a\/AVvXsEhZy7Jy57lbzikRZpstBtHYBYdD9oPvRaEn4lpTZta6RVJ-ELAcg03zTnXq8_W4L8hrvrzjhWct7-c3uMJUbyWe8MEtxjJzpRSmMOATB-o1v9F_Wc22S8xTwww7gjz_WWVeNbcl8GVcJgpwSzdr5T2VTIK_qnVEe8Rg5sB0fJZn_Bxy7Xox-a-46cdPRV0\" width=\"400\"><br \/>\n  <\/a>\n<\/div>\n<p><\/div>\n<div>Bruno P. Corr\u00eaa, Presidente do Conselho Tutelar de Gar\u00e7a, destacou a import\u00e2ncia da a\u00e7\u00e3o: &#8220;Nosso papel \u00e9 garantir que nossas crian\u00e7as e adolescentes cres\u00e7am em um ambiente seguro, longe de influ\u00eancias nocivas&#8221;. A Pol\u00edcia Militar e a Pol\u00edcia Civil tamb\u00e9m refor\u00e7aram a relev\u00e2ncia da colabora\u00e7\u00e3o entre os \u00f3rg\u00e3os p\u00fablicos para o sucesso da opera\u00e7\u00e3o, que busca n\u00e3o apenas reprimir, mas tamb\u00e9m prevenir situa\u00e7\u00f5es de risco.\u00a0\u00a0<\/div>\n<\/div>\n<div><\/div>\n<div>Para garantir a efic\u00e1cia das fiscaliza\u00e7\u00f5es, as datas e locais das a\u00e7\u00f5es n\u00e3o ser\u00e3o divulgados previamente. A Prefeitura de Gar\u00e7a alega em uma publica\u00e7\u00e3o de rede social, que<span style=\"letter-spacing: 0.2px\">\u00a0os resultados das opera\u00e7\u00f5es ser\u00e3o compartilhados com a popula\u00e7\u00e3o por meio de seus canais oficiais. No entanto, qualquer questionamento da imprensa sobre assuntos diversos nunca s\u00e3o respondidos<\/span><span style=\"letter-spacing: 0.2px\">, o que levanta discuss\u00f5es sobre a transpar\u00eancia e o alinhamento com a Lei de Acesso \u00e0 Informa\u00e7\u00e3o.<\/span><\/div>\n","protected":false},"excerpt":{"rendered":"<p>Em uma iniciativa conjunta, o Conselho Tutelar de Gar\u00e7a, a Pol\u00edcia Militar, a Pol\u00edcia Civil e diversos \u00f3rg\u00e3os da Prefeitura Municipal deram in\u00edcio \u00e0 &#8220;Opera\u00e7\u00e3o Cop\u00e3o Furado&#8221;, uma a\u00e7\u00e3o estrat\u00e9gica voltada para a prote\u00e7\u00e3o de crian\u00e7as e adolescentes contra a exposi\u00e7\u00e3o a drogas il\u00edcitas e bebidas alco\u00f3licas.\u00a0 A opera\u00e7\u00e3o, que ser\u00e1 realizada ao longo do [&hellip;]<\/p>\n","protected":false},"author":260896546,"featured_media":0,"comment_status":"open","ping_status":"open","sticky":false,"template":"","format":"standard","meta":{"_crdt_document":"","_monsterinsights_skip_tracking":false,"_monsterinsights_sitenote_active":false,"_monsterinsights_sitenote_note":"","_monsterinsights_sitenote_category":0,"advanced_seo_description":"","jetpack_seo_html_title":"","jetpack_seo_noindex":false,"_jetpack_newsletter_access":"","_jetpack_dont_email_post_to_subs":false,"_jetpack_newsletter_tier_id":0,"_jetpack_memberships_contains_paywalled_content":false,"_jetpack_memberships_contains_paid_content":false,"footnotes":"","jetpack_publicize_message":"","jetpack_publicize_feature_enabled":true,"jetpack_social_post_already_shared":false,"jetpack_social_options":{"image_generator_settings":{"template":"fullscreen","default_image_id":0,"font":"","enabled":false},"version":2},"_wpas_customize_per_network":false,"jetpack_post_was_ever_published":false},"categories":[38185],"tags":[781171801,1036487],"class_list":["post-2731","post","type-post","status-publish","format-standard","hentry","category-brasil","tag-brasil","tag-seguranca-publica"],"jetpack_publicize_connections":[],"jetpack_featured_media_url":"","jetpack_likes_enabled":true,"jetpack_sharing_enabled":true,"jetpack_shortlink":"https:\/\/wp.me\/pgitne-I3","jetpack-related-posts":[{"id":6732,"url":"https:\/\/diariodegarca.com\/?p=6732","url_meta":{"origin":2731,"position":0},"title":"Opera\u00e7\u00e3o &#8220;Cop\u00e3o&#8221; em Gar\u00e7a apreende drogas e flagra menor com celular furtado","author":"Di\u00e1rio de Gar\u00e7a","date":"13 de setembro de 2025","format":false,"excerpt":"A\u00e7\u00e3o conjunta entre PM, Pol\u00edcia Civil, Conselho Tutelar e fiscaliza\u00e7\u00e3o municipal visava coibir venda de \u00e1lcool a adolescentes, mas desdobrou-se em outros crimes. Uma opera\u00e7\u00e3o integrada realizada na noite de quinta-feira,11 de setembro, em Gar\u00e7a, batizada de \"Opera\u00e7\u00e3o Cop\u00e3o\", resultou na apreens\u00e3o de drogas, no flagrante de um adolescente com\u2026","rel":"","context":"Em &quot;Gar\u00e7a&quot;","block_context":{"text":"Gar\u00e7a","link":"https:\/\/diariodegarca.com\/?cat=781171664"},"img":{"alt_text":"","src":"https:\/\/i0.wp.com\/diariodegarca.com\/wp-content\/uploads\/2025\/09\/cfceeb58-f8d9-4d58-8ebf-946b8edba04e.jpg?fit=1200%2C900&ssl=1&resize=350%2C200","width":350,"height":200,"srcset":"https:\/\/i0.wp.com\/diariodegarca.com\/wp-content\/uploads\/2025\/09\/cfceeb58-f8d9-4d58-8ebf-946b8edba04e.jpg?fit=1200%2C900&ssl=1&resize=350%2C200 1x, https:\/\/i0.wp.com\/diariodegarca.com\/wp-content\/uploads\/2025\/09\/cfceeb58-f8d9-4d58-8ebf-946b8edba04e.jpg?fit=1200%2C900&ssl=1&resize=525%2C300 1.5x, https:\/\/i0.wp.com\/diariodegarca.com\/wp-content\/uploads\/2025\/09\/cfceeb58-f8d9-4d58-8ebf-946b8edba04e.jpg?fit=1200%2C900&ssl=1&resize=700%2C400 2x, https:\/\/i0.wp.com\/diariodegarca.com\/wp-content\/uploads\/2025\/09\/cfceeb58-f8d9-4d58-8ebf-946b8edba04e.jpg?fit=1200%2C900&ssl=1&resize=1050%2C600 3x"},"classes":[]},{"id":7451,"url":"https:\/\/diariodegarca.com\/?p=7451","url_meta":{"origin":2731,"position":1},"title":"Opera\u00e7\u00e3o de tr\u00e2nsito em Gar\u00e7a apreende ve\u00edculos e aplica testes de baf\u00f4metro","author":"Andreza Sega","date":"4 de outubro de 2025","format":false,"excerpt":"A\u00e7\u00e3o integrada contou com a participa\u00e7\u00e3o de novos soldados da PM em fase de est\u00e1gio e resultou em diversas autua\u00e7\u00f5es por infra\u00e7\u00f5es graves. Uma opera\u00e7\u00e3o de fiscaliza\u00e7\u00e3o de tr\u00e2nsito mobilizou aconteceu em Gar\u00e7a na \u00faltima sexta-feira, 3 de outubro. A a\u00e7\u00e3o, da Pol\u00edcia Militar e do Detran-SP, batizada de \"Opera\u00e7\u00e3o\u2026","rel":"","context":"Em &quot;Gar\u00e7a&quot;","block_context":{"text":"Gar\u00e7a","link":"https:\/\/diariodegarca.com\/?cat=781171664"},"img":{"alt_text":"","src":"https:\/\/i0.wp.com\/diariodegarca.com\/wp-content\/uploads\/2025\/10\/SnapInsta.to_558913816_18318644569246526_1878763322741094773_n.webp?fit=1080%2C1080&ssl=1&resize=350%2C200","width":350,"height":200,"srcset":"https:\/\/i0.wp.com\/diariodegarca.com\/wp-content\/uploads\/2025\/10\/SnapInsta.to_558913816_18318644569246526_1878763322741094773_n.webp?fit=1080%2C1080&ssl=1&resize=350%2C200 1x, https:\/\/i0.wp.com\/diariodegarca.com\/wp-content\/uploads\/2025\/10\/SnapInsta.to_558913816_18318644569246526_1878763322741094773_n.webp?fit=1080%2C1080&ssl=1&resize=525%2C300 1.5x, https:\/\/i0.wp.com\/diariodegarca.com\/wp-content\/uploads\/2025\/10\/SnapInsta.to_558913816_18318644569246526_1878763322741094773_n.webp?fit=1080%2C1080&ssl=1&resize=700%2C400 2x, https:\/\/i0.wp.com\/diariodegarca.com\/wp-content\/uploads\/2025\/10\/SnapInsta.to_558913816_18318644569246526_1878763322741094773_n.webp?fit=1080%2C1080&ssl=1&resize=1050%2C600 3x"},"classes":[]},{"id":2461,"url":"https:\/\/diariodegarca.com\/?p=2461","url_meta":{"origin":2731,"position":2},"title":"Opera\u00e7\u00e3o Dire\u00e7\u00e3o Segura em Tup\u00e3 autua 46 condutores e recolhe 9 ve\u00edculos","author":"Di\u00e1rio de Gar\u00e7a","date":"5 de abril de 2025","format":false,"excerpt":"Na \u00faltima sexta-feira, dia 4 de abril, o 9\u00ba Batalh\u00e3o de Pol\u00edcia Militar do Interior (PM-SP), em conjunto com a Pol\u00edcia Civil e o Departamento Estadual de Tr\u00e2nsito (Detran-SP), realizou a Opera\u00e7\u00e3o Dire\u00e7\u00e3o Segura e a Opera\u00e7\u00e3o Dire\u00e7\u00e3o Segura Integrada (ODSI) em Tup\u00e3. A a\u00e7\u00e3o visou fiscalizar o cumprimento das\u2026","rel":"","context":"Em &quot;Brasil&quot;","block_context":{"text":"Brasil","link":"https:\/\/diariodegarca.com\/?cat=38185"},"img":{"alt_text":"","src":"","width":0,"height":0},"classes":[]},{"id":2206,"url":"https:\/\/diariodegarca.com\/?p=2206","url_meta":{"origin":2731,"position":3},"title":"Opera\u00e7\u00e3o Dire\u00e7\u00e3o Segura em Gar\u00e7a fiscaliza 674 motoristas e autua 37 por recusa ao teste do etil\u00f4metro","author":"Di\u00e1rio de Gar\u00e7a","date":"4 de maio de 2025","format":false,"excerpt":"No s\u00e1bado, dia 3 de maio, uma a\u00e7\u00e3o integrada entre a Pol\u00edcia Militar, Pol\u00edcia Civil e o Detran realizou a Opera\u00e7\u00e3o Dire\u00e7\u00e3o Segura no munic\u00edpio de Gar\u00e7a, com o objetivo de intensificar a fiscaliza\u00e7\u00e3o de tr\u00e2nsito e conscientizar os condutores sobre os perigos de dirigir sob efeito de \u00e1lcool. Durante\u2026","rel":"","context":"Em &quot;Brasil&quot;","block_context":{"text":"Brasil","link":"https:\/\/diariodegarca.com\/?cat=38185"},"img":{"alt_text":"","src":"","width":0,"height":0},"classes":[]},{"id":6743,"url":"https:\/\/diariodegarca.com\/?p=6743","url_meta":{"origin":2731,"position":4},"title":"Opera\u00e7\u00e3o conjunta em Tup\u00e3 flagra 11 motoristas por embriaguez ao volante","author":"Di\u00e1rio de Gar\u00e7a","date":"14 de setembro de 2025","format":false,"excerpt":"Fiscaliza\u00e7\u00e3o integrada entre Detran, PM e Pol\u00edcia Civil realizou quase 700 testes e vistorias, resultando em ve\u00edculos recolhidos e autua\u00e7\u00f5es por dirigir sob influ\u00eancia de \u00e1lcool. Na \u00faltima sexta-feira, 12 de setembro, as ruas de Tup\u00e3 foram alvo de uma a\u00e7\u00e3o de fiscaliza\u00e7\u00e3o de tr\u00e2nsito em grande escala. A \"Opera\u00e7\u00e3o\u2026","rel":"","context":"Em &quot;Seguran\u00e7a&quot;","block_context":{"text":"Seguran\u00e7a","link":"https:\/\/diariodegarca.com\/?cat=21243"},"img":{"alt_text":"","src":"https:\/\/i0.wp.com\/diariodegarca.com\/wp-content\/uploads\/2025\/09\/SnapInsta.to_548738805_18315528595246526_2687624814651757600_n.webp?fit=900%2C1200&ssl=1&resize=350%2C200","width":350,"height":200,"srcset":"https:\/\/i0.wp.com\/diariodegarca.com\/wp-content\/uploads\/2025\/09\/SnapInsta.to_548738805_18315528595246526_2687624814651757600_n.webp?fit=900%2C1200&ssl=1&resize=350%2C200 1x, https:\/\/i0.wp.com\/diariodegarca.com\/wp-content\/uploads\/2025\/09\/SnapInsta.to_548738805_18315528595246526_2687624814651757600_n.webp?fit=900%2C1200&ssl=1&resize=525%2C300 1.5x, https:\/\/i0.wp.com\/diariodegarca.com\/wp-content\/uploads\/2025\/09\/SnapInsta.to_548738805_18315528595246526_2687624814651757600_n.webp?fit=900%2C1200&ssl=1&resize=700%2C400 2x"},"classes":[]},{"id":5464,"url":"https:\/\/diariodegarca.com\/?p=5464","url_meta":{"origin":2731,"position":5},"title":"Opera\u00e7\u00e3o em Gar\u00e7a flagra motoristas que se recusam a fazer teste do baf\u00f4metro e um por embriaguez","author":"Di\u00e1rio de Gar\u00e7a","date":"10 de agosto de 2025","format":false,"excerpt":"Fiscaliza\u00e7\u00e3o integrada abordou 615 ve\u00edculos e resultou em 15 autua\u00e7\u00f5es; a\u00e7\u00e3o refor\u00e7a combate \u00e0 dire\u00e7\u00e3o perigosa. Na noite de quinta-feira, 8 de agosto, uma for\u00e7a-tarefa composta pela\u00a0Pol\u00edcia Militar do 9\u00ba BPM\/I,\u00a0Pol\u00edcia Civil\u00a0e\u00a0agentes do Detran-SP\u00a0realizou a\u00a0Opera\u00e7\u00e3o Dire\u00e7\u00e3o Segura Integrada\u00a0em\u00a0Gar\u00e7a. O objetivo foi coibir infra\u00e7\u00f5es de tr\u00e2nsito, principalmente a dire\u00e7\u00e3o sob efeito\u2026","rel":"","context":"Em &quot;Gar\u00e7a&quot;","block_context":{"text":"Gar\u00e7a","link":"https:\/\/diariodegarca.com\/?cat=781171664"},"img":{"alt_text":"","src":"https:\/\/i0.wp.com\/diariodegarca.com\/wp-content\/uploads\/2025\/08\/na-noite-de-ontem-08-policiais-militares-do-9o-bpm-i-em-conjunto-com-a-policia-civil-do-mun.webp?fit=1080%2C810&ssl=1&resize=350%2C200","width":350,"height":200,"srcset":"https:\/\/i0.wp.com\/diariodegarca.com\/wp-content\/uploads\/2025\/08\/na-noite-de-ontem-08-policiais-militares-do-9o-bpm-i-em-conjunto-com-a-policia-civil-do-mun.webp?fit=1080%2C810&ssl=1&resize=350%2C200 1x, https:\/\/i0.wp.com\/diariodegarca.com\/wp-content\/uploads\/2025\/08\/na-noite-de-ontem-08-policiais-militares-do-9o-bpm-i-em-conjunto-com-a-policia-civil-do-mun.webp?fit=1080%2C810&ssl=1&resize=525%2C300 1.5x, https:\/\/i0.wp.com\/diariodegarca.com\/wp-content\/uploads\/2025\/08\/na-noite-de-ontem-08-policiais-militares-do-9o-bpm-i-em-conjunto-com-a-policia-civil-do-mun.webp?fit=1080%2C810&ssl=1&resize=700%2C400 2x, https:\/\/i0.wp.com\/diariodegarca.com\/wp-content\/uploads\/2025\/08\/na-noite-de-ontem-08-policiais-militares-do-9o-bpm-i-em-conjunto-com-a-policia-civil-do-mun.webp?fit=1080%2C810&ssl=1&resize=1050%2C600 3x"},"classes":[]}],"_links":{"self":[{"href":"https:\/\/diariodegarca.com\/index.php?rest_route=\/wp\/v2\/posts\/2731","targetHints":{"allow":["GET"]}}],"collection":[{"href":"https:\/\/diariodegarca.com\/index.php?rest_route=\/wp\/v2\/posts"}],"about":[{"href":"https:\/\/diariodegarca.com\/index.php?rest_route=\/wp\/v2\/types\/post"}],"author":[{"embeddable":true,"href":"https:\/\/diariodegarca.com\/index.php?rest_route=\/wp\/v2\/users\/260896546"}],"replies":[{"embeddable":true,"href":"https:\/\/diariodegarca.com\/index.php?rest_route=%2Fwp%2Fv2%2Fcomments&post=2731"}],"version-history":[{"count":0,"href":"https:\/\/diariodegarca.com\/index.php?rest_route=\/wp\/v2\/posts\/2731\/revisions"}],"wp:attachment":[{"href":"https:\/\/diariodegarca.com\/index.php?rest_route=%2Fwp%2Fv2%2Fmedia&parent=2731"}],"wp:term":[{"taxonomy":"category","embeddable":true,"href":"https:\/\/diariodegarca.com\/index.php?rest_route=%2Fwp%2Fv2%2Fcategories&post=2731"},{"taxonomy":"post_tag","embeddable":true,"href":"https:\/\/diariodegarca.com\/index.php?rest_route=%2Fwp%2Fv2%2Ftags&post=2731"}],"curies":[{"name":"wp","href":"https:\/\/api.w.org\/{rel}","templated":true}]}}