{"id":2735,"date":"2025-02-27T20:59:00","date_gmt":"2025-02-27T20:59:00","guid":{"rendered":"https:\/\/diariodegarca.com\/2025\/02\/27\/mulher-e-presa-por-trafico-de-drogas-em-marilia\/"},"modified":"2025-02-27T20:59:00","modified_gmt":"2025-02-27T20:59:00","slug":"mulher-e-presa-por-trafico-de-drogas-em-marilia","status":"publish","type":"post","link":"https:\/\/diariodegarca.com\/?p=2735","title":{"rendered":"Mulher \u00e9 presa por tr\u00e1fico de drogas em Mar\u00edlia"},"content":{"rendered":"<div class=\"separator\" style=\"clear: both;text-align: center\">\n  <a href=\"https:\/\/blogger.googleusercontent.com\/img\/a\/AVvXsEjCgvW5EqVNoUyshCJu6PrDOc1tPzQBkiodrBdIs3TyVvHhkXch7BF-tfDZo_X3AKPETg_x1zGzRYimkX41u1yWdZoUjdnUfj3gc5VT8hfU8CU8_R1CzX9nA918isTdBosf6ugZZgJddoEyNRecKgpDmzW0QYP-WCa_5yNfF595U_0UCeiZ0KAMgbSpjqQ\" style=\"margin-left: 1em;margin-right: 1em\"><br \/>\n    <img decoding=\"async\" border=\"0\" src=\"https:\/\/blogger.googleusercontent.com\/img\/a\/AVvXsEjCgvW5EqVNoUyshCJu6PrDOc1tPzQBkiodrBdIs3TyVvHhkXch7BF-tfDZo_X3AKPETg_x1zGzRYimkX41u1yWdZoUjdnUfj3gc5VT8hfU8CU8_R1CzX9nA918isTdBosf6ugZZgJddoEyNRecKgpDmzW0QYP-WCa_5yNfF595U_0UCeiZ0KAMgbSpjqQ\" width=\"400\"><br \/>\n  <\/a>\n<\/div>\n<p><\/p>\n<div><\/div>\n<div>Na manh\u00e3 de quinta-feira, dia 27 de fevereiro, policiais militares do 9\u00ba Batalh\u00e3o de Pol\u00edcia Militar do Interior prenderam uma mulher por tr\u00e1fico de drogas na cidade de Mar\u00edlia.\u00a0<\/div>\n<div><\/div>\n<div>A a\u00e7\u00e3o ocorreu na rua Angelina Ecker Betti, onde os agentes encontraram 18 pinos de coca\u00edna em frente \u00e0 resid\u00eancia da suspeita, que confessou a pr\u00e1tica do crime.<\/div>\n<div><\/div>\n<div>A pris\u00e3o em flagrante foi realizada ap\u00f3s dilig\u00eancias policiais que identificaram a suspeita como envolvida no com\u00e9rcio ilegal de entorpecentes. O material apreendido foi encaminhado para per\u00edcia, e a infratora foi levada \u00e0 Central de Pol\u00edcia Judici\u00e1ria de Mar\u00edlia, onde permaneceu \u00e0 disposi\u00e7\u00e3o da Justi\u00e7a.<\/div>\n","protected":false},"excerpt":{"rendered":"<p>Na manh\u00e3 de quinta-feira, dia 27 de fevereiro, policiais militares do 9\u00ba Batalh\u00e3o de Pol\u00edcia Militar do Interior prenderam uma mulher por tr\u00e1fico de drogas na cidade de Mar\u00edlia.\u00a0 A a\u00e7\u00e3o ocorreu na rua Angelina Ecker Betti, onde os agentes encontraram 18 pinos de coca\u00edna em frente \u00e0 resid\u00eancia da suspeita, que confessou a pr\u00e1tica [&hellip;]<\/p>\n","protected":false},"author":260896546,"featured_media":0,"comment_status":"open","ping_status":"open","sticky":false,"template":"","format":"standard","meta":{"_crdt_document":"","_monsterinsights_skip_tracking":false,"_monsterinsights_sitenote_active":false,"_monsterinsights_sitenote_note":"","_monsterinsights_sitenote_category":0,"advanced_seo_description":"","jetpack_seo_html_title":"","jetpack_seo_noindex":false,"_jetpack_newsletter_access":"","_jetpack_dont_email_post_to_subs":false,"_jetpack_newsletter_tier_id":0,"_jetpack_memberships_contains_paywalled_content":false,"_jetpack_memberships_contains_paid_content":false,"footnotes":"","jetpack_publicize_message":"","jetpack_publicize_feature_enabled":true,"jetpack_social_post_already_shared":false,"jetpack_social_options":{"image_generator_settings":{"template":"fullscreen","default_image_id":0,"font":"","enabled":false},"version":2},"_wpas_customize_per_network":false,"jetpack_post_was_ever_published":false},"categories":[38185],"tags":[222752,1036487],"class_list":["post-2735","post","type-post","status-publish","format-standard","hentry","category-brasil","tag-marilia","tag-seguranca-publica"],"jetpack_publicize_connections":[],"jetpack_featured_media_url":"","jetpack_likes_enabled":true,"jetpack_sharing_enabled":true,"jetpack_shortlink":"https:\/\/wp.me\/pgitne-I7","jetpack-related-posts":[{"id":4265,"url":"https:\/\/diariodegarca.com\/?p=4265","url_meta":{"origin":2735,"position":0},"title":"Opera\u00e7\u00e3o conjunta em Gar\u00e7a e Mar\u00edlia prende suspeitos e apreende drogas, armas e dinheiro","author":"Di\u00e1rio de Gar\u00e7a","date":"25 de junho de 2025","format":false,"excerpt":"Divulgado pela Pol\u00edcia Militar o balan\u00e7o geral sobre a\u00e7\u00e3o integrada entre PM, PC e Canil, que resultaram em pris\u00f5es e apreens\u00f5es em ambos os munic\u00edpios Na ter\u00e7a-feira, dia 24 de junho, as for\u00e7as de seguran\u00e7a atuaram simultaneamente nas cidades de\u00a0Gar\u00e7a\u00a0e\u00a0Mar\u00edlia, cumprindo mandados de busca e apreens\u00e3o e prendendo envolvidos no\u2026","rel":"","context":"Em &quot;Gar\u00e7a&quot;","block_context":{"text":"Gar\u00e7a","link":"https:\/\/diariodegarca.com\/?cat=781171664"},"img":{"alt_text":"","src":"https:\/\/i0.wp.com\/diariodegarca.com\/wp-content\/uploads\/2025\/06\/499056916_18306227374246526_5974059616727054159_n.jpg?fit=441%2C551&ssl=1&resize=350%2C200","width":350,"height":200},"classes":[]},{"id":4537,"url":"https:\/\/diariodegarca.com\/?p=4537","url_meta":{"origin":2735,"position":1},"title":"Tr\u00e1fico de drogas: Mar\u00edlia, Gar\u00e7a e Tup\u00e3 t\u00eam suspeitos presos em a\u00e7\u00f5es","author":"Di\u00e1rio de Gar\u00e7a","date":"8 de julho de 2025","format":false,"excerpt":"Opera\u00e7\u00f5es da Pol\u00edcia Militar apreendem coca\u00edna, crack e maconha; tr\u00eas homens foram detidos. O 9\u00ba Batalh\u00e3o de Pol\u00edcia Militar do Interior (9\u00ba BPM\/I) registrou tr\u00eas ocorr\u00eancias em diferentes cidades da regi\u00e3o, mostrando a atua\u00e7\u00e3o firme das equipes em Mar\u00edlia, Gar\u00e7a e Tup\u00e3. Mar\u00edlia: Homem preso com 158 doses de coca\u00edna\u2026","rel":"","context":"Em &quot;Gar\u00e7a&quot;","block_context":{"text":"Gar\u00e7a","link":"https:\/\/diariodegarca.com\/?cat=781171664"},"img":{"alt_text":"","src":"https:\/\/i0.wp.com\/diariodegarca.com\/wp-content\/uploads\/2025\/05\/502985877_18303467734246526_5566770497985067473_n.webp?fit=960%2C1200&ssl=1&resize=350%2C200","width":350,"height":200,"srcset":"https:\/\/i0.wp.com\/diariodegarca.com\/wp-content\/uploads\/2025\/05\/502985877_18303467734246526_5566770497985067473_n.webp?fit=960%2C1200&ssl=1&resize=350%2C200 1x, https:\/\/i0.wp.com\/diariodegarca.com\/wp-content\/uploads\/2025\/05\/502985877_18303467734246526_5566770497985067473_n.webp?fit=960%2C1200&ssl=1&resize=525%2C300 1.5x, https:\/\/i0.wp.com\/diariodegarca.com\/wp-content\/uploads\/2025\/05\/502985877_18303467734246526_5566770497985067473_n.webp?fit=960%2C1200&ssl=1&resize=700%2C400 2x"},"classes":[]},{"id":6199,"url":"https:\/\/diariodegarca.com\/?p=6199","url_meta":{"origin":2735,"position":2},"title":"Apreens\u00e3o de quase 27 kg de drogas em Mar\u00edlia termina com duas mulheres presas","author":"Di\u00e1rio de Gar\u00e7a","date":"29 de agosto de 2025","format":false,"excerpt":"Ap\u00f3s persegui\u00e7\u00e3o a suspeita conhecida, equipes da For\u00e7a T\u00e1tica encontram maconha, coca\u00edna e crack escondidos em mata e na resid\u00eancia. Uma a\u00e7\u00e3o de patrulhamento da For\u00e7a T\u00e1tica do 9\u00ba Batalh\u00e3o da Pol\u00edcia Militar resultou na apreens\u00e3o de um grande carregamento de drogas na noite de quinta-feira, 28 de agosto, no\u2026","rel":"","context":"Em &quot;Mar\u00edlia&quot;","block_context":{"text":"Mar\u00edlia","link":"https:\/\/diariodegarca.com\/?cat=683453294"},"img":{"alt_text":"","src":"https:\/\/i0.wp.com\/diariodegarca.com\/wp-content\/uploads\/2025\/08\/snapinsta.to_539508276_18313895875246526_7463652085823765836_n.jpg?fit=1080%2C664&ssl=1&resize=350%2C200","width":350,"height":200,"srcset":"https:\/\/i0.wp.com\/diariodegarca.com\/wp-content\/uploads\/2025\/08\/snapinsta.to_539508276_18313895875246526_7463652085823765836_n.jpg?fit=1080%2C664&ssl=1&resize=350%2C200 1x, https:\/\/i0.wp.com\/diariodegarca.com\/wp-content\/uploads\/2025\/08\/snapinsta.to_539508276_18313895875246526_7463652085823765836_n.jpg?fit=1080%2C664&ssl=1&resize=525%2C300 1.5x, https:\/\/i0.wp.com\/diariodegarca.com\/wp-content\/uploads\/2025\/08\/snapinsta.to_539508276_18313895875246526_7463652085823765836_n.jpg?fit=1080%2C664&ssl=1&resize=700%2C400 2x, https:\/\/i0.wp.com\/diariodegarca.com\/wp-content\/uploads\/2025\/08\/snapinsta.to_539508276_18313895875246526_7463652085823765836_n.jpg?fit=1080%2C664&ssl=1&resize=1050%2C600 3x"},"classes":[]},{"id":5034,"url":"https:\/\/diariodegarca.com\/?p=5034","url_meta":{"origin":2735,"position":3},"title":"PM prende suspeitos de sequestro, tr\u00e1fico e cumpre mandados em Mar\u00edlia, Tup\u00e3 e Pomp\u00e9ia","author":"Di\u00e1rio de Gar\u00e7a","date":"25 de julho de 2025","format":false,"excerpt":"Opera\u00e7\u00f5es do 9\u00ba BPM\/I resultaram em pris\u00f5es, apreens\u00e3o de armas e drogas em diferentes cidades da regi\u00e3o. A seguran\u00e7a p\u00fablica na regi\u00e3o de Mar\u00edlia esteve movimentada nesta semana, com a\u00e7\u00f5es policiais que resultaram na pris\u00e3o de criminosos envolvidos em crimes graves, como sequestro, tr\u00e1fico de drogas e posse ilegal de\u2026","rel":"","context":"Em &quot;Mar\u00edlia&quot;","block_context":{"text":"Mar\u00edlia","link":"https:\/\/diariodegarca.com\/?cat=683453294"},"img":{"alt_text":"","src":"https:\/\/i0.wp.com\/diariodegarca.com\/wp-content\/uploads\/2025\/07\/whatsapp-image-2025-07-25-at-15.40.53.jpeg?fit=1200%2C987&ssl=1&resize=350%2C200","width":350,"height":200,"srcset":"https:\/\/i0.wp.com\/diariodegarca.com\/wp-content\/uploads\/2025\/07\/whatsapp-image-2025-07-25-at-15.40.53.jpeg?fit=1200%2C987&ssl=1&resize=350%2C200 1x, https:\/\/i0.wp.com\/diariodegarca.com\/wp-content\/uploads\/2025\/07\/whatsapp-image-2025-07-25-at-15.40.53.jpeg?fit=1200%2C987&ssl=1&resize=525%2C300 1.5x, https:\/\/i0.wp.com\/diariodegarca.com\/wp-content\/uploads\/2025\/07\/whatsapp-image-2025-07-25-at-15.40.53.jpeg?fit=1200%2C987&ssl=1&resize=700%2C400 2x, https:\/\/i0.wp.com\/diariodegarca.com\/wp-content\/uploads\/2025\/07\/whatsapp-image-2025-07-25-at-15.40.53.jpeg?fit=1200%2C987&ssl=1&resize=1050%2C600 3x"},"classes":[]},{"id":3867,"url":"https:\/\/diariodegarca.com\/?p=3867","url_meta":{"origin":2735,"position":4},"title":"Pol\u00edcia Militar prende casal por tr\u00e1fico em Gar\u00e7a e homem por venda de drogas em Mar\u00edlia","author":"Di\u00e1rio de Gar\u00e7a","date":"11 de junho de 2025","format":false,"excerpt":"A\u00e7\u00f5es do 9\u00ba BPM do Interior resultaram na apreens\u00e3o de entorpecentes e valores em ocorr\u00eancias distintas A Pol\u00edcia Militar do Estado de S\u00e3o Paulo atua diariamente no combate ao crime, especialmente no enfrentamento ao tr\u00e1fico de drogas, garantindo a seguran\u00e7a p\u00fablica por meio de abordagens e investiga\u00e7\u00f5es. Na ter\u00e7a-feira, dia\u2026","rel":"","context":"Em &quot;Gar\u00e7a&quot;","block_context":{"text":"Gar\u00e7a","link":"https:\/\/diariodegarca.com\/?cat=781171664"},"img":{"alt_text":"","src":"","width":0,"height":0},"classes":[]},{"id":2219,"url":"https:\/\/diariodegarca.com\/?p=2219","url_meta":{"origin":2735,"position":5},"title":"Pol\u00edcia prendem homem por tr\u00e1fico de drogas em Mar\u00edlia","author":"Di\u00e1rio de Gar\u00e7a","date":"2 de maio de 2025","format":false,"excerpt":"Na tarde de quinta-feira, dia 1 \u00b0 de maio, agentes do 9\u00ba Batalh\u00e3o de Pol\u00edcia Militar do Interior prenderam um homem por tr\u00e1fico de drogas no Parque das Vivendas, em Mar\u00edlia. A a\u00e7\u00e3o ocorreu durante patrulhamento de rotina em uma \u00e1rea conhecida pelo com\u00e9rcio ilegal de entorpecentes.\u00a0\u00a0Ao avistarem a viatura,\u2026","rel":"","context":"Em &quot;Brasil&quot;","block_context":{"text":"Brasil","link":"https:\/\/diariodegarca.com\/?cat=38185"},"img":{"alt_text":"","src":"","width":0,"height":0},"classes":[]}],"_links":{"self":[{"href":"https:\/\/diariodegarca.com\/index.php?rest_route=\/wp\/v2\/posts\/2735","targetHints":{"allow":["GET"]}}],"collection":[{"href":"https:\/\/diariodegarca.com\/index.php?rest_route=\/wp\/v2\/posts"}],"about":[{"href":"https:\/\/diariodegarca.com\/index.php?rest_route=\/wp\/v2\/types\/post"}],"author":[{"embeddable":true,"href":"https:\/\/diariodegarca.com\/index.php?rest_route=\/wp\/v2\/users\/260896546"}],"replies":[{"embeddable":true,"href":"https:\/\/diariodegarca.com\/index.php?rest_route=%2Fwp%2Fv2%2Fcomments&post=2735"}],"version-history":[{"count":0,"href":"https:\/\/diariodegarca.com\/index.php?rest_route=\/wp\/v2\/posts\/2735\/revisions"}],"wp:attachment":[{"href":"https:\/\/diariodegarca.com\/index.php?rest_route=%2Fwp%2Fv2%2Fmedia&parent=2735"}],"wp:term":[{"taxonomy":"category","embeddable":true,"href":"https:\/\/diariodegarca.com\/index.php?rest_route=%2Fwp%2Fv2%2Fcategories&post=2735"},{"taxonomy":"post_tag","embeddable":true,"href":"https:\/\/diariodegarca.com\/index.php?rest_route=%2Fwp%2Fv2%2Ftags&post=2735"}],"curies":[{"name":"wp","href":"https:\/\/api.w.org\/{rel}","templated":true}]}}