{"id":2740,"date":"2025-02-27T11:46:00","date_gmt":"2025-02-27T11:46:00","guid":{"rendered":"https:\/\/diariodegarca.com\/2025\/02\/27\/inscricoes-abertas-para-curso-online-e-gratuito-de-producao-de-documentario\/"},"modified":"2025-02-27T11:46:00","modified_gmt":"2025-02-27T11:46:00","slug":"inscricoes-abertas-para-curso-online-e-gratuito-de-producao-de-documentario","status":"publish","type":"post","link":"https:\/\/diariodegarca.com\/?p=2740","title":{"rendered":"Inscri\u00e7\u00f5es abertas para curso online e gratuito de Produ\u00e7\u00e3o de Document\u00e1rio"},"content":{"rendered":"<div>\n<div class=\"separator\" style=\"clear: both;text-align: center\">\n  <a href=\"https:\/\/blogger.googleusercontent.com\/img\/a\/AVvXsEj1pvkQ-VKbY2yAniWWY9oXbRJVGqXnMsDidLSlMdh14F3mt0Lw5WyO-aMH4UmPycNkOC_jTEyIoItVv_IRDGnKtyu1lhr_oB3SNYDtNMO4qwY4uNsMLNRbUwtA2BaOELE2nAZn2cs2ATkc4MbpjaKWatN4IFVYqAyvZvOuadkIwCXf9dtTfpebSX0my3s\" style=\"margin-left: 1em;margin-right: 1em\"><br \/>\n    <img decoding=\"async\" border=\"0\" src=\"https:\/\/blogger.googleusercontent.com\/img\/a\/AVvXsEj1pvkQ-VKbY2yAniWWY9oXbRJVGqXnMsDidLSlMdh14F3mt0Lw5WyO-aMH4UmPycNkOC_jTEyIoItVv_IRDGnKtyu1lhr_oB3SNYDtNMO4qwY4uNsMLNRbUwtA2BaOELE2nAZn2cs2ATkc4MbpjaKWatN4IFVYqAyvZvOuadkIwCXf9dtTfpebSX0my3s\" width=\"400\"><br \/>\n  <\/a>\n<\/div>\n<\/div>\n<div><\/div>\n<div>A Escult, em parceria com o Instituto Federal de Goi\u00e1s (IFG), est\u00e1 com inscri\u00e7\u00f5es abertas para o curso online e gratuito de <b>Produ\u00e7\u00e3o de Document\u00e1rio<\/b>.\u00a0<span>A forma\u00e7\u00e3o, que tem como objetivo capacitar profissionais do audiovisual, aborda aspectos t\u00e9cnicos, est\u00e9ticos e conceituais essenciais para a cria\u00e7\u00e3o de document\u00e1rios.\u00a0<\/span><\/div>\n<div><span><br \/><\/span><\/div>\n<div><span>As inscri\u00e7\u00f5es podem ser realizadas <b>at\u00e9 o dia 26 de maio de 2025<\/b>, pelo site\u00a0<\/span><span><a href=\"http:\/\/escult.cultura.gov.br\">http:\/\/escult.cultura.gov.br<\/a>.<\/span><\/div>\n<div><\/div>\n<div>Com carga hor\u00e1ria de <b>160 horas<\/b>, o curso oferece um panorama completo sobre o cinema document\u00e1rio, desde sua hist\u00f3ria at\u00e9 as etapas pr\u00e1ticas de produ\u00e7\u00e3o. A ementa inclui temas como a evolu\u00e7\u00e3o hist\u00f3rica do g\u00eanero, tipos de document\u00e1rio, constru\u00e7\u00e3o da linguagem audiovisual, diferen\u00e7as e aproxima\u00e7\u00f5es entre document\u00e1rio e fic\u00e7\u00e3o, al\u00e9m das possibilidades h\u00edbridas do cinema contempor\u00e2neo. Os participantes tamb\u00e9m aprender\u00e3o sobre as etapas de realiza\u00e7\u00e3o de um projeto, que v\u00e3o desde a pesquisa e estrutura\u00e7\u00e3o do roteiro at\u00e9 a p\u00f3s-produ\u00e7\u00e3o.<\/div>\n<div>A forma\u00e7\u00e3o ser\u00e1 realizada na modalidade de educa\u00e7\u00e3o a dist\u00e2ncia (EAD) autoinstrucional, com exerc\u00edcios e materiais de apoio,\u00a0<span>proporcionando flexibilidade para os alunos.<\/span><\/div>\n<div>Essa iniciativa refor\u00e7a o compromisso da Escult e do IFG em promover a qualifica\u00e7\u00e3o de profissionais do audiovisual, contribuindo para o fortalecimento da produ\u00e7\u00e3o cultural no Brasil. Para mais informa\u00e7\u00f5es e inscri\u00e7\u00f5es, os interessados devem acessar o site oficial da Escult.<\/div>\n","protected":false},"excerpt":{"rendered":"<p>A Escult, em parceria com o Instituto Federal de Goi\u00e1s (IFG), est\u00e1 com inscri\u00e7\u00f5es abertas para o curso online e gratuito de Produ\u00e7\u00e3o de Document\u00e1rio.\u00a0A forma\u00e7\u00e3o, que tem como objetivo capacitar profissionais do audiovisual, aborda aspectos t\u00e9cnicos, est\u00e9ticos e conceituais essenciais para a cria\u00e7\u00e3o de document\u00e1rios.\u00a0 As inscri\u00e7\u00f5es podem ser realizadas at\u00e9 o dia 26 [&hellip;]<\/p>\n","protected":false},"author":260896546,"featured_media":0,"comment_status":"open","ping_status":"open","sticky":false,"template":"","format":"standard","meta":{"_crdt_document":"","_monsterinsights_skip_tracking":false,"_monsterinsights_sitenote_active":false,"_monsterinsights_sitenote_note":"","_monsterinsights_sitenote_category":0,"advanced_seo_description":"","jetpack_seo_html_title":"","jetpack_seo_noindex":false,"_jetpack_newsletter_access":"","_jetpack_dont_email_post_to_subs":false,"_jetpack_newsletter_tier_id":0,"_jetpack_memberships_contains_paywalled_content":false,"_jetpack_memberships_contains_paid_content":false,"footnotes":"","jetpack_publicize_message":"","jetpack_publicize_feature_enabled":true,"jetpack_social_post_already_shared":false,"jetpack_social_options":{"image_generator_settings":{"template":"fullscreen","default_image_id":0,"font":"","enabled":false},"version":2},"_wpas_customize_per_network":false,"jetpack_post_was_ever_published":false},"categories":[38185],"tags":[781171790,781171800],"class_list":["post-2740","post","type-post","status-publish","format-standard","hentry","category-brasil","tag-cultura","tag-curso"],"jetpack_publicize_connections":[],"jetpack_featured_media_url":"","jetpack_likes_enabled":true,"jetpack_sharing_enabled":true,"jetpack_shortlink":"https:\/\/wp.me\/pgitne-Ic","jetpack-related-posts":[{"id":4718,"url":"https:\/\/diariodegarca.com\/?p=4718","url_meta":{"origin":2740,"position":0},"title":"Festival de Cinema de Mar\u00edlia 2025 abre inscri\u00e7\u00f5es para curtas e longas-metragens","author":"Di\u00e1rio de Gar\u00e7a","date":"16 de julho de 2025","format":false,"excerpt":"Evento pioneiro no Brasil celebra a s\u00e9tima arte com mostras competitivas e premia\u00e7\u00f5es em diversas categorias. As inscri\u00e7\u00f5es para o\u00a0Festival de Cinema de Mar\u00edlia 2025\u00a0est\u00e3o oficialmente abertas. Realizado desde\u00a01960\u00a0\u2014 sendo o\u00a0primeiro festival de cinema do Brasil\u00a0\u2014, o evento mant\u00e9m sua tradi\u00e7\u00e3o de valorizar a produ\u00e7\u00e3o audiovisual nacional, aceitando obras finalizadas\u2026","rel":"","context":"Em &quot;Cultura&quot;","block_context":{"text":"Cultura","link":"https:\/\/diariodegarca.com\/?cat=2367"},"img":{"alt_text":"","src":"","width":0,"height":0},"classes":[]},{"id":7014,"url":"https:\/\/diariodegarca.com\/?p=7014","url_meta":{"origin":2740,"position":1},"title":"Inscri\u00e7\u00f5es abertas: curso de produ\u00e7\u00e3o musical com foco no mercado contempor\u00e2neo","author":"Di\u00e1rio de Gar\u00e7a","date":"22 de setembro de 2025","format":false,"excerpt":"Forma\u00e7\u00e3o da Escult, on-line e gratuita, com 160 horas aborda desde os processos criativos em est\u00fadio at\u00e9 a distribui\u00e7\u00e3o digital e a economia dos espet\u00e1culos. A ESCULT (Escola Solano Trindade de Forma\u00e7\u00e3o e Qualifica\u00e7\u00e3o Art\u00edstica, T\u00e9cnica e Cultural) est\u00e1 com inscri\u00e7\u00f5es abertas para o curso\u00a0\u201cProdu\u00e7\u00e3o Musical: Mercados e Espet\u00e1culos\u201d. A\u2026","rel":"","context":"Em &quot;Cultura&quot;","block_context":{"text":"Cultura","link":"https:\/\/diariodegarca.com\/?cat=2367"},"img":{"alt_text":"","src":"https:\/\/i0.wp.com\/diariodegarca.com\/wp-content\/uploads\/2025\/09\/guitarrista-talentoso-tocar-ao-vivo-num-estudio-profissional.jpg?fit=1200%2C675&ssl=1&resize=350%2C200","width":350,"height":200,"srcset":"https:\/\/i0.wp.com\/diariodegarca.com\/wp-content\/uploads\/2025\/09\/guitarrista-talentoso-tocar-ao-vivo-num-estudio-profissional.jpg?fit=1200%2C675&ssl=1&resize=350%2C200 1x, https:\/\/i0.wp.com\/diariodegarca.com\/wp-content\/uploads\/2025\/09\/guitarrista-talentoso-tocar-ao-vivo-num-estudio-profissional.jpg?fit=1200%2C675&ssl=1&resize=525%2C300 1.5x, https:\/\/i0.wp.com\/diariodegarca.com\/wp-content\/uploads\/2025\/09\/guitarrista-talentoso-tocar-ao-vivo-num-estudio-profissional.jpg?fit=1200%2C675&ssl=1&resize=700%2C400 2x, https:\/\/i0.wp.com\/diariodegarca.com\/wp-content\/uploads\/2025\/09\/guitarrista-talentoso-tocar-ao-vivo-num-estudio-profissional.jpg?fit=1200%2C675&ssl=1&resize=1050%2C600 3x"},"classes":[]},{"id":3851,"url":"https:\/\/diariodegarca.com\/?p=3851","url_meta":{"origin":2740,"position":2},"title":"Curso que introduz \u00e0 base conceitual do artesanato brasileiro com inscri\u00e7\u00f5es abertas","author":"Di\u00e1rio de Gar\u00e7a","date":"10 de junho de 2025","format":false,"excerpt":"Capacita\u00e7\u00e3o 100% online e gratuita busca nivelar conhecimentos sobre o artesanato nacional; inscri\u00e7\u00f5es at\u00e9 dia 5 de novembro O\u00a0Programa do Artesanato Brasileiro (PAB), em parceria com a\u00a0Universidade Federal de Goi\u00e1s (UFG), est\u00e1 com inscri\u00e7\u00f5es abertas para o\u00a0microcurso \"Introdu\u00e7\u00e3o \u00e0 Base Conceitual do Artesanato Brasileiro\". A iniciativa, totalmente\u00a0gratuita e online, visa\u2026","rel":"","context":"Em &quot;Brasil&quot;","block_context":{"text":"Brasil","link":"https:\/\/diariodegarca.com\/?cat=38185"},"img":{"alt_text":"","src":"","width":0,"height":0},"classes":[]},{"id":5965,"url":"https:\/\/diariodegarca.com\/?p=5965","url_meta":{"origin":2740,"position":3},"title":"Curso gratuito de Edi\u00e7\u00e3o de V\u00eddeo com foco em cinema, celular e p\u00f3s-produ\u00e7\u00e3o","author":"Di\u00e1rio de Gar\u00e7a","date":"23 de agosto de 2025","format":false,"excerpt":"Forma\u00e7\u00e3o de 60 horas aborda desde a hist\u00f3ria da montagem cinematogr\u00e1fica at\u00e9 t\u00e9cnicas pr\u00e1ticas de edi\u00e7\u00e3o em computador e dispositivos m\u00f3veis; inscri\u00e7\u00f5es abertas at\u00e9 22 de novembro. O Minist\u00e9rio da Cultura, por meio da\u00a0Escult (Escola Solano Trindade de Forma\u00e7\u00e3o e Qualifica\u00e7\u00e3o Art\u00edstica, T\u00e9cnica e Cultural), em parceria com o\u00a0Instituto Federal\u2026","rel":"","context":"Em &quot;Curso&quot;","block_context":{"text":"Curso","link":"https:\/\/diariodegarca.com\/?cat=36947"},"img":{"alt_text":"","src":"https:\/\/i0.wp.com\/diariodegarca.com\/wp-content\/uploads\/2025\/08\/edv-moodle-news.png?fit=1200%2C800&ssl=1&resize=350%2C200","width":350,"height":200,"srcset":"https:\/\/i0.wp.com\/diariodegarca.com\/wp-content\/uploads\/2025\/08\/edv-moodle-news.png?fit=1200%2C800&ssl=1&resize=350%2C200 1x, https:\/\/i0.wp.com\/diariodegarca.com\/wp-content\/uploads\/2025\/08\/edv-moodle-news.png?fit=1200%2C800&ssl=1&resize=525%2C300 1.5x, https:\/\/i0.wp.com\/diariodegarca.com\/wp-content\/uploads\/2025\/08\/edv-moodle-news.png?fit=1200%2C800&ssl=1&resize=700%2C400 2x, https:\/\/i0.wp.com\/diariodegarca.com\/wp-content\/uploads\/2025\/08\/edv-moodle-news.png?fit=1200%2C800&ssl=1&resize=1050%2C600 3x"},"classes":[]},{"id":4713,"url":"https:\/\/diariodegarca.com\/?p=4713","url_meta":{"origin":2740,"position":4},"title":"Abertas inscri\u00e7\u00f5es para mais de 400 cursos online gratuitos oferecidos pelo IFRS","author":"Di\u00e1rio de Gar\u00e7a","date":"16 de julho de 2025","format":false,"excerpt":"Idiomas, inform\u00e1tica, gest\u00e3o, educa\u00e7\u00e3o, sa\u00fade e outras \u00e1reas do conhecimento s\u00e3o contempladas. Para se inscrever, basta ter conta de e-mail e CPF. As cargas hor\u00e1rias dos cursos variam de 20 a 200 horas.\u00a0 As novas turmas de cursos online de curta dura\u00e7\u00e3o oferecidas pelo Instituto Federal de Educa\u00e7\u00e3o, Ci\u00eancia e\u2026","rel":"","context":"Em &quot;Curso&quot;","block_context":{"text":"Curso","link":"https:\/\/diariodegarca.com\/?cat=36947"},"img":{"alt_text":"","src":"","width":0,"height":0},"classes":[]},{"id":5270,"url":"https:\/\/diariodegarca.com\/?p=5270","url_meta":{"origin":2740,"position":5},"title":"Curso gratuito para gestores municipais de cultura abre inscri\u00e7\u00f5es","author":"Di\u00e1rio de Gar\u00e7a","date":"5 de agosto de 2025","format":false,"excerpt":"Forma\u00e7\u00e3o online, com 160 horas de dura\u00e7\u00e3o, \u00e9 oferecida pela UFRB em parceria com o MinC e aborda desde sistemas de cultura at\u00e9 gest\u00e3o de equipamentos. Gestores culturais de todo o pa\u00eds t\u00eam uma nova oportunidade de capacita\u00e7\u00e3o gratuita e acess\u00edvel. Est\u00e3o abertas as inscri\u00e7\u00f5es para o curso\u00a0\u201cForma\u00e7\u00e3o para Gestores\u2026","rel":"","context":"Em &quot;Brasil&quot;","block_context":{"text":"Brasil","link":"https:\/\/diariodegarca.com\/?cat=38185"},"img":{"alt_text":"","src":"https:\/\/i0.wp.com\/diariodegarca.com\/wp-content\/uploads\/2025\/08\/fgmc-news.png?fit=1200%2C800&ssl=1&resize=350%2C200","width":350,"height":200,"srcset":"https:\/\/i0.wp.com\/diariodegarca.com\/wp-content\/uploads\/2025\/08\/fgmc-news.png?fit=1200%2C800&ssl=1&resize=350%2C200 1x, https:\/\/i0.wp.com\/diariodegarca.com\/wp-content\/uploads\/2025\/08\/fgmc-news.png?fit=1200%2C800&ssl=1&resize=525%2C300 1.5x, https:\/\/i0.wp.com\/diariodegarca.com\/wp-content\/uploads\/2025\/08\/fgmc-news.png?fit=1200%2C800&ssl=1&resize=700%2C400 2x, https:\/\/i0.wp.com\/diariodegarca.com\/wp-content\/uploads\/2025\/08\/fgmc-news.png?fit=1200%2C800&ssl=1&resize=1050%2C600 3x"},"classes":[]}],"_links":{"self":[{"href":"https:\/\/diariodegarca.com\/index.php?rest_route=\/wp\/v2\/posts\/2740","targetHints":{"allow":["GET"]}}],"collection":[{"href":"https:\/\/diariodegarca.com\/index.php?rest_route=\/wp\/v2\/posts"}],"about":[{"href":"https:\/\/diariodegarca.com\/index.php?rest_route=\/wp\/v2\/types\/post"}],"author":[{"embeddable":true,"href":"https:\/\/diariodegarca.com\/index.php?rest_route=\/wp\/v2\/users\/260896546"}],"replies":[{"embeddable":true,"href":"https:\/\/diariodegarca.com\/index.php?rest_route=%2Fwp%2Fv2%2Fcomments&post=2740"}],"version-history":[{"count":0,"href":"https:\/\/diariodegarca.com\/index.php?rest_route=\/wp\/v2\/posts\/2740\/revisions"}],"wp:attachment":[{"href":"https:\/\/diariodegarca.com\/index.php?rest_route=%2Fwp%2Fv2%2Fmedia&parent=2740"}],"wp:term":[{"taxonomy":"category","embeddable":true,"href":"https:\/\/diariodegarca.com\/index.php?rest_route=%2Fwp%2Fv2%2Fcategories&post=2740"},{"taxonomy":"post_tag","embeddable":true,"href":"https:\/\/diariodegarca.com\/index.php?rest_route=%2Fwp%2Fv2%2Ftags&post=2740"}],"curies":[{"name":"wp","href":"https:\/\/api.w.org\/{rel}","templated":true}]}}